{"id":631229,"date":"2014-04-02T19:53:00","date_gmt":"2014-04-02T16:53:00","guid":{"rendered":"http:\/\/devrri.freshlemon.ro\/aktuell\/nachrichten-2-04-2014-id631229.html"},"modified":"2014-04-02T19:53:00","modified_gmt":"2014-04-02T16:53:00","slug":"nachrichten-2-04-2014","status":"publish","type":"post","link":"https:\/\/www.rri.ro\/de\/aktuell\/newsflash-de\/nachrichten-2-04-2014-id631229.html","title":{"rendered":"Nachrichten 2.04.2014"},"content":{"rendered":"<p><strong>Bukarest: <\/strong>Die rum\u00e4nische Regierung hat am Mittwoch die Verordnung erlassen laut der Transportunternehmen von der 7 Eurocent-Verbrauchssteuer f\u00fcr Kraftstoff jeweils 4 zur\u00fcckerstattet bekommen. So werden die Transportunternehmen weiterhin konkurrenzf\u00e4hig bleiben und die Auswirkung der neuen Verbrauchssteuer soll somit gemildert werden, sagte Ministerpr\u00e4sident Victor Ponta. Der rum\u00e4nische Premierminister hatte am Vortag erl\u00e4utert, mit den erhofften Einnahmen Transportinfrastrukturprojekte finanzieren zu wollen. Pr\u00e4sident Traian B\u0103sescu, der sich der Ma\u200e\u00dfnahme widersetzt, erkl\u00e4rte die Steuer-und Haushaltspolitik des Kabinetts Ponta und des Internationalen W\u00e4hrungsfonds sei falsch. IWF-Missionsleiterin in Rum\u00e4nien Andrea Schaechter erkl\u00e4rt hingegen, das mit Rum\u00e4nien vereinbarte Wirtschaftsprogramm sei auf dem richtigen Weg.<\/p>\n<p>&#13;<br \/>\n&#13;<\/p>\n<p>&#13;<br \/>\n&#13;<\/p>\n<p>&#13;<br \/>\n&#13;<\/p>\n<p>&#13;<br \/>\n&#13;<\/p>\n<p><strong>Bukarest: <\/strong> Die Lebensmittelverschwendung k\u00f6nne durch Bildung und Technologie mit bis zu 60% reduziert werden, hat am Mittwoch der rum\u00e4nische Landwirtschaftsminister Daniel Constantin bei der Regionalkonferenz der Ern\u00e4hrungs-und Landwirtschaftsorganisation (FAO) f\u00fcr Europa und Zentralasien in Bukarest erkl\u00e4rt. Die Veranstaltung wurde vom FAO-Generaldirektor Jos\u00e9 Graziano da Silva und Rum\u00e4niens Premierminister Victor Ponta er\u00f6ffnet. 350 Teilnehmer aus 55 europ\u00e4ischen und zentralasiatischen L\u00e4ndern beteiligen sich daran. Rum\u00e4nien ist Mitglied der internationalen Ern\u00e4hrungs-und Landwirtschaftsorganisation seit Anfang der 60\u2019er Jahre und hat solch eine Regionalkonferenz ebenfalls im Jahr 1976 organisiert. Laut FAO-Angaben, werden j\u00e4hrlich mehr als 1,3 Milliarden Tonnen Lebensmittel in der Welt verschwendet. Das stellt ein Drittel aus der globalen Lebensmittelproduktion und Kosten im Wert von 750 Milliarden Dollar dar. 842 Millionen Menschen leiden weltweit an Hunger oder Fehlern\u00e4hrung.<\/p>\n<p>&#13;<br \/>\n&#13;<\/p>\n<p>&#13;<br \/>\n&#13;<\/p>\n<p>&#13;<br \/>\n&#13;<\/p>\n<p>&#13;<br \/>\n&#13;<\/p>\n<p><strong>Br\u00fcssel:<\/strong> Der rum\u00e4nische Staatschef  Traian B\u0103sescu beteiligt sich in Br\u00fcssel an dem  vierten EU-Afrika-Gipfel. Im Mittelpunkt der Gesp\u00e4che steht die Verst\u00e4rkung der politischen und wirtschaftlichen Kooperation zwischen der Europ\u00e4ischen Union und den afrikanischen Staaten. Auf dem Treffen soll zudem ein gemeinsamer Aktionsplan f\u00fcr den Zeitraum  2014 &#8212; 2017 gebilligt werden.<\/p>\n<p>&#13;<br \/>\n&#13;<\/p>\n<p>&#13;<br \/>\n&#13;<\/p>\n<p>&#13;<br \/>\n&#13;<\/p>\n<p>&#13;<br \/>\n&#13;<\/p>\n<p><strong>Genf: <\/strong>Rum\u00e4nien nimmt ab Mittwoch an der Internationalen  Erfindermesse in Genf teil. Laut einer offiziellen Mitteilung des Bukarester Bildungsministeriums, beteilige sich Rum\u00e4nien an dem weltweit gr\u00f6\u200e\u00dften Markt f\u00fcr Erfindungen mit mehr als 20 Projekten. Rum\u00e4nien wird dabei ebenfalls durch drei Jury-Mitglieder vertreten. 2013 wurde Rum\u00e4nien bei der internationalen Messe f\u00fcr Erfinderungen mit dem gro\u200e\u00dfen Preis  f\u00fcr ein nicht-invasives Untersuchungssystem von Flugzeugen  ausgezeichnet.<\/p>\n<p>&#13;<br \/>\n&#13;<\/p>\n<p>&#13;<\/p>\n","protected":false},"excerpt":{"rendered":"<p>Bukarest: Die rum\u00e4nische Regierung hat am Mittwoch die Verordnung erlassen laut der Transportunternehmen von der 7 Eurocent-Verbrauchssteuer f\u00fcr Kraftstoff jeweils 4 zur\u00fcckerstattet bekommen. So werden die Transportunternehmen weiterhin konkurrenzf\u00e4hig bleiben und die Auswirkung der neuen Verbrauchssteuer soll somit gemildert werden, sagte Ministerpr\u00e4sident Victor Ponta. Der rum\u00e4nische Premierminister hatte am Vortag erl\u00e4utert, mit den erhofften Einnahmen [&hellip;]<\/p>\n","protected":false},"author":2,"featured_media":201384,"comment_status":"closed","ping_status":"closed","sticky":false,"template":"","format":"standard","meta":{"_acf_changed":false,"footnotes":""},"categories":[116753],"tags":[124359,101346,124366,124367,124363,124365,101418,121090,124360,99903,100754,102505,124364,119834,100028,101422,124362,100710,101105,124361,103037,124368],"coauthors":[],"class_list":["post-631229","post","type-post","status-publish","format-standard","has-post-thumbnail","hentry","category-newsflash-de","tag-7-eurocent-verbrauchssteuer","tag-aktionsplan","tag-erfindermesse","tag-erfinderungen","tag-ernaehrungs-und-landwirtschaftsorganisation-fao","tag-fehlernaehrung","tag-genf","tag-hunger","tag-konkurrenzfaehig","tag-kooperation","tag-kraftstoff","tag-landwirtschaftsminister-daniel-constantin","tag-lebensmittelproduktion","tag-lebensmittelverschwendung","tag-ministerpraesident-victor-ponta","tag-preis","tag-regionalkonferenz","tag-staatschef-traian-basescu","tag-steuer-und-haushaltspolitik","tag-transportinfrastrukturprojekte","tag-transportunternehmen","tag-untersuchungssystem"],"acf":[],"yoast_head":"<!-- This site is optimized with the Yoast SEO plugin v27.3 - https:\/\/yoast.com\/product\/yoast-seo-wordpress\/ -->\n<title>Nachrichten 2.04.2014 - Radio Rum\u00e4nien International<\/title>\n<meta name=\"robots\" content=\"index, follow, max-snippet:-1, max-image-preview:large, max-video-preview:-1\" \/>\n<link rel=\"canonical\" href=\"https:\/\/www.rri.ro\/de\/aktuell\/newsflash-de\/nachrichten-2-04-2014-id631229.html\" \/>\n<meta property=\"og:locale\" content=\"de_DE\" \/>\n<meta property=\"og:type\" content=\"article\" \/>\n<meta property=\"og:title\" content=\"Nachrichten 2.04.2014 - Radio Rum\u00e4nien International\" \/>\n<meta property=\"og:description\" content=\"Bukarest: Die rum\u00e4nische Regierung hat am Mittwoch die Verordnung erlassen laut der Transportunternehmen von der 7 Eurocent-Verbrauchssteuer f\u00fcr Kraftstoff jeweils 4 zur\u00fcckerstattet bekommen. So werden die Transportunternehmen weiterhin konkurrenzf\u00e4hig bleiben und die Auswirkung der neuen Verbrauchssteuer soll somit gemildert werden, sagte Ministerpr\u00e4sident Victor Ponta. Der rum\u00e4nische Premierminister hatte am Vortag erl\u00e4utert, mit den erhofften Einnahmen [&hellip;]\" \/>\n<meta property=\"og:url\" content=\"https:\/\/www.rri.ro\/de\/aktuell\/newsflash-de\/nachrichten-2-04-2014-id631229.html\" \/>\n<meta property=\"og:site_name\" content=\"Radio Rum\u00e4nien International\" \/>\n<meta property=\"article:published_time\" content=\"2014-04-02T16:53:00+00:00\" \/>\n<meta property=\"og:image\" content=\"https:\/\/www.rri.ro\/wp-content\/uploads\/2023\/10\/harta-lumii.gif\" \/>\n\t<meta property=\"og:image:width\" content=\"640\" \/>\n\t<meta property=\"og:image:height\" content=\"480\" \/>\n\t<meta property=\"og:image:type\" content=\"image\/png\" \/>\n<meta name=\"author\" content=\"Rom\u00e2nia Interna\u021bional\" \/>\n<meta name=\"twitter:card\" content=\"summary_large_image\" \/>\n<meta name=\"twitter:label1\" content=\"Verfasst von\" \/>\n\t<meta name=\"twitter:data1\" content=\"Rom\u00e2nia Interna\u021bional\" \/>\n\t<meta name=\"twitter:label2\" content=\"Gesch\u00e4tzte Lesezeit\" \/>\n\t<meta name=\"twitter:data2\" content=\"2\u00a0Minuten\" \/>\n\t<meta name=\"twitter:label3\" content=\"Written by\" \/>\n\t<meta name=\"twitter:data3\" content=\"Rom\u00e2nia Interna\u021bional\" \/>\n<script type=\"application\/ld+json\" class=\"yoast-schema-graph\">{\"@context\":\"https:\\\/\\\/schema.org\",\"@graph\":[{\"@type\":\"Article\",\"@id\":\"https:\\\/\\\/www.rri.ro\\\/de\\\/aktuell\\\/newsflash-de\\\/nachrichten-2-04-2014-id631229.html#article\",\"isPartOf\":{\"@id\":\"https:\\\/\\\/www.rri.ro\\\/de\\\/aktuell\\\/newsflash-de\\\/nachrichten-2-04-2014-id631229.html\"},\"author\":{\"name\":\"Rom\u00e2nia Interna\u021bional\",\"@id\":\"https:\\\/\\\/www.rri.ro\\\/#\\\/schema\\\/person\\\/18fac491bccbfe149b92aea77ad60abd\"},\"headline\":\"Nachrichten 2.04.2014\",\"datePublished\":\"2014-04-02T16:53:00+00:00\",\"mainEntityOfPage\":{\"@id\":\"https:\\\/\\\/www.rri.ro\\\/de\\\/aktuell\\\/newsflash-de\\\/nachrichten-2-04-2014-id631229.html\"},\"wordCount\":366,\"image\":{\"@id\":\"https:\\\/\\\/www.rri.ro\\\/de\\\/aktuell\\\/newsflash-de\\\/nachrichten-2-04-2014-id631229.html#primaryimage\"},\"thumbnailUrl\":\"https:\\\/\\\/www.rri.ro\\\/wp-content\\\/uploads\\\/2023\\\/10\\\/harta-lumii.gif\",\"keywords\":[\"7 Eurocent-Verbrauchssteuer\",\"Aktionsplan\",\"Erfindermesse\",\"Erfinderungen\",\"Ern\u00e4hrungs-und Landwirtschaftsorganisation (FAO)\",\"Fehlern\u00e4hrung\",\"Genf\",\"Hunger\",\"konkurrenzf\u00e4hig\",\"Kooperation\",\"Kraftstoff\",\"Landwirtschaftsminister Daniel Constantin\",\"Lebensmittelproduktion\",\"Lebensmittelverschwendung\",\"Ministerpr\u00e4sident Victor Ponta\",\"Preis\",\"Regionalkonferenz\",\"Staatschef Traian B\u0103sescu\",\"Steuer-und Haushaltspolitik\",\"Transportinfrastrukturprojekte\",\"Transportunternehmen\",\"Untersuchungssystem\"],\"articleSection\":[\"Newsflash\"],\"inLanguage\":\"de\"},{\"@type\":\"WebPage\",\"@id\":\"https:\\\/\\\/www.rri.ro\\\/de\\\/aktuell\\\/newsflash-de\\\/nachrichten-2-04-2014-id631229.html\",\"url\":\"https:\\\/\\\/www.rri.ro\\\/de\\\/aktuell\\\/newsflash-de\\\/nachrichten-2-04-2014-id631229.html\",\"name\":\"Nachrichten 2.04.2014 - Radio Rum\u00e4nien International\",\"isPartOf\":{\"@id\":\"https:\\\/\\\/www.rri.ro\\\/#website\"},\"primaryImageOfPage\":{\"@id\":\"https:\\\/\\\/www.rri.ro\\\/de\\\/aktuell\\\/newsflash-de\\\/nachrichten-2-04-2014-id631229.html#primaryimage\"},\"image\":{\"@id\":\"https:\\\/\\\/www.rri.ro\\\/de\\\/aktuell\\\/newsflash-de\\\/nachrichten-2-04-2014-id631229.html#primaryimage\"},\"thumbnailUrl\":\"https:\\\/\\\/www.rri.ro\\\/wp-content\\\/uploads\\\/2023\\\/10\\\/harta-lumii.gif\",\"datePublished\":\"2014-04-02T16:53:00+00:00\",\"author\":{\"@id\":\"https:\\\/\\\/www.rri.ro\\\/#\\\/schema\\\/person\\\/18fac491bccbfe149b92aea77ad60abd\"},\"breadcrumb\":{\"@id\":\"https:\\\/\\\/www.rri.ro\\\/de\\\/aktuell\\\/newsflash-de\\\/nachrichten-2-04-2014-id631229.html#breadcrumb\"},\"inLanguage\":\"de\",\"potentialAction\":[{\"@type\":\"ReadAction\",\"target\":[\"https:\\\/\\\/www.rri.ro\\\/de\\\/aktuell\\\/newsflash-de\\\/nachrichten-2-04-2014-id631229.html\"]}]},{\"@type\":\"ImageObject\",\"inLanguage\":\"de\",\"@id\":\"https:\\\/\\\/www.rri.ro\\\/de\\\/aktuell\\\/newsflash-de\\\/nachrichten-2-04-2014-id631229.html#primaryimage\",\"url\":\"https:\\\/\\\/www.rri.ro\\\/wp-content\\\/uploads\\\/2023\\\/10\\\/harta-lumii.gif\",\"contentUrl\":\"https:\\\/\\\/www.rri.ro\\\/wp-content\\\/uploads\\\/2023\\\/10\\\/harta-lumii.gif\",\"width\":640,\"height\":480},{\"@type\":\"BreadcrumbList\",\"@id\":\"https:\\\/\\\/www.rri.ro\\\/de\\\/aktuell\\\/newsflash-de\\\/nachrichten-2-04-2014-id631229.html#breadcrumb\",\"itemListElement\":[{\"@type\":\"ListItem\",\"position\":1,\"name\":\"Startseite\",\"item\":\"https:\\\/\\\/www.rri.ro\\\/de\"},{\"@type\":\"ListItem\",\"position\":2,\"name\":\"Aktuell\",\"item\":\"https:\\\/\\\/www.rri.ro\\\/de\\\/aktuell\"},{\"@type\":\"ListItem\",\"position\":3,\"name\":\"Newsflash\",\"item\":\"https:\\\/\\\/www.rri.ro\\\/de\\\/aktuell\\\/newsflash-de\"},{\"@type\":\"ListItem\",\"position\":4,\"name\":\"Nachrichten 2.04.2014\"}]},{\"@type\":\"WebSite\",\"@id\":\"https:\\\/\\\/www.rri.ro\\\/#website\",\"url\":\"https:\\\/\\\/www.rri.ro\\\/\",\"name\":\"Radio Rum\u00e4nien International\",\"description\":\"Totul despre Rom\u00e2nia \u015fi rom\u00e2ni, \u00een 13 limbi\\\/dialecte!\",\"inLanguage\":\"de\"},{\"@type\":\"Person\",\"@id\":\"https:\\\/\\\/www.rri.ro\\\/#\\\/schema\\\/person\\\/18fac491bccbfe149b92aea77ad60abd\",\"name\":\"Rom\u00e2nia Interna\u021bional\",\"url\":\"https:\\\/\\\/www.rri.ro\\\/de\\\/author\\\/redactia\"}]}<\/script>\n<!-- \/ Yoast SEO plugin. -->","yoast_head_json":{"title":"Nachrichten 2.04.2014 - Radio Rum\u00e4nien International","robots":{"index":"index","follow":"follow","max-snippet":"max-snippet:-1","max-image-preview":"max-image-preview:large","max-video-preview":"max-video-preview:-1"},"canonical":"https:\/\/www.rri.ro\/de\/aktuell\/newsflash-de\/nachrichten-2-04-2014-id631229.html","og_locale":"de_DE","og_type":"article","og_title":"Nachrichten 2.04.2014 - Radio Rum\u00e4nien International","og_description":"Bukarest: Die rum\u00e4nische Regierung hat am Mittwoch die Verordnung erlassen laut der Transportunternehmen von der 7 Eurocent-Verbrauchssteuer f\u00fcr Kraftstoff jeweils 4 zur\u00fcckerstattet bekommen. So werden die Transportunternehmen weiterhin konkurrenzf\u00e4hig bleiben und die Auswirkung der neuen Verbrauchssteuer soll somit gemildert werden, sagte Ministerpr\u00e4sident Victor Ponta. Der rum\u00e4nische Premierminister hatte am Vortag erl\u00e4utert, mit den erhofften Einnahmen [&hellip;]","og_url":"https:\/\/www.rri.ro\/de\/aktuell\/newsflash-de\/nachrichten-2-04-2014-id631229.html","og_site_name":"Radio Rum\u00e4nien International","article_published_time":"2014-04-02T16:53:00+00:00","og_image":[{"width":640,"height":480,"url":"https:\/\/www.rri.ro\/wp-content\/uploads\/2023\/10\/harta-lumii.gif","type":"image\/png"}],"author":"Rom\u00e2nia Interna\u021bional","twitter_card":"summary_large_image","twitter_misc":{"Verfasst von":"Rom\u00e2nia Interna\u021bional","Gesch\u00e4tzte Lesezeit":"2\u00a0Minuten","Written by":"Rom\u00e2nia Interna\u021bional"},"schema":{"@context":"https:\/\/schema.org","@graph":[{"@type":"Article","@id":"https:\/\/www.rri.ro\/de\/aktuell\/newsflash-de\/nachrichten-2-04-2014-id631229.html#article","isPartOf":{"@id":"https:\/\/www.rri.ro\/de\/aktuell\/newsflash-de\/nachrichten-2-04-2014-id631229.html"},"author":{"name":"Rom\u00e2nia Interna\u021bional","@id":"https:\/\/www.rri.ro\/#\/schema\/person\/18fac491bccbfe149b92aea77ad60abd"},"headline":"Nachrichten 2.04.2014","datePublished":"2014-04-02T16:53:00+00:00","mainEntityOfPage":{"@id":"https:\/\/www.rri.ro\/de\/aktuell\/newsflash-de\/nachrichten-2-04-2014-id631229.html"},"wordCount":366,"image":{"@id":"https:\/\/www.rri.ro\/de\/aktuell\/newsflash-de\/nachrichten-2-04-2014-id631229.html#primaryimage"},"thumbnailUrl":"https:\/\/www.rri.ro\/wp-content\/uploads\/2023\/10\/harta-lumii.gif","keywords":["7 Eurocent-Verbrauchssteuer","Aktionsplan","Erfindermesse","Erfinderungen","Ern\u00e4hrungs-und Landwirtschaftsorganisation (FAO)","Fehlern\u00e4hrung","Genf","Hunger","konkurrenzf\u00e4hig","Kooperation","Kraftstoff","Landwirtschaftsminister Daniel Constantin","Lebensmittelproduktion","Lebensmittelverschwendung","Ministerpr\u00e4sident Victor Ponta","Preis","Regionalkonferenz","Staatschef Traian B\u0103sescu","Steuer-und Haushaltspolitik","Transportinfrastrukturprojekte","Transportunternehmen","Untersuchungssystem"],"articleSection":["Newsflash"],"inLanguage":"de"},{"@type":"WebPage","@id":"https:\/\/www.rri.ro\/de\/aktuell\/newsflash-de\/nachrichten-2-04-2014-id631229.html","url":"https:\/\/www.rri.ro\/de\/aktuell\/newsflash-de\/nachrichten-2-04-2014-id631229.html","name":"Nachrichten 2.04.2014 - Radio Rum\u00e4nien International","isPartOf":{"@id":"https:\/\/www.rri.ro\/#website"},"primaryImageOfPage":{"@id":"https:\/\/www.rri.ro\/de\/aktuell\/newsflash-de\/nachrichten-2-04-2014-id631229.html#primaryimage"},"image":{"@id":"https:\/\/www.rri.ro\/de\/aktuell\/newsflash-de\/nachrichten-2-04-2014-id631229.html#primaryimage"},"thumbnailUrl":"https:\/\/www.rri.ro\/wp-content\/uploads\/2023\/10\/harta-lumii.gif","datePublished":"2014-04-02T16:53:00+00:00","author":{"@id":"https:\/\/www.rri.ro\/#\/schema\/person\/18fac491bccbfe149b92aea77ad60abd"},"breadcrumb":{"@id":"https:\/\/www.rri.ro\/de\/aktuell\/newsflash-de\/nachrichten-2-04-2014-id631229.html#breadcrumb"},"inLanguage":"de","potentialAction":[{"@type":"ReadAction","target":["https:\/\/www.rri.ro\/de\/aktuell\/newsflash-de\/nachrichten-2-04-2014-id631229.html"]}]},{"@type":"ImageObject","inLanguage":"de","@id":"https:\/\/www.rri.ro\/de\/aktuell\/newsflash-de\/nachrichten-2-04-2014-id631229.html#primaryimage","url":"https:\/\/www.rri.ro\/wp-content\/uploads\/2023\/10\/harta-lumii.gif","contentUrl":"https:\/\/www.rri.ro\/wp-content\/uploads\/2023\/10\/harta-lumii.gif","width":640,"height":480},{"@type":"BreadcrumbList","@id":"https:\/\/www.rri.ro\/de\/aktuell\/newsflash-de\/nachrichten-2-04-2014-id631229.html#breadcrumb","itemListElement":[{"@type":"ListItem","position":1,"name":"Startseite","item":"https:\/\/www.rri.ro\/de"},{"@type":"ListItem","position":2,"name":"Aktuell","item":"https:\/\/www.rri.ro\/de\/aktuell"},{"@type":"ListItem","position":3,"name":"Newsflash","item":"https:\/\/www.rri.ro\/de\/aktuell\/newsflash-de"},{"@type":"ListItem","position":4,"name":"Nachrichten 2.04.2014"}]},{"@type":"WebSite","@id":"https:\/\/www.rri.ro\/#website","url":"https:\/\/www.rri.ro\/","name":"Radio Rum\u00e4nien International","description":"Totul despre Rom\u00e2nia \u015fi rom\u00e2ni, \u00een 13 limbi\/dialecte!","inLanguage":"de"},{"@type":"Person","@id":"https:\/\/www.rri.ro\/#\/schema\/person\/18fac491bccbfe149b92aea77ad60abd","name":"Rom\u00e2nia Interna\u021bional","url":"https:\/\/www.rri.ro\/de\/author\/redactia"}]}},"_links":{"self":[{"href":"https:\/\/www.rri.ro\/de\/wp-json\/wp\/v2\/posts\/631229","targetHints":{"allow":["GET"]}}],"collection":[{"href":"https:\/\/www.rri.ro\/de\/wp-json\/wp\/v2\/posts"}],"about":[{"href":"https:\/\/www.rri.ro\/de\/wp-json\/wp\/v2\/types\/post"}],"author":[{"embeddable":true,"href":"https:\/\/www.rri.ro\/de\/wp-json\/wp\/v2\/users\/2"}],"replies":[{"embeddable":true,"href":"https:\/\/www.rri.ro\/de\/wp-json\/wp\/v2\/comments?post=631229"}],"version-history":[{"count":0,"href":"https:\/\/www.rri.ro\/de\/wp-json\/wp\/v2\/posts\/631229\/revisions"}],"wp:featuredmedia":[{"embeddable":true,"href":"https:\/\/www.rri.ro\/de\/wp-json\/wp\/v2\/media\/201384"}],"wp:attachment":[{"href":"https:\/\/www.rri.ro\/de\/wp-json\/wp\/v2\/media?parent=631229"}],"wp:term":[{"taxonomy":"category","embeddable":true,"href":"https:\/\/www.rri.ro\/de\/wp-json\/wp\/v2\/categories?post=631229"},{"taxonomy":"post_tag","embeddable":true,"href":"https:\/\/www.rri.ro\/de\/wp-json\/wp\/v2\/tags?post=631229"},{"taxonomy":"author","embeddable":true,"href":"https:\/\/www.rri.ro\/de\/wp-json\/wp\/v2\/coauthors?post=631229"}],"curies":[{"name":"wp","href":"https:\/\/api.w.org\/{rel}","templated":true}]}}