{"id":631328,"date":"2014-06-10T21:10:00","date_gmt":"2014-06-10T18:10:00","guid":{"rendered":"http:\/\/devrri.freshlemon.ro\/aktuell\/nachrichten-10-06-2014-id631328.html"},"modified":"2014-06-10T21:10:00","modified_gmt":"2014-06-10T18:10:00","slug":"nachrichten-10-06-2014","status":"publish","type":"post","link":"https:\/\/www.rri.ro\/de\/aktuell\/newsflash-de\/nachrichten-10-06-2014-id631328.html","title":{"rendered":"Nachrichten 10.06.2014"},"content":{"rendered":"<p><strong>CHI\u0218IN\u0102U:<\/strong> Die Unterzeichnung des Assoziierungsabkommens der Republik Moldau mit der Europ\u00e4ischen Union k\u00f6nnte Engp\u00e4sse in der Entwicklung der Beziehungen zu Russland verursachen. Dies verlautbarte aus Quellen des russischen Au\u200e\u00dfenministeriums, nach den Treffen des russischen Staatssekret\u00e4rs im russischen Au\u200e\u00dfenministerium Grigori Karasin in Chi\u015fin\u0103u und Tiraspol. Die Beratungen im moldauischen Wirtschaftsministerium mit Au\u200e\u00dfenministerin Natalia Gherman und dem Ministerpr\u00e4sidenten der Republik Moldau Iurie Leanc\u0103 betrafen Aspekte der bilateralen Zusammenarbeit. Angegangen wurden au\u200e\u00dferdem eine Reihe von Fragen zum Verhandlungsprozess der transnistrischen L\u00f6sung, nach dem Abschluss am Montag in Wien einer neuen Runde im 5+2\u201d- Format.<\/p>\n<p>&#13;<br \/>\n&#13;<\/p>\n<p>&#13;<br \/>\n&#13;<\/p>\n<p><strong>BUKAREST:<\/strong> Rum\u00e4niens Au\u200e\u00dfenminister Titus Corl\u0103\u021bean und sein belgischer Amtskollege Didier Reynders sind am Dienstag in Bukarest zusammen gekommen. Die beiden unterhielten sich \u00fcber die politische und wirtschaftliche Zusammenarbeit zwischen Rum\u00e4nien und Belgien, sowie \u00fcber aktuelle internationale Themen. Eine besondere Aufmerksamkeit wurde den Entwicklungen nach den Europa-Wahlen, der Lage in den \u00f6stlichen EU-Nachbarstaaten &#8212; in der Ukraine und der Moldaurepublik, und der Lage auf dem Balkan geschenkt. Die beiden Minister berieten zudem \u00fcber den NATO-Gipfel im September, die Lage in Syrien und \u00fcber den Friedensprozess im Nahen Osten.<\/p>\n<p>&#13;<\/p>\n","protected":false},"excerpt":{"rendered":"<p>CHI\u0218IN\u0102U: Die Unterzeichnung des Assoziierungsabkommens der Republik Moldau mit der Europ\u00e4ischen Union k\u00f6nnte Engp\u00e4sse in der Entwicklung der Beziehungen zu Russland verursachen. Dies verlautbarte aus Quellen des russischen Au\u200e\u00dfenministeriums, nach den Treffen des russischen Staatssekret\u00e4rs im russischen Au\u200e\u00dfenministerium Grigori Karasin in Chi\u015fin\u0103u und Tiraspol. Die Beratungen im moldauischen Wirtschaftsministerium mit Au\u200e\u00dfenministerin Natalia Gherman und dem [&hellip;]<\/p>\n","protected":false},"author":2,"featured_media":201384,"comment_status":"closed","ping_status":"closed","sticky":false,"template":"","format":"standard","meta":{"_acf_changed":false,"footnotes":""},"categories":[116753],"tags":[99874,100023,50257,100115,99824],"coauthors":[],"class_list":["post-631328","post","type-post","status-publish","format-standard","has-post-thumbnail","hentry","category-newsflash-de","tag-assoziierungsabkommen","tag-aussenminister-titus-corlatean","tag-didier-reynders","tag-republik-moldau","tag-russland"],"acf":[],"yoast_head":"<!-- This site is optimized with the Yoast SEO plugin v27.3 - https:\/\/yoast.com\/product\/yoast-seo-wordpress\/ -->\n<title>Nachrichten 10.06.2014 - Radio Rum\u00e4nien International<\/title>\n<meta name=\"robots\" content=\"index, follow, max-snippet:-1, max-image-preview:large, max-video-preview:-1\" \/>\n<link rel=\"canonical\" href=\"https:\/\/www.rri.ro\/de\/aktuell\/newsflash-de\/nachrichten-10-06-2014-id631328.html\" \/>\n<meta property=\"og:locale\" content=\"de_DE\" \/>\n<meta property=\"og:type\" content=\"article\" \/>\n<meta property=\"og:title\" content=\"Nachrichten 10.06.2014 - Radio Rum\u00e4nien International\" \/>\n<meta property=\"og:description\" content=\"CHI\u0218IN\u0102U: Die Unterzeichnung des Assoziierungsabkommens der Republik Moldau mit der Europ\u00e4ischen Union k\u00f6nnte Engp\u00e4sse in der Entwicklung der Beziehungen zu Russland verursachen. Dies verlautbarte aus Quellen des russischen Au\u200e\u00dfenministeriums, nach den Treffen des russischen Staatssekret\u00e4rs im russischen Au\u200e\u00dfenministerium Grigori Karasin in Chi\u015fin\u0103u und Tiraspol. Die Beratungen im moldauischen Wirtschaftsministerium mit Au\u200e\u00dfenministerin Natalia Gherman und dem [&hellip;]\" \/>\n<meta property=\"og:url\" content=\"https:\/\/www.rri.ro\/de\/aktuell\/newsflash-de\/nachrichten-10-06-2014-id631328.html\" \/>\n<meta property=\"og:site_name\" content=\"Radio Rum\u00e4nien International\" \/>\n<meta property=\"article:published_time\" content=\"2014-06-10T18:10:00+00:00\" \/>\n<meta property=\"og:image\" content=\"https:\/\/www.rri.ro\/wp-content\/uploads\/2023\/10\/harta-lumii.gif\" \/>\n\t<meta property=\"og:image:width\" content=\"640\" \/>\n\t<meta property=\"og:image:height\" content=\"480\" \/>\n\t<meta property=\"og:image:type\" content=\"image\/png\" \/>\n<meta name=\"author\" content=\"Rom\u00e2nia Interna\u021bional\" \/>\n<meta name=\"twitter:card\" content=\"summary_large_image\" \/>\n<meta name=\"twitter:label1\" content=\"Verfasst von\" \/>\n\t<meta name=\"twitter:data1\" content=\"Rom\u00e2nia Interna\u021bional\" \/>\n\t<meta name=\"twitter:label2\" content=\"Gesch\u00e4tzte Lesezeit\" \/>\n\t<meta name=\"twitter:data2\" content=\"1\u00a0Minute\" \/>\n\t<meta name=\"twitter:label3\" content=\"Written by\" \/>\n\t<meta name=\"twitter:data3\" content=\"Rom\u00e2nia Interna\u021bional\" \/>\n<script type=\"application\/ld+json\" class=\"yoast-schema-graph\">{\"@context\":\"https:\\\/\\\/schema.org\",\"@graph\":[{\"@type\":\"Article\",\"@id\":\"https:\\\/\\\/www.rri.ro\\\/de\\\/aktuell\\\/newsflash-de\\\/nachrichten-10-06-2014-id631328.html#article\",\"isPartOf\":{\"@id\":\"https:\\\/\\\/www.rri.ro\\\/de\\\/aktuell\\\/newsflash-de\\\/nachrichten-10-06-2014-id631328.html\"},\"author\":{\"name\":\"Rom\u00e2nia Interna\u021bional\",\"@id\":\"https:\\\/\\\/www.rri.ro\\\/#\\\/schema\\\/person\\\/18fac491bccbfe149b92aea77ad60abd\"},\"headline\":\"Nachrichten 10.06.2014\",\"datePublished\":\"2014-06-10T18:10:00+00:00\",\"mainEntityOfPage\":{\"@id\":\"https:\\\/\\\/www.rri.ro\\\/de\\\/aktuell\\\/newsflash-de\\\/nachrichten-10-06-2014-id631328.html\"},\"wordCount\":197,\"image\":{\"@id\":\"https:\\\/\\\/www.rri.ro\\\/de\\\/aktuell\\\/newsflash-de\\\/nachrichten-10-06-2014-id631328.html#primaryimage\"},\"thumbnailUrl\":\"https:\\\/\\\/www.rri.ro\\\/wp-content\\\/uploads\\\/2023\\\/10\\\/harta-lumii.gif\",\"keywords\":[\"Assoziierungsabkommen\",\"Au\u00dfenminister Titus Corl\u0103\u0163ean\",\"Didier Reynders\",\"Republik Moldau\",\"Russland\"],\"articleSection\":[\"Newsflash\"],\"inLanguage\":\"de\"},{\"@type\":\"WebPage\",\"@id\":\"https:\\\/\\\/www.rri.ro\\\/de\\\/aktuell\\\/newsflash-de\\\/nachrichten-10-06-2014-id631328.html\",\"url\":\"https:\\\/\\\/www.rri.ro\\\/de\\\/aktuell\\\/newsflash-de\\\/nachrichten-10-06-2014-id631328.html\",\"name\":\"Nachrichten 10.06.2014 - Radio Rum\u00e4nien International\",\"isPartOf\":{\"@id\":\"https:\\\/\\\/www.rri.ro\\\/#website\"},\"primaryImageOfPage\":{\"@id\":\"https:\\\/\\\/www.rri.ro\\\/de\\\/aktuell\\\/newsflash-de\\\/nachrichten-10-06-2014-id631328.html#primaryimage\"},\"image\":{\"@id\":\"https:\\\/\\\/www.rri.ro\\\/de\\\/aktuell\\\/newsflash-de\\\/nachrichten-10-06-2014-id631328.html#primaryimage\"},\"thumbnailUrl\":\"https:\\\/\\\/www.rri.ro\\\/wp-content\\\/uploads\\\/2023\\\/10\\\/harta-lumii.gif\",\"datePublished\":\"2014-06-10T18:10:00+00:00\",\"author\":{\"@id\":\"https:\\\/\\\/www.rri.ro\\\/#\\\/schema\\\/person\\\/18fac491bccbfe149b92aea77ad60abd\"},\"breadcrumb\":{\"@id\":\"https:\\\/\\\/www.rri.ro\\\/de\\\/aktuell\\\/newsflash-de\\\/nachrichten-10-06-2014-id631328.html#breadcrumb\"},\"inLanguage\":\"de\",\"potentialAction\":[{\"@type\":\"ReadAction\",\"target\":[\"https:\\\/\\\/www.rri.ro\\\/de\\\/aktuell\\\/newsflash-de\\\/nachrichten-10-06-2014-id631328.html\"]}]},{\"@type\":\"ImageObject\",\"inLanguage\":\"de\",\"@id\":\"https:\\\/\\\/www.rri.ro\\\/de\\\/aktuell\\\/newsflash-de\\\/nachrichten-10-06-2014-id631328.html#primaryimage\",\"url\":\"https:\\\/\\\/www.rri.ro\\\/wp-content\\\/uploads\\\/2023\\\/10\\\/harta-lumii.gif\",\"contentUrl\":\"https:\\\/\\\/www.rri.ro\\\/wp-content\\\/uploads\\\/2023\\\/10\\\/harta-lumii.gif\",\"width\":640,\"height\":480},{\"@type\":\"BreadcrumbList\",\"@id\":\"https:\\\/\\\/www.rri.ro\\\/de\\\/aktuell\\\/newsflash-de\\\/nachrichten-10-06-2014-id631328.html#breadcrumb\",\"itemListElement\":[{\"@type\":\"ListItem\",\"position\":1,\"name\":\"Startseite\",\"item\":\"https:\\\/\\\/www.rri.ro\\\/de\"},{\"@type\":\"ListItem\",\"position\":2,\"name\":\"Aktuell\",\"item\":\"https:\\\/\\\/www.rri.ro\\\/de\\\/aktuell\"},{\"@type\":\"ListItem\",\"position\":3,\"name\":\"Newsflash\",\"item\":\"https:\\\/\\\/www.rri.ro\\\/de\\\/aktuell\\\/newsflash-de\"},{\"@type\":\"ListItem\",\"position\":4,\"name\":\"Nachrichten 10.06.2014\"}]},{\"@type\":\"WebSite\",\"@id\":\"https:\\\/\\\/www.rri.ro\\\/#website\",\"url\":\"https:\\\/\\\/www.rri.ro\\\/\",\"name\":\"Radio Rum\u00e4nien International\",\"description\":\"Totul despre Rom\u00e2nia \u015fi rom\u00e2ni, \u00een 13 limbi\\\/dialecte!\",\"inLanguage\":\"de\"},{\"@type\":\"Person\",\"@id\":\"https:\\\/\\\/www.rri.ro\\\/#\\\/schema\\\/person\\\/18fac491bccbfe149b92aea77ad60abd\",\"name\":\"Rom\u00e2nia Interna\u021bional\",\"url\":\"https:\\\/\\\/www.rri.ro\\\/de\\\/author\\\/redactia\"}]}<\/script>\n<!-- \/ Yoast SEO plugin. -->","yoast_head_json":{"title":"Nachrichten 10.06.2014 - Radio Rum\u00e4nien International","robots":{"index":"index","follow":"follow","max-snippet":"max-snippet:-1","max-image-preview":"max-image-preview:large","max-video-preview":"max-video-preview:-1"},"canonical":"https:\/\/www.rri.ro\/de\/aktuell\/newsflash-de\/nachrichten-10-06-2014-id631328.html","og_locale":"de_DE","og_type":"article","og_title":"Nachrichten 10.06.2014 - Radio Rum\u00e4nien International","og_description":"CHI\u0218IN\u0102U: Die Unterzeichnung des Assoziierungsabkommens der Republik Moldau mit der Europ\u00e4ischen Union k\u00f6nnte Engp\u00e4sse in der Entwicklung der Beziehungen zu Russland verursachen. Dies verlautbarte aus Quellen des russischen Au\u200e\u00dfenministeriums, nach den Treffen des russischen Staatssekret\u00e4rs im russischen Au\u200e\u00dfenministerium Grigori Karasin in Chi\u015fin\u0103u und Tiraspol. Die Beratungen im moldauischen Wirtschaftsministerium mit Au\u200e\u00dfenministerin Natalia Gherman und dem [&hellip;]","og_url":"https:\/\/www.rri.ro\/de\/aktuell\/newsflash-de\/nachrichten-10-06-2014-id631328.html","og_site_name":"Radio Rum\u00e4nien International","article_published_time":"2014-06-10T18:10:00+00:00","og_image":[{"width":640,"height":480,"url":"https:\/\/www.rri.ro\/wp-content\/uploads\/2023\/10\/harta-lumii.gif","type":"image\/png"}],"author":"Rom\u00e2nia Interna\u021bional","twitter_card":"summary_large_image","twitter_misc":{"Verfasst von":"Rom\u00e2nia Interna\u021bional","Gesch\u00e4tzte Lesezeit":"1\u00a0Minute","Written by":"Rom\u00e2nia Interna\u021bional"},"schema":{"@context":"https:\/\/schema.org","@graph":[{"@type":"Article","@id":"https:\/\/www.rri.ro\/de\/aktuell\/newsflash-de\/nachrichten-10-06-2014-id631328.html#article","isPartOf":{"@id":"https:\/\/www.rri.ro\/de\/aktuell\/newsflash-de\/nachrichten-10-06-2014-id631328.html"},"author":{"name":"Rom\u00e2nia Interna\u021bional","@id":"https:\/\/www.rri.ro\/#\/schema\/person\/18fac491bccbfe149b92aea77ad60abd"},"headline":"Nachrichten 10.06.2014","datePublished":"2014-06-10T18:10:00+00:00","mainEntityOfPage":{"@id":"https:\/\/www.rri.ro\/de\/aktuell\/newsflash-de\/nachrichten-10-06-2014-id631328.html"},"wordCount":197,"image":{"@id":"https:\/\/www.rri.ro\/de\/aktuell\/newsflash-de\/nachrichten-10-06-2014-id631328.html#primaryimage"},"thumbnailUrl":"https:\/\/www.rri.ro\/wp-content\/uploads\/2023\/10\/harta-lumii.gif","keywords":["Assoziierungsabkommen","Au\u00dfenminister Titus Corl\u0103\u0163ean","Didier Reynders","Republik Moldau","Russland"],"articleSection":["Newsflash"],"inLanguage":"de"},{"@type":"WebPage","@id":"https:\/\/www.rri.ro\/de\/aktuell\/newsflash-de\/nachrichten-10-06-2014-id631328.html","url":"https:\/\/www.rri.ro\/de\/aktuell\/newsflash-de\/nachrichten-10-06-2014-id631328.html","name":"Nachrichten 10.06.2014 - Radio Rum\u00e4nien International","isPartOf":{"@id":"https:\/\/www.rri.ro\/#website"},"primaryImageOfPage":{"@id":"https:\/\/www.rri.ro\/de\/aktuell\/newsflash-de\/nachrichten-10-06-2014-id631328.html#primaryimage"},"image":{"@id":"https:\/\/www.rri.ro\/de\/aktuell\/newsflash-de\/nachrichten-10-06-2014-id631328.html#primaryimage"},"thumbnailUrl":"https:\/\/www.rri.ro\/wp-content\/uploads\/2023\/10\/harta-lumii.gif","datePublished":"2014-06-10T18:10:00+00:00","author":{"@id":"https:\/\/www.rri.ro\/#\/schema\/person\/18fac491bccbfe149b92aea77ad60abd"},"breadcrumb":{"@id":"https:\/\/www.rri.ro\/de\/aktuell\/newsflash-de\/nachrichten-10-06-2014-id631328.html#breadcrumb"},"inLanguage":"de","potentialAction":[{"@type":"ReadAction","target":["https:\/\/www.rri.ro\/de\/aktuell\/newsflash-de\/nachrichten-10-06-2014-id631328.html"]}]},{"@type":"ImageObject","inLanguage":"de","@id":"https:\/\/www.rri.ro\/de\/aktuell\/newsflash-de\/nachrichten-10-06-2014-id631328.html#primaryimage","url":"https:\/\/www.rri.ro\/wp-content\/uploads\/2023\/10\/harta-lumii.gif","contentUrl":"https:\/\/www.rri.ro\/wp-content\/uploads\/2023\/10\/harta-lumii.gif","width":640,"height":480},{"@type":"BreadcrumbList","@id":"https:\/\/www.rri.ro\/de\/aktuell\/newsflash-de\/nachrichten-10-06-2014-id631328.html#breadcrumb","itemListElement":[{"@type":"ListItem","position":1,"name":"Startseite","item":"https:\/\/www.rri.ro\/de"},{"@type":"ListItem","position":2,"name":"Aktuell","item":"https:\/\/www.rri.ro\/de\/aktuell"},{"@type":"ListItem","position":3,"name":"Newsflash","item":"https:\/\/www.rri.ro\/de\/aktuell\/newsflash-de"},{"@type":"ListItem","position":4,"name":"Nachrichten 10.06.2014"}]},{"@type":"WebSite","@id":"https:\/\/www.rri.ro\/#website","url":"https:\/\/www.rri.ro\/","name":"Radio Rum\u00e4nien International","description":"Totul despre Rom\u00e2nia \u015fi rom\u00e2ni, \u00een 13 limbi\/dialecte!","inLanguage":"de"},{"@type":"Person","@id":"https:\/\/www.rri.ro\/#\/schema\/person\/18fac491bccbfe149b92aea77ad60abd","name":"Rom\u00e2nia Interna\u021bional","url":"https:\/\/www.rri.ro\/de\/author\/redactia"}]}},"_links":{"self":[{"href":"https:\/\/www.rri.ro\/de\/wp-json\/wp\/v2\/posts\/631328","targetHints":{"allow":["GET"]}}],"collection":[{"href":"https:\/\/www.rri.ro\/de\/wp-json\/wp\/v2\/posts"}],"about":[{"href":"https:\/\/www.rri.ro\/de\/wp-json\/wp\/v2\/types\/post"}],"author":[{"embeddable":true,"href":"https:\/\/www.rri.ro\/de\/wp-json\/wp\/v2\/users\/2"}],"replies":[{"embeddable":true,"href":"https:\/\/www.rri.ro\/de\/wp-json\/wp\/v2\/comments?post=631328"}],"version-history":[{"count":0,"href":"https:\/\/www.rri.ro\/de\/wp-json\/wp\/v2\/posts\/631328\/revisions"}],"wp:featuredmedia":[{"embeddable":true,"href":"https:\/\/www.rri.ro\/de\/wp-json\/wp\/v2\/media\/201384"}],"wp:attachment":[{"href":"https:\/\/www.rri.ro\/de\/wp-json\/wp\/v2\/media?parent=631328"}],"wp:term":[{"taxonomy":"category","embeddable":true,"href":"https:\/\/www.rri.ro\/de\/wp-json\/wp\/v2\/categories?post=631328"},{"taxonomy":"post_tag","embeddable":true,"href":"https:\/\/www.rri.ro\/de\/wp-json\/wp\/v2\/tags?post=631328"},{"taxonomy":"author","embeddable":true,"href":"https:\/\/www.rri.ro\/de\/wp-json\/wp\/v2\/coauthors?post=631328"}],"curies":[{"name":"wp","href":"https:\/\/api.w.org\/{rel}","templated":true}]}}