{"id":631344,"date":"2014-06-29T11:33:00","date_gmt":"2014-06-29T08:33:00","guid":{"rendered":"http:\/\/devrri.freshlemon.ro\/aktuell\/nachrichten-28-06-2014-id631344.html"},"modified":"2014-06-29T11:33:00","modified_gmt":"2014-06-29T08:33:00","slug":"nachrichten-28-06-2014","status":"publish","type":"post","link":"https:\/\/www.rri.ro\/de\/aktuell\/newsflash-de\/nachrichten-28-06-2014-id631344.html","title":{"rendered":"Nachrichten 28.06.2014"},"content":{"rendered":"<p><strong>BUKAREST:<\/strong> Die rum\u00e4nische Regierung hat in einer Sondersitzung am Samstag den Gesetzentwurf \u00fcber die Ratifizierung des Assoziierungsabkommens zwischen der EU und der Moldaurepublik gebilligt. Rum\u00e4nien wolle damit als erster Staat kurz nach der Unterzeichnung des Abkommens in Br\u00fcssel ein Zeichen setzen, sagte Ministerpr\u00e4sident Victor Ponta. Das Bukarester Parlament soll Anfang Juli in einer au\u200e\u00dferordentlichen Sitzung das Dokument ratifizieren. Am Freitag hatten die Moldau und Georgien die Freihandels- und Assoziierungsabkommen mit der EU unterzeichnet, die Ukraine schloss die wirtschaftlichen Kapitel des bilateralen Dokuments ab.<\/p>\n<p>&#13;<br \/>\n&#13;<\/p>\n<p>&#13;<br \/>\n&#13;<\/p>\n<p><strong>BUKAREST: <\/strong>Die rund 1.500 Delegierten der Nationalliberalen Partei haben im Rahmen eines au\u200e\u00dferordentlichen Parteitags am Freitag \u00fcber die \u00c4nderung der Parteisatzung abgestimmt. Diese sieht die neue M\u00f6glichkeit der Personenwahl f\u00fcr die Parteif\u00fchrung sowie den Austritt aus der ALDE-Fraktion im Europ\u00e4ischen Parlament vor. Die gr\u00f6\u200e\u00dfte mitte-rechts orientierte Oppositionspartei in Rum\u00e4nien will dann am heutigen Samstag ihre neue Parteif\u00fchrung w\u00e4hlen. Als Favorit f\u00fcr das Amt des Parteichefs wird der aktuelle B\u00fcrgermeister von Hermannstadt Klaus Iohannis gehandelt. Die Liberalen sollen ferner \u00fcber die Fusion mit der Liberaldemokratischen Partei PDL, sowie \u00fcber den Beitritt zur Europ\u00e4ischen Volkspartei entscheiden. Im Februar hatte die PNL die Allianz mit den Sozialdemokraten aufgel\u00f6st und die Regierungskoalition verlassen.<\/p>\n<p>&#13;<br \/>\n&#13;<\/p>\n<p>&#13;<br \/>\n&#13;<\/p>\n<p><strong>BUKAREST<\/strong>: Das Europ\u00e4ische Parlament hat Radio Rum\u00e4nien f\u00fcr die informativen Sendungen vor der Europawahl im Mai gratuliert. In einem Schreiben an die Leitung der Rundfunkanstalt in Bukarest wird die Tatsache hervorgehoben, dass das \u00f6ffentlich-rechtliche Radio einen entscheidenden Beitrag zur Aufkl\u00e4rung der B\u00fcrger vor dem Urnengang geleistet habe. Radio Rum\u00e4nien habe seine H\u00f6rer durchgehend \u00fcber die EU, den europ\u00e4ischen Weg Rum\u00e4niens, die Rolle des Europ\u00e4ischen Parlaments innerhalb der EU informiert, hei\u200e\u00dft es in dem Schreiben noch. Seine nationalen und regionalen Sender h\u00e4tten zudem weitere europ\u00e4ische Nachrichten \u00fcbertragen. <\/p>\n<p>&#13;<\/p>\n","protected":false},"excerpt":{"rendered":"<p>BUKAREST: Die rum\u00e4nische Regierung hat in einer Sondersitzung am Samstag den Gesetzentwurf \u00fcber die Ratifizierung des Assoziierungsabkommens zwischen der EU und der Moldaurepublik gebilligt. Rum\u00e4nien wolle damit als erster Staat kurz nach der Unterzeichnung des Abkommens in Br\u00fcssel ein Zeichen setzen, sagte Ministerpr\u00e4sident Victor Ponta. Das Bukarester Parlament soll Anfang Juli in einer au\u200e\u00dferordentlichen Sitzung [&hellip;]<\/p>\n","protected":false},"author":2,"featured_media":201384,"comment_status":"closed","ping_status":"closed","sticky":false,"template":"","format":"standard","meta":{"_acf_changed":false,"footnotes":""},"categories":[116753],"tags":[99874,100477,100902,100453,124542,29125,101611,100576,99713,99875,99589,134268],"coauthors":[],"class_list":["post-631344","post","type-post","status-publish","format-standard","has-post-thumbnail","hentry","category-newsflash-de","tag-assoziierungsabkommen","tag-europaeisches-parlament","tag-europawahl","tag-georgien","tag-gratuliert","tag-iohannis","tag-liberale","tag-moldau","tag-parteitag","tag-radio-rumaenien","tag-rumaenien","tag-ukraine-de"],"acf":[],"yoast_head":"<!-- This site is optimized with the Yoast SEO plugin v27.5 - https:\/\/yoast.com\/product\/yoast-seo-wordpress\/ -->\n<title>Nachrichten 28.06.2014 - Radio Rum\u00e4nien International<\/title>\n<meta name=\"robots\" content=\"index, follow, max-snippet:-1, max-image-preview:large, max-video-preview:-1\" \/>\n<link rel=\"canonical\" href=\"https:\/\/www.rri.ro\/de\/aktuell\/newsflash-de\/nachrichten-28-06-2014-id631344.html\" \/>\n<meta property=\"og:locale\" content=\"de_DE\" \/>\n<meta property=\"og:type\" content=\"article\" \/>\n<meta property=\"og:title\" content=\"Nachrichten 28.06.2014 - Radio Rum\u00e4nien International\" \/>\n<meta property=\"og:description\" content=\"BUKAREST: Die rum\u00e4nische Regierung hat in einer Sondersitzung am Samstag den Gesetzentwurf \u00fcber die Ratifizierung des Assoziierungsabkommens zwischen der EU und der Moldaurepublik gebilligt. Rum\u00e4nien wolle damit als erster Staat kurz nach der Unterzeichnung des Abkommens in Br\u00fcssel ein Zeichen setzen, sagte Ministerpr\u00e4sident Victor Ponta. Das Bukarester Parlament soll Anfang Juli in einer au\u200e\u00dferordentlichen Sitzung [&hellip;]\" \/>\n<meta property=\"og:url\" content=\"https:\/\/www.rri.ro\/de\/aktuell\/newsflash-de\/nachrichten-28-06-2014-id631344.html\" \/>\n<meta property=\"og:site_name\" content=\"Radio Rum\u00e4nien International\" \/>\n<meta property=\"article:published_time\" content=\"2014-06-29T08:33:00+00:00\" \/>\n<meta property=\"og:image\" content=\"https:\/\/www.rri.ro\/wp-content\/uploads\/2023\/10\/harta-lumii.gif\" \/>\n\t<meta property=\"og:image:width\" content=\"640\" \/>\n\t<meta property=\"og:image:height\" content=\"480\" \/>\n\t<meta property=\"og:image:type\" content=\"image\/png\" \/>\n<meta name=\"author\" content=\"Rom\u00e2nia Interna\u021bional\" \/>\n<meta name=\"twitter:card\" content=\"summary_large_image\" \/>\n<meta name=\"twitter:label1\" content=\"Verfasst von\" \/>\n\t<meta name=\"twitter:data1\" content=\"Rom\u00e2nia Interna\u021bional\" \/>\n\t<meta name=\"twitter:label2\" content=\"Gesch\u00e4tzte Lesezeit\" \/>\n\t<meta name=\"twitter:data2\" content=\"2\u00a0Minuten\" \/>\n\t<meta name=\"twitter:label3\" content=\"Written by\" \/>\n\t<meta name=\"twitter:data3\" content=\"Rom\u00e2nia Interna\u021bional\" \/>\n<script type=\"application\/ld+json\" class=\"yoast-schema-graph\">{\"@context\":\"https:\\\/\\\/schema.org\",\"@graph\":[{\"@type\":\"Article\",\"@id\":\"https:\\\/\\\/www.rri.ro\\\/de\\\/aktuell\\\/newsflash-de\\\/nachrichten-28-06-2014-id631344.html#article\",\"isPartOf\":{\"@id\":\"https:\\\/\\\/www.rri.ro\\\/de\\\/aktuell\\\/newsflash-de\\\/nachrichten-28-06-2014-id631344.html\"},\"author\":{\"name\":\"Rom\u00e2nia Interna\u021bional\",\"@id\":\"https:\\\/\\\/www.rri.ro\\\/#\\\/schema\\\/person\\\/18fac491bccbfe149b92aea77ad60abd\"},\"headline\":\"Nachrichten 28.06.2014\",\"datePublished\":\"2014-06-29T08:33:00+00:00\",\"mainEntityOfPage\":{\"@id\":\"https:\\\/\\\/www.rri.ro\\\/de\\\/aktuell\\\/newsflash-de\\\/nachrichten-28-06-2014-id631344.html\"},\"wordCount\":309,\"image\":{\"@id\":\"https:\\\/\\\/www.rri.ro\\\/de\\\/aktuell\\\/newsflash-de\\\/nachrichten-28-06-2014-id631344.html#primaryimage\"},\"thumbnailUrl\":\"https:\\\/\\\/www.rri.ro\\\/wp-content\\\/uploads\\\/2023\\\/10\\\/harta-lumii.gif\",\"keywords\":[\"Assoziierungsabkommen\",\"Europ\u00e4isches Parlament\",\"Europawahl\",\"Georgien\",\"gratuliert\",\"Iohannis\",\"Liberale\",\"Moldau\",\"Parteitag\",\"Radio Rum\u00e4nien\",\"Rum\u00e4nien\",\"Ukraine\"],\"articleSection\":[\"Newsflash\"],\"inLanguage\":\"de\"},{\"@type\":\"WebPage\",\"@id\":\"https:\\\/\\\/www.rri.ro\\\/de\\\/aktuell\\\/newsflash-de\\\/nachrichten-28-06-2014-id631344.html\",\"url\":\"https:\\\/\\\/www.rri.ro\\\/de\\\/aktuell\\\/newsflash-de\\\/nachrichten-28-06-2014-id631344.html\",\"name\":\"Nachrichten 28.06.2014 - Radio Rum\u00e4nien International\",\"isPartOf\":{\"@id\":\"https:\\\/\\\/www.rri.ro\\\/#website\"},\"primaryImageOfPage\":{\"@id\":\"https:\\\/\\\/www.rri.ro\\\/de\\\/aktuell\\\/newsflash-de\\\/nachrichten-28-06-2014-id631344.html#primaryimage\"},\"image\":{\"@id\":\"https:\\\/\\\/www.rri.ro\\\/de\\\/aktuell\\\/newsflash-de\\\/nachrichten-28-06-2014-id631344.html#primaryimage\"},\"thumbnailUrl\":\"https:\\\/\\\/www.rri.ro\\\/wp-content\\\/uploads\\\/2023\\\/10\\\/harta-lumii.gif\",\"datePublished\":\"2014-06-29T08:33:00+00:00\",\"author\":{\"@id\":\"https:\\\/\\\/www.rri.ro\\\/#\\\/schema\\\/person\\\/18fac491bccbfe149b92aea77ad60abd\"},\"breadcrumb\":{\"@id\":\"https:\\\/\\\/www.rri.ro\\\/de\\\/aktuell\\\/newsflash-de\\\/nachrichten-28-06-2014-id631344.html#breadcrumb\"},\"inLanguage\":\"de\",\"potentialAction\":[{\"@type\":\"ReadAction\",\"target\":[\"https:\\\/\\\/www.rri.ro\\\/de\\\/aktuell\\\/newsflash-de\\\/nachrichten-28-06-2014-id631344.html\"]}]},{\"@type\":\"ImageObject\",\"inLanguage\":\"de\",\"@id\":\"https:\\\/\\\/www.rri.ro\\\/de\\\/aktuell\\\/newsflash-de\\\/nachrichten-28-06-2014-id631344.html#primaryimage\",\"url\":\"https:\\\/\\\/www.rri.ro\\\/wp-content\\\/uploads\\\/2023\\\/10\\\/harta-lumii.gif\",\"contentUrl\":\"https:\\\/\\\/www.rri.ro\\\/wp-content\\\/uploads\\\/2023\\\/10\\\/harta-lumii.gif\",\"width\":640,\"height\":480},{\"@type\":\"BreadcrumbList\",\"@id\":\"https:\\\/\\\/www.rri.ro\\\/de\\\/aktuell\\\/newsflash-de\\\/nachrichten-28-06-2014-id631344.html#breadcrumb\",\"itemListElement\":[{\"@type\":\"ListItem\",\"position\":1,\"name\":\"Startseite\",\"item\":\"https:\\\/\\\/www.rri.ro\\\/de\"},{\"@type\":\"ListItem\",\"position\":2,\"name\":\"Aktuell\",\"item\":\"https:\\\/\\\/www.rri.ro\\\/de\\\/aktuell\"},{\"@type\":\"ListItem\",\"position\":3,\"name\":\"Newsflash\",\"item\":\"https:\\\/\\\/www.rri.ro\\\/de\\\/aktuell\\\/newsflash-de\"},{\"@type\":\"ListItem\",\"position\":4,\"name\":\"Nachrichten 28.06.2014\"}]},{\"@type\":\"WebSite\",\"@id\":\"https:\\\/\\\/www.rri.ro\\\/#website\",\"url\":\"https:\\\/\\\/www.rri.ro\\\/\",\"name\":\"Radio Rum\u00e4nien International\",\"description\":\"Totul despre Rom\u00e2nia \u015fi rom\u00e2ni, \u00een 13 limbi\\\/dialecte!\",\"inLanguage\":\"de\"},{\"@type\":\"Person\",\"@id\":\"https:\\\/\\\/www.rri.ro\\\/#\\\/schema\\\/person\\\/18fac491bccbfe149b92aea77ad60abd\",\"name\":\"Rom\u00e2nia Interna\u021bional\",\"url\":\"https:\\\/\\\/www.rri.ro\\\/de\\\/author\\\/redactia\"}]}<\/script>\n<!-- \/ Yoast SEO plugin. -->","yoast_head_json":{"title":"Nachrichten 28.06.2014 - Radio Rum\u00e4nien International","robots":{"index":"index","follow":"follow","max-snippet":"max-snippet:-1","max-image-preview":"max-image-preview:large","max-video-preview":"max-video-preview:-1"},"canonical":"https:\/\/www.rri.ro\/de\/aktuell\/newsflash-de\/nachrichten-28-06-2014-id631344.html","og_locale":"de_DE","og_type":"article","og_title":"Nachrichten 28.06.2014 - Radio Rum\u00e4nien International","og_description":"BUKAREST: Die rum\u00e4nische Regierung hat in einer Sondersitzung am Samstag den Gesetzentwurf \u00fcber die Ratifizierung des Assoziierungsabkommens zwischen der EU und der Moldaurepublik gebilligt. Rum\u00e4nien wolle damit als erster Staat kurz nach der Unterzeichnung des Abkommens in Br\u00fcssel ein Zeichen setzen, sagte Ministerpr\u00e4sident Victor Ponta. Das Bukarester Parlament soll Anfang Juli in einer au\u200e\u00dferordentlichen Sitzung [&hellip;]","og_url":"https:\/\/www.rri.ro\/de\/aktuell\/newsflash-de\/nachrichten-28-06-2014-id631344.html","og_site_name":"Radio Rum\u00e4nien International","article_published_time":"2014-06-29T08:33:00+00:00","og_image":[{"width":640,"height":480,"url":"https:\/\/www.rri.ro\/wp-content\/uploads\/2023\/10\/harta-lumii.gif","type":"image\/png"}],"author":"Rom\u00e2nia Interna\u021bional","twitter_card":"summary_large_image","twitter_misc":{"Verfasst von":"Rom\u00e2nia Interna\u021bional","Gesch\u00e4tzte Lesezeit":"2\u00a0Minuten","Written by":"Rom\u00e2nia Interna\u021bional"},"schema":{"@context":"https:\/\/schema.org","@graph":[{"@type":"Article","@id":"https:\/\/www.rri.ro\/de\/aktuell\/newsflash-de\/nachrichten-28-06-2014-id631344.html#article","isPartOf":{"@id":"https:\/\/www.rri.ro\/de\/aktuell\/newsflash-de\/nachrichten-28-06-2014-id631344.html"},"author":{"name":"Rom\u00e2nia Interna\u021bional","@id":"https:\/\/www.rri.ro\/#\/schema\/person\/18fac491bccbfe149b92aea77ad60abd"},"headline":"Nachrichten 28.06.2014","datePublished":"2014-06-29T08:33:00+00:00","mainEntityOfPage":{"@id":"https:\/\/www.rri.ro\/de\/aktuell\/newsflash-de\/nachrichten-28-06-2014-id631344.html"},"wordCount":309,"image":{"@id":"https:\/\/www.rri.ro\/de\/aktuell\/newsflash-de\/nachrichten-28-06-2014-id631344.html#primaryimage"},"thumbnailUrl":"https:\/\/www.rri.ro\/wp-content\/uploads\/2023\/10\/harta-lumii.gif","keywords":["Assoziierungsabkommen","Europ\u00e4isches Parlament","Europawahl","Georgien","gratuliert","Iohannis","Liberale","Moldau","Parteitag","Radio Rum\u00e4nien","Rum\u00e4nien","Ukraine"],"articleSection":["Newsflash"],"inLanguage":"de"},{"@type":"WebPage","@id":"https:\/\/www.rri.ro\/de\/aktuell\/newsflash-de\/nachrichten-28-06-2014-id631344.html","url":"https:\/\/www.rri.ro\/de\/aktuell\/newsflash-de\/nachrichten-28-06-2014-id631344.html","name":"Nachrichten 28.06.2014 - Radio Rum\u00e4nien International","isPartOf":{"@id":"https:\/\/www.rri.ro\/#website"},"primaryImageOfPage":{"@id":"https:\/\/www.rri.ro\/de\/aktuell\/newsflash-de\/nachrichten-28-06-2014-id631344.html#primaryimage"},"image":{"@id":"https:\/\/www.rri.ro\/de\/aktuell\/newsflash-de\/nachrichten-28-06-2014-id631344.html#primaryimage"},"thumbnailUrl":"https:\/\/www.rri.ro\/wp-content\/uploads\/2023\/10\/harta-lumii.gif","datePublished":"2014-06-29T08:33:00+00:00","author":{"@id":"https:\/\/www.rri.ro\/#\/schema\/person\/18fac491bccbfe149b92aea77ad60abd"},"breadcrumb":{"@id":"https:\/\/www.rri.ro\/de\/aktuell\/newsflash-de\/nachrichten-28-06-2014-id631344.html#breadcrumb"},"inLanguage":"de","potentialAction":[{"@type":"ReadAction","target":["https:\/\/www.rri.ro\/de\/aktuell\/newsflash-de\/nachrichten-28-06-2014-id631344.html"]}]},{"@type":"ImageObject","inLanguage":"de","@id":"https:\/\/www.rri.ro\/de\/aktuell\/newsflash-de\/nachrichten-28-06-2014-id631344.html#primaryimage","url":"https:\/\/www.rri.ro\/wp-content\/uploads\/2023\/10\/harta-lumii.gif","contentUrl":"https:\/\/www.rri.ro\/wp-content\/uploads\/2023\/10\/harta-lumii.gif","width":640,"height":480},{"@type":"BreadcrumbList","@id":"https:\/\/www.rri.ro\/de\/aktuell\/newsflash-de\/nachrichten-28-06-2014-id631344.html#breadcrumb","itemListElement":[{"@type":"ListItem","position":1,"name":"Startseite","item":"https:\/\/www.rri.ro\/de"},{"@type":"ListItem","position":2,"name":"Aktuell","item":"https:\/\/www.rri.ro\/de\/aktuell"},{"@type":"ListItem","position":3,"name":"Newsflash","item":"https:\/\/www.rri.ro\/de\/aktuell\/newsflash-de"},{"@type":"ListItem","position":4,"name":"Nachrichten 28.06.2014"}]},{"@type":"WebSite","@id":"https:\/\/www.rri.ro\/#website","url":"https:\/\/www.rri.ro\/","name":"Radio Rum\u00e4nien International","description":"Totul despre Rom\u00e2nia \u015fi rom\u00e2ni, \u00een 13 limbi\/dialecte!","inLanguage":"de"},{"@type":"Person","@id":"https:\/\/www.rri.ro\/#\/schema\/person\/18fac491bccbfe149b92aea77ad60abd","name":"Rom\u00e2nia Interna\u021bional","url":"https:\/\/www.rri.ro\/de\/author\/redactia"}]}},"_links":{"self":[{"href":"https:\/\/www.rri.ro\/de\/wp-json\/wp\/v2\/posts\/631344","targetHints":{"allow":["GET"]}}],"collection":[{"href":"https:\/\/www.rri.ro\/de\/wp-json\/wp\/v2\/posts"}],"about":[{"href":"https:\/\/www.rri.ro\/de\/wp-json\/wp\/v2\/types\/post"}],"author":[{"embeddable":true,"href":"https:\/\/www.rri.ro\/de\/wp-json\/wp\/v2\/users\/2"}],"replies":[{"embeddable":true,"href":"https:\/\/www.rri.ro\/de\/wp-json\/wp\/v2\/comments?post=631344"}],"version-history":[{"count":0,"href":"https:\/\/www.rri.ro\/de\/wp-json\/wp\/v2\/posts\/631344\/revisions"}],"wp:featuredmedia":[{"embeddable":true,"href":"https:\/\/www.rri.ro\/de\/wp-json\/wp\/v2\/media\/201384"}],"wp:attachment":[{"href":"https:\/\/www.rri.ro\/de\/wp-json\/wp\/v2\/media?parent=631344"}],"wp:term":[{"taxonomy":"category","embeddable":true,"href":"https:\/\/www.rri.ro\/de\/wp-json\/wp\/v2\/categories?post=631344"},{"taxonomy":"post_tag","embeddable":true,"href":"https:\/\/www.rri.ro\/de\/wp-json\/wp\/v2\/tags?post=631344"},{"taxonomy":"author","embeddable":true,"href":"https:\/\/www.rri.ro\/de\/wp-json\/wp\/v2\/coauthors?post=631344"}],"curies":[{"name":"wp","href":"https:\/\/api.w.org\/{rel}","templated":true}]}}