{"id":631371,"date":"2014-07-25T21:15:00","date_gmt":"2014-07-25T18:15:00","guid":{"rendered":"http:\/\/devrri.freshlemon.ro\/aktuell\/nachrichten-25-07-2014-id631371.html"},"modified":"2014-07-25T21:15:00","modified_gmt":"2014-07-25T18:15:00","slug":"nachrichten-25-07-2014","status":"publish","type":"post","link":"https:\/\/www.rri.ro\/de\/aktuell\/newsflash-de\/nachrichten-25-07-2014-id631371.html","title":{"rendered":"Nachrichten 25.07.2014"},"content":{"rendered":"<p>BUKAREST: Die National-Liberale und die Liberal-Demokratische Partei (PNL und PDL, beide mitte-rechts, von der Opposition) kommen am Samstag zu einem gemeinsamen Kongre\u200e\u00df zusammen, um den Statut ihrer neuen Wahlallianz mit dem Namen Christlich-Liberale Allianz PNL-PDL\u201d zu diskutieren und anzunehmen. Bei den Pr\u00e4sidentenwahl im November wird die neugegr\u00fcndete Wahlallianz einen gemeinsamen Kandidaten aufstellen. Die Nominierung des Kandidaten erfolgt nach einigen soziologischen Umfragen, die auf Anforderung beider Parteien unter den Parteimitgliedern durchgef\u00fchrt werden. Laut Politkommentatoren, die sich auf die Quote in den Meinungsumfragen beziehen, werde der Vorsitzende der National-Liberalen Partei PNL, Klaus Johannis, am wahrscheinlichsten als Kandidat der Wahlallianz nominiert. Der deutschabst\u00e4mmige, l\u00e4ngj\u00e4hrige B\u00fcrgermeister von Sibiu\/Hermannstadt, Klaus Johannis gilt im zweiten Wahlgang als m\u00f6glicher Kontrahent des sozialdemokratischen Ministerpr\u00e4sidenten Victor Ponta, der am Donnerstag seine Kandidatur bekanntgegeben hat. <\/p>\n<p>&#13;<br \/>\n&#13;<\/p>\n<p>&#13;<br \/>\n&#13;<\/p>\n<p>BUKAREST: Der Stellvertreter des Oberbefehlshabers der Aliierten Kr\u00e4fte in Europa, General Sir Adrian Bradshaw, ist am Freitag mit dem Staatssekret\u00e4r f\u00fcr Verteidigungs- und Planungpolitik, Valeriu Nicu\u0163, zusammengetroffen. Adrian Bradshaw unternimmt einen Arbeitbesuch in Rum\u00e4nien. Laut einer Mitteilung des Verteidigungsministeriums er\u00f6rterten die beiden Vertreter Themen auf der Agenda des NATO-Gipfels vom September, in Wales, und bewerteten die Entwicklung der Lage in Afghanistan. Bradshaw, der auch mit Generalstabchef \u015etefan D\u0103nil\u0103 zusammengekommen war, hob die ausgezeichnete Zusammenarbeit zwischen der Rum\u00e4nischen Armee und dem Oberkommando der Allierten Kr\u00e4fte in Europa und den Beitrag der rum\u00e4nischen Milit\u00e4rs an den NATO-Missionen in Afghanistan und Kosovo hervor.<\/p>\n<p>&#13;<br \/>\n&#13;<\/p>\n<p>&#13;<br \/>\n&#13;<\/p>\n<p>BUKAREST: Das Bukarester Au\u200e\u00dfenministerium hat am Freitag bekanntgegeben, es sei noch nicht klar, ob ein Rum\u00e4ne am Bord der Flugmaschine war, die am Donnerstag \u00fcber Mali verungl\u00fcckte. Die Informationen \u00fcber die Staatsangeh\u00f6rigkeit der Passagiere seien kontradiktorisch. Die rum\u00e4nischen Botschaften werden weiterhin versuchen, genaue Informationen zu erhalten, steht noch im Communique des Au\u200e\u00dfenministeriums. Das Flugzeug vom Typ McDonnell Douglas MD83 geh\u00f6rte Swiftair und war im Auftrag von Air Alg\u00e9rie von Ouagadougou, der Hauptstadt von Burkina Faso, nach Algerien unterwegs. Es st\u00fcrzte am Donnerstag ab. Beim Absturz der Passagiermaschine \u00fcber Mali hat das Wetter nach Einsch\u00e4tzung Frankreichs eine gro\u200e\u00dfe Rolle gespielt. Niemand der 116 Menschen \u00fcberlebte, wie die spanische Fluggesellschaft Swiftair am Freitag mitteilte. Es ist weltweit der dritte Flugzeugabsturz binnen einer Woche. Bergungskr\u00e4fte entdeckten im Ungl\u00fccksgebiet mittlerweile einen Flugdatenschreiber.<\/p>\n<p>&#13;<br \/>\n&#13;<\/p>\n<p>&#13;<br \/>\n&#13;<\/p>\n<p>BUKAREST: 15 rum\u00e4nische Touristen, die im Westjordanland steckengeblieben waren, sind in der Nacht von Donnerstag auf Freitag in Bukarest angekommen. Dies gab das Ausw\u00e4rtige Amt Rum\u00e4niens bekannt. Das Au\u200e\u00dfenministerium empfiehlt den rum\u00e4nischen B\u00fcrgern, Reisen in die Gebiete nah am Gazastreifen, vor dem Hintergrund des israelisch-palestinensichen Konflikts, zu vermeiden. Wir erinnern daran, dass das Rum\u00e4nische Au\u200e\u00dfenministerium, im Kontext der Versch\u00e4rfung der Sicherheitslage im Gazastreifen, in den letzen zwei Wochen 103 rum\u00e4nische B\u00fcrger und deren Familienangeh\u00f6rige repatriiert hatte.<\/p>\n<p>&#13;<br \/>\n&#13;<\/p>\n<p>&#13;<br \/>\n&#13;<\/p>\n<p>BUKAREST: Das Landgericht Constan\u0163a hat am Freitag den Antrag des Pr\u00e4sidentenbruders Mircea B\u0103sescu auf Ersetzen der Untersuchungshaft mit Hausarrest abgelehnt. Vor 10 Tagen wurde Mircea Basescu wegen Einflussnahme angeklagt und mu\u200e\u00dfte laut Gerichtsbeschlu\u200e\u00df in Untersuchungshaft. Den Antikorruptions-Staatsanw\u00e4lten zufolge, habe er 250 Tausend Euro Schmiergeld angenommen, um den Strafprozess eines wegen Mordversuchs angeklagten ber\u00fcchtigten Kriminellen zu dessen Gunsten zu beeinflussen. Die Verhaftung des Pr\u00e4sidentenbruders hat letzten Monat einen riesigen politischen Skandal ausgel\u00f6st. Das Parlament forderte Pr\u00e4sident B\u0103sescu zum R\u00fccktritt auf, der Staatschef  verweigerte jedoch die Forderung. Die Informationsdienste h\u00e4tten ihn \u00fcber die Kontakte seines Bruders zu Mafia\u00e4hnlichen-Kreisen nicht informiert, sagte Pr\u00e4sident B\u0103sescu.<\/p>\n<p>&#13;<br \/>\n&#13;<\/p>\n<p>&#13;<br \/>\n&#13;<\/p>\n<p>BUKAREST: Der Vizevorsitzende der Bukarester Abgeordnetenkammer Viorel Hrebenciuc ist am Freitag am Sitz der Nationalen Antikorruptionsbeh\u00f6rde verh\u00f6rt worden. Dies geschah vor dem Hintergrund eines Korruptionsskandals, in dem die F\u00fchrung des Nationalen Medien-Aufsichtsrates verwickelt ist. Hrebenciuc stellte klar, dass er als Zeuge vorgeladen wurde, um in dem Verfahren, in dem die populistische parlamentarische Partei PP-DD Angklage gegen die Vorsitzende des Medien-Aufsichtsrates Laura Georgescu erhoben hatte. Die PP-DD fordert deren R\u00fccktritt und wirft ihr Korruption vor. Laura Georgescu habe bestimmte TV-Sender in Schutz genommen.<\/p>\n<p>&#13;<br \/>\n&#13;<\/p>\n<p>&#13;<br \/>\n&#13;<\/p>\n<p>KIEW: Der ukrainische Pr\u00e4sident Petro Poroschenko hat den R\u00fccktritt der Regierung abgelehnt und das Parlament aufgefordert, der Regierung das Vertrauen auszusprechen. Das Auseinanderbrechen der Koalition sei &#8222;kein Grund f\u00fcr den R\u00fccktritt der Regierung&#8220;, erkl\u00e4rte Poroschenko am Freitag in einem Schreiben an Parlamentspr\u00e4sident Alexander Turtschinow. Mitten in der schwersten Krise der Ukraine hatte die Regierung des Landes zuvor ihren R\u00fccktritt erkl\u00e4rt. Der prowestliche Ministerpr\u00e4sident Arseni Jazenjuk machte damit den Weg frei f\u00fcr Neuwahlen des Parlaments. Als m\u00f6glicher Termin gilt der 26. Oktober. <\/p>\n<p>&#13;<\/p>\n","protected":false},"excerpt":{"rendered":"<p>BUKAREST: Die National-Liberale und die Liberal-Demokratische Partei (PNL und PDL, beide mitte-rechts, von der Opposition) kommen am Samstag zu einem gemeinsamen Kongre\u200e\u00df zusammen, um den Statut ihrer neuen Wahlallianz mit dem Namen Christlich-Liberale Allianz PNL-PDL\u201d zu diskutieren und anzunehmen. Bei den Pr\u00e4sidentenwahl im November wird die neugegr\u00fcndete Wahlallianz einen gemeinsamen Kandidaten aufstellen. Die Nominierung des [&hellip;]<\/p>\n","protected":false},"author":105,"featured_media":201384,"comment_status":"closed","ping_status":"closed","sticky":false,"template":"","format":"standard","meta":{"_acf_changed":false,"footnotes":""},"categories":[116753],"tags":[101536,148189,30219,123880,100941,152204,101777,99702,99706,137227,143778,145379,99911,102114,99586,134268,101389,124600,101589,101784],"coauthors":[],"class_list":["post-631371","post","type-post","status-publish","format-standard","has-post-thumbnail","hentry","category-newsflash-de","tag-allianz","tag-armee-de","tag-basescu","tag-flugmaschine","tag-flugzeug","tag-gaza-de","tag-kandidat","tag-korruption","tag-medien","tag-nato-de","tag-opposition-de","tag-parlament-de","tag-partei","tag-praesident","tag-regierung","tag-ukraine-de","tag-verteidigung","tag-verunglueckt","tag-wahl","tag-westjordanland"],"acf":[],"yoast_head":"<!-- This site is optimized with the Yoast SEO plugin v27.3 - https:\/\/yoast.com\/product\/yoast-seo-wordpress\/ -->\n<title>Nachrichten 25.07.2014 - Radio Rum\u00e4nien International<\/title>\n<meta name=\"robots\" content=\"index, follow, max-snippet:-1, max-image-preview:large, max-video-preview:-1\" \/>\n<link rel=\"canonical\" href=\"https:\/\/www.rri.ro\/de\/aktuell\/newsflash-de\/nachrichten-25-07-2014-id631371.html\" \/>\n<meta property=\"og:locale\" content=\"de_DE\" \/>\n<meta property=\"og:type\" content=\"article\" \/>\n<meta property=\"og:title\" content=\"Nachrichten 25.07.2014 - Radio Rum\u00e4nien International\" \/>\n<meta property=\"og:description\" content=\"BUKAREST: Die National-Liberale und die Liberal-Demokratische Partei (PNL und PDL, beide mitte-rechts, von der Opposition) kommen am Samstag zu einem gemeinsamen Kongre\u200e\u00df zusammen, um den Statut ihrer neuen Wahlallianz mit dem Namen Christlich-Liberale Allianz PNL-PDL\u201d zu diskutieren und anzunehmen. Bei den Pr\u00e4sidentenwahl im November wird die neugegr\u00fcndete Wahlallianz einen gemeinsamen Kandidaten aufstellen. Die Nominierung des [&hellip;]\" \/>\n<meta property=\"og:url\" content=\"https:\/\/www.rri.ro\/de\/aktuell\/newsflash-de\/nachrichten-25-07-2014-id631371.html\" \/>\n<meta property=\"og:site_name\" content=\"Radio Rum\u00e4nien International\" \/>\n<meta property=\"article:published_time\" content=\"2014-07-25T18:15:00+00:00\" \/>\n<meta property=\"og:image\" content=\"https:\/\/www.rri.ro\/wp-content\/uploads\/2023\/10\/harta-lumii.gif\" \/>\n\t<meta property=\"og:image:width\" content=\"640\" \/>\n\t<meta property=\"og:image:height\" content=\"480\" \/>\n\t<meta property=\"og:image:type\" content=\"image\/png\" \/>\n<meta name=\"author\" content=\"Bogdan Matei\" \/>\n<meta name=\"twitter:card\" content=\"summary_large_image\" \/>\n<meta name=\"twitter:label1\" content=\"Verfasst von\" \/>\n\t<meta name=\"twitter:data1\" content=\"Bogdan Matei\" \/>\n\t<meta name=\"twitter:label2\" content=\"Gesch\u00e4tzte Lesezeit\" \/>\n\t<meta name=\"twitter:data2\" content=\"4\u00a0Minuten\" \/>\n\t<meta name=\"twitter:label3\" content=\"Written by\" \/>\n\t<meta name=\"twitter:data3\" content=\"Bogdan Matei\" \/>\n<script type=\"application\/ld+json\" class=\"yoast-schema-graph\">{\"@context\":\"https:\\\/\\\/schema.org\",\"@graph\":[{\"@type\":\"Article\",\"@id\":\"https:\\\/\\\/www.rri.ro\\\/de\\\/aktuell\\\/newsflash-de\\\/nachrichten-25-07-2014-id631371.html#article\",\"isPartOf\":{\"@id\":\"https:\\\/\\\/www.rri.ro\\\/de\\\/aktuell\\\/newsflash-de\\\/nachrichten-25-07-2014-id631371.html\"},\"author\":{\"name\":\"Bogdan Matei\",\"@id\":\"https:\\\/\\\/www.rri.ro\\\/#\\\/schema\\\/person\\\/0ed327d40678578e6dbb840527e3ba32\"},\"headline\":\"Nachrichten 25.07.2014\",\"datePublished\":\"2014-07-25T18:15:00+00:00\",\"mainEntityOfPage\":{\"@id\":\"https:\\\/\\\/www.rri.ro\\\/de\\\/aktuell\\\/newsflash-de\\\/nachrichten-25-07-2014-id631371.html\"},\"wordCount\":763,\"image\":{\"@id\":\"https:\\\/\\\/www.rri.ro\\\/de\\\/aktuell\\\/newsflash-de\\\/nachrichten-25-07-2014-id631371.html#primaryimage\"},\"thumbnailUrl\":\"https:\\\/\\\/www.rri.ro\\\/wp-content\\\/uploads\\\/2023\\\/10\\\/harta-lumii.gif\",\"keywords\":[\"Allianz\",\"arm\u00e9e\",\"Basescu\",\"Flugmaschine\",\"Flugzeug\",\"Gaza\",\"Kandidat\",\"Korruption\",\"Medien\",\"NATO\",\"opposition\",\"Parlament\",\"Partei\",\"Pr\u00e4sident\",\"Regierung\",\"Ukraine\",\"Verteidigung\",\"verungl\u00fcckt\",\"Wahl\",\"Westjordanland\"],\"articleSection\":[\"Newsflash\"],\"inLanguage\":\"de\"},{\"@type\":\"WebPage\",\"@id\":\"https:\\\/\\\/www.rri.ro\\\/de\\\/aktuell\\\/newsflash-de\\\/nachrichten-25-07-2014-id631371.html\",\"url\":\"https:\\\/\\\/www.rri.ro\\\/de\\\/aktuell\\\/newsflash-de\\\/nachrichten-25-07-2014-id631371.html\",\"name\":\"Nachrichten 25.07.2014 - Radio Rum\u00e4nien International\",\"isPartOf\":{\"@id\":\"https:\\\/\\\/www.rri.ro\\\/#website\"},\"primaryImageOfPage\":{\"@id\":\"https:\\\/\\\/www.rri.ro\\\/de\\\/aktuell\\\/newsflash-de\\\/nachrichten-25-07-2014-id631371.html#primaryimage\"},\"image\":{\"@id\":\"https:\\\/\\\/www.rri.ro\\\/de\\\/aktuell\\\/newsflash-de\\\/nachrichten-25-07-2014-id631371.html#primaryimage\"},\"thumbnailUrl\":\"https:\\\/\\\/www.rri.ro\\\/wp-content\\\/uploads\\\/2023\\\/10\\\/harta-lumii.gif\",\"datePublished\":\"2014-07-25T18:15:00+00:00\",\"author\":{\"@id\":\"https:\\\/\\\/www.rri.ro\\\/#\\\/schema\\\/person\\\/0ed327d40678578e6dbb840527e3ba32\"},\"breadcrumb\":{\"@id\":\"https:\\\/\\\/www.rri.ro\\\/de\\\/aktuell\\\/newsflash-de\\\/nachrichten-25-07-2014-id631371.html#breadcrumb\"},\"inLanguage\":\"de\",\"potentialAction\":[{\"@type\":\"ReadAction\",\"target\":[\"https:\\\/\\\/www.rri.ro\\\/de\\\/aktuell\\\/newsflash-de\\\/nachrichten-25-07-2014-id631371.html\"]}]},{\"@type\":\"ImageObject\",\"inLanguage\":\"de\",\"@id\":\"https:\\\/\\\/www.rri.ro\\\/de\\\/aktuell\\\/newsflash-de\\\/nachrichten-25-07-2014-id631371.html#primaryimage\",\"url\":\"https:\\\/\\\/www.rri.ro\\\/wp-content\\\/uploads\\\/2023\\\/10\\\/harta-lumii.gif\",\"contentUrl\":\"https:\\\/\\\/www.rri.ro\\\/wp-content\\\/uploads\\\/2023\\\/10\\\/harta-lumii.gif\",\"width\":640,\"height\":480},{\"@type\":\"BreadcrumbList\",\"@id\":\"https:\\\/\\\/www.rri.ro\\\/de\\\/aktuell\\\/newsflash-de\\\/nachrichten-25-07-2014-id631371.html#breadcrumb\",\"itemListElement\":[{\"@type\":\"ListItem\",\"position\":1,\"name\":\"Startseite\",\"item\":\"https:\\\/\\\/www.rri.ro\\\/de\"},{\"@type\":\"ListItem\",\"position\":2,\"name\":\"Aktuell\",\"item\":\"https:\\\/\\\/www.rri.ro\\\/de\\\/aktuell\"},{\"@type\":\"ListItem\",\"position\":3,\"name\":\"Newsflash\",\"item\":\"https:\\\/\\\/www.rri.ro\\\/de\\\/aktuell\\\/newsflash-de\"},{\"@type\":\"ListItem\",\"position\":4,\"name\":\"Nachrichten 25.07.2014\"}]},{\"@type\":\"WebSite\",\"@id\":\"https:\\\/\\\/www.rri.ro\\\/#website\",\"url\":\"https:\\\/\\\/www.rri.ro\\\/\",\"name\":\"Radio Rum\u00e4nien International\",\"description\":\"Totul despre Rom\u00e2nia \u015fi rom\u00e2ni, \u00een 13 limbi\\\/dialecte!\",\"inLanguage\":\"de\"},{\"@type\":\"Person\",\"@id\":\"https:\\\/\\\/www.rri.ro\\\/#\\\/schema\\\/person\\\/0ed327d40678578e6dbb840527e3ba32\",\"name\":\"Bogdan Matei\",\"url\":\"https:\\\/\\\/www.rri.ro\\\/de\\\/author\\\/bogdan-matei\"}]}<\/script>\n<!-- \/ Yoast SEO plugin. -->","yoast_head_json":{"title":"Nachrichten 25.07.2014 - Radio Rum\u00e4nien International","robots":{"index":"index","follow":"follow","max-snippet":"max-snippet:-1","max-image-preview":"max-image-preview:large","max-video-preview":"max-video-preview:-1"},"canonical":"https:\/\/www.rri.ro\/de\/aktuell\/newsflash-de\/nachrichten-25-07-2014-id631371.html","og_locale":"de_DE","og_type":"article","og_title":"Nachrichten 25.07.2014 - Radio Rum\u00e4nien International","og_description":"BUKAREST: Die National-Liberale und die Liberal-Demokratische Partei (PNL und PDL, beide mitte-rechts, von der Opposition) kommen am Samstag zu einem gemeinsamen Kongre\u200e\u00df zusammen, um den Statut ihrer neuen Wahlallianz mit dem Namen Christlich-Liberale Allianz PNL-PDL\u201d zu diskutieren und anzunehmen. Bei den Pr\u00e4sidentenwahl im November wird die neugegr\u00fcndete Wahlallianz einen gemeinsamen Kandidaten aufstellen. Die Nominierung des [&hellip;]","og_url":"https:\/\/www.rri.ro\/de\/aktuell\/newsflash-de\/nachrichten-25-07-2014-id631371.html","og_site_name":"Radio Rum\u00e4nien International","article_published_time":"2014-07-25T18:15:00+00:00","og_image":[{"width":640,"height":480,"url":"https:\/\/www.rri.ro\/wp-content\/uploads\/2023\/10\/harta-lumii.gif","type":"image\/png"}],"author":"Bogdan Matei","twitter_card":"summary_large_image","twitter_misc":{"Verfasst von":"Bogdan Matei","Gesch\u00e4tzte Lesezeit":"4\u00a0Minuten","Written by":"Bogdan Matei"},"schema":{"@context":"https:\/\/schema.org","@graph":[{"@type":"Article","@id":"https:\/\/www.rri.ro\/de\/aktuell\/newsflash-de\/nachrichten-25-07-2014-id631371.html#article","isPartOf":{"@id":"https:\/\/www.rri.ro\/de\/aktuell\/newsflash-de\/nachrichten-25-07-2014-id631371.html"},"author":{"name":"Bogdan Matei","@id":"https:\/\/www.rri.ro\/#\/schema\/person\/0ed327d40678578e6dbb840527e3ba32"},"headline":"Nachrichten 25.07.2014","datePublished":"2014-07-25T18:15:00+00:00","mainEntityOfPage":{"@id":"https:\/\/www.rri.ro\/de\/aktuell\/newsflash-de\/nachrichten-25-07-2014-id631371.html"},"wordCount":763,"image":{"@id":"https:\/\/www.rri.ro\/de\/aktuell\/newsflash-de\/nachrichten-25-07-2014-id631371.html#primaryimage"},"thumbnailUrl":"https:\/\/www.rri.ro\/wp-content\/uploads\/2023\/10\/harta-lumii.gif","keywords":["Allianz","arm\u00e9e","Basescu","Flugmaschine","Flugzeug","Gaza","Kandidat","Korruption","Medien","NATO","opposition","Parlament","Partei","Pr\u00e4sident","Regierung","Ukraine","Verteidigung","verungl\u00fcckt","Wahl","Westjordanland"],"articleSection":["Newsflash"],"inLanguage":"de"},{"@type":"WebPage","@id":"https:\/\/www.rri.ro\/de\/aktuell\/newsflash-de\/nachrichten-25-07-2014-id631371.html","url":"https:\/\/www.rri.ro\/de\/aktuell\/newsflash-de\/nachrichten-25-07-2014-id631371.html","name":"Nachrichten 25.07.2014 - Radio Rum\u00e4nien International","isPartOf":{"@id":"https:\/\/www.rri.ro\/#website"},"primaryImageOfPage":{"@id":"https:\/\/www.rri.ro\/de\/aktuell\/newsflash-de\/nachrichten-25-07-2014-id631371.html#primaryimage"},"image":{"@id":"https:\/\/www.rri.ro\/de\/aktuell\/newsflash-de\/nachrichten-25-07-2014-id631371.html#primaryimage"},"thumbnailUrl":"https:\/\/www.rri.ro\/wp-content\/uploads\/2023\/10\/harta-lumii.gif","datePublished":"2014-07-25T18:15:00+00:00","author":{"@id":"https:\/\/www.rri.ro\/#\/schema\/person\/0ed327d40678578e6dbb840527e3ba32"},"breadcrumb":{"@id":"https:\/\/www.rri.ro\/de\/aktuell\/newsflash-de\/nachrichten-25-07-2014-id631371.html#breadcrumb"},"inLanguage":"de","potentialAction":[{"@type":"ReadAction","target":["https:\/\/www.rri.ro\/de\/aktuell\/newsflash-de\/nachrichten-25-07-2014-id631371.html"]}]},{"@type":"ImageObject","inLanguage":"de","@id":"https:\/\/www.rri.ro\/de\/aktuell\/newsflash-de\/nachrichten-25-07-2014-id631371.html#primaryimage","url":"https:\/\/www.rri.ro\/wp-content\/uploads\/2023\/10\/harta-lumii.gif","contentUrl":"https:\/\/www.rri.ro\/wp-content\/uploads\/2023\/10\/harta-lumii.gif","width":640,"height":480},{"@type":"BreadcrumbList","@id":"https:\/\/www.rri.ro\/de\/aktuell\/newsflash-de\/nachrichten-25-07-2014-id631371.html#breadcrumb","itemListElement":[{"@type":"ListItem","position":1,"name":"Startseite","item":"https:\/\/www.rri.ro\/de"},{"@type":"ListItem","position":2,"name":"Aktuell","item":"https:\/\/www.rri.ro\/de\/aktuell"},{"@type":"ListItem","position":3,"name":"Newsflash","item":"https:\/\/www.rri.ro\/de\/aktuell\/newsflash-de"},{"@type":"ListItem","position":4,"name":"Nachrichten 25.07.2014"}]},{"@type":"WebSite","@id":"https:\/\/www.rri.ro\/#website","url":"https:\/\/www.rri.ro\/","name":"Radio Rum\u00e4nien International","description":"Totul despre Rom\u00e2nia \u015fi rom\u00e2ni, \u00een 13 limbi\/dialecte!","inLanguage":"de"},{"@type":"Person","@id":"https:\/\/www.rri.ro\/#\/schema\/person\/0ed327d40678578e6dbb840527e3ba32","name":"Bogdan Matei","url":"https:\/\/www.rri.ro\/de\/author\/bogdan-matei"}]}},"_links":{"self":[{"href":"https:\/\/www.rri.ro\/de\/wp-json\/wp\/v2\/posts\/631371","targetHints":{"allow":["GET"]}}],"collection":[{"href":"https:\/\/www.rri.ro\/de\/wp-json\/wp\/v2\/posts"}],"about":[{"href":"https:\/\/www.rri.ro\/de\/wp-json\/wp\/v2\/types\/post"}],"author":[{"embeddable":true,"href":"https:\/\/www.rri.ro\/de\/wp-json\/wp\/v2\/users\/105"}],"replies":[{"embeddable":true,"href":"https:\/\/www.rri.ro\/de\/wp-json\/wp\/v2\/comments?post=631371"}],"version-history":[{"count":0,"href":"https:\/\/www.rri.ro\/de\/wp-json\/wp\/v2\/posts\/631371\/revisions"}],"wp:featuredmedia":[{"embeddable":true,"href":"https:\/\/www.rri.ro\/de\/wp-json\/wp\/v2\/media\/201384"}],"wp:attachment":[{"href":"https:\/\/www.rri.ro\/de\/wp-json\/wp\/v2\/media?parent=631371"}],"wp:term":[{"taxonomy":"category","embeddable":true,"href":"https:\/\/www.rri.ro\/de\/wp-json\/wp\/v2\/categories?post=631371"},{"taxonomy":"post_tag","embeddable":true,"href":"https:\/\/www.rri.ro\/de\/wp-json\/wp\/v2\/tags?post=631371"},{"taxonomy":"author","embeddable":true,"href":"https:\/\/www.rri.ro\/de\/wp-json\/wp\/v2\/coauthors?post=631371"}],"curies":[{"name":"wp","href":"https:\/\/api.w.org\/{rel}","templated":true}]}}