{"id":631439,"date":"2014-09-27T15:48:00","date_gmt":"2014-09-27T12:48:00","guid":{"rendered":"http:\/\/devrri.freshlemon.ro\/aktuell\/nachrichten-27-09-2014-id631439.html"},"modified":"2014-09-27T15:48:00","modified_gmt":"2014-09-27T12:48:00","slug":"nachrichten-27-09-2014","status":"publish","type":"post","link":"https:\/\/www.rri.ro\/de\/aktuell\/newsflash-de\/nachrichten-27-09-2014-id631439.html","title":{"rendered":"Nachrichten 27.09.2014"},"content":{"rendered":"<p><strong>BUKAREST:<\/strong> Der bukarester Chefdiplomat Titus Corl\u0103\u0163ean hat die Bedeutung hervorgehoben, die Rum\u00e4nien der L\u00f6sung des Konflikt in der benachbarte Republik Moldau gew\u00e4hrt. Beim informellen OSZE-Ministertreffen in New York setzte sich Corl\u0103\u0163ean f\u00fcr die Fortsetzung der Verhandlungsbem\u00fchungen f\u00fcr die abtr\u00fcnnige russlandnahe Region Transnistrien, im Osten des Landes. Er betonte auch die feste Unterst\u00fctzung Rum\u00e4niens f\u00fcr die L\u00f6sungsbem\u00fchungen der Krise im Osten der Ukraine, dem anderen ex-sowjetischen Nachbar Rum\u00e4niens. Das Treffen wurde am Rande des UN-Generalversammlung veranstaltet. Beim besagten Treffen hatte Ministerpr\u00e4sident Victor Ponta erkl\u00e4rt, dass Bukarest jegliche Form von externen Druck auf die osteurop\u00e4ischen Staaten zur\u00fcckweist und deren Integrit\u00e4t und Souveranit\u00e4t unterst\u00fctzt.<\/p>\n<p>&#13;<br \/>\n&#13;<\/p>\n<p>&#13;<br \/>\n&#13;<\/p>\n<p><strong>ATHEN:<\/strong> Der delegierte Minister f\u00fcr die Rum\u00e4nen von \u00dcberall, Bogdan Stanoevici, unternimmt ab Samstag einen Arbeitbesuch in Griechenland. Dort beteiligt er sich an der Einweihungsfeier der Kurse f\u00fcr rum\u00e4nische Sprache, Kultur und Zivilisation, die in Athen veranstaltet werden sollen. Zu diesem Anlass hat Stanoevici mehrere Treffen mit Vertretern der rum\u00e4nischen Gemeinde in Griechenland. Anfang der Woche befand sich der Minister auf Albanien- und Mazedonienbesuch, wo er mit Vertretern der aromunischen und meglenoromanischen Gemeinden zusammen kam. Minister Stanoevici begr\u00fc\u200e\u00dfte die Projekte zur Erhaltung und F\u00f6rderung der ethnischen, sprachlichen und religi\u00f6sen Identit\u00e4t dieser lateinischsprachigen Gemeinden auf dem Balkan, die rum\u00e4nische Dialekte sprechen.<\/p>\n<p>&#13;<br \/>\n&#13;<\/p>\n<p>&#13;<br \/>\n&#13;<\/p>\n<p><strong>BUKAREST:<\/strong> Die Mehrheit der neun ehemaligen rum\u00e4nischen Minister, die wegen Korruption untersucht werden, weist die Anschuldigungen der Staatsanw\u00e4lte zur\u00fcck. Am Freitag hatte die Nationale Beh\u00f6rde zur Korruptionbek\u00e4mpfung dem Parlament die Aufhebung der Immunit\u00e4t einiger von ihnen, um das Strafverfahren wegen Einflussnahme, Abgabe und Annahme von Bestechungsgelder oder Amtsmisbrauch einzuleiten. Diese Taten sollen beim Erwerb von Microsoft Lizenzen f\u00fcr rum\u00e4nischen Schulen begangen sein. Der von der Ermittlung der Staatsanw\u00e4lte betroffene Zeitraum beginnt 2001 und erstreckt sich bis 2012, \u00fcber die Amtszeit dreier Ministerpr\u00e4sidenten Adrian Nastase (PSD), Calin Popescu Tariceanu (PNL) und Emil Boc (PDL). Einer der neun ex-Minister ist zurzeit Europaabgeordneter. Weitere drei geh\u00f6ren der bukarester Legislative an.<\/p>\n<p>&#13;<br \/>\n&#13;<\/p>\n<p>&#13;<br \/>\n&#13;<\/p>\n<p><strong>BUKAREST:<\/strong> Der Vertreter der Christlich-Liberalen Union PNL-PDL und F\u00fchrer der National-Liberalen Partei Klaus Johannis hat am Samstag seien Kadidatur f\u00fcr die Pr\u00e4sidentschaft Rum\u00e4niens lanciert. Die Lancierung der Kandidatur erfolgte nachdem der Oberste Justizhof ein Urteil in einer Inkompatibilit\u00e4tsakte des hermannst\u00e4dter B\u00fcrgermeisters Johannis auf kommenden Dienstag vertagt hatte. Die Nationale Integrit\u00e4tsagentur befand Johannis f\u00fcr inkompatibel. Er habe gleichzeitig das B\u00fcrgermeisteramt innegehabt und zwei Gesellschaften in der Generalversammlung der Stadt vertreten. Eine fr\u00fchere Instanz wies den Bericht der besagten Beh\u00f6rde ab. Diese legte jedoch Einspruch ein. Laut Gesetz d\u00fcrfen Personen, die f\u00fcr inkompatibel befunden wurde, drei Jahre lang kein \u00f6ffentliches Amt mehr belegen. Laut Umfragen ist es sehr wahrscheinlich, dass Johannis im November in die zweite Runde der Pr\u00e4sidentschaftswahlen gegen den sozial-demokratischen Minsiterpr\u00e4sident Victor Ponta antreten wird. 14 Bewerber f\u00fcr das Pr\u00e4sidialamt reichten ihre Kandidaturen eind. Dazu z\u00e4hlen Senatspr\u00e4sident C\u0103lin Popescu-T\u0103riceanu, der F\u00fchrer des mitregierenden Ungarnverbandes Kelemen Hunor, die unabh\u00e4ngige Europaabgeordnete Monica Macovei und die Chefin der pr\u00e4sidentennahen Volksbewegung Elena Udrea.<\/p>\n<p>&#13;<\/p>\n","protected":false},"excerpt":{"rendered":"<p>BUKAREST: Der bukarester Chefdiplomat Titus Corl\u0103\u0163ean hat die Bedeutung hervorgehoben, die Rum\u00e4nien der L\u00f6sung des Konflikt in der benachbarte Republik Moldau gew\u00e4hrt. Beim informellen OSZE-Ministertreffen in New York setzte sich Corl\u0103\u0163ean f\u00fcr die Fortsetzung der Verhandlungsbem\u00fchungen f\u00fcr die abtr\u00fcnnige russlandnahe Region Transnistrien, im Osten des Landes. Er betonte auch die feste Unterst\u00fctzung Rum\u00e4niens f\u00fcr die [&hellip;]<\/p>\n","protected":false},"author":2,"featured_media":201384,"comment_status":"closed","ping_status":"closed","sticky":false,"template":"","format":"standard","meta":{"_acf_changed":false,"footnotes":""},"categories":[116753],"tags":[52041,124727,99702,100864,100115,33056,134268],"coauthors":[],"class_list":["post-631439","post","type-post","status-publish","format-standard","has-post-thumbnail","hentry","category-newsflash-de","tag-bogdan-stanoevici","tag-griechenlandbesuch","tag-korruption","tag-praesidentschaftswahlen","tag-republik-moldau","tag-titus-corlatean","tag-ukraine-de"],"acf":[],"yoast_head":"<!-- This site is optimized with the Yoast SEO plugin v27.3 - https:\/\/yoast.com\/product\/yoast-seo-wordpress\/ -->\n<title>Nachrichten 27.09.2014 - Radio Rum\u00e4nien International<\/title>\n<meta name=\"robots\" content=\"index, follow, max-snippet:-1, max-image-preview:large, max-video-preview:-1\" \/>\n<link rel=\"canonical\" href=\"https:\/\/www.rri.ro\/de\/aktuell\/newsflash-de\/nachrichten-27-09-2014-id631439.html\" \/>\n<meta property=\"og:locale\" content=\"de_DE\" \/>\n<meta property=\"og:type\" content=\"article\" \/>\n<meta property=\"og:title\" content=\"Nachrichten 27.09.2014 - Radio Rum\u00e4nien International\" \/>\n<meta property=\"og:description\" content=\"BUKAREST: Der bukarester Chefdiplomat Titus Corl\u0103\u0163ean hat die Bedeutung hervorgehoben, die Rum\u00e4nien der L\u00f6sung des Konflikt in der benachbarte Republik Moldau gew\u00e4hrt. Beim informellen OSZE-Ministertreffen in New York setzte sich Corl\u0103\u0163ean f\u00fcr die Fortsetzung der Verhandlungsbem\u00fchungen f\u00fcr die abtr\u00fcnnige russlandnahe Region Transnistrien, im Osten des Landes. Er betonte auch die feste Unterst\u00fctzung Rum\u00e4niens f\u00fcr die [&hellip;]\" \/>\n<meta property=\"og:url\" content=\"https:\/\/www.rri.ro\/de\/aktuell\/newsflash-de\/nachrichten-27-09-2014-id631439.html\" \/>\n<meta property=\"og:site_name\" content=\"Radio Rum\u00e4nien International\" \/>\n<meta property=\"article:published_time\" content=\"2014-09-27T12:48:00+00:00\" \/>\n<meta property=\"og:image\" content=\"https:\/\/www.rri.ro\/wp-content\/uploads\/2023\/10\/harta-lumii.gif\" \/>\n\t<meta property=\"og:image:width\" content=\"640\" \/>\n\t<meta property=\"og:image:height\" content=\"480\" \/>\n\t<meta property=\"og:image:type\" content=\"image\/png\" \/>\n<meta name=\"author\" content=\"Rom\u00e2nia Interna\u021bional\" \/>\n<meta name=\"twitter:card\" content=\"summary_large_image\" \/>\n<meta name=\"twitter:label1\" content=\"Verfasst von\" \/>\n\t<meta name=\"twitter:data1\" content=\"Rom\u00e2nia Interna\u021bional\" \/>\n\t<meta name=\"twitter:label2\" content=\"Gesch\u00e4tzte Lesezeit\" \/>\n\t<meta name=\"twitter:data2\" content=\"3\u00a0Minuten\" \/>\n\t<meta name=\"twitter:label3\" content=\"Written by\" \/>\n\t<meta name=\"twitter:data3\" content=\"Rom\u00e2nia Interna\u021bional\" \/>\n<script type=\"application\/ld+json\" class=\"yoast-schema-graph\">{\"@context\":\"https:\\\/\\\/schema.org\",\"@graph\":[{\"@type\":\"Article\",\"@id\":\"https:\\\/\\\/www.rri.ro\\\/de\\\/aktuell\\\/newsflash-de\\\/nachrichten-27-09-2014-id631439.html#article\",\"isPartOf\":{\"@id\":\"https:\\\/\\\/www.rri.ro\\\/de\\\/aktuell\\\/newsflash-de\\\/nachrichten-27-09-2014-id631439.html\"},\"author\":{\"name\":\"Rom\u00e2nia Interna\u021bional\",\"@id\":\"https:\\\/\\\/www.rri.ro\\\/#\\\/schema\\\/person\\\/18fac491bccbfe149b92aea77ad60abd\"},\"headline\":\"Nachrichten 27.09.2014\",\"datePublished\":\"2014-09-27T12:48:00+00:00\",\"mainEntityOfPage\":{\"@id\":\"https:\\\/\\\/www.rri.ro\\\/de\\\/aktuell\\\/newsflash-de\\\/nachrichten-27-09-2014-id631439.html\"},\"wordCount\":533,\"image\":{\"@id\":\"https:\\\/\\\/www.rri.ro\\\/de\\\/aktuell\\\/newsflash-de\\\/nachrichten-27-09-2014-id631439.html#primaryimage\"},\"thumbnailUrl\":\"https:\\\/\\\/www.rri.ro\\\/wp-content\\\/uploads\\\/2023\\\/10\\\/harta-lumii.gif\",\"keywords\":[\"Bogdan Stanoevici\",\"Griechenlandbesuch\",\"Korruption\",\"Pr\u00e4sidentschaftswahlen\",\"Republik Moldau\",\"Titus Corlatean\",\"Ukraine\"],\"articleSection\":[\"Newsflash\"],\"inLanguage\":\"de\"},{\"@type\":\"WebPage\",\"@id\":\"https:\\\/\\\/www.rri.ro\\\/de\\\/aktuell\\\/newsflash-de\\\/nachrichten-27-09-2014-id631439.html\",\"url\":\"https:\\\/\\\/www.rri.ro\\\/de\\\/aktuell\\\/newsflash-de\\\/nachrichten-27-09-2014-id631439.html\",\"name\":\"Nachrichten 27.09.2014 - Radio Rum\u00e4nien International\",\"isPartOf\":{\"@id\":\"https:\\\/\\\/www.rri.ro\\\/#website\"},\"primaryImageOfPage\":{\"@id\":\"https:\\\/\\\/www.rri.ro\\\/de\\\/aktuell\\\/newsflash-de\\\/nachrichten-27-09-2014-id631439.html#primaryimage\"},\"image\":{\"@id\":\"https:\\\/\\\/www.rri.ro\\\/de\\\/aktuell\\\/newsflash-de\\\/nachrichten-27-09-2014-id631439.html#primaryimage\"},\"thumbnailUrl\":\"https:\\\/\\\/www.rri.ro\\\/wp-content\\\/uploads\\\/2023\\\/10\\\/harta-lumii.gif\",\"datePublished\":\"2014-09-27T12:48:00+00:00\",\"author\":{\"@id\":\"https:\\\/\\\/www.rri.ro\\\/#\\\/schema\\\/person\\\/18fac491bccbfe149b92aea77ad60abd\"},\"breadcrumb\":{\"@id\":\"https:\\\/\\\/www.rri.ro\\\/de\\\/aktuell\\\/newsflash-de\\\/nachrichten-27-09-2014-id631439.html#breadcrumb\"},\"inLanguage\":\"de\",\"potentialAction\":[{\"@type\":\"ReadAction\",\"target\":[\"https:\\\/\\\/www.rri.ro\\\/de\\\/aktuell\\\/newsflash-de\\\/nachrichten-27-09-2014-id631439.html\"]}]},{\"@type\":\"ImageObject\",\"inLanguage\":\"de\",\"@id\":\"https:\\\/\\\/www.rri.ro\\\/de\\\/aktuell\\\/newsflash-de\\\/nachrichten-27-09-2014-id631439.html#primaryimage\",\"url\":\"https:\\\/\\\/www.rri.ro\\\/wp-content\\\/uploads\\\/2023\\\/10\\\/harta-lumii.gif\",\"contentUrl\":\"https:\\\/\\\/www.rri.ro\\\/wp-content\\\/uploads\\\/2023\\\/10\\\/harta-lumii.gif\",\"width\":640,\"height\":480},{\"@type\":\"BreadcrumbList\",\"@id\":\"https:\\\/\\\/www.rri.ro\\\/de\\\/aktuell\\\/newsflash-de\\\/nachrichten-27-09-2014-id631439.html#breadcrumb\",\"itemListElement\":[{\"@type\":\"ListItem\",\"position\":1,\"name\":\"Startseite\",\"item\":\"https:\\\/\\\/www.rri.ro\\\/de\"},{\"@type\":\"ListItem\",\"position\":2,\"name\":\"Aktuell\",\"item\":\"https:\\\/\\\/www.rri.ro\\\/de\\\/aktuell\"},{\"@type\":\"ListItem\",\"position\":3,\"name\":\"Newsflash\",\"item\":\"https:\\\/\\\/www.rri.ro\\\/de\\\/aktuell\\\/newsflash-de\"},{\"@type\":\"ListItem\",\"position\":4,\"name\":\"Nachrichten 27.09.2014\"}]},{\"@type\":\"WebSite\",\"@id\":\"https:\\\/\\\/www.rri.ro\\\/#website\",\"url\":\"https:\\\/\\\/www.rri.ro\\\/\",\"name\":\"Radio Rum\u00e4nien International\",\"description\":\"Totul despre Rom\u00e2nia \u015fi rom\u00e2ni, \u00een 13 limbi\\\/dialecte!\",\"inLanguage\":\"de\"},{\"@type\":\"Person\",\"@id\":\"https:\\\/\\\/www.rri.ro\\\/#\\\/schema\\\/person\\\/18fac491bccbfe149b92aea77ad60abd\",\"name\":\"Rom\u00e2nia Interna\u021bional\",\"url\":\"https:\\\/\\\/www.rri.ro\\\/de\\\/author\\\/redactia\"}]}<\/script>\n<!-- \/ Yoast SEO plugin. -->","yoast_head_json":{"title":"Nachrichten 27.09.2014 - Radio Rum\u00e4nien International","robots":{"index":"index","follow":"follow","max-snippet":"max-snippet:-1","max-image-preview":"max-image-preview:large","max-video-preview":"max-video-preview:-1"},"canonical":"https:\/\/www.rri.ro\/de\/aktuell\/newsflash-de\/nachrichten-27-09-2014-id631439.html","og_locale":"de_DE","og_type":"article","og_title":"Nachrichten 27.09.2014 - Radio Rum\u00e4nien International","og_description":"BUKAREST: Der bukarester Chefdiplomat Titus Corl\u0103\u0163ean hat die Bedeutung hervorgehoben, die Rum\u00e4nien der L\u00f6sung des Konflikt in der benachbarte Republik Moldau gew\u00e4hrt. Beim informellen OSZE-Ministertreffen in New York setzte sich Corl\u0103\u0163ean f\u00fcr die Fortsetzung der Verhandlungsbem\u00fchungen f\u00fcr die abtr\u00fcnnige russlandnahe Region Transnistrien, im Osten des Landes. Er betonte auch die feste Unterst\u00fctzung Rum\u00e4niens f\u00fcr die [&hellip;]","og_url":"https:\/\/www.rri.ro\/de\/aktuell\/newsflash-de\/nachrichten-27-09-2014-id631439.html","og_site_name":"Radio Rum\u00e4nien International","article_published_time":"2014-09-27T12:48:00+00:00","og_image":[{"width":640,"height":480,"url":"https:\/\/www.rri.ro\/wp-content\/uploads\/2023\/10\/harta-lumii.gif","type":"image\/png"}],"author":"Rom\u00e2nia Interna\u021bional","twitter_card":"summary_large_image","twitter_misc":{"Verfasst von":"Rom\u00e2nia Interna\u021bional","Gesch\u00e4tzte Lesezeit":"3\u00a0Minuten","Written by":"Rom\u00e2nia Interna\u021bional"},"schema":{"@context":"https:\/\/schema.org","@graph":[{"@type":"Article","@id":"https:\/\/www.rri.ro\/de\/aktuell\/newsflash-de\/nachrichten-27-09-2014-id631439.html#article","isPartOf":{"@id":"https:\/\/www.rri.ro\/de\/aktuell\/newsflash-de\/nachrichten-27-09-2014-id631439.html"},"author":{"name":"Rom\u00e2nia Interna\u021bional","@id":"https:\/\/www.rri.ro\/#\/schema\/person\/18fac491bccbfe149b92aea77ad60abd"},"headline":"Nachrichten 27.09.2014","datePublished":"2014-09-27T12:48:00+00:00","mainEntityOfPage":{"@id":"https:\/\/www.rri.ro\/de\/aktuell\/newsflash-de\/nachrichten-27-09-2014-id631439.html"},"wordCount":533,"image":{"@id":"https:\/\/www.rri.ro\/de\/aktuell\/newsflash-de\/nachrichten-27-09-2014-id631439.html#primaryimage"},"thumbnailUrl":"https:\/\/www.rri.ro\/wp-content\/uploads\/2023\/10\/harta-lumii.gif","keywords":["Bogdan Stanoevici","Griechenlandbesuch","Korruption","Pr\u00e4sidentschaftswahlen","Republik Moldau","Titus Corlatean","Ukraine"],"articleSection":["Newsflash"],"inLanguage":"de"},{"@type":"WebPage","@id":"https:\/\/www.rri.ro\/de\/aktuell\/newsflash-de\/nachrichten-27-09-2014-id631439.html","url":"https:\/\/www.rri.ro\/de\/aktuell\/newsflash-de\/nachrichten-27-09-2014-id631439.html","name":"Nachrichten 27.09.2014 - Radio Rum\u00e4nien International","isPartOf":{"@id":"https:\/\/www.rri.ro\/#website"},"primaryImageOfPage":{"@id":"https:\/\/www.rri.ro\/de\/aktuell\/newsflash-de\/nachrichten-27-09-2014-id631439.html#primaryimage"},"image":{"@id":"https:\/\/www.rri.ro\/de\/aktuell\/newsflash-de\/nachrichten-27-09-2014-id631439.html#primaryimage"},"thumbnailUrl":"https:\/\/www.rri.ro\/wp-content\/uploads\/2023\/10\/harta-lumii.gif","datePublished":"2014-09-27T12:48:00+00:00","author":{"@id":"https:\/\/www.rri.ro\/#\/schema\/person\/18fac491bccbfe149b92aea77ad60abd"},"breadcrumb":{"@id":"https:\/\/www.rri.ro\/de\/aktuell\/newsflash-de\/nachrichten-27-09-2014-id631439.html#breadcrumb"},"inLanguage":"de","potentialAction":[{"@type":"ReadAction","target":["https:\/\/www.rri.ro\/de\/aktuell\/newsflash-de\/nachrichten-27-09-2014-id631439.html"]}]},{"@type":"ImageObject","inLanguage":"de","@id":"https:\/\/www.rri.ro\/de\/aktuell\/newsflash-de\/nachrichten-27-09-2014-id631439.html#primaryimage","url":"https:\/\/www.rri.ro\/wp-content\/uploads\/2023\/10\/harta-lumii.gif","contentUrl":"https:\/\/www.rri.ro\/wp-content\/uploads\/2023\/10\/harta-lumii.gif","width":640,"height":480},{"@type":"BreadcrumbList","@id":"https:\/\/www.rri.ro\/de\/aktuell\/newsflash-de\/nachrichten-27-09-2014-id631439.html#breadcrumb","itemListElement":[{"@type":"ListItem","position":1,"name":"Startseite","item":"https:\/\/www.rri.ro\/de"},{"@type":"ListItem","position":2,"name":"Aktuell","item":"https:\/\/www.rri.ro\/de\/aktuell"},{"@type":"ListItem","position":3,"name":"Newsflash","item":"https:\/\/www.rri.ro\/de\/aktuell\/newsflash-de"},{"@type":"ListItem","position":4,"name":"Nachrichten 27.09.2014"}]},{"@type":"WebSite","@id":"https:\/\/www.rri.ro\/#website","url":"https:\/\/www.rri.ro\/","name":"Radio Rum\u00e4nien International","description":"Totul despre Rom\u00e2nia \u015fi rom\u00e2ni, \u00een 13 limbi\/dialecte!","inLanguage":"de"},{"@type":"Person","@id":"https:\/\/www.rri.ro\/#\/schema\/person\/18fac491bccbfe149b92aea77ad60abd","name":"Rom\u00e2nia Interna\u021bional","url":"https:\/\/www.rri.ro\/de\/author\/redactia"}]}},"_links":{"self":[{"href":"https:\/\/www.rri.ro\/de\/wp-json\/wp\/v2\/posts\/631439","targetHints":{"allow":["GET"]}}],"collection":[{"href":"https:\/\/www.rri.ro\/de\/wp-json\/wp\/v2\/posts"}],"about":[{"href":"https:\/\/www.rri.ro\/de\/wp-json\/wp\/v2\/types\/post"}],"author":[{"embeddable":true,"href":"https:\/\/www.rri.ro\/de\/wp-json\/wp\/v2\/users\/2"}],"replies":[{"embeddable":true,"href":"https:\/\/www.rri.ro\/de\/wp-json\/wp\/v2\/comments?post=631439"}],"version-history":[{"count":0,"href":"https:\/\/www.rri.ro\/de\/wp-json\/wp\/v2\/posts\/631439\/revisions"}],"wp:featuredmedia":[{"embeddable":true,"href":"https:\/\/www.rri.ro\/de\/wp-json\/wp\/v2\/media\/201384"}],"wp:attachment":[{"href":"https:\/\/www.rri.ro\/de\/wp-json\/wp\/v2\/media?parent=631439"}],"wp:term":[{"taxonomy":"category","embeddable":true,"href":"https:\/\/www.rri.ro\/de\/wp-json\/wp\/v2\/categories?post=631439"},{"taxonomy":"post_tag","embeddable":true,"href":"https:\/\/www.rri.ro\/de\/wp-json\/wp\/v2\/tags?post=631439"},{"taxonomy":"author","embeddable":true,"href":"https:\/\/www.rri.ro\/de\/wp-json\/wp\/v2\/coauthors?post=631439"}],"curies":[{"name":"wp","href":"https:\/\/api.w.org\/{rel}","templated":true}]}}