{"id":631551,"date":"2015-01-02T17:10:00","date_gmt":"2015-01-02T15:10:00","guid":{"rendered":"http:\/\/devrri.freshlemon.ro\/aktuell\/nachrichten-02-01-2015-id631551.html"},"modified":"2015-01-02T17:10:00","modified_gmt":"2015-01-02T15:10:00","slug":"nachrichten-02-01-2015","status":"publish","type":"post","link":"https:\/\/www.rri.ro\/de\/aktuell\/newsflash-de\/nachrichten-02-01-2015-id631551.html","title":{"rendered":"Nachrichten 02.01.2015"},"content":{"rendered":"<p><strong>BUKAREST:<\/strong> Nach zwei Tagen bitterer K\u00e4lte wird es allm\u00e4hlich etwas w\u00e4rmer in Rum\u00e4nien. Im Westen und im Nordosten werden Schneef\u00e4lle und Schneeregen gemeldet; in den restlichen Regionen schneit es vereinzelt. Die THT liegen zw &#8211;7 und &#8211;4 Grad C; in Bukarest wurden am Mittag &#8211;4 Grad gemessen. Der tiefste Wert dieses Winters, -32 Grad C, wurde in der Nacht vom 31. Dezember 2014 zum 1. Januar 2015 in der Ortschaft Intorsura Buzaului, Landkreis Covasna, gemessen. In Miercurea Ciuc und in Brasov sanken die Thermometer auf &#8211;29 Grad. Somit war die Nacht zum Donnerstag, den 1. Januar 2015, die k\u00e4lteste Silvesternacht der letzten 53 Jahre in Rum\u00e4nien. Vor der K\u00e4ltewelle gab es starke Schneef\u00e4lle in ganz Rum\u00e4nien; dadurch wurden der Stra\u200e\u00dfen- und Schienenverkehr stark beeintr\u00e4chtigt. Zur Zeit ist der Verkehr nur noch in einigen Regionen im Osten des Landes eingeschr\u00e4nkt. Infolge der K\u00e4ltewelle ist der Stromverbrauch in den letzten Tagen um 50% gestiegen.<\/p>\n<p>&#13;<br \/>\n&#13;<\/p>\n<p>&#13;<br \/>\n&#13;<\/p>\n<p><strong>BUKAREST:<\/strong> Das rum\u00e4nische Aussenministerium begr\u00fc\u200e\u00dft das Europ\u00e4ische Jahr der Entwicklung. Dies sei auch ein wilkommener Anla\u200e\u00df, die Rolle und die Verantwortung Rum\u00e4niens, als EU-Mitgliedsstaat, in Bezug auf die Bem\u00fchungen um globale Entwicklung und Bek\u00e4mpfung der Armut hervorzuheben, steht in einem Pressecommunique des Bukarester Aussenministeriums. 2015 werde das rum\u00e4nische Aussenministerium, durch gemeinsame Aktionen in Zusammenarbeit mit seinen Partnern, die rum\u00e4nischen B\u00fcrger \u00fcber die internationale Kooperation zur globalen Entwicklung informieren. Ferner werden die Partnereinrichtungen den Beitrag Rum\u00e4niens zur globalen Entwicklung im Rahmen der Europ\u00e4ischen Union hervorheben und Aktionen zur Bek\u00e4mpfung der globalen Armut veranstalten, an denen die rum\u00e4nischen B\u00fcrger sich aktiv beteiligen k\u00f6nnen. 2014 hatte die EU das kommende Jahr zum &#8222;Europ\u00e4ischen Jahr der Entwicklung 2015&#8220; erkl\u00e4rt.  Die Initiative dazu kam aus Lettland. Die erste Veranstaltung zum Europ\u00e4ischen Jahr der Entwicklung 2015 wird am 8. Januar in der lettischen Hauptstadt Riga stattfinden. Sie markiert den Beginn der ersten EU-Ratspr\u00e4sidentschaft des Landes.<\/p>\n<p>&#13;<br \/>\n&#13;<\/p>\n<p>&#13;<br \/>\n&#13;<\/p>\n<p><strong>BUKAREST:<\/strong> Der Patriarch der Rum\u00e4nischen Orthodoxen Kirche (mehrheitlich in Rum\u00e4nien) hat die Gl\u00e4ubigen dazu ermuntert, den Bed\u00fcrftigen zu helfen. In seiner Neujahrsbotschaft machte Patriarch Daniel einen Appel auf Solidarit\u00e4t mit den von Armut betroffenen Familien und mit allen unter Not Leidenden. Vorhin hatte der rum\u00e4nische Staatspr\u00e4sident, Klaus Iohannis, in seiner Neujahrsansprache an die Rum\u00e4nen im In- und Ausland auf seinen Wahlkampfslogan hingewiesen. Er hoffe, dass 2015 die Geburtsstunde der Normalit\u00e4t in Rum\u00e4nien sein werde, so der Staatschef. Iohannis appellierte an die B\u00fcrger, die Gr\u00fcnde f\u00fcr Meinungsverschiedenheiten beiseite zu lassen und an den Dingen festzuhalten, die sie zusammen bringen. Auch der sozialdemokratische Ministerpr\u00e4sident Victor Ponta schrieb eine kurze Neujahrsbotschaft auf Facebook, in der er allen Rum\u00e4nen ein gl\u00fcckliches neues Jahr w\u00fcnschte, und sich davon \u00fcberzeugt zeigte, dass 2015 ein gutes Jahr wird. Auch der ehemalige K\u00f6nig von Rum\u00e4nien, Michael I. und seine Ehegattin, K\u00f6nigin Ana, w\u00fcnschten allen Rum\u00e4nen ein gutes neues Jahr 2015, mit viel Gesundheit, Freude, Gl\u00fcck und Erfolg.<\/p>\n<p>&#13;<br \/>\n&#13;<\/p>\n<p>&#13;<br \/>\n&#13;<\/p>\n<p><strong>BUKAREST:<\/strong> Die moslemische Gemeinde in Rum\u00e4nien feiert am 2. Januar, dem zweiten Tag des Jahres, den Geburtstag des Propheten Mohammed. In den Kultst\u00e4tten findet an diesem Tag ein besonderer Religionsdienst statt; am Abend singen die Gl\u00e4ubigen Lieder zu Ehren des Propheten Mohammed. Zu diesem Anla\u200e\u00df werden zum Gedenken des Propheten spezielle Su\u200e\u00dfigkeiten gebacken und verschenkt. Die moslemische Gemeinde in Rum\u00e4nien besteht haupts\u00e4chlich aus T\u00fcrken und Tataren, die meistens in der Dobrudscha leben. Die Region Dobrudscha war jahrhundertelang eine Provinz des Osmanischen Reiches.<\/p>\n<p>&#13;<\/p>\n","protected":false},"excerpt":{"rendered":"<p>BUKAREST: Nach zwei Tagen bitterer K\u00e4lte wird es allm\u00e4hlich etwas w\u00e4rmer in Rum\u00e4nien. Im Westen und im Nordosten werden Schneef\u00e4lle und Schneeregen gemeldet; in den restlichen Regionen schneit es vereinzelt. Die THT liegen zw &#8211;7 und &#8211;4 Grad C; in Bukarest wurden am Mittag &#8211;4 Grad gemessen. Der tiefste Wert dieses Winters, -32 Grad C, [&hellip;]<\/p>\n","protected":false},"author":105,"featured_media":201384,"comment_status":"closed","ping_status":"closed","sticky":false,"template":"","format":"standard","meta":{"_acf_changed":false,"footnotes":""},"categories":[116753],"tags":[100925,101046,102066,134270,101804,29125,124970,102200,100775,103140,101973,32934,99897,124972,124971,101808,37262,29235,100171,100626,163919],"coauthors":[],"class_list":["post-631551","post","type-post","status-publish","format-standard","has-post-thumbnail","hentry","category-newsflash-de","tag-armut","tag-aussenministerium","tag-entwicklung","tag-eu-de","tag-gemeinde","tag-iohannis","tag-jahr","tag-kaelte","tag-kirche","tag-koenig","tag-lettland","tag-michael","tag-ministerpraesident","tag-mohammed","tag-moslemische","tag-not","tag-patriarch","tag-ponta","tag-schnee","tag-staatspraesident","tag-winter-de"],"acf":[],"yoast_head":"<!-- This site is optimized with the Yoast SEO plugin v27.3 - https:\/\/yoast.com\/product\/yoast-seo-wordpress\/ -->\n<title>Nachrichten 02.01.2015 - Radio Rum\u00e4nien International<\/title>\n<meta name=\"robots\" content=\"index, follow, max-snippet:-1, max-image-preview:large, max-video-preview:-1\" \/>\n<link rel=\"canonical\" href=\"https:\/\/www.rri.ro\/de\/aktuell\/newsflash-de\/nachrichten-02-01-2015-id631551.html\" \/>\n<meta property=\"og:locale\" content=\"de_DE\" \/>\n<meta property=\"og:type\" content=\"article\" \/>\n<meta property=\"og:title\" content=\"Nachrichten 02.01.2015 - Radio Rum\u00e4nien International\" \/>\n<meta property=\"og:description\" content=\"BUKAREST: Nach zwei Tagen bitterer K\u00e4lte wird es allm\u00e4hlich etwas w\u00e4rmer in Rum\u00e4nien. Im Westen und im Nordosten werden Schneef\u00e4lle und Schneeregen gemeldet; in den restlichen Regionen schneit es vereinzelt. Die THT liegen zw &#8211;7 und &#8211;4 Grad C; in Bukarest wurden am Mittag &#8211;4 Grad gemessen. Der tiefste Wert dieses Winters, -32 Grad C, [&hellip;]\" \/>\n<meta property=\"og:url\" content=\"https:\/\/www.rri.ro\/de\/aktuell\/newsflash-de\/nachrichten-02-01-2015-id631551.html\" \/>\n<meta property=\"og:site_name\" content=\"Radio Rum\u00e4nien International\" \/>\n<meta property=\"article:published_time\" content=\"2015-01-02T15:10:00+00:00\" \/>\n<meta property=\"og:image\" content=\"https:\/\/www.rri.ro\/wp-content\/uploads\/2023\/10\/harta-lumii.gif\" \/>\n\t<meta property=\"og:image:width\" content=\"640\" \/>\n\t<meta property=\"og:image:height\" content=\"480\" \/>\n\t<meta property=\"og:image:type\" content=\"image\/png\" \/>\n<meta name=\"author\" content=\"Bogdan Matei\" \/>\n<meta name=\"twitter:card\" content=\"summary_large_image\" \/>\n<meta name=\"twitter:label1\" content=\"Verfasst von\" \/>\n\t<meta name=\"twitter:data1\" content=\"Bogdan Matei\" \/>\n\t<meta name=\"twitter:label2\" content=\"Gesch\u00e4tzte Lesezeit\" \/>\n\t<meta name=\"twitter:data2\" content=\"3\u00a0Minuten\" \/>\n\t<meta name=\"twitter:label3\" content=\"Written by\" \/>\n\t<meta name=\"twitter:data3\" content=\"Bogdan Matei\" \/>\n<script type=\"application\/ld+json\" class=\"yoast-schema-graph\">{\"@context\":\"https:\\\/\\\/schema.org\",\"@graph\":[{\"@type\":\"Article\",\"@id\":\"https:\\\/\\\/www.rri.ro\\\/de\\\/aktuell\\\/newsflash-de\\\/nachrichten-02-01-2015-id631551.html#article\",\"isPartOf\":{\"@id\":\"https:\\\/\\\/www.rri.ro\\\/de\\\/aktuell\\\/newsflash-de\\\/nachrichten-02-01-2015-id631551.html\"},\"author\":{\"name\":\"Bogdan Matei\",\"@id\":\"https:\\\/\\\/www.rri.ro\\\/#\\\/schema\\\/person\\\/0ed327d40678578e6dbb840527e3ba32\"},\"headline\":\"Nachrichten 02.01.2015\",\"datePublished\":\"2015-01-02T15:10:00+00:00\",\"mainEntityOfPage\":{\"@id\":\"https:\\\/\\\/www.rri.ro\\\/de\\\/aktuell\\\/newsflash-de\\\/nachrichten-02-01-2015-id631551.html\"},\"wordCount\":589,\"image\":{\"@id\":\"https:\\\/\\\/www.rri.ro\\\/de\\\/aktuell\\\/newsflash-de\\\/nachrichten-02-01-2015-id631551.html#primaryimage\"},\"thumbnailUrl\":\"https:\\\/\\\/www.rri.ro\\\/wp-content\\\/uploads\\\/2023\\\/10\\\/harta-lumii.gif\",\"keywords\":[\"Armut\",\"Aussenministerium\",\"Entwicklung\",\"EU\",\"Gemeinde\",\"Iohannis\",\"Jahr\",\"K\u00e4lte\",\"Kirche\",\"K\u00f6nig\",\"Lettland\",\"Michael\",\"Ministerpr\u00e4sident\",\"Mohammed\",\"moslemische\",\"Not\",\"Patriarch\",\"Ponta\",\"Schnee\",\"Staatspr\u00e4sident\",\"winter\"],\"articleSection\":[\"Newsflash\"],\"inLanguage\":\"de\"},{\"@type\":\"WebPage\",\"@id\":\"https:\\\/\\\/www.rri.ro\\\/de\\\/aktuell\\\/newsflash-de\\\/nachrichten-02-01-2015-id631551.html\",\"url\":\"https:\\\/\\\/www.rri.ro\\\/de\\\/aktuell\\\/newsflash-de\\\/nachrichten-02-01-2015-id631551.html\",\"name\":\"Nachrichten 02.01.2015 - Radio Rum\u00e4nien International\",\"isPartOf\":{\"@id\":\"https:\\\/\\\/www.rri.ro\\\/#website\"},\"primaryImageOfPage\":{\"@id\":\"https:\\\/\\\/www.rri.ro\\\/de\\\/aktuell\\\/newsflash-de\\\/nachrichten-02-01-2015-id631551.html#primaryimage\"},\"image\":{\"@id\":\"https:\\\/\\\/www.rri.ro\\\/de\\\/aktuell\\\/newsflash-de\\\/nachrichten-02-01-2015-id631551.html#primaryimage\"},\"thumbnailUrl\":\"https:\\\/\\\/www.rri.ro\\\/wp-content\\\/uploads\\\/2023\\\/10\\\/harta-lumii.gif\",\"datePublished\":\"2015-01-02T15:10:00+00:00\",\"author\":{\"@id\":\"https:\\\/\\\/www.rri.ro\\\/#\\\/schema\\\/person\\\/0ed327d40678578e6dbb840527e3ba32\"},\"breadcrumb\":{\"@id\":\"https:\\\/\\\/www.rri.ro\\\/de\\\/aktuell\\\/newsflash-de\\\/nachrichten-02-01-2015-id631551.html#breadcrumb\"},\"inLanguage\":\"de\",\"potentialAction\":[{\"@type\":\"ReadAction\",\"target\":[\"https:\\\/\\\/www.rri.ro\\\/de\\\/aktuell\\\/newsflash-de\\\/nachrichten-02-01-2015-id631551.html\"]}]},{\"@type\":\"ImageObject\",\"inLanguage\":\"de\",\"@id\":\"https:\\\/\\\/www.rri.ro\\\/de\\\/aktuell\\\/newsflash-de\\\/nachrichten-02-01-2015-id631551.html#primaryimage\",\"url\":\"https:\\\/\\\/www.rri.ro\\\/wp-content\\\/uploads\\\/2023\\\/10\\\/harta-lumii.gif\",\"contentUrl\":\"https:\\\/\\\/www.rri.ro\\\/wp-content\\\/uploads\\\/2023\\\/10\\\/harta-lumii.gif\",\"width\":640,\"height\":480},{\"@type\":\"BreadcrumbList\",\"@id\":\"https:\\\/\\\/www.rri.ro\\\/de\\\/aktuell\\\/newsflash-de\\\/nachrichten-02-01-2015-id631551.html#breadcrumb\",\"itemListElement\":[{\"@type\":\"ListItem\",\"position\":1,\"name\":\"Startseite\",\"item\":\"https:\\\/\\\/www.rri.ro\\\/de\"},{\"@type\":\"ListItem\",\"position\":2,\"name\":\"Aktuell\",\"item\":\"https:\\\/\\\/www.rri.ro\\\/de\\\/aktuell\"},{\"@type\":\"ListItem\",\"position\":3,\"name\":\"Newsflash\",\"item\":\"https:\\\/\\\/www.rri.ro\\\/de\\\/aktuell\\\/newsflash-de\"},{\"@type\":\"ListItem\",\"position\":4,\"name\":\"Nachrichten 02.01.2015\"}]},{\"@type\":\"WebSite\",\"@id\":\"https:\\\/\\\/www.rri.ro\\\/#website\",\"url\":\"https:\\\/\\\/www.rri.ro\\\/\",\"name\":\"Radio Rum\u00e4nien International\",\"description\":\"Totul despre Rom\u00e2nia \u015fi rom\u00e2ni, \u00een 13 limbi\\\/dialecte!\",\"inLanguage\":\"de\"},{\"@type\":\"Person\",\"@id\":\"https:\\\/\\\/www.rri.ro\\\/#\\\/schema\\\/person\\\/0ed327d40678578e6dbb840527e3ba32\",\"name\":\"Bogdan Matei\",\"url\":\"https:\\\/\\\/www.rri.ro\\\/de\\\/author\\\/bogdan-matei\"}]}<\/script>\n<!-- \/ Yoast SEO plugin. -->","yoast_head_json":{"title":"Nachrichten 02.01.2015 - Radio Rum\u00e4nien International","robots":{"index":"index","follow":"follow","max-snippet":"max-snippet:-1","max-image-preview":"max-image-preview:large","max-video-preview":"max-video-preview:-1"},"canonical":"https:\/\/www.rri.ro\/de\/aktuell\/newsflash-de\/nachrichten-02-01-2015-id631551.html","og_locale":"de_DE","og_type":"article","og_title":"Nachrichten 02.01.2015 - Radio Rum\u00e4nien International","og_description":"BUKAREST: Nach zwei Tagen bitterer K\u00e4lte wird es allm\u00e4hlich etwas w\u00e4rmer in Rum\u00e4nien. Im Westen und im Nordosten werden Schneef\u00e4lle und Schneeregen gemeldet; in den restlichen Regionen schneit es vereinzelt. Die THT liegen zw &#8211;7 und &#8211;4 Grad C; in Bukarest wurden am Mittag &#8211;4 Grad gemessen. Der tiefste Wert dieses Winters, -32 Grad C, [&hellip;]","og_url":"https:\/\/www.rri.ro\/de\/aktuell\/newsflash-de\/nachrichten-02-01-2015-id631551.html","og_site_name":"Radio Rum\u00e4nien International","article_published_time":"2015-01-02T15:10:00+00:00","og_image":[{"width":640,"height":480,"url":"https:\/\/www.rri.ro\/wp-content\/uploads\/2023\/10\/harta-lumii.gif","type":"image\/png"}],"author":"Bogdan Matei","twitter_card":"summary_large_image","twitter_misc":{"Verfasst von":"Bogdan Matei","Gesch\u00e4tzte Lesezeit":"3\u00a0Minuten","Written by":"Bogdan Matei"},"schema":{"@context":"https:\/\/schema.org","@graph":[{"@type":"Article","@id":"https:\/\/www.rri.ro\/de\/aktuell\/newsflash-de\/nachrichten-02-01-2015-id631551.html#article","isPartOf":{"@id":"https:\/\/www.rri.ro\/de\/aktuell\/newsflash-de\/nachrichten-02-01-2015-id631551.html"},"author":{"name":"Bogdan Matei","@id":"https:\/\/www.rri.ro\/#\/schema\/person\/0ed327d40678578e6dbb840527e3ba32"},"headline":"Nachrichten 02.01.2015","datePublished":"2015-01-02T15:10:00+00:00","mainEntityOfPage":{"@id":"https:\/\/www.rri.ro\/de\/aktuell\/newsflash-de\/nachrichten-02-01-2015-id631551.html"},"wordCount":589,"image":{"@id":"https:\/\/www.rri.ro\/de\/aktuell\/newsflash-de\/nachrichten-02-01-2015-id631551.html#primaryimage"},"thumbnailUrl":"https:\/\/www.rri.ro\/wp-content\/uploads\/2023\/10\/harta-lumii.gif","keywords":["Armut","Aussenministerium","Entwicklung","EU","Gemeinde","Iohannis","Jahr","K\u00e4lte","Kirche","K\u00f6nig","Lettland","Michael","Ministerpr\u00e4sident","Mohammed","moslemische","Not","Patriarch","Ponta","Schnee","Staatspr\u00e4sident","winter"],"articleSection":["Newsflash"],"inLanguage":"de"},{"@type":"WebPage","@id":"https:\/\/www.rri.ro\/de\/aktuell\/newsflash-de\/nachrichten-02-01-2015-id631551.html","url":"https:\/\/www.rri.ro\/de\/aktuell\/newsflash-de\/nachrichten-02-01-2015-id631551.html","name":"Nachrichten 02.01.2015 - Radio Rum\u00e4nien International","isPartOf":{"@id":"https:\/\/www.rri.ro\/#website"},"primaryImageOfPage":{"@id":"https:\/\/www.rri.ro\/de\/aktuell\/newsflash-de\/nachrichten-02-01-2015-id631551.html#primaryimage"},"image":{"@id":"https:\/\/www.rri.ro\/de\/aktuell\/newsflash-de\/nachrichten-02-01-2015-id631551.html#primaryimage"},"thumbnailUrl":"https:\/\/www.rri.ro\/wp-content\/uploads\/2023\/10\/harta-lumii.gif","datePublished":"2015-01-02T15:10:00+00:00","author":{"@id":"https:\/\/www.rri.ro\/#\/schema\/person\/0ed327d40678578e6dbb840527e3ba32"},"breadcrumb":{"@id":"https:\/\/www.rri.ro\/de\/aktuell\/newsflash-de\/nachrichten-02-01-2015-id631551.html#breadcrumb"},"inLanguage":"de","potentialAction":[{"@type":"ReadAction","target":["https:\/\/www.rri.ro\/de\/aktuell\/newsflash-de\/nachrichten-02-01-2015-id631551.html"]}]},{"@type":"ImageObject","inLanguage":"de","@id":"https:\/\/www.rri.ro\/de\/aktuell\/newsflash-de\/nachrichten-02-01-2015-id631551.html#primaryimage","url":"https:\/\/www.rri.ro\/wp-content\/uploads\/2023\/10\/harta-lumii.gif","contentUrl":"https:\/\/www.rri.ro\/wp-content\/uploads\/2023\/10\/harta-lumii.gif","width":640,"height":480},{"@type":"BreadcrumbList","@id":"https:\/\/www.rri.ro\/de\/aktuell\/newsflash-de\/nachrichten-02-01-2015-id631551.html#breadcrumb","itemListElement":[{"@type":"ListItem","position":1,"name":"Startseite","item":"https:\/\/www.rri.ro\/de"},{"@type":"ListItem","position":2,"name":"Aktuell","item":"https:\/\/www.rri.ro\/de\/aktuell"},{"@type":"ListItem","position":3,"name":"Newsflash","item":"https:\/\/www.rri.ro\/de\/aktuell\/newsflash-de"},{"@type":"ListItem","position":4,"name":"Nachrichten 02.01.2015"}]},{"@type":"WebSite","@id":"https:\/\/www.rri.ro\/#website","url":"https:\/\/www.rri.ro\/","name":"Radio Rum\u00e4nien International","description":"Totul despre Rom\u00e2nia \u015fi rom\u00e2ni, \u00een 13 limbi\/dialecte!","inLanguage":"de"},{"@type":"Person","@id":"https:\/\/www.rri.ro\/#\/schema\/person\/0ed327d40678578e6dbb840527e3ba32","name":"Bogdan Matei","url":"https:\/\/www.rri.ro\/de\/author\/bogdan-matei"}]}},"_links":{"self":[{"href":"https:\/\/www.rri.ro\/de\/wp-json\/wp\/v2\/posts\/631551","targetHints":{"allow":["GET"]}}],"collection":[{"href":"https:\/\/www.rri.ro\/de\/wp-json\/wp\/v2\/posts"}],"about":[{"href":"https:\/\/www.rri.ro\/de\/wp-json\/wp\/v2\/types\/post"}],"author":[{"embeddable":true,"href":"https:\/\/www.rri.ro\/de\/wp-json\/wp\/v2\/users\/105"}],"replies":[{"embeddable":true,"href":"https:\/\/www.rri.ro\/de\/wp-json\/wp\/v2\/comments?post=631551"}],"version-history":[{"count":0,"href":"https:\/\/www.rri.ro\/de\/wp-json\/wp\/v2\/posts\/631551\/revisions"}],"wp:featuredmedia":[{"embeddable":true,"href":"https:\/\/www.rri.ro\/de\/wp-json\/wp\/v2\/media\/201384"}],"wp:attachment":[{"href":"https:\/\/www.rri.ro\/de\/wp-json\/wp\/v2\/media?parent=631551"}],"wp:term":[{"taxonomy":"category","embeddable":true,"href":"https:\/\/www.rri.ro\/de\/wp-json\/wp\/v2\/categories?post=631551"},{"taxonomy":"post_tag","embeddable":true,"href":"https:\/\/www.rri.ro\/de\/wp-json\/wp\/v2\/tags?post=631551"},{"taxonomy":"author","embeddable":true,"href":"https:\/\/www.rri.ro\/de\/wp-json\/wp\/v2\/coauthors?post=631551"}],"curies":[{"name":"wp","href":"https:\/\/api.w.org\/{rel}","templated":true}]}}