{"id":631566,"date":"2015-01-17T19:28:00","date_gmt":"2015-01-17T17:28:00","guid":{"rendered":"http:\/\/devrri.freshlemon.ro\/aktuell\/nachrichten-17-01-2015-id631566.html"},"modified":"2015-01-17T19:28:00","modified_gmt":"2015-01-17T17:28:00","slug":"nachrichten-17-01-2015","status":"publish","type":"post","link":"https:\/\/www.rri.ro\/de\/aktuell\/newsflash-de\/nachrichten-17-01-2015-id631566.html","title":{"rendered":"Nachrichten 17.01.2015"},"content":{"rendered":"<p>Bukarest: Der Rum\u00e4nische Nachrichtendienst hat bekanntgegeben, die Zahl der Cyberangriffe in Rum\u00e4nien sei in der zweiten Dezemberh\u00e4lfte gestiegen.  Zweck dieser war im allgemeinen die F\u00f6rderung von islamistischen  oder anti-israelischen Propaganda Botschaften. In Rum\u00e4nien haben Cyberangriffe auf die Internetseiten einiger Universit\u00e4ten, Verwaltungsinstitutionen und Firmen stattgefunden. Die Hacker haben auch die Internetseiten der Rum\u00e4nischen Patriarchie angegriffen und den Inhalt mit promuslimischen und anti-franz\u00f6sischen Botschaften ersetzt. Dem Rum\u00e4nischen Nachrichtendienst zufolge seien die Angriffe meistens das Wiederspiegen der Konflikte und der Ereignisse in der Welt. Der Anfang des Jahres 2015 wurde von einem Anstieg des Terrorismus in Europa markiert, der von der islamistischen Ideologie motiviert ist.<\/p>\n<p>&#13;<br \/>\n&#13;<\/p>\n<p>&#13;<br \/>\n&#13;<\/p>\n<p>&#13;<br \/>\n&#13;<\/p>\n<p>Bukarest: Der rum\u00e4nische Finanzminister Darius V\u00e2lcov und Notenbankchef  Mugur Is\u0103rescu suchen L\u00f6sungen f\u00fcr die Krise des Schweizer Franken. Am Freitag hatte die W\u00e4hrung einen neuen historischen H\u00f6hepunkt von 4,42 lei erreicht. Eine L\u00f6sung beziehe sich auf die Wiederstaffelung der Kredite f\u00fcr die Kreditnehmer, die niedrige Einkommen haben, so dass diese zwei Jahre lang eine kleine Rate zahlen Wenn die Teilzahlung steigt, soll der Staat einen Teil der Kosten durch die Befreiung von Einkommenssteuern \u00fcbernehmen.  Eine andere L\u00f6sung w\u00e4re, dass die Banken die Zinsen f\u00fcr die Kredite in Scheizer Franken reduzieren sollen. Rund 75 tausend Rum\u00e4nen haben Kredite in Schweizer Franken. Sechs Banken in Rum\u00e4nien decken 90% dieser Kredite. Der Beschluss der Schweizer Nationalbank  das Minimum von  1,20 Franken f\u00fcr einen Euro aufzugeben, verursacht Verluste in der ganzen Welt.<\/p>\n<p>&#13;<br \/>\n&#13;<\/p>\n<p>&#13;<br \/>\n&#13;<\/p>\n<p>WETTER: Das Wetter in Rum\u00e4nien ist w\u00e4rmer als normal f\u00fcr diese Jahreszeit. Der Himmel ist bew\u00f6lkt im Norden und Nord-Westen. In der Landesmitte, im Osten und im S\u00fcden werden Nebel und Glatteis erwartet. THT liegen zw 0 und 12 Grad. In Bukarest messen die Thermometer 0 Grad.<\/p>\n<p>&#13;<\/p>\n","protected":false},"excerpt":{"rendered":"<p>Bukarest: Der Rum\u00e4nische Nachrichtendienst hat bekanntgegeben, die Zahl der Cyberangriffe in Rum\u00e4nien sei in der zweiten Dezemberh\u00e4lfte gestiegen. Zweck dieser war im allgemeinen die F\u00f6rderung von islamistischen oder anti-israelischen Propaganda Botschaften. In Rum\u00e4nien haben Cyberangriffe auf die Internetseiten einiger Universit\u00e4ten, Verwaltungsinstitutionen und Firmen stattgefunden. Die Hacker haben auch die Internetseiten der Rum\u00e4nischen Patriarchie angegriffen und [&hellip;]<\/p>\n","protected":false},"author":113,"featured_media":201384,"comment_status":"closed","ping_status":"closed","sticky":false,"template":"","format":"standard","meta":{"_acf_changed":false,"footnotes":""},"categories":[116753],"tags":[102614,28984,99625,152718,99589,102248,99635],"coauthors":[],"class_list":["post-631566","post","type-post","status-publish","format-standard","has-post-thumbnail","hentry","category-newsflash-de","tag-cyberangriff","tag-darius-valcov","tag-justiz","tag-mugur-isarescu-de","tag-rumaenien","tag-schweizer-franken","tag-terrorismus"],"acf":[],"yoast_head":"<!-- This site is optimized with the Yoast SEO plugin v27.3 - https:\/\/yoast.com\/product\/yoast-seo-wordpress\/ -->\n<title>Nachrichten 17.01.2015 - Radio Rum\u00e4nien International<\/title>\n<meta name=\"robots\" content=\"index, follow, max-snippet:-1, max-image-preview:large, max-video-preview:-1\" \/>\n<link rel=\"canonical\" href=\"https:\/\/www.rri.ro\/de\/aktuell\/newsflash-de\/nachrichten-17-01-2015-id631566.html\" \/>\n<meta property=\"og:locale\" content=\"de_DE\" \/>\n<meta property=\"og:type\" content=\"article\" \/>\n<meta property=\"og:title\" content=\"Nachrichten 17.01.2015 - Radio Rum\u00e4nien International\" \/>\n<meta property=\"og:description\" content=\"Bukarest: Der Rum\u00e4nische Nachrichtendienst hat bekanntgegeben, die Zahl der Cyberangriffe in Rum\u00e4nien sei in der zweiten Dezemberh\u00e4lfte gestiegen. Zweck dieser war im allgemeinen die F\u00f6rderung von islamistischen oder anti-israelischen Propaganda Botschaften. In Rum\u00e4nien haben Cyberangriffe auf die Internetseiten einiger Universit\u00e4ten, Verwaltungsinstitutionen und Firmen stattgefunden. Die Hacker haben auch die Internetseiten der Rum\u00e4nischen Patriarchie angegriffen und [&hellip;]\" \/>\n<meta property=\"og:url\" content=\"https:\/\/www.rri.ro\/de\/aktuell\/newsflash-de\/nachrichten-17-01-2015-id631566.html\" \/>\n<meta property=\"og:site_name\" content=\"Radio Rum\u00e4nien International\" \/>\n<meta property=\"article:published_time\" content=\"2015-01-17T17:28:00+00:00\" \/>\n<meta property=\"og:image\" content=\"https:\/\/www.rri.ro\/wp-content\/uploads\/2023\/10\/harta-lumii.gif\" \/>\n\t<meta property=\"og:image:width\" content=\"640\" \/>\n\t<meta property=\"og:image:height\" content=\"480\" \/>\n\t<meta property=\"og:image:type\" content=\"image\/png\" \/>\n<meta name=\"author\" content=\"Newsroom\" \/>\n<meta name=\"twitter:card\" content=\"summary_large_image\" \/>\n<meta name=\"twitter:label1\" content=\"Verfasst von\" \/>\n\t<meta name=\"twitter:data1\" content=\"Newsroom\" \/>\n\t<meta name=\"twitter:label2\" content=\"Gesch\u00e4tzte Lesezeit\" \/>\n\t<meta name=\"twitter:data2\" content=\"1\u00a0Minute\" \/>\n\t<meta name=\"twitter:label3\" content=\"Written by\" \/>\n\t<meta name=\"twitter:data3\" content=\"Newsroom\" \/>\n<script type=\"application\/ld+json\" class=\"yoast-schema-graph\">{\"@context\":\"https:\\\/\\\/schema.org\",\"@graph\":[{\"@type\":\"Article\",\"@id\":\"https:\\\/\\\/www.rri.ro\\\/de\\\/aktuell\\\/newsflash-de\\\/nachrichten-17-01-2015-id631566.html#article\",\"isPartOf\":{\"@id\":\"https:\\\/\\\/www.rri.ro\\\/de\\\/aktuell\\\/newsflash-de\\\/nachrichten-17-01-2015-id631566.html\"},\"author\":{\"name\":\"Newsroom\",\"@id\":\"https:\\\/\\\/www.rri.ro\\\/#\\\/schema\\\/person\\\/4a479940371b9fdefd194f561e8a7f88\"},\"headline\":\"Nachrichten 17.01.2015\",\"datePublished\":\"2015-01-17T17:28:00+00:00\",\"mainEntityOfPage\":{\"@id\":\"https:\\\/\\\/www.rri.ro\\\/de\\\/aktuell\\\/newsflash-de\\\/nachrichten-17-01-2015-id631566.html\"},\"wordCount\":299,\"image\":{\"@id\":\"https:\\\/\\\/www.rri.ro\\\/de\\\/aktuell\\\/newsflash-de\\\/nachrichten-17-01-2015-id631566.html#primaryimage\"},\"thumbnailUrl\":\"https:\\\/\\\/www.rri.ro\\\/wp-content\\\/uploads\\\/2023\\\/10\\\/harta-lumii.gif\",\"keywords\":[\"Cyberangriff\",\"Darius Valcov\",\"Justiz\",\"Mugur Isarescu\",\"Rum\u00e4nien\",\"Schweizer Franken\",\"Terrorismus\"],\"articleSection\":[\"Newsflash\"],\"inLanguage\":\"de\"},{\"@type\":\"WebPage\",\"@id\":\"https:\\\/\\\/www.rri.ro\\\/de\\\/aktuell\\\/newsflash-de\\\/nachrichten-17-01-2015-id631566.html\",\"url\":\"https:\\\/\\\/www.rri.ro\\\/de\\\/aktuell\\\/newsflash-de\\\/nachrichten-17-01-2015-id631566.html\",\"name\":\"Nachrichten 17.01.2015 - Radio Rum\u00e4nien International\",\"isPartOf\":{\"@id\":\"https:\\\/\\\/www.rri.ro\\\/#website\"},\"primaryImageOfPage\":{\"@id\":\"https:\\\/\\\/www.rri.ro\\\/de\\\/aktuell\\\/newsflash-de\\\/nachrichten-17-01-2015-id631566.html#primaryimage\"},\"image\":{\"@id\":\"https:\\\/\\\/www.rri.ro\\\/de\\\/aktuell\\\/newsflash-de\\\/nachrichten-17-01-2015-id631566.html#primaryimage\"},\"thumbnailUrl\":\"https:\\\/\\\/www.rri.ro\\\/wp-content\\\/uploads\\\/2023\\\/10\\\/harta-lumii.gif\",\"datePublished\":\"2015-01-17T17:28:00+00:00\",\"author\":{\"@id\":\"https:\\\/\\\/www.rri.ro\\\/#\\\/schema\\\/person\\\/4a479940371b9fdefd194f561e8a7f88\"},\"breadcrumb\":{\"@id\":\"https:\\\/\\\/www.rri.ro\\\/de\\\/aktuell\\\/newsflash-de\\\/nachrichten-17-01-2015-id631566.html#breadcrumb\"},\"inLanguage\":\"de\",\"potentialAction\":[{\"@type\":\"ReadAction\",\"target\":[\"https:\\\/\\\/www.rri.ro\\\/de\\\/aktuell\\\/newsflash-de\\\/nachrichten-17-01-2015-id631566.html\"]}]},{\"@type\":\"ImageObject\",\"inLanguage\":\"de\",\"@id\":\"https:\\\/\\\/www.rri.ro\\\/de\\\/aktuell\\\/newsflash-de\\\/nachrichten-17-01-2015-id631566.html#primaryimage\",\"url\":\"https:\\\/\\\/www.rri.ro\\\/wp-content\\\/uploads\\\/2023\\\/10\\\/harta-lumii.gif\",\"contentUrl\":\"https:\\\/\\\/www.rri.ro\\\/wp-content\\\/uploads\\\/2023\\\/10\\\/harta-lumii.gif\",\"width\":640,\"height\":480},{\"@type\":\"BreadcrumbList\",\"@id\":\"https:\\\/\\\/www.rri.ro\\\/de\\\/aktuell\\\/newsflash-de\\\/nachrichten-17-01-2015-id631566.html#breadcrumb\",\"itemListElement\":[{\"@type\":\"ListItem\",\"position\":1,\"name\":\"Startseite\",\"item\":\"https:\\\/\\\/www.rri.ro\\\/de\"},{\"@type\":\"ListItem\",\"position\":2,\"name\":\"Aktuell\",\"item\":\"https:\\\/\\\/www.rri.ro\\\/de\\\/aktuell\"},{\"@type\":\"ListItem\",\"position\":3,\"name\":\"Newsflash\",\"item\":\"https:\\\/\\\/www.rri.ro\\\/de\\\/aktuell\\\/newsflash-de\"},{\"@type\":\"ListItem\",\"position\":4,\"name\":\"Nachrichten 17.01.2015\"}]},{\"@type\":\"WebSite\",\"@id\":\"https:\\\/\\\/www.rri.ro\\\/#website\",\"url\":\"https:\\\/\\\/www.rri.ro\\\/\",\"name\":\"Radio Rum\u00e4nien International\",\"description\":\"Totul despre Rom\u00e2nia \u015fi rom\u00e2ni, \u00een 13 limbi\\\/dialecte!\",\"inLanguage\":\"de\"},{\"@type\":\"Person\",\"@id\":\"https:\\\/\\\/www.rri.ro\\\/#\\\/schema\\\/person\\\/4a479940371b9fdefd194f561e8a7f88\",\"name\":\"Newsroom\",\"url\":\"https:\\\/\\\/www.rri.ro\\\/de\\\/author\\\/newsroom\"}]}<\/script>\n<!-- \/ Yoast SEO plugin. -->","yoast_head_json":{"title":"Nachrichten 17.01.2015 - Radio Rum\u00e4nien International","robots":{"index":"index","follow":"follow","max-snippet":"max-snippet:-1","max-image-preview":"max-image-preview:large","max-video-preview":"max-video-preview:-1"},"canonical":"https:\/\/www.rri.ro\/de\/aktuell\/newsflash-de\/nachrichten-17-01-2015-id631566.html","og_locale":"de_DE","og_type":"article","og_title":"Nachrichten 17.01.2015 - Radio Rum\u00e4nien International","og_description":"Bukarest: Der Rum\u00e4nische Nachrichtendienst hat bekanntgegeben, die Zahl der Cyberangriffe in Rum\u00e4nien sei in der zweiten Dezemberh\u00e4lfte gestiegen. Zweck dieser war im allgemeinen die F\u00f6rderung von islamistischen oder anti-israelischen Propaganda Botschaften. In Rum\u00e4nien haben Cyberangriffe auf die Internetseiten einiger Universit\u00e4ten, Verwaltungsinstitutionen und Firmen stattgefunden. Die Hacker haben auch die Internetseiten der Rum\u00e4nischen Patriarchie angegriffen und [&hellip;]","og_url":"https:\/\/www.rri.ro\/de\/aktuell\/newsflash-de\/nachrichten-17-01-2015-id631566.html","og_site_name":"Radio Rum\u00e4nien International","article_published_time":"2015-01-17T17:28:00+00:00","og_image":[{"width":640,"height":480,"url":"https:\/\/www.rri.ro\/wp-content\/uploads\/2023\/10\/harta-lumii.gif","type":"image\/png"}],"author":"Newsroom","twitter_card":"summary_large_image","twitter_misc":{"Verfasst von":"Newsroom","Gesch\u00e4tzte Lesezeit":"1\u00a0Minute","Written by":"Newsroom"},"schema":{"@context":"https:\/\/schema.org","@graph":[{"@type":"Article","@id":"https:\/\/www.rri.ro\/de\/aktuell\/newsflash-de\/nachrichten-17-01-2015-id631566.html#article","isPartOf":{"@id":"https:\/\/www.rri.ro\/de\/aktuell\/newsflash-de\/nachrichten-17-01-2015-id631566.html"},"author":{"name":"Newsroom","@id":"https:\/\/www.rri.ro\/#\/schema\/person\/4a479940371b9fdefd194f561e8a7f88"},"headline":"Nachrichten 17.01.2015","datePublished":"2015-01-17T17:28:00+00:00","mainEntityOfPage":{"@id":"https:\/\/www.rri.ro\/de\/aktuell\/newsflash-de\/nachrichten-17-01-2015-id631566.html"},"wordCount":299,"image":{"@id":"https:\/\/www.rri.ro\/de\/aktuell\/newsflash-de\/nachrichten-17-01-2015-id631566.html#primaryimage"},"thumbnailUrl":"https:\/\/www.rri.ro\/wp-content\/uploads\/2023\/10\/harta-lumii.gif","keywords":["Cyberangriff","Darius Valcov","Justiz","Mugur Isarescu","Rum\u00e4nien","Schweizer Franken","Terrorismus"],"articleSection":["Newsflash"],"inLanguage":"de"},{"@type":"WebPage","@id":"https:\/\/www.rri.ro\/de\/aktuell\/newsflash-de\/nachrichten-17-01-2015-id631566.html","url":"https:\/\/www.rri.ro\/de\/aktuell\/newsflash-de\/nachrichten-17-01-2015-id631566.html","name":"Nachrichten 17.01.2015 - Radio Rum\u00e4nien International","isPartOf":{"@id":"https:\/\/www.rri.ro\/#website"},"primaryImageOfPage":{"@id":"https:\/\/www.rri.ro\/de\/aktuell\/newsflash-de\/nachrichten-17-01-2015-id631566.html#primaryimage"},"image":{"@id":"https:\/\/www.rri.ro\/de\/aktuell\/newsflash-de\/nachrichten-17-01-2015-id631566.html#primaryimage"},"thumbnailUrl":"https:\/\/www.rri.ro\/wp-content\/uploads\/2023\/10\/harta-lumii.gif","datePublished":"2015-01-17T17:28:00+00:00","author":{"@id":"https:\/\/www.rri.ro\/#\/schema\/person\/4a479940371b9fdefd194f561e8a7f88"},"breadcrumb":{"@id":"https:\/\/www.rri.ro\/de\/aktuell\/newsflash-de\/nachrichten-17-01-2015-id631566.html#breadcrumb"},"inLanguage":"de","potentialAction":[{"@type":"ReadAction","target":["https:\/\/www.rri.ro\/de\/aktuell\/newsflash-de\/nachrichten-17-01-2015-id631566.html"]}]},{"@type":"ImageObject","inLanguage":"de","@id":"https:\/\/www.rri.ro\/de\/aktuell\/newsflash-de\/nachrichten-17-01-2015-id631566.html#primaryimage","url":"https:\/\/www.rri.ro\/wp-content\/uploads\/2023\/10\/harta-lumii.gif","contentUrl":"https:\/\/www.rri.ro\/wp-content\/uploads\/2023\/10\/harta-lumii.gif","width":640,"height":480},{"@type":"BreadcrumbList","@id":"https:\/\/www.rri.ro\/de\/aktuell\/newsflash-de\/nachrichten-17-01-2015-id631566.html#breadcrumb","itemListElement":[{"@type":"ListItem","position":1,"name":"Startseite","item":"https:\/\/www.rri.ro\/de"},{"@type":"ListItem","position":2,"name":"Aktuell","item":"https:\/\/www.rri.ro\/de\/aktuell"},{"@type":"ListItem","position":3,"name":"Newsflash","item":"https:\/\/www.rri.ro\/de\/aktuell\/newsflash-de"},{"@type":"ListItem","position":4,"name":"Nachrichten 17.01.2015"}]},{"@type":"WebSite","@id":"https:\/\/www.rri.ro\/#website","url":"https:\/\/www.rri.ro\/","name":"Radio Rum\u00e4nien International","description":"Totul despre Rom\u00e2nia \u015fi rom\u00e2ni, \u00een 13 limbi\/dialecte!","inLanguage":"de"},{"@type":"Person","@id":"https:\/\/www.rri.ro\/#\/schema\/person\/4a479940371b9fdefd194f561e8a7f88","name":"Newsroom","url":"https:\/\/www.rri.ro\/de\/author\/newsroom"}]}},"_links":{"self":[{"href":"https:\/\/www.rri.ro\/de\/wp-json\/wp\/v2\/posts\/631566","targetHints":{"allow":["GET"]}}],"collection":[{"href":"https:\/\/www.rri.ro\/de\/wp-json\/wp\/v2\/posts"}],"about":[{"href":"https:\/\/www.rri.ro\/de\/wp-json\/wp\/v2\/types\/post"}],"author":[{"embeddable":true,"href":"https:\/\/www.rri.ro\/de\/wp-json\/wp\/v2\/users\/113"}],"replies":[{"embeddable":true,"href":"https:\/\/www.rri.ro\/de\/wp-json\/wp\/v2\/comments?post=631566"}],"version-history":[{"count":0,"href":"https:\/\/www.rri.ro\/de\/wp-json\/wp\/v2\/posts\/631566\/revisions"}],"wp:featuredmedia":[{"embeddable":true,"href":"https:\/\/www.rri.ro\/de\/wp-json\/wp\/v2\/media\/201384"}],"wp:attachment":[{"href":"https:\/\/www.rri.ro\/de\/wp-json\/wp\/v2\/media?parent=631566"}],"wp:term":[{"taxonomy":"category","embeddable":true,"href":"https:\/\/www.rri.ro\/de\/wp-json\/wp\/v2\/categories?post=631566"},{"taxonomy":"post_tag","embeddable":true,"href":"https:\/\/www.rri.ro\/de\/wp-json\/wp\/v2\/tags?post=631566"},{"taxonomy":"author","embeddable":true,"href":"https:\/\/www.rri.ro\/de\/wp-json\/wp\/v2\/coauthors?post=631566"}],"curies":[{"name":"wp","href":"https:\/\/api.w.org\/{rel}","templated":true}]}}