{"id":631572,"date":"2015-01-24T17:13:00","date_gmt":"2015-01-24T15:13:00","guid":{"rendered":"http:\/\/devrri.freshlemon.ro\/aktuell\/nachrichten-24-01-2015-id631572.html"},"modified":"2015-01-24T17:13:00","modified_gmt":"2015-01-24T15:13:00","slug":"nachrichten-24-01-2015","status":"publish","type":"post","link":"https:\/\/www.rri.ro\/de\/aktuell\/newsflash-de\/nachrichten-24-01-2015-id631572.html","title":{"rendered":"Nachrichten 24.01.2015"},"content":{"rendered":"<p><strong>BUKAREST<\/strong>: Rum\u00e4nien feiert am Wochenende den 156. Jahrestag seit der Vereinigung der rum\u00e4nischen F\u00fcrstent\u00fcmer Moldau und der Wallachei. An den Zeremonien in Ia\u015fi, der ehemaligen Hauptstadt der Moldau, beteiligen sich der Pr\u00e4sident Klaus Iohannis und der Ministerpr\u00e4sident Victor Ponta. Am 24. Januar 1859 war der bereits zum F\u00fcrsten der Moldau gew\u00e4hlte Alexandru Ioan Cuza von der Bukarester Wahlversammlung einstimmig auch zum Herrscher \u00fcber die Wallachei gew\u00e4hlt worden. So wurde Cuza zum F\u00fcrsten der vereinten Rum\u00e4nischen F\u00fcrstent\u00fcmer proklamiert. Die Herrscherzeit Cuzas gilt aufgrund der eingeleiteten radikalen Reformen als Beginn der Moderne in Rum\u00e4nien. Die Gr\u00fcndung des modernen Staates Rum\u00e4nien fand 1918 ein Ende, zeitgleich mit der Vereinigung des Rum\u00e4nischen K\u00f6nigreichs mit den bis dato von Fremdm\u00e4chten besetzten Gebiete mit mehrheitlich rum\u00e4nischst\u00e4mmiger Bev\u00f6lkerung.<\/p>\n<p>&#13;<br \/>\n&#13;<\/p>\n<p>&#13;<br \/>\n&#13;<\/p>\n<p><strong>SPORT<\/strong>: Bei den Australian Open hat Florin Mergea auch im gemischten Doppel das Achtelfinale erreicht. An der Seite der Niederl\u00e4nderin Michaella Krajicek bezwang er das Paar Elina Switolina (Ukraine)\/Raven Klaasen (S\u00fcdafrika). Mergea spielt auch im Doppelturnier der M\u00e4nner im Achtelfinale, gemeinsam mit dem Briten Dominic Inglot. Dort steht seit Freitag ferner der im Doppel am besten platzierte Rum\u00e4ne Horia Tecau, der mit dem Niederl\u00e4nder Jean Julien Rojer ein Team bildet. Im Einzel der Damen haben ebenfalls zwei Profis aus Rum\u00e4nien die Runde der letzten 16 erreicht: die Weltranglistendritte Simona Halep und Irina Begu, derzeit die Nummer 42. der Welt. Halep wird am Sonntag auf die Belgierin Yanina Wickmayer treffen, w\u00e4hrend Begu es mit der Weltranglistensiebten Eugenie Bouchard aus Kanada zu tun bekommt.<\/p>\n<p>&#13;<\/p>\n","protected":false},"excerpt":{"rendered":"<p>BUKAREST: Rum\u00e4nien feiert am Wochenende den 156. Jahrestag seit der Vereinigung der rum\u00e4nischen F\u00fcrstent\u00fcmer Moldau und der Wallachei. An den Zeremonien in Ia\u015fi, der ehemaligen Hauptstadt der Moldau, beteiligen sich der Pr\u00e4sident Klaus Iohannis und der Ministerpr\u00e4sident Victor Ponta. Am 24. Januar 1859 war der bereits zum F\u00fcrsten der Moldau gew\u00e4hlte Alexandru Ioan Cuza von [&hellip;]<\/p>\n","protected":false},"author":113,"featured_media":201384,"comment_status":"closed","ping_status":"closed","sticky":false,"template":"","format":"standard","meta":{"_acf_changed":false,"footnotes":""},"categories":[116753],"tags":[125025,103367,29795,100606,29076,104210,29507,34200,29125,29064,100878,33028,100576,29235,99589,28900,28939,100574,100936],"coauthors":[],"class_list":["post-631572","post","type-post","status-publish","format-standard","has-post-thumbnail","hentry","category-newsflash-de","tag-125025","tag-achtelfinale","tag-australian-open","tag-feierlichkeiten","tag-florin-mergea","tag-fuerstentuemer","tag-horia-tecau","tag-iasi","tag-iohannis","tag-irina-begu","tag-jahrestag","tag-melbourne","tag-moldau","tag-ponta","tag-rumaenien","tag-simona-halep","tag-tennis","tag-vereinigung","tag-wallachei"],"acf":[],"yoast_head":"<!-- This site is optimized with the Yoast SEO plugin v27.5 - https:\/\/yoast.com\/product\/yoast-seo-wordpress\/ -->\n<title>Nachrichten 24.01.2015 - Radio Rum\u00e4nien International<\/title>\n<meta name=\"robots\" content=\"index, follow, max-snippet:-1, max-image-preview:large, max-video-preview:-1\" \/>\n<link rel=\"canonical\" href=\"https:\/\/www.rri.ro\/de\/aktuell\/newsflash-de\/nachrichten-24-01-2015-id631572.html\" \/>\n<meta property=\"og:locale\" content=\"de_DE\" \/>\n<meta property=\"og:type\" content=\"article\" \/>\n<meta property=\"og:title\" content=\"Nachrichten 24.01.2015 - Radio Rum\u00e4nien International\" \/>\n<meta property=\"og:description\" content=\"BUKAREST: Rum\u00e4nien feiert am Wochenende den 156. Jahrestag seit der Vereinigung der rum\u00e4nischen F\u00fcrstent\u00fcmer Moldau und der Wallachei. An den Zeremonien in Ia\u015fi, der ehemaligen Hauptstadt der Moldau, beteiligen sich der Pr\u00e4sident Klaus Iohannis und der Ministerpr\u00e4sident Victor Ponta. Am 24. Januar 1859 war der bereits zum F\u00fcrsten der Moldau gew\u00e4hlte Alexandru Ioan Cuza von [&hellip;]\" \/>\n<meta property=\"og:url\" content=\"https:\/\/www.rri.ro\/de\/aktuell\/newsflash-de\/nachrichten-24-01-2015-id631572.html\" \/>\n<meta property=\"og:site_name\" content=\"Radio Rum\u00e4nien International\" \/>\n<meta property=\"article:published_time\" content=\"2015-01-24T15:13:00+00:00\" \/>\n<meta property=\"og:image\" content=\"https:\/\/www.rri.ro\/wp-content\/uploads\/2023\/10\/harta-lumii.gif\" \/>\n\t<meta property=\"og:image:width\" content=\"640\" \/>\n\t<meta property=\"og:image:height\" content=\"480\" \/>\n\t<meta property=\"og:image:type\" content=\"image\/png\" \/>\n<meta name=\"author\" content=\"Newsroom\" \/>\n<meta name=\"twitter:card\" content=\"summary_large_image\" \/>\n<meta name=\"twitter:label1\" content=\"Verfasst von\" \/>\n\t<meta name=\"twitter:data1\" content=\"Newsroom\" \/>\n\t<meta name=\"twitter:label2\" content=\"Gesch\u00e4tzte Lesezeit\" \/>\n\t<meta name=\"twitter:data2\" content=\"1\u00a0Minute\" \/>\n\t<meta name=\"twitter:label3\" content=\"Written by\" \/>\n\t<meta name=\"twitter:data3\" content=\"Newsroom\" \/>\n<script type=\"application\/ld+json\" class=\"yoast-schema-graph\">{\"@context\":\"https:\\\/\\\/schema.org\",\"@graph\":[{\"@type\":\"Article\",\"@id\":\"https:\\\/\\\/www.rri.ro\\\/de\\\/aktuell\\\/newsflash-de\\\/nachrichten-24-01-2015-id631572.html#article\",\"isPartOf\":{\"@id\":\"https:\\\/\\\/www.rri.ro\\\/de\\\/aktuell\\\/newsflash-de\\\/nachrichten-24-01-2015-id631572.html\"},\"author\":{\"name\":\"Newsroom\",\"@id\":\"https:\\\/\\\/www.rri.ro\\\/#\\\/schema\\\/person\\\/4a479940371b9fdefd194f561e8a7f88\"},\"headline\":\"Nachrichten 24.01.2015\",\"datePublished\":\"2015-01-24T15:13:00+00:00\",\"mainEntityOfPage\":{\"@id\":\"https:\\\/\\\/www.rri.ro\\\/de\\\/aktuell\\\/newsflash-de\\\/nachrichten-24-01-2015-id631572.html\"},\"wordCount\":269,\"image\":{\"@id\":\"https:\\\/\\\/www.rri.ro\\\/de\\\/aktuell\\\/newsflash-de\\\/nachrichten-24-01-2015-id631572.html#primaryimage\"},\"thumbnailUrl\":\"https:\\\/\\\/www.rri.ro\\\/wp-content\\\/uploads\\\/2023\\\/10\\\/harta-lumii.gif\",\"keywords\":[\"156\",\"Achtelfinale\",\"Australian Open\",\"Feierlichkeiten\",\"Florin Mergea\",\"F\u00fcrstent\u00fcmer\",\"Horia Tecau\",\"Iasi\",\"Iohannis\",\"Irina Begu\",\"Jahrestag\",\"Melbourne\",\"Moldau\",\"Ponta\",\"Rum\u00e4nien\",\"Simona Halep\",\"tennis\",\"Vereinigung\",\"Wallachei\"],\"articleSection\":[\"Newsflash\"],\"inLanguage\":\"de\"},{\"@type\":\"WebPage\",\"@id\":\"https:\\\/\\\/www.rri.ro\\\/de\\\/aktuell\\\/newsflash-de\\\/nachrichten-24-01-2015-id631572.html\",\"url\":\"https:\\\/\\\/www.rri.ro\\\/de\\\/aktuell\\\/newsflash-de\\\/nachrichten-24-01-2015-id631572.html\",\"name\":\"Nachrichten 24.01.2015 - Radio Rum\u00e4nien International\",\"isPartOf\":{\"@id\":\"https:\\\/\\\/www.rri.ro\\\/#website\"},\"primaryImageOfPage\":{\"@id\":\"https:\\\/\\\/www.rri.ro\\\/de\\\/aktuell\\\/newsflash-de\\\/nachrichten-24-01-2015-id631572.html#primaryimage\"},\"image\":{\"@id\":\"https:\\\/\\\/www.rri.ro\\\/de\\\/aktuell\\\/newsflash-de\\\/nachrichten-24-01-2015-id631572.html#primaryimage\"},\"thumbnailUrl\":\"https:\\\/\\\/www.rri.ro\\\/wp-content\\\/uploads\\\/2023\\\/10\\\/harta-lumii.gif\",\"datePublished\":\"2015-01-24T15:13:00+00:00\",\"author\":{\"@id\":\"https:\\\/\\\/www.rri.ro\\\/#\\\/schema\\\/person\\\/4a479940371b9fdefd194f561e8a7f88\"},\"breadcrumb\":{\"@id\":\"https:\\\/\\\/www.rri.ro\\\/de\\\/aktuell\\\/newsflash-de\\\/nachrichten-24-01-2015-id631572.html#breadcrumb\"},\"inLanguage\":\"de\",\"potentialAction\":[{\"@type\":\"ReadAction\",\"target\":[\"https:\\\/\\\/www.rri.ro\\\/de\\\/aktuell\\\/newsflash-de\\\/nachrichten-24-01-2015-id631572.html\"]}]},{\"@type\":\"ImageObject\",\"inLanguage\":\"de\",\"@id\":\"https:\\\/\\\/www.rri.ro\\\/de\\\/aktuell\\\/newsflash-de\\\/nachrichten-24-01-2015-id631572.html#primaryimage\",\"url\":\"https:\\\/\\\/www.rri.ro\\\/wp-content\\\/uploads\\\/2023\\\/10\\\/harta-lumii.gif\",\"contentUrl\":\"https:\\\/\\\/www.rri.ro\\\/wp-content\\\/uploads\\\/2023\\\/10\\\/harta-lumii.gif\",\"width\":640,\"height\":480},{\"@type\":\"BreadcrumbList\",\"@id\":\"https:\\\/\\\/www.rri.ro\\\/de\\\/aktuell\\\/newsflash-de\\\/nachrichten-24-01-2015-id631572.html#breadcrumb\",\"itemListElement\":[{\"@type\":\"ListItem\",\"position\":1,\"name\":\"Startseite\",\"item\":\"https:\\\/\\\/www.rri.ro\\\/de\"},{\"@type\":\"ListItem\",\"position\":2,\"name\":\"Aktuell\",\"item\":\"https:\\\/\\\/www.rri.ro\\\/de\\\/aktuell\"},{\"@type\":\"ListItem\",\"position\":3,\"name\":\"Newsflash\",\"item\":\"https:\\\/\\\/www.rri.ro\\\/de\\\/aktuell\\\/newsflash-de\"},{\"@type\":\"ListItem\",\"position\":4,\"name\":\"Nachrichten 24.01.2015\"}]},{\"@type\":\"WebSite\",\"@id\":\"https:\\\/\\\/www.rri.ro\\\/#website\",\"url\":\"https:\\\/\\\/www.rri.ro\\\/\",\"name\":\"Radio Rum\u00e4nien International\",\"description\":\"Totul despre Rom\u00e2nia \u015fi rom\u00e2ni, \u00een 13 limbi\\\/dialecte!\",\"inLanguage\":\"de\"},{\"@type\":\"Person\",\"@id\":\"https:\\\/\\\/www.rri.ro\\\/#\\\/schema\\\/person\\\/4a479940371b9fdefd194f561e8a7f88\",\"name\":\"Newsroom\",\"url\":\"https:\\\/\\\/www.rri.ro\\\/de\\\/author\\\/newsroom\"}]}<\/script>\n<!-- \/ Yoast SEO plugin. -->","yoast_head_json":{"title":"Nachrichten 24.01.2015 - Radio Rum\u00e4nien International","robots":{"index":"index","follow":"follow","max-snippet":"max-snippet:-1","max-image-preview":"max-image-preview:large","max-video-preview":"max-video-preview:-1"},"canonical":"https:\/\/www.rri.ro\/de\/aktuell\/newsflash-de\/nachrichten-24-01-2015-id631572.html","og_locale":"de_DE","og_type":"article","og_title":"Nachrichten 24.01.2015 - Radio Rum\u00e4nien International","og_description":"BUKAREST: Rum\u00e4nien feiert am Wochenende den 156. Jahrestag seit der Vereinigung der rum\u00e4nischen F\u00fcrstent\u00fcmer Moldau und der Wallachei. An den Zeremonien in Ia\u015fi, der ehemaligen Hauptstadt der Moldau, beteiligen sich der Pr\u00e4sident Klaus Iohannis und der Ministerpr\u00e4sident Victor Ponta. Am 24. Januar 1859 war der bereits zum F\u00fcrsten der Moldau gew\u00e4hlte Alexandru Ioan Cuza von [&hellip;]","og_url":"https:\/\/www.rri.ro\/de\/aktuell\/newsflash-de\/nachrichten-24-01-2015-id631572.html","og_site_name":"Radio Rum\u00e4nien International","article_published_time":"2015-01-24T15:13:00+00:00","og_image":[{"width":640,"height":480,"url":"https:\/\/www.rri.ro\/wp-content\/uploads\/2023\/10\/harta-lumii.gif","type":"image\/png"}],"author":"Newsroom","twitter_card":"summary_large_image","twitter_misc":{"Verfasst von":"Newsroom","Gesch\u00e4tzte Lesezeit":"1\u00a0Minute","Written by":"Newsroom"},"schema":{"@context":"https:\/\/schema.org","@graph":[{"@type":"Article","@id":"https:\/\/www.rri.ro\/de\/aktuell\/newsflash-de\/nachrichten-24-01-2015-id631572.html#article","isPartOf":{"@id":"https:\/\/www.rri.ro\/de\/aktuell\/newsflash-de\/nachrichten-24-01-2015-id631572.html"},"author":{"name":"Newsroom","@id":"https:\/\/www.rri.ro\/#\/schema\/person\/4a479940371b9fdefd194f561e8a7f88"},"headline":"Nachrichten 24.01.2015","datePublished":"2015-01-24T15:13:00+00:00","mainEntityOfPage":{"@id":"https:\/\/www.rri.ro\/de\/aktuell\/newsflash-de\/nachrichten-24-01-2015-id631572.html"},"wordCount":269,"image":{"@id":"https:\/\/www.rri.ro\/de\/aktuell\/newsflash-de\/nachrichten-24-01-2015-id631572.html#primaryimage"},"thumbnailUrl":"https:\/\/www.rri.ro\/wp-content\/uploads\/2023\/10\/harta-lumii.gif","keywords":["156","Achtelfinale","Australian Open","Feierlichkeiten","Florin Mergea","F\u00fcrstent\u00fcmer","Horia Tecau","Iasi","Iohannis","Irina Begu","Jahrestag","Melbourne","Moldau","Ponta","Rum\u00e4nien","Simona Halep","tennis","Vereinigung","Wallachei"],"articleSection":["Newsflash"],"inLanguage":"de"},{"@type":"WebPage","@id":"https:\/\/www.rri.ro\/de\/aktuell\/newsflash-de\/nachrichten-24-01-2015-id631572.html","url":"https:\/\/www.rri.ro\/de\/aktuell\/newsflash-de\/nachrichten-24-01-2015-id631572.html","name":"Nachrichten 24.01.2015 - Radio Rum\u00e4nien International","isPartOf":{"@id":"https:\/\/www.rri.ro\/#website"},"primaryImageOfPage":{"@id":"https:\/\/www.rri.ro\/de\/aktuell\/newsflash-de\/nachrichten-24-01-2015-id631572.html#primaryimage"},"image":{"@id":"https:\/\/www.rri.ro\/de\/aktuell\/newsflash-de\/nachrichten-24-01-2015-id631572.html#primaryimage"},"thumbnailUrl":"https:\/\/www.rri.ro\/wp-content\/uploads\/2023\/10\/harta-lumii.gif","datePublished":"2015-01-24T15:13:00+00:00","author":{"@id":"https:\/\/www.rri.ro\/#\/schema\/person\/4a479940371b9fdefd194f561e8a7f88"},"breadcrumb":{"@id":"https:\/\/www.rri.ro\/de\/aktuell\/newsflash-de\/nachrichten-24-01-2015-id631572.html#breadcrumb"},"inLanguage":"de","potentialAction":[{"@type":"ReadAction","target":["https:\/\/www.rri.ro\/de\/aktuell\/newsflash-de\/nachrichten-24-01-2015-id631572.html"]}]},{"@type":"ImageObject","inLanguage":"de","@id":"https:\/\/www.rri.ro\/de\/aktuell\/newsflash-de\/nachrichten-24-01-2015-id631572.html#primaryimage","url":"https:\/\/www.rri.ro\/wp-content\/uploads\/2023\/10\/harta-lumii.gif","contentUrl":"https:\/\/www.rri.ro\/wp-content\/uploads\/2023\/10\/harta-lumii.gif","width":640,"height":480},{"@type":"BreadcrumbList","@id":"https:\/\/www.rri.ro\/de\/aktuell\/newsflash-de\/nachrichten-24-01-2015-id631572.html#breadcrumb","itemListElement":[{"@type":"ListItem","position":1,"name":"Startseite","item":"https:\/\/www.rri.ro\/de"},{"@type":"ListItem","position":2,"name":"Aktuell","item":"https:\/\/www.rri.ro\/de\/aktuell"},{"@type":"ListItem","position":3,"name":"Newsflash","item":"https:\/\/www.rri.ro\/de\/aktuell\/newsflash-de"},{"@type":"ListItem","position":4,"name":"Nachrichten 24.01.2015"}]},{"@type":"WebSite","@id":"https:\/\/www.rri.ro\/#website","url":"https:\/\/www.rri.ro\/","name":"Radio Rum\u00e4nien International","description":"Totul despre Rom\u00e2nia \u015fi rom\u00e2ni, \u00een 13 limbi\/dialecte!","inLanguage":"de"},{"@type":"Person","@id":"https:\/\/www.rri.ro\/#\/schema\/person\/4a479940371b9fdefd194f561e8a7f88","name":"Newsroom","url":"https:\/\/www.rri.ro\/de\/author\/newsroom"}]}},"_links":{"self":[{"href":"https:\/\/www.rri.ro\/de\/wp-json\/wp\/v2\/posts\/631572","targetHints":{"allow":["GET"]}}],"collection":[{"href":"https:\/\/www.rri.ro\/de\/wp-json\/wp\/v2\/posts"}],"about":[{"href":"https:\/\/www.rri.ro\/de\/wp-json\/wp\/v2\/types\/post"}],"author":[{"embeddable":true,"href":"https:\/\/www.rri.ro\/de\/wp-json\/wp\/v2\/users\/113"}],"replies":[{"embeddable":true,"href":"https:\/\/www.rri.ro\/de\/wp-json\/wp\/v2\/comments?post=631572"}],"version-history":[{"count":0,"href":"https:\/\/www.rri.ro\/de\/wp-json\/wp\/v2\/posts\/631572\/revisions"}],"wp:featuredmedia":[{"embeddable":true,"href":"https:\/\/www.rri.ro\/de\/wp-json\/wp\/v2\/media\/201384"}],"wp:attachment":[{"href":"https:\/\/www.rri.ro\/de\/wp-json\/wp\/v2\/media?parent=631572"}],"wp:term":[{"taxonomy":"category","embeddable":true,"href":"https:\/\/www.rri.ro\/de\/wp-json\/wp\/v2\/categories?post=631572"},{"taxonomy":"post_tag","embeddable":true,"href":"https:\/\/www.rri.ro\/de\/wp-json\/wp\/v2\/tags?post=631572"},{"taxonomy":"author","embeddable":true,"href":"https:\/\/www.rri.ro\/de\/wp-json\/wp\/v2\/coauthors?post=631572"}],"curies":[{"name":"wp","href":"https:\/\/api.w.org\/{rel}","templated":true}]}}