{"id":631639,"date":"2015-03-20T19:45:00","date_gmt":"2015-03-20T17:45:00","guid":{"rendered":"http:\/\/devrri.freshlemon.ro\/aktuell\/nachrichten-20-03-2015-id631639.html"},"modified":"2015-03-20T19:45:00","modified_gmt":"2015-03-20T17:45:00","slug":"nachrichten-20-03-2015","status":"publish","type":"post","link":"https:\/\/www.rri.ro\/de\/aktuell\/newsflash-de\/nachrichten-20-03-2015-id631639.html","title":{"rendered":"Nachrichten 20.03.2015"},"content":{"rendered":"<p><strong>BR\u00dcSSEL:<\/strong> Die Staats- und Regierungschefs der Europ\u00e4ischen Union haben am Freitag in Br\u00fcssel die Gr\u00fcndung einer Energieunion vereinbart. Rum\u00e4niens Pr\u00e4sident Klaus Iohannis sprach sich beim Fr\u00fchjahrsgipfel des Europ\u00e4ischen Rates f\u00fcr den Abschluss der Liberalisierung des Strom-Binnenmarktes der Union aus. F\u00fcr Rum\u00e4nien w\u00fcrde dies mittel- und langfristig eine Entwicklung der Energie-Infrastruktur, g\u00fcnstige Energiepreise f\u00fcr den Endverbraucher, die Festigung der Wettbewerbsf\u00e4higkeit der Branche, Wirtschaftswachstum und die Schaffung von Arbeitspl\u00e4tzen bedeuten, so Iohannis noch. Einzelheiten zu den Schlussfolgerungen des Europ\u00e4ischen Rates in Br\u00fcssel nach den Nachrichten.<\/p>\n<p>&#13;<br \/>\n&#13;<\/p>\n<p>&#13;<br \/>\n&#13;<\/p>\n<p><strong>BUKAREST<\/strong>: Ministerpr\u00e4sident Victor Ponta zieht eine \u00dcbernahme des Gesch\u00e4ftsbereichs Finanzen in Erw\u00e4gung. Er w\u00fcrde das Amt bis zur Verabschiedung des neuen Steuergesetzes und des neuen Steuerverfahrensrechts interimistisch leiten, verlautete es aus Regierungskreisen, die von den Medien in Bukarest zitiert werden. Eine Entscheidung in diesem Sinne k\u00f6nnte nach Beratungen mit Pr\u00e4sident Klaus Iohannis getroffen werden.  Ex-Finanzminister Darius V\u00e2lcov war aus seinem Amt zur\u00fcckgetreten, nachdem die Antikorruptionsbeh\u00f6rde DNA Strafermittlungen gegen ihn wegen vermuteter Korruptionsdelikte aufgenommen hatte. Die Staatsanw\u00e4lte forderten beim Parlament die Zustimmung f\u00fcr seine Festnahme und Untersuchungshaft an. V\u00e2lcov soll als B\u00fcrgermeister des s\u00fcdrum\u00e4nischen Slatina in den Jahren 2008-2009 zwei Millionen Euro an Bestechungsgeldern f\u00fcr die Vergabe \u00f6ffentlicher Auftr\u00e4ge an bestimmte Unternehmen erhalten haben.<\/p>\n<p>&#13;<br \/>\n&#13;<\/p>\n<p>&#13;<br \/>\n&#13;<\/p>\n<p><strong>BUKAREST<\/strong>: Rum\u00e4niens Diplomaten haben ihr Vertrauen in die Macht der Frankophonie zum Ausdruck gebracht. Man sei zuversichtlich, dass die Frankophonie \u00fcber die Kapazit\u00e4ten verf\u00fcge, um globale Probleme zu beseitigen, hie\u200e\u00df es in einer Mitteilung des rum\u00e4nischen Au\u200e\u00dfenministers Bogdan Aurescu anl\u00e4sslich des Internationalen Tages der Frankophonie. Rum\u00e4nien sei ein wichtiges Mitglied der Internationalen Organisation der Frankophonie und das seit der Erlangung des Beobachterstatuses in 1991 und der Aufnahme als vollberechtigtes Mitglied 1993, hob Aurescu hervor. Seitdem habe Rum\u00e4nien ununterbrochen zugunsten der F\u00f6rderung und der Erf\u00fcllung frankophoner Ziele agiert. Als Leuchtturm der Frankophonie in Mittel- und Osteuropa messe Rum\u00e4nien deren regionaler Dimension eine besondere Bedeutung bei. 2006 war Bukarest Gastgeber des Frankophonie-Gipfels.<\/p>\n<p>&#13;<br \/>\n&#13;<\/p>\n<p>&#13;<br \/>\n&#13;<\/p>\n<p><strong>BUKAREST:<\/strong> Das rum\u00e4nische Au\u200e\u00dfenministerium diskutiert mit den tunesischen Beh\u00f6rden \u00fcber die Untersuchung von Presseberichten, wonach bei dem Anschlag auf das National-Museum in Tunis unter anderen auch rum\u00e4nische Maschinengewehre verwendet wurden. Die rum\u00e4nische Kontrollbeh\u00f6rde im Bereich Import-Export von strategischen G\u00fctern wird die Herkunft der Waffen nachpr\u00fcfen, wenn die tunesischen Beh\u00f6rden den rum\u00e4nischen Experten Identifizierungsdaten \u00fcber die betreffenden Maschinengewehre zur Verf\u00fcgung stellen, steht noch in einem Communique des Bukarester Au\u200e\u00dfenministeriums. Die Terrormiliz Islamischer Staat hat sich zu dem Terroranschlag in Tunis bekannt. Bei dem Anschlag wurden 25 Menschen get\u00f6tet und 50 verletzt; die Opfer waren vorwiegend europ\u00e4ische Touristen.<\/p>\n<p>&#13;<br \/>\n&#13;<\/p>\n<p>&#13;<br \/>\n&#13;<\/p>\n<p><strong>SPORT<\/strong>: Rum\u00e4niens Rugby-Nationalmannschaft empf\u00e4ngt am letzten Spieltag des Europe Championships die Auswahl Georgiens am Samstag in Bukarest. Die Partie gilt als Endspiel des Nachfolgewettbewerbs des fr\u00fcheren European Nations-Cup &#8212; Georgien ist Tabellenf\u00fchrer mit 17 Punkten, eng gefolgt von Rum\u00e4nien mit 15 Z\u00e4hlern. Bislang hatte die rum\u00e4nische Mannschaft Siege gegen Portugal, Spanien und Deutschland eingefahren und eine Niederlage gegen Russland kassiert. Der European Championship gilt als zweitwichtigster Wettbewerb f\u00fcr Nationalmannschaften in Europa, nach dem bekannten 6-Nations-Cup.<\/p>\n<p>&#13;<\/p>\n","protected":false},"excerpt":{"rendered":"<p>BR\u00dcSSEL: Die Staats- und Regierungschefs der Europ\u00e4ischen Union haben am Freitag in Br\u00fcssel die Gr\u00fcndung einer Energieunion vereinbart. Rum\u00e4niens Pr\u00e4sident Klaus Iohannis sprach sich beim Fr\u00fchjahrsgipfel des Europ\u00e4ischen Rates f\u00fcr den Abschluss der Liberalisierung des Strom-Binnenmarktes der Union aus. F\u00fcr Rum\u00e4nien w\u00fcrde dies mittel- und langfristig eine Entwicklung der Energie-Infrastruktur, g\u00fcnstige Energiepreise f\u00fcr den Endverbraucher, [&hellip;]<\/p>\n","protected":false},"author":113,"featured_media":201384,"comment_status":"closed","ping_status":"closed","sticky":false,"template":"","format":"standard","meta":{"_acf_changed":false,"footnotes":""},"categories":[116753],"tags":[104545,103160,102462,102464,117807,100434,100499,125144,100453,100502,125148,137226,99702,100739,125149,99897,150889,99589,99626,102439,54180,101238,33946,169260],"coauthors":[],"class_list":["post-631639","post","type-post","status-publish","format-standard","has-post-thumbnail","hentry","category-newsflash-de","tag-bruessel","tag-anschlag","tag-energieunion","tag-europaeischer-rat","tag-europe-championship","tag-finanzminister","tag-frankophonie","tag-fruehjahrsgipfel","tag-georgien","tag-gipfel","tag-internationaler-tag","tag-klaus-iohannis-de","tag-korruption","tag-liberalisierung","tag-maschinengewehre","tag-ministerpraesident","tag-rugby-de","tag-rumaenien","tag-steuergesetz","tag-steuerverfahrensrecht","tag-tunis","tag-untersuchungshaft","tag-valcov","tag-victor-ponta-de"],"acf":[],"yoast_head":"<!-- This site is optimized with the Yoast SEO plugin v27.3 - https:\/\/yoast.com\/product\/yoast-seo-wordpress\/ -->\n<title>Nachrichten 20.03.2015 - Radio Rum\u00e4nien International<\/title>\n<meta name=\"robots\" content=\"index, follow, max-snippet:-1, max-image-preview:large, max-video-preview:-1\" \/>\n<link rel=\"canonical\" href=\"https:\/\/www.rri.ro\/de\/aktuell\/newsflash-de\/nachrichten-20-03-2015-id631639.html\" \/>\n<meta property=\"og:locale\" content=\"de_DE\" \/>\n<meta property=\"og:type\" content=\"article\" \/>\n<meta property=\"og:title\" content=\"Nachrichten 20.03.2015 - Radio Rum\u00e4nien International\" \/>\n<meta property=\"og:description\" content=\"BR\u00dcSSEL: Die Staats- und Regierungschefs der Europ\u00e4ischen Union haben am Freitag in Br\u00fcssel die Gr\u00fcndung einer Energieunion vereinbart. Rum\u00e4niens Pr\u00e4sident Klaus Iohannis sprach sich beim Fr\u00fchjahrsgipfel des Europ\u00e4ischen Rates f\u00fcr den Abschluss der Liberalisierung des Strom-Binnenmarktes der Union aus. F\u00fcr Rum\u00e4nien w\u00fcrde dies mittel- und langfristig eine Entwicklung der Energie-Infrastruktur, g\u00fcnstige Energiepreise f\u00fcr den Endverbraucher, [&hellip;]\" \/>\n<meta property=\"og:url\" content=\"https:\/\/www.rri.ro\/de\/aktuell\/newsflash-de\/nachrichten-20-03-2015-id631639.html\" \/>\n<meta property=\"og:site_name\" content=\"Radio Rum\u00e4nien International\" \/>\n<meta property=\"article:published_time\" content=\"2015-03-20T17:45:00+00:00\" \/>\n<meta property=\"og:image\" content=\"https:\/\/www.rri.ro\/wp-content\/uploads\/2023\/10\/harta-lumii.gif\" \/>\n\t<meta property=\"og:image:width\" content=\"640\" \/>\n\t<meta property=\"og:image:height\" content=\"480\" \/>\n\t<meta property=\"og:image:type\" content=\"image\/png\" \/>\n<meta name=\"author\" content=\"Newsroom\" \/>\n<meta name=\"twitter:card\" content=\"summary_large_image\" \/>\n<meta name=\"twitter:label1\" content=\"Verfasst von\" \/>\n\t<meta name=\"twitter:data1\" content=\"Newsroom\" \/>\n\t<meta name=\"twitter:label2\" content=\"Gesch\u00e4tzte Lesezeit\" \/>\n\t<meta name=\"twitter:data2\" content=\"3\u00a0Minuten\" \/>\n\t<meta name=\"twitter:label3\" content=\"Written by\" \/>\n\t<meta name=\"twitter:data3\" content=\"Newsroom\" \/>\n<script type=\"application\/ld+json\" class=\"yoast-schema-graph\">{\"@context\":\"https:\\\/\\\/schema.org\",\"@graph\":[{\"@type\":\"Article\",\"@id\":\"https:\\\/\\\/www.rri.ro\\\/de\\\/aktuell\\\/newsflash-de\\\/nachrichten-20-03-2015-id631639.html#article\",\"isPartOf\":{\"@id\":\"https:\\\/\\\/www.rri.ro\\\/de\\\/aktuell\\\/newsflash-de\\\/nachrichten-20-03-2015-id631639.html\"},\"author\":{\"name\":\"Newsroom\",\"@id\":\"https:\\\/\\\/www.rri.ro\\\/#\\\/schema\\\/person\\\/4a479940371b9fdefd194f561e8a7f88\"},\"headline\":\"Nachrichten 20.03.2015\",\"datePublished\":\"2015-03-20T17:45:00+00:00\",\"mainEntityOfPage\":{\"@id\":\"https:\\\/\\\/www.rri.ro\\\/de\\\/aktuell\\\/newsflash-de\\\/nachrichten-20-03-2015-id631639.html\"},\"wordCount\":539,\"image\":{\"@id\":\"https:\\\/\\\/www.rri.ro\\\/de\\\/aktuell\\\/newsflash-de\\\/nachrichten-20-03-2015-id631639.html#primaryimage\"},\"thumbnailUrl\":\"https:\\\/\\\/www.rri.ro\\\/wp-content\\\/uploads\\\/2023\\\/10\\\/harta-lumii.gif\",\"keywords\":[\"&#013; Br\u00fcssel\",\"Anschlag\",\"Energieunion\",\"Europ\u00e4ischer Rat\",\"Europe Championship\",\"Finanzminister\",\"Frankophonie\",\"Fr\u00fchjahrsgipfel\",\"Georgien\",\"Gipfel\",\"internationaler Tag\",\"Klaus Iohannis\",\"Korruption\",\"Liberalisierung\",\"Maschinengewehre\",\"Ministerpr\u00e4sident\",\"rugby\",\"Rum\u00e4nien\",\"Steuergesetz\",\"Steuerverfahrensrecht\",\"Tunis\",\"Untersuchungshaft\",\"Valcov\",\"Victor Ponta\"],\"articleSection\":[\"Newsflash\"],\"inLanguage\":\"de\"},{\"@type\":\"WebPage\",\"@id\":\"https:\\\/\\\/www.rri.ro\\\/de\\\/aktuell\\\/newsflash-de\\\/nachrichten-20-03-2015-id631639.html\",\"url\":\"https:\\\/\\\/www.rri.ro\\\/de\\\/aktuell\\\/newsflash-de\\\/nachrichten-20-03-2015-id631639.html\",\"name\":\"Nachrichten 20.03.2015 - Radio Rum\u00e4nien International\",\"isPartOf\":{\"@id\":\"https:\\\/\\\/www.rri.ro\\\/#website\"},\"primaryImageOfPage\":{\"@id\":\"https:\\\/\\\/www.rri.ro\\\/de\\\/aktuell\\\/newsflash-de\\\/nachrichten-20-03-2015-id631639.html#primaryimage\"},\"image\":{\"@id\":\"https:\\\/\\\/www.rri.ro\\\/de\\\/aktuell\\\/newsflash-de\\\/nachrichten-20-03-2015-id631639.html#primaryimage\"},\"thumbnailUrl\":\"https:\\\/\\\/www.rri.ro\\\/wp-content\\\/uploads\\\/2023\\\/10\\\/harta-lumii.gif\",\"datePublished\":\"2015-03-20T17:45:00+00:00\",\"author\":{\"@id\":\"https:\\\/\\\/www.rri.ro\\\/#\\\/schema\\\/person\\\/4a479940371b9fdefd194f561e8a7f88\"},\"breadcrumb\":{\"@id\":\"https:\\\/\\\/www.rri.ro\\\/de\\\/aktuell\\\/newsflash-de\\\/nachrichten-20-03-2015-id631639.html#breadcrumb\"},\"inLanguage\":\"de\",\"potentialAction\":[{\"@type\":\"ReadAction\",\"target\":[\"https:\\\/\\\/www.rri.ro\\\/de\\\/aktuell\\\/newsflash-de\\\/nachrichten-20-03-2015-id631639.html\"]}]},{\"@type\":\"ImageObject\",\"inLanguage\":\"de\",\"@id\":\"https:\\\/\\\/www.rri.ro\\\/de\\\/aktuell\\\/newsflash-de\\\/nachrichten-20-03-2015-id631639.html#primaryimage\",\"url\":\"https:\\\/\\\/www.rri.ro\\\/wp-content\\\/uploads\\\/2023\\\/10\\\/harta-lumii.gif\",\"contentUrl\":\"https:\\\/\\\/www.rri.ro\\\/wp-content\\\/uploads\\\/2023\\\/10\\\/harta-lumii.gif\",\"width\":640,\"height\":480},{\"@type\":\"BreadcrumbList\",\"@id\":\"https:\\\/\\\/www.rri.ro\\\/de\\\/aktuell\\\/newsflash-de\\\/nachrichten-20-03-2015-id631639.html#breadcrumb\",\"itemListElement\":[{\"@type\":\"ListItem\",\"position\":1,\"name\":\"Startseite\",\"item\":\"https:\\\/\\\/www.rri.ro\\\/de\"},{\"@type\":\"ListItem\",\"position\":2,\"name\":\"Aktuell\",\"item\":\"https:\\\/\\\/www.rri.ro\\\/de\\\/aktuell\"},{\"@type\":\"ListItem\",\"position\":3,\"name\":\"Newsflash\",\"item\":\"https:\\\/\\\/www.rri.ro\\\/de\\\/aktuell\\\/newsflash-de\"},{\"@type\":\"ListItem\",\"position\":4,\"name\":\"Nachrichten 20.03.2015\"}]},{\"@type\":\"WebSite\",\"@id\":\"https:\\\/\\\/www.rri.ro\\\/#website\",\"url\":\"https:\\\/\\\/www.rri.ro\\\/\",\"name\":\"Radio Rum\u00e4nien International\",\"description\":\"Totul despre Rom\u00e2nia \u015fi rom\u00e2ni, \u00een 13 limbi\\\/dialecte!\",\"inLanguage\":\"de\"},{\"@type\":\"Person\",\"@id\":\"https:\\\/\\\/www.rri.ro\\\/#\\\/schema\\\/person\\\/4a479940371b9fdefd194f561e8a7f88\",\"name\":\"Newsroom\",\"url\":\"https:\\\/\\\/www.rri.ro\\\/de\\\/author\\\/newsroom\"}]}<\/script>\n<!-- \/ Yoast SEO plugin. -->","yoast_head_json":{"title":"Nachrichten 20.03.2015 - Radio Rum\u00e4nien International","robots":{"index":"index","follow":"follow","max-snippet":"max-snippet:-1","max-image-preview":"max-image-preview:large","max-video-preview":"max-video-preview:-1"},"canonical":"https:\/\/www.rri.ro\/de\/aktuell\/newsflash-de\/nachrichten-20-03-2015-id631639.html","og_locale":"de_DE","og_type":"article","og_title":"Nachrichten 20.03.2015 - Radio Rum\u00e4nien International","og_description":"BR\u00dcSSEL: Die Staats- und Regierungschefs der Europ\u00e4ischen Union haben am Freitag in Br\u00fcssel die Gr\u00fcndung einer Energieunion vereinbart. Rum\u00e4niens Pr\u00e4sident Klaus Iohannis sprach sich beim Fr\u00fchjahrsgipfel des Europ\u00e4ischen Rates f\u00fcr den Abschluss der Liberalisierung des Strom-Binnenmarktes der Union aus. F\u00fcr Rum\u00e4nien w\u00fcrde dies mittel- und langfristig eine Entwicklung der Energie-Infrastruktur, g\u00fcnstige Energiepreise f\u00fcr den Endverbraucher, [&hellip;]","og_url":"https:\/\/www.rri.ro\/de\/aktuell\/newsflash-de\/nachrichten-20-03-2015-id631639.html","og_site_name":"Radio Rum\u00e4nien International","article_published_time":"2015-03-20T17:45:00+00:00","og_image":[{"width":640,"height":480,"url":"https:\/\/www.rri.ro\/wp-content\/uploads\/2023\/10\/harta-lumii.gif","type":"image\/png"}],"author":"Newsroom","twitter_card":"summary_large_image","twitter_misc":{"Verfasst von":"Newsroom","Gesch\u00e4tzte Lesezeit":"3\u00a0Minuten","Written by":"Newsroom"},"schema":{"@context":"https:\/\/schema.org","@graph":[{"@type":"Article","@id":"https:\/\/www.rri.ro\/de\/aktuell\/newsflash-de\/nachrichten-20-03-2015-id631639.html#article","isPartOf":{"@id":"https:\/\/www.rri.ro\/de\/aktuell\/newsflash-de\/nachrichten-20-03-2015-id631639.html"},"author":{"name":"Newsroom","@id":"https:\/\/www.rri.ro\/#\/schema\/person\/4a479940371b9fdefd194f561e8a7f88"},"headline":"Nachrichten 20.03.2015","datePublished":"2015-03-20T17:45:00+00:00","mainEntityOfPage":{"@id":"https:\/\/www.rri.ro\/de\/aktuell\/newsflash-de\/nachrichten-20-03-2015-id631639.html"},"wordCount":539,"image":{"@id":"https:\/\/www.rri.ro\/de\/aktuell\/newsflash-de\/nachrichten-20-03-2015-id631639.html#primaryimage"},"thumbnailUrl":"https:\/\/www.rri.ro\/wp-content\/uploads\/2023\/10\/harta-lumii.gif","keywords":["&#013; Br\u00fcssel","Anschlag","Energieunion","Europ\u00e4ischer Rat","Europe Championship","Finanzminister","Frankophonie","Fr\u00fchjahrsgipfel","Georgien","Gipfel","internationaler Tag","Klaus Iohannis","Korruption","Liberalisierung","Maschinengewehre","Ministerpr\u00e4sident","rugby","Rum\u00e4nien","Steuergesetz","Steuerverfahrensrecht","Tunis","Untersuchungshaft","Valcov","Victor Ponta"],"articleSection":["Newsflash"],"inLanguage":"de"},{"@type":"WebPage","@id":"https:\/\/www.rri.ro\/de\/aktuell\/newsflash-de\/nachrichten-20-03-2015-id631639.html","url":"https:\/\/www.rri.ro\/de\/aktuell\/newsflash-de\/nachrichten-20-03-2015-id631639.html","name":"Nachrichten 20.03.2015 - Radio Rum\u00e4nien International","isPartOf":{"@id":"https:\/\/www.rri.ro\/#website"},"primaryImageOfPage":{"@id":"https:\/\/www.rri.ro\/de\/aktuell\/newsflash-de\/nachrichten-20-03-2015-id631639.html#primaryimage"},"image":{"@id":"https:\/\/www.rri.ro\/de\/aktuell\/newsflash-de\/nachrichten-20-03-2015-id631639.html#primaryimage"},"thumbnailUrl":"https:\/\/www.rri.ro\/wp-content\/uploads\/2023\/10\/harta-lumii.gif","datePublished":"2015-03-20T17:45:00+00:00","author":{"@id":"https:\/\/www.rri.ro\/#\/schema\/person\/4a479940371b9fdefd194f561e8a7f88"},"breadcrumb":{"@id":"https:\/\/www.rri.ro\/de\/aktuell\/newsflash-de\/nachrichten-20-03-2015-id631639.html#breadcrumb"},"inLanguage":"de","potentialAction":[{"@type":"ReadAction","target":["https:\/\/www.rri.ro\/de\/aktuell\/newsflash-de\/nachrichten-20-03-2015-id631639.html"]}]},{"@type":"ImageObject","inLanguage":"de","@id":"https:\/\/www.rri.ro\/de\/aktuell\/newsflash-de\/nachrichten-20-03-2015-id631639.html#primaryimage","url":"https:\/\/www.rri.ro\/wp-content\/uploads\/2023\/10\/harta-lumii.gif","contentUrl":"https:\/\/www.rri.ro\/wp-content\/uploads\/2023\/10\/harta-lumii.gif","width":640,"height":480},{"@type":"BreadcrumbList","@id":"https:\/\/www.rri.ro\/de\/aktuell\/newsflash-de\/nachrichten-20-03-2015-id631639.html#breadcrumb","itemListElement":[{"@type":"ListItem","position":1,"name":"Startseite","item":"https:\/\/www.rri.ro\/de"},{"@type":"ListItem","position":2,"name":"Aktuell","item":"https:\/\/www.rri.ro\/de\/aktuell"},{"@type":"ListItem","position":3,"name":"Newsflash","item":"https:\/\/www.rri.ro\/de\/aktuell\/newsflash-de"},{"@type":"ListItem","position":4,"name":"Nachrichten 20.03.2015"}]},{"@type":"WebSite","@id":"https:\/\/www.rri.ro\/#website","url":"https:\/\/www.rri.ro\/","name":"Radio Rum\u00e4nien International","description":"Totul despre Rom\u00e2nia \u015fi rom\u00e2ni, \u00een 13 limbi\/dialecte!","inLanguage":"de"},{"@type":"Person","@id":"https:\/\/www.rri.ro\/#\/schema\/person\/4a479940371b9fdefd194f561e8a7f88","name":"Newsroom","url":"https:\/\/www.rri.ro\/de\/author\/newsroom"}]}},"_links":{"self":[{"href":"https:\/\/www.rri.ro\/de\/wp-json\/wp\/v2\/posts\/631639","targetHints":{"allow":["GET"]}}],"collection":[{"href":"https:\/\/www.rri.ro\/de\/wp-json\/wp\/v2\/posts"}],"about":[{"href":"https:\/\/www.rri.ro\/de\/wp-json\/wp\/v2\/types\/post"}],"author":[{"embeddable":true,"href":"https:\/\/www.rri.ro\/de\/wp-json\/wp\/v2\/users\/113"}],"replies":[{"embeddable":true,"href":"https:\/\/www.rri.ro\/de\/wp-json\/wp\/v2\/comments?post=631639"}],"version-history":[{"count":0,"href":"https:\/\/www.rri.ro\/de\/wp-json\/wp\/v2\/posts\/631639\/revisions"}],"wp:featuredmedia":[{"embeddable":true,"href":"https:\/\/www.rri.ro\/de\/wp-json\/wp\/v2\/media\/201384"}],"wp:attachment":[{"href":"https:\/\/www.rri.ro\/de\/wp-json\/wp\/v2\/media?parent=631639"}],"wp:term":[{"taxonomy":"category","embeddable":true,"href":"https:\/\/www.rri.ro\/de\/wp-json\/wp\/v2\/categories?post=631639"},{"taxonomy":"post_tag","embeddable":true,"href":"https:\/\/www.rri.ro\/de\/wp-json\/wp\/v2\/tags?post=631639"},{"taxonomy":"author","embeddable":true,"href":"https:\/\/www.rri.ro\/de\/wp-json\/wp\/v2\/coauthors?post=631639"}],"curies":[{"name":"wp","href":"https:\/\/api.w.org\/{rel}","templated":true}]}}