{"id":631723,"date":"2015-06-02T21:40:00","date_gmt":"2015-06-02T18:40:00","guid":{"rendered":"http:\/\/devrri.freshlemon.ro\/aktuell\/nachrichten-02-06-2015-id631723.html"},"modified":"2015-06-02T21:40:00","modified_gmt":"2015-06-02T18:40:00","slug":"nachrichten-02-06-2015","status":"publish","type":"post","link":"https:\/\/www.rri.ro\/de\/aktuell\/newsflash-de\/nachrichten-02-06-2015-id631723.html","title":{"rendered":"Nachrichten 02.06.2015"},"content":{"rendered":"<p align=JUSTIFY lang=it-IT style=margin-right: 0.5in; margin-bottom: 0in; line-height: 150%>BUKAREST: Der rum\u00e4nische Ministerpr\u00e4sident, Victor Ponta, hat im Rahmen der \u201cStunde des Ministerpr\u00e4sidenten\u201d vor der Abgeordnetenkammer die Wirtschaftsbilanz f\u00fcrs erste Jahresquartal 2015 pr\u00e4sentiert. Wirtschaftlich befinde sich Rum\u00e4nien in einem sehr guten Moment. Die rum\u00e4nische Wirtschaft k\u00f6nnte in diesem Jahr um 3-4 % wachsen, so der Premier. Rum\u00e4nien habe mit einem Wachstum des BIP von 4,2 % im 1. Quartal dieses Jahres in puncto Wirtschaftswachstum den ersten Platz in der EU belegt. Das Wirtschaftswachstum basiere auf den internen Konsum. Im Industrie-, Dienstleistungssektor und im Bausektor habe man ein Wachstum verzeichnet. Die \u201cStunde des Ministerpr\u00e4sidenten\u201d, die seit letzten Monat in der Abgeordnetenkammer stattfindet, ist der \u201cAktuellen Stunde\u201d im Deutschen Bundestag \u00e4hnlich. Am ersten Montag jedes Monats beteiligt sich der Regierungschef an einer Debatte zu einem aktuellen Thema, das von den Parlamentsgruppen beschlossen wird.<\/p>\n<p>&#13;<br \/>\n&#13;<\/p>\n<p align=JUSTIFY lang=it-IT style=margin-right: 0.5in; margin-bottom: 0in; line-height: 150%>\n<p>&#13;<br \/>\n&#13;<\/p>\n<p align=JUSTIFY lang=it-IT style=margin-right: 0.5in; margin-bottom: 0in; line-height: 150%>\n<p>&#13;<br \/>\n&#13;<\/p>\n<p align=JUSTIFY style=margin-right: 0.5in; margin-bottom: 0in; line-height: 150%>BUKAREST: Der britische Thronfolger, Prinz Charles, der sich seit Sonntag auf einem Privatbesuch in Rum\u00e4nien aufh\u00e4lt, hat am Dienstag die Stiftung \u201cPrince of Wales\u201d gegr\u00fcndet. Die Stiftung \u201cPrince of Wales\u201d ist eine wohlt\u00e4tige Stiftung mit dem Ziel, das rum\u00e4nische Kulturerbe, die Landwirtschaft und die nachhaltige Entwicklung in Rum\u00e4nien zu unterst\u00fctzen. Der britische Thronfolger reist im Fr\u00fchsommer immer wieder f\u00fcr einige Tage nach Rum\u00e4nien, wo er inzwischen vier Grundst\u00fccke und mehrere H\u00e4user besitzt. Eines dieser H\u00e4user in der Ortschaft Viscri\/Weisskirch im Kreis Brasov wird renoviert und als Ausbildungszentrum mit Klassenzimmern, einem Konferenzsaal und \u00dcbernachtungsm\u00f6glichkeiten er\u00f6ffnet. Dort werden Kurse \u00fcber die Restaurierung von alten H\u00e4usern f\u00fcr Ortsans\u00e4ssige und Interessenten aus dem Ausland angeboten. Prinz Charles hat eine Vorliebe f\u00fcr die mittelalterliche s\u00e4chsische Architektur in Rum\u00e4nien &#8212; Burgen, Kirchenburgen und H\u00e4user, die im Mittelalter von deutschen Kolonisten in Siebenb\u00fcrgen errichtet wurden.<\/p>\n<p>&#13;<br \/>\n&#13;<\/p>\n<p align=JUSTIFY lang=de-DE style=margin-right: 0.5in; margin-bottom: 0in; line-height: 150%>\n<p>&#13;<br \/>\n&#13;<\/p>\n<p align=JUSTIFY lang=de-DE style=margin-right: 0.5in; margin-bottom: 0in; line-height: 150%>\n<p>&#13;<br \/>\n&#13;<\/p>\n<p align=JUSTIFY lang=de-DE style=margin-right: 0.5in; margin-bottom: 0in; line-height: 150%>PARIS: Horia Tecau und Jean Julien Rojer stehen beim Roland Garros- Tennisturnier im Halbfinale. Das Tennis-Duo setzte sich am Dienstag im Viertelfinale gegen Vasek Pospisil aus Kanada und Jack Sock aus den USA mit 6-3, 6-3 durch. Horia Tecau erreichte somit zum ersten Mal die Vorschlussrunde beim Rolland Garros. 2011 hatte er zusammen mit dem Schweden Robert Linstedt das Viertelfinale erreicht. Tecau und Rojer stehen zum zweiten Mal in der Halbfinale eines Grand-Slam-Turniers. Die beiden haben dieses Jahr auch im Halbfinale des Australian Open gespielt.<\/p>\n<p>&#13;<\/p>\n","protected":false},"excerpt":{"rendered":"<p>BUKAREST: Der rum\u00e4nische Ministerpr\u00e4sident, Victor Ponta, hat im Rahmen der \u201cStunde des Ministerpr\u00e4sidenten\u201d vor der Abgeordnetenkammer die Wirtschaftsbilanz f\u00fcrs erste Jahresquartal 2015 pr\u00e4sentiert. Wirtschaftlich befinde sich Rum\u00e4nien in einem sehr guten Moment. Die rum\u00e4nische Wirtschaft k\u00f6nnte in diesem Jahr um 3-4 % wachsen, so der Premier. Rum\u00e4nien habe mit einem Wachstum des BIP von 4,2 [&hellip;]<\/p>\n","protected":false},"author":66,"featured_media":212248,"comment_status":"closed","ping_status":"closed","sticky":false,"template":"","format":"standard","meta":{"_acf_changed":false,"footnotes":""},"categories":[116753],"tags":[125283,103903,163240,99589,169260,40662,99620],"coauthors":[],"class_list":["post-631723","post","type-post","status-publish","format-standard","has-post-thumbnail","hentry","category-newsflash-de","tag-deutsch-weisskirch","tag-prinz-charles","tag-roland-garros-de","tag-rumaenien","tag-victor-ponta-de","tag-viscri","tag-wirtschaftswachstum"],"acf":[],"yoast_head":"<!-- This site is optimized with the Yoast SEO plugin v27.3 - https:\/\/yoast.com\/product\/yoast-seo-wordpress\/ -->\n<title>Nachrichten 02.06.2015 - Radio Rum\u00e4nien International<\/title>\n<meta name=\"robots\" content=\"index, follow, max-snippet:-1, max-image-preview:large, max-video-preview:-1\" \/>\n<link rel=\"canonical\" href=\"https:\/\/www.rri.ro\/de\/aktuell\/newsflash-de\/nachrichten-02-06-2015-id631723.html\" \/>\n<meta property=\"og:locale\" content=\"de_DE\" \/>\n<meta property=\"og:type\" content=\"article\" \/>\n<meta property=\"og:title\" content=\"Nachrichten 02.06.2015 - Radio Rum\u00e4nien International\" \/>\n<meta property=\"og:description\" content=\"BUKAREST: Der rum\u00e4nische Ministerpr\u00e4sident, Victor Ponta, hat im Rahmen der \u201cStunde des Ministerpr\u00e4sidenten\u201d vor der Abgeordnetenkammer die Wirtschaftsbilanz f\u00fcrs erste Jahresquartal 2015 pr\u00e4sentiert. Wirtschaftlich befinde sich Rum\u00e4nien in einem sehr guten Moment. Die rum\u00e4nische Wirtschaft k\u00f6nnte in diesem Jahr um 3-4 % wachsen, so der Premier. Rum\u00e4nien habe mit einem Wachstum des BIP von 4,2 [&hellip;]\" \/>\n<meta property=\"og:url\" content=\"https:\/\/www.rri.ro\/de\/aktuell\/newsflash-de\/nachrichten-02-06-2015-id631723.html\" \/>\n<meta property=\"og:site_name\" content=\"Radio Rum\u00e4nien International\" \/>\n<meta property=\"article:published_time\" content=\"2015-06-02T18:40:00+00:00\" \/>\n<meta property=\"og:image\" content=\"https:\/\/www.rri.ro\/wp-content\/uploads\/2023\/10\/harta-lumii.jpg\" \/>\n\t<meta property=\"og:image:width\" content=\"640\" \/>\n\t<meta property=\"og:image:height\" content=\"480\" \/>\n\t<meta property=\"og:image:type\" content=\"image\/png\" \/>\n<meta name=\"author\" content=\"Alex Grigorescu\" \/>\n<meta name=\"twitter:card\" content=\"summary_large_image\" \/>\n<meta name=\"twitter:label1\" content=\"Verfasst von\" \/>\n\t<meta name=\"twitter:data1\" content=\"Alex Grigorescu\" \/>\n\t<meta name=\"twitter:label2\" content=\"Gesch\u00e4tzte Lesezeit\" \/>\n\t<meta name=\"twitter:data2\" content=\"2\u00a0Minuten\" \/>\n\t<meta name=\"twitter:label3\" content=\"Written by\" \/>\n\t<meta name=\"twitter:data3\" content=\"Alex Grigorescu\" \/>\n<script type=\"application\/ld+json\" class=\"yoast-schema-graph\">{\"@context\":\"https:\\\/\\\/schema.org\",\"@graph\":[{\"@type\":\"Article\",\"@id\":\"https:\\\/\\\/www.rri.ro\\\/de\\\/aktuell\\\/newsflash-de\\\/nachrichten-02-06-2015-id631723.html#article\",\"isPartOf\":{\"@id\":\"https:\\\/\\\/www.rri.ro\\\/de\\\/aktuell\\\/newsflash-de\\\/nachrichten-02-06-2015-id631723.html\"},\"author\":{\"name\":\"Alex Grigorescu\",\"@id\":\"https:\\\/\\\/www.rri.ro\\\/#\\\/schema\\\/person\\\/bdfcfd51e620a269e7bf3fb0b80cec0a\"},\"headline\":\"Nachrichten 02.06.2015\",\"datePublished\":\"2015-06-02T18:40:00+00:00\",\"mainEntityOfPage\":{\"@id\":\"https:\\\/\\\/www.rri.ro\\\/de\\\/aktuell\\\/newsflash-de\\\/nachrichten-02-06-2015-id631723.html\"},\"wordCount\":383,\"image\":{\"@id\":\"https:\\\/\\\/www.rri.ro\\\/de\\\/aktuell\\\/newsflash-de\\\/nachrichten-02-06-2015-id631723.html#primaryimage\"},\"thumbnailUrl\":\"https:\\\/\\\/www.rri.ro\\\/wp-content\\\/uploads\\\/2023\\\/10\\\/harta-lumii.jpg\",\"keywords\":[\"Deutsch-Wei\u00dfkirch\",\"Prinz Charles\",\"Roland Garros\",\"Rum\u00e4nien\",\"Victor Ponta\",\"Viscri\",\"Wirtschaftswachstum\"],\"articleSection\":[\"Newsflash\"],\"inLanguage\":\"de\"},{\"@type\":\"WebPage\",\"@id\":\"https:\\\/\\\/www.rri.ro\\\/de\\\/aktuell\\\/newsflash-de\\\/nachrichten-02-06-2015-id631723.html\",\"url\":\"https:\\\/\\\/www.rri.ro\\\/de\\\/aktuell\\\/newsflash-de\\\/nachrichten-02-06-2015-id631723.html\",\"name\":\"Nachrichten 02.06.2015 - Radio Rum\u00e4nien International\",\"isPartOf\":{\"@id\":\"https:\\\/\\\/www.rri.ro\\\/#website\"},\"primaryImageOfPage\":{\"@id\":\"https:\\\/\\\/www.rri.ro\\\/de\\\/aktuell\\\/newsflash-de\\\/nachrichten-02-06-2015-id631723.html#primaryimage\"},\"image\":{\"@id\":\"https:\\\/\\\/www.rri.ro\\\/de\\\/aktuell\\\/newsflash-de\\\/nachrichten-02-06-2015-id631723.html#primaryimage\"},\"thumbnailUrl\":\"https:\\\/\\\/www.rri.ro\\\/wp-content\\\/uploads\\\/2023\\\/10\\\/harta-lumii.jpg\",\"datePublished\":\"2015-06-02T18:40:00+00:00\",\"author\":{\"@id\":\"https:\\\/\\\/www.rri.ro\\\/#\\\/schema\\\/person\\\/bdfcfd51e620a269e7bf3fb0b80cec0a\"},\"breadcrumb\":{\"@id\":\"https:\\\/\\\/www.rri.ro\\\/de\\\/aktuell\\\/newsflash-de\\\/nachrichten-02-06-2015-id631723.html#breadcrumb\"},\"inLanguage\":\"de\",\"potentialAction\":[{\"@type\":\"ReadAction\",\"target\":[\"https:\\\/\\\/www.rri.ro\\\/de\\\/aktuell\\\/newsflash-de\\\/nachrichten-02-06-2015-id631723.html\"]}]},{\"@type\":\"ImageObject\",\"inLanguage\":\"de\",\"@id\":\"https:\\\/\\\/www.rri.ro\\\/de\\\/aktuell\\\/newsflash-de\\\/nachrichten-02-06-2015-id631723.html#primaryimage\",\"url\":\"https:\\\/\\\/www.rri.ro\\\/wp-content\\\/uploads\\\/2023\\\/10\\\/harta-lumii.jpg\",\"contentUrl\":\"https:\\\/\\\/www.rri.ro\\\/wp-content\\\/uploads\\\/2023\\\/10\\\/harta-lumii.jpg\",\"width\":640,\"height\":480},{\"@type\":\"BreadcrumbList\",\"@id\":\"https:\\\/\\\/www.rri.ro\\\/de\\\/aktuell\\\/newsflash-de\\\/nachrichten-02-06-2015-id631723.html#breadcrumb\",\"itemListElement\":[{\"@type\":\"ListItem\",\"position\":1,\"name\":\"Startseite\",\"item\":\"https:\\\/\\\/www.rri.ro\\\/de\"},{\"@type\":\"ListItem\",\"position\":2,\"name\":\"Aktuell\",\"item\":\"https:\\\/\\\/www.rri.ro\\\/de\\\/aktuell\"},{\"@type\":\"ListItem\",\"position\":3,\"name\":\"Newsflash\",\"item\":\"https:\\\/\\\/www.rri.ro\\\/de\\\/aktuell\\\/newsflash-de\"},{\"@type\":\"ListItem\",\"position\":4,\"name\":\"Nachrichten 02.06.2015\"}]},{\"@type\":\"WebSite\",\"@id\":\"https:\\\/\\\/www.rri.ro\\\/#website\",\"url\":\"https:\\\/\\\/www.rri.ro\\\/\",\"name\":\"Radio Rum\u00e4nien International\",\"description\":\"Totul despre Rom\u00e2nia \u015fi rom\u00e2ni, \u00een 13 limbi\\\/dialecte!\",\"inLanguage\":\"de\"},{\"@type\":\"Person\",\"@id\":\"https:\\\/\\\/www.rri.ro\\\/#\\\/schema\\\/person\\\/bdfcfd51e620a269e7bf3fb0b80cec0a\",\"name\":\"Alex Grigorescu\",\"url\":\"https:\\\/\\\/www.rri.ro\\\/de\\\/author\\\/alex-grigorescu\"}]}<\/script>\n<!-- \/ Yoast SEO plugin. -->","yoast_head_json":{"title":"Nachrichten 02.06.2015 - Radio Rum\u00e4nien International","robots":{"index":"index","follow":"follow","max-snippet":"max-snippet:-1","max-image-preview":"max-image-preview:large","max-video-preview":"max-video-preview:-1"},"canonical":"https:\/\/www.rri.ro\/de\/aktuell\/newsflash-de\/nachrichten-02-06-2015-id631723.html","og_locale":"de_DE","og_type":"article","og_title":"Nachrichten 02.06.2015 - Radio Rum\u00e4nien International","og_description":"BUKAREST: Der rum\u00e4nische Ministerpr\u00e4sident, Victor Ponta, hat im Rahmen der \u201cStunde des Ministerpr\u00e4sidenten\u201d vor der Abgeordnetenkammer die Wirtschaftsbilanz f\u00fcrs erste Jahresquartal 2015 pr\u00e4sentiert. Wirtschaftlich befinde sich Rum\u00e4nien in einem sehr guten Moment. Die rum\u00e4nische Wirtschaft k\u00f6nnte in diesem Jahr um 3-4 % wachsen, so der Premier. Rum\u00e4nien habe mit einem Wachstum des BIP von 4,2 [&hellip;]","og_url":"https:\/\/www.rri.ro\/de\/aktuell\/newsflash-de\/nachrichten-02-06-2015-id631723.html","og_site_name":"Radio Rum\u00e4nien International","article_published_time":"2015-06-02T18:40:00+00:00","og_image":[{"width":640,"height":480,"url":"https:\/\/www.rri.ro\/wp-content\/uploads\/2023\/10\/harta-lumii.jpg","type":"image\/png"}],"author":"Alex Grigorescu","twitter_card":"summary_large_image","twitter_misc":{"Verfasst von":"Alex Grigorescu","Gesch\u00e4tzte Lesezeit":"2\u00a0Minuten","Written by":"Alex Grigorescu"},"schema":{"@context":"https:\/\/schema.org","@graph":[{"@type":"Article","@id":"https:\/\/www.rri.ro\/de\/aktuell\/newsflash-de\/nachrichten-02-06-2015-id631723.html#article","isPartOf":{"@id":"https:\/\/www.rri.ro\/de\/aktuell\/newsflash-de\/nachrichten-02-06-2015-id631723.html"},"author":{"name":"Alex Grigorescu","@id":"https:\/\/www.rri.ro\/#\/schema\/person\/bdfcfd51e620a269e7bf3fb0b80cec0a"},"headline":"Nachrichten 02.06.2015","datePublished":"2015-06-02T18:40:00+00:00","mainEntityOfPage":{"@id":"https:\/\/www.rri.ro\/de\/aktuell\/newsflash-de\/nachrichten-02-06-2015-id631723.html"},"wordCount":383,"image":{"@id":"https:\/\/www.rri.ro\/de\/aktuell\/newsflash-de\/nachrichten-02-06-2015-id631723.html#primaryimage"},"thumbnailUrl":"https:\/\/www.rri.ro\/wp-content\/uploads\/2023\/10\/harta-lumii.jpg","keywords":["Deutsch-Wei\u00dfkirch","Prinz Charles","Roland Garros","Rum\u00e4nien","Victor Ponta","Viscri","Wirtschaftswachstum"],"articleSection":["Newsflash"],"inLanguage":"de"},{"@type":"WebPage","@id":"https:\/\/www.rri.ro\/de\/aktuell\/newsflash-de\/nachrichten-02-06-2015-id631723.html","url":"https:\/\/www.rri.ro\/de\/aktuell\/newsflash-de\/nachrichten-02-06-2015-id631723.html","name":"Nachrichten 02.06.2015 - Radio Rum\u00e4nien International","isPartOf":{"@id":"https:\/\/www.rri.ro\/#website"},"primaryImageOfPage":{"@id":"https:\/\/www.rri.ro\/de\/aktuell\/newsflash-de\/nachrichten-02-06-2015-id631723.html#primaryimage"},"image":{"@id":"https:\/\/www.rri.ro\/de\/aktuell\/newsflash-de\/nachrichten-02-06-2015-id631723.html#primaryimage"},"thumbnailUrl":"https:\/\/www.rri.ro\/wp-content\/uploads\/2023\/10\/harta-lumii.jpg","datePublished":"2015-06-02T18:40:00+00:00","author":{"@id":"https:\/\/www.rri.ro\/#\/schema\/person\/bdfcfd51e620a269e7bf3fb0b80cec0a"},"breadcrumb":{"@id":"https:\/\/www.rri.ro\/de\/aktuell\/newsflash-de\/nachrichten-02-06-2015-id631723.html#breadcrumb"},"inLanguage":"de","potentialAction":[{"@type":"ReadAction","target":["https:\/\/www.rri.ro\/de\/aktuell\/newsflash-de\/nachrichten-02-06-2015-id631723.html"]}]},{"@type":"ImageObject","inLanguage":"de","@id":"https:\/\/www.rri.ro\/de\/aktuell\/newsflash-de\/nachrichten-02-06-2015-id631723.html#primaryimage","url":"https:\/\/www.rri.ro\/wp-content\/uploads\/2023\/10\/harta-lumii.jpg","contentUrl":"https:\/\/www.rri.ro\/wp-content\/uploads\/2023\/10\/harta-lumii.jpg","width":640,"height":480},{"@type":"BreadcrumbList","@id":"https:\/\/www.rri.ro\/de\/aktuell\/newsflash-de\/nachrichten-02-06-2015-id631723.html#breadcrumb","itemListElement":[{"@type":"ListItem","position":1,"name":"Startseite","item":"https:\/\/www.rri.ro\/de"},{"@type":"ListItem","position":2,"name":"Aktuell","item":"https:\/\/www.rri.ro\/de\/aktuell"},{"@type":"ListItem","position":3,"name":"Newsflash","item":"https:\/\/www.rri.ro\/de\/aktuell\/newsflash-de"},{"@type":"ListItem","position":4,"name":"Nachrichten 02.06.2015"}]},{"@type":"WebSite","@id":"https:\/\/www.rri.ro\/#website","url":"https:\/\/www.rri.ro\/","name":"Radio Rum\u00e4nien International","description":"Totul despre Rom\u00e2nia \u015fi rom\u00e2ni, \u00een 13 limbi\/dialecte!","inLanguage":"de"},{"@type":"Person","@id":"https:\/\/www.rri.ro\/#\/schema\/person\/bdfcfd51e620a269e7bf3fb0b80cec0a","name":"Alex Grigorescu","url":"https:\/\/www.rri.ro\/de\/author\/alex-grigorescu"}]}},"_links":{"self":[{"href":"https:\/\/www.rri.ro\/de\/wp-json\/wp\/v2\/posts\/631723","targetHints":{"allow":["GET"]}}],"collection":[{"href":"https:\/\/www.rri.ro\/de\/wp-json\/wp\/v2\/posts"}],"about":[{"href":"https:\/\/www.rri.ro\/de\/wp-json\/wp\/v2\/types\/post"}],"author":[{"embeddable":true,"href":"https:\/\/www.rri.ro\/de\/wp-json\/wp\/v2\/users\/66"}],"replies":[{"embeddable":true,"href":"https:\/\/www.rri.ro\/de\/wp-json\/wp\/v2\/comments?post=631723"}],"version-history":[{"count":0,"href":"https:\/\/www.rri.ro\/de\/wp-json\/wp\/v2\/posts\/631723\/revisions"}],"wp:featuredmedia":[{"embeddable":true,"href":"https:\/\/www.rri.ro\/de\/wp-json\/wp\/v2\/media\/212248"}],"wp:attachment":[{"href":"https:\/\/www.rri.ro\/de\/wp-json\/wp\/v2\/media?parent=631723"}],"wp:term":[{"taxonomy":"category","embeddable":true,"href":"https:\/\/www.rri.ro\/de\/wp-json\/wp\/v2\/categories?post=631723"},{"taxonomy":"post_tag","embeddable":true,"href":"https:\/\/www.rri.ro\/de\/wp-json\/wp\/v2\/tags?post=631723"},{"taxonomy":"author","embeddable":true,"href":"https:\/\/www.rri.ro\/de\/wp-json\/wp\/v2\/coauthors?post=631723"}],"curies":[{"name":"wp","href":"https:\/\/api.w.org\/{rel}","templated":true}]}}