{"id":631730,"date":"2015-06-08T19:13:00","date_gmt":"2015-06-08T16:13:00","guid":{"rendered":"http:\/\/devrri.freshlemon.ro\/aktuell\/nachrichten-08-06-2015-id631730.html"},"modified":"2015-06-08T19:13:00","modified_gmt":"2015-06-08T16:13:00","slug":"nachrichten-08-06-2015","status":"publish","type":"post","link":"https:\/\/www.rri.ro\/de\/aktuell\/newsflash-de\/nachrichten-08-06-2015-id631730.html","title":{"rendered":"Nachrichten 08.06.2015"},"content":{"rendered":"<\/p>\n<p>Der Rechtsausschuss der Abgeordnetenkammer hat am&#13;<br \/>\nMontag nach einer Anh\u00f6rung von Premierminister Victor Ponta einen negativen&#13;<br \/>\nBescheid zur Zustimmung der Strafverfolgung wegen mehrfachen&#13;<br \/>\nInteressenkonflikts verabschiedet. Die abschlie\u00dfende Entscheidung liegt beim&#13;<br \/>\nPlenum der Kammer. Insofern der Bescheid des Rechtsausschusses vorliegt, soll&#13;<br \/>\neine Abstimmung schon am Dienstag stattfinden, hie\u00df es vom Vorstand des&#13;<br \/>\nAbgeordnetenhauses.  Wegen drei weiteren&#13;<br \/>\nStraftaten, die er w\u00e4hrend seiner Zeit als Rechtsanwalt begangen haben soll,&#13;<br \/>\nleitete die rum\u00e4nsiche Antikorruptionsbeh\u00f6rde DNA die Strafverfolgung bereits&#13;<br \/>\nein. Ponta wird dabei der Urkundenf\u00e4lschung unter Privatunterschrift, der&#13;<br \/>\nfortgesetzen Beihilfe zur Steuerhinterziehung und der Geldw\u00e4sche beschuldigt. Trotz&#13;<br \/>\nK\u00fcndigungsforderungen von Pr\u00e4sident Klaus Johannis und der Opposition&#13;<br \/>\nverweigert Victor Ponta einen R\u00fccktritt.<\/p>\n<p><\/p>\n<p>&#13;<br \/>\n&#13;<br \/>\n&#13;<br \/>\n&#13;<\/p>\n<p>Ein von der National-Liberalen Partei gestellter&#13;<br \/>\nMisstrauensantrag ist am Montag vorgelesen worden, die beiden Kammern des&#13;<br \/>\nParlaments stimmen dar\u00fcber am Freitag ab. Die Liberalen fordern den R\u00fccktritt&#13;<br \/>\ndes Premierministers Victor Ponta und werfen ihm die vors\u00e4tzliche Sabotage der&#13;<br \/>\nPr\u00e4sidentschaftswahlen im Ausland letzes Jahr und die Blockierung von&#13;<br \/>\nTeilwahlen in mehreren Wahlkreisen und Gebietsk\u00f6rperschaften vor. Die Regierung&#13;<br \/>\nPonta wird zum dritten Mal mit einem Misstrauensantrag konfrontiert. Letzes&#13;<br \/>\nJahr wurden zwei solche Antr\u00e4ge von dem Parlament zur\u00fcckgewiesen.<\/p>\n<p><\/p>\n<p>&#13;<br \/>\n&#13;<br \/>\n&#13;<br \/>\n&#13;<\/p>\n<p>Die rum\u00e4nischen Gesch\u00e4ftsleute Ovidiu Tender und&#13;<br \/>\nMarian Iancu sind am Montag vom Oberlandesgericht Bukarest rechtskr\u00e4ftig zu 12&#13;<br \/>\nJahren und sieben Monaten, bzw. 14 Jahren Gef\u00e4ngnis wegen Betrug und Geldw\u00e4sche&#13;<br \/>\nverurteilt worden. Die beiden m\u00fcssen gemeinsam einen Schaden von 44 Millionen&#13;<br \/>\nEuro wiedergutmachen.  Das Verfahren \u00fcber&#13;<br \/>\ndie unrechtm\u00e4\u00dfige Kontrolle \u00fcber eine Raffinerie in Ostrum\u00e4nien dauert seit 2006&#13;<br \/>\nund gilt als eines der l\u00e4ngsten der j\u00fcngeren rum\u00e4nischen Justizgeschichte.<\/p>\n<p><\/p>\n<p>&#13;<br \/>\n&#13;<br \/>\n&#13;<br \/>\n&#13;<\/p>\n<p>Der Ministerpr\u00e4sident der Republik Moldau, Chiril&#13;<br \/>\nGaburici, ist am Montag von der Antikorruptionsbeh\u00f6rde in Chi\u015fin\u0103u vorgeladen&#13;<br \/>\nworden, um Erkl\u00e4rungen in einem F\u00e4lschungsfall von Studienunterlagen&#13;<br \/>\nabzuliefern. Gaburici erkl\u00e4rte, er begr\u00fc\u00dft die Hartn\u00e4ckigkeit der Rechtsanw\u00e4lte&#13;<br \/>\nLicht in diesem Fall zu machen. Er f\u00fcgte hinzu, dass er mit den&#13;<br \/>\nRechtsinsitutionen zusammenarbeiten m\u00f6chte, um den Spekulationen ein Ende zu&#13;<br \/>\nsetzen. Der Skandal um den Studienabschluss des Ministerpr\u00e4sidenten begann Ende&#13;<br \/>\nM\u00e4rz. Damals brachte eine Ermittlung der Journalisten zum Vorschein, dass seine&#13;<br \/>\nStudienunterlagen gef\u00e4lscht gewesen seien. Sollten sich die Vorw\u00fcrfe als begr\u00fcndet&#13;<br \/>\nerweisen, k\u00f6nnte Ministerpr\u00e4sident Chiril Gaburici wegen Urkundenf\u00e4lschung und&#13;<br \/>\nVerwendung von falschen Unterlagen beschuldigt werden.<\/p>\n<p>&#13;<br \/>\n&#13;<br \/>\n&#13;<br \/>\n&#13;<\/p>\n<p><\/p>\n<p>Erstmals seit ihrer Macht\u00fcbernahme vor 13 Jahren&#13;<br \/>\nbraucht die Partei des t\u00fcrkischen Staatschefs Recep Tayyip Erdogan einen&#13;<br \/>\nKoalitionspartner: Bei der Parlamentswahl am Sonntag erreichte die&#13;<br \/>\nislamisch-konservative AKP nach j\u00fcngsten Ergebnissen nur 41 Prozent der&#13;<br \/>\nStimmen, w\u00e4hrend die Kurdenpartei HDP mit 13 Prozent erstmals den Einzug&#13;<br \/>\nschaffte. B\u00f6rse und W\u00e4hrung reagierten alarmiert. Erdogan ermahnte die Parteien&#13;<br \/>\nzu einem verantwortungsvollen Umgang mit dem Wahlergebnis. Es sei von&#13;<br \/>\nentscheidender Bedeutung, dass alle politischen Kr\u00e4fte sich verantwortungsvoll&#13;<br \/>\nverhalten und das n\u00f6tige Feingef\u00fchl zeigen, um die Atmosph\u00e4re der Stabilit\u00e4t&#13;<br \/>\nund des Vertrauens sowie die demokratischen Errungenschaften zu bewahren,&#13;<br \/>\nerkl\u00e4rte er in seiner ersten \u00f6ffentlichen Reaktion.<\/p>\n<p>&#13;<br \/>\n&#13;<br \/>\n&#13;<br \/>\n&#13;<\/p>\n<p><\/p>\n<p>Die G7-Staaten haben Russland in der Abschlusserkl\u00e4rung ihres Treffens auf Schloss Elmau in Bayern sch\u00e4rfere&#13;<br \/>\nSanktionen in Aussicht gestellt, falls Moskau zu einer weiteren Eskalation des&#13;<br \/>\nKonflikts in der Ostukraine beitr\u00e4gt.  Die&#13;<br \/>\nbestehenden Sanktionen sollen aufrecht erhalten werden, bis der Friedensplan&#13;<br \/>\nvon Minsk vom Februar umgesetzt ist. Voraussetzung f\u00fcr einen Abbau der&#13;<br \/>\nSanktionen sei zudem die Achtung der Souver\u00e4nit\u00e4t der Ukraine durch Moskau. Russland&#13;<br \/>\nwar im vergangenen Jahr nach der Annexion der ukrainischen Halbinsel Krim aus&#13;<br \/>\ndem G8-Kreis ausgeschlossen worden. Seitdem nehmen nur noch Deutschland, die&#13;<br \/>\nUSA, Gro\u00dfbritannien, Frankreich, Italien, Japan und Kanada an den Gipfeln teil.<\/p>\n<p>&#13;<br \/>\n&#13;<br \/>\n&#13;<br \/>\n&#13;<br \/>\n&#13;<br \/>\n&#13;<br \/><\/p>\n","protected":false},"excerpt":{"rendered":"<p>Der Rechtsausschuss der Abgeordnetenkammer hat am&#13; Montag nach einer Anh\u00f6rung von Premierminister Victor Ponta einen negativen&#13; Bescheid zur Zustimmung der Strafverfolgung wegen mehrfachen&#13; Interessenkonflikts verabschiedet. Die abschlie\u00dfende Entscheidung liegt beim&#13; Plenum der Kammer. Insofern der Bescheid des Rechtsausschusses vorliegt, soll&#13; eine Abstimmung schon am Dienstag stattfinden, hie\u00df es vom Vorstand des&#13; Abgeordnetenhauses. Wegen drei weiteren&#13; [&hellip;]<\/p>\n","protected":false},"author":113,"featured_media":212248,"comment_status":"closed","ping_status":"closed","sticky":false,"template":"","format":"standard","meta":{"_acf_changed":false,"footnotes":""},"categories":[116753],"tags":[29100,88133,37024,99702,99681,100576,31837,47188,29235,99589,99824,100178,125291,40587,99780,28905,100998,101290],"coauthors":[],"class_list":["post-631730","post","type-post","status-publish","format-standard","has-post-thumbnail","hentry","category-newsflash-de","tag-g7","tag-gaburici","tag-iancu","tag-korruption","tag-misstrauensantrag","tag-moldau","tag-opposition","tag-parlament","tag-ponta","tag-rumaenien","tag-russland","tag-sanktionen","tag-studienabschluss","tag-tender","tag-tuerkei","tag-ukraine","tag-verurteilungen","tag-wahlen"],"acf":[],"yoast_head":"<!-- This site is optimized with the Yoast SEO plugin v27.3 - https:\/\/yoast.com\/product\/yoast-seo-wordpress\/ -->\n<title>Nachrichten 08.06.2015 - Radio Rum\u00e4nien International<\/title>\n<meta name=\"robots\" content=\"index, follow, max-snippet:-1, max-image-preview:large, max-video-preview:-1\" \/>\n<link rel=\"canonical\" href=\"https:\/\/www.rri.ro\/de\/aktuell\/newsflash-de\/nachrichten-08-06-2015-id631730.html\" \/>\n<meta property=\"og:locale\" content=\"de_DE\" \/>\n<meta property=\"og:type\" content=\"article\" \/>\n<meta property=\"og:title\" content=\"Nachrichten 08.06.2015 - Radio Rum\u00e4nien International\" \/>\n<meta property=\"og:description\" content=\"Der Rechtsausschuss der Abgeordnetenkammer hat am&#013; Montag nach einer Anh\u00f6rung von Premierminister Victor Ponta einen negativen&#013; Bescheid zur Zustimmung der Strafverfolgung wegen mehrfachen&#013; Interessenkonflikts verabschiedet. Die abschlie\u00dfende Entscheidung liegt beim&#013; Plenum der Kammer. Insofern der Bescheid des Rechtsausschusses vorliegt, soll&#013; eine Abstimmung schon am Dienstag stattfinden, hie\u00df es vom Vorstand des&#013; Abgeordnetenhauses. Wegen drei weiteren&#013; [&hellip;]\" \/>\n<meta property=\"og:url\" content=\"https:\/\/www.rri.ro\/de\/aktuell\/newsflash-de\/nachrichten-08-06-2015-id631730.html\" \/>\n<meta property=\"og:site_name\" content=\"Radio Rum\u00e4nien International\" \/>\n<meta property=\"article:published_time\" content=\"2015-06-08T16:13:00+00:00\" \/>\n<meta property=\"og:image\" content=\"https:\/\/www.rri.ro\/wp-content\/uploads\/2023\/10\/harta-lumii.jpg\" \/>\n\t<meta property=\"og:image:width\" content=\"640\" \/>\n\t<meta property=\"og:image:height\" content=\"480\" \/>\n\t<meta property=\"og:image:type\" content=\"image\/png\" \/>\n<meta name=\"author\" content=\"Newsroom\" \/>\n<meta name=\"twitter:card\" content=\"summary_large_image\" \/>\n<meta name=\"twitter:label1\" content=\"Verfasst von\" \/>\n\t<meta name=\"twitter:data1\" content=\"Newsroom\" \/>\n\t<meta name=\"twitter:label2\" content=\"Gesch\u00e4tzte Lesezeit\" \/>\n\t<meta name=\"twitter:data2\" content=\"3\u00a0Minuten\" \/>\n\t<meta name=\"twitter:label3\" content=\"Written by\" \/>\n\t<meta name=\"twitter:data3\" content=\"Newsroom\" \/>\n<script type=\"application\/ld+json\" class=\"yoast-schema-graph\">{\"@context\":\"https:\\\/\\\/schema.org\",\"@graph\":[{\"@type\":\"Article\",\"@id\":\"https:\\\/\\\/www.rri.ro\\\/de\\\/aktuell\\\/newsflash-de\\\/nachrichten-08-06-2015-id631730.html#article\",\"isPartOf\":{\"@id\":\"https:\\\/\\\/www.rri.ro\\\/de\\\/aktuell\\\/newsflash-de\\\/nachrichten-08-06-2015-id631730.html\"},\"author\":{\"name\":\"Newsroom\",\"@id\":\"https:\\\/\\\/www.rri.ro\\\/#\\\/schema\\\/person\\\/4a479940371b9fdefd194f561e8a7f88\"},\"headline\":\"Nachrichten 08.06.2015\",\"datePublished\":\"2015-06-08T16:13:00+00:00\",\"mainEntityOfPage\":{\"@id\":\"https:\\\/\\\/www.rri.ro\\\/de\\\/aktuell\\\/newsflash-de\\\/nachrichten-08-06-2015-id631730.html\"},\"wordCount\":606,\"image\":{\"@id\":\"https:\\\/\\\/www.rri.ro\\\/de\\\/aktuell\\\/newsflash-de\\\/nachrichten-08-06-2015-id631730.html#primaryimage\"},\"thumbnailUrl\":\"https:\\\/\\\/www.rri.ro\\\/wp-content\\\/uploads\\\/2023\\\/10\\\/harta-lumii.jpg\",\"keywords\":[\"G7\",\"Gaburici\",\"Iancu\",\"Korruption\",\"Misstrauensantrag\",\"Moldau\",\"opposition\",\"Parlament\",\"Ponta\",\"Rum\u00e4nien\",\"Russland\",\"Sanktionen\",\"Studienabschluss\",\"tender\",\"T\u00fcrkei\",\"Ukraine\",\"Verurteilungen\",\"Wahlen\"],\"articleSection\":[\"Newsflash\"],\"inLanguage\":\"de\"},{\"@type\":\"WebPage\",\"@id\":\"https:\\\/\\\/www.rri.ro\\\/de\\\/aktuell\\\/newsflash-de\\\/nachrichten-08-06-2015-id631730.html\",\"url\":\"https:\\\/\\\/www.rri.ro\\\/de\\\/aktuell\\\/newsflash-de\\\/nachrichten-08-06-2015-id631730.html\",\"name\":\"Nachrichten 08.06.2015 - Radio Rum\u00e4nien International\",\"isPartOf\":{\"@id\":\"https:\\\/\\\/www.rri.ro\\\/#website\"},\"primaryImageOfPage\":{\"@id\":\"https:\\\/\\\/www.rri.ro\\\/de\\\/aktuell\\\/newsflash-de\\\/nachrichten-08-06-2015-id631730.html#primaryimage\"},\"image\":{\"@id\":\"https:\\\/\\\/www.rri.ro\\\/de\\\/aktuell\\\/newsflash-de\\\/nachrichten-08-06-2015-id631730.html#primaryimage\"},\"thumbnailUrl\":\"https:\\\/\\\/www.rri.ro\\\/wp-content\\\/uploads\\\/2023\\\/10\\\/harta-lumii.jpg\",\"datePublished\":\"2015-06-08T16:13:00+00:00\",\"author\":{\"@id\":\"https:\\\/\\\/www.rri.ro\\\/#\\\/schema\\\/person\\\/4a479940371b9fdefd194f561e8a7f88\"},\"breadcrumb\":{\"@id\":\"https:\\\/\\\/www.rri.ro\\\/de\\\/aktuell\\\/newsflash-de\\\/nachrichten-08-06-2015-id631730.html#breadcrumb\"},\"inLanguage\":\"de\",\"potentialAction\":[{\"@type\":\"ReadAction\",\"target\":[\"https:\\\/\\\/www.rri.ro\\\/de\\\/aktuell\\\/newsflash-de\\\/nachrichten-08-06-2015-id631730.html\"]}]},{\"@type\":\"ImageObject\",\"inLanguage\":\"de\",\"@id\":\"https:\\\/\\\/www.rri.ro\\\/de\\\/aktuell\\\/newsflash-de\\\/nachrichten-08-06-2015-id631730.html#primaryimage\",\"url\":\"https:\\\/\\\/www.rri.ro\\\/wp-content\\\/uploads\\\/2023\\\/10\\\/harta-lumii.jpg\",\"contentUrl\":\"https:\\\/\\\/www.rri.ro\\\/wp-content\\\/uploads\\\/2023\\\/10\\\/harta-lumii.jpg\",\"width\":640,\"height\":480},{\"@type\":\"BreadcrumbList\",\"@id\":\"https:\\\/\\\/www.rri.ro\\\/de\\\/aktuell\\\/newsflash-de\\\/nachrichten-08-06-2015-id631730.html#breadcrumb\",\"itemListElement\":[{\"@type\":\"ListItem\",\"position\":1,\"name\":\"Startseite\",\"item\":\"https:\\\/\\\/www.rri.ro\\\/de\"},{\"@type\":\"ListItem\",\"position\":2,\"name\":\"Aktuell\",\"item\":\"https:\\\/\\\/www.rri.ro\\\/de\\\/aktuell\"},{\"@type\":\"ListItem\",\"position\":3,\"name\":\"Newsflash\",\"item\":\"https:\\\/\\\/www.rri.ro\\\/de\\\/aktuell\\\/newsflash-de\"},{\"@type\":\"ListItem\",\"position\":4,\"name\":\"Nachrichten 08.06.2015\"}]},{\"@type\":\"WebSite\",\"@id\":\"https:\\\/\\\/www.rri.ro\\\/#website\",\"url\":\"https:\\\/\\\/www.rri.ro\\\/\",\"name\":\"Radio Rum\u00e4nien International\",\"description\":\"Totul despre Rom\u00e2nia \u015fi rom\u00e2ni, \u00een 13 limbi\\\/dialecte!\",\"inLanguage\":\"de\"},{\"@type\":\"Person\",\"@id\":\"https:\\\/\\\/www.rri.ro\\\/#\\\/schema\\\/person\\\/4a479940371b9fdefd194f561e8a7f88\",\"name\":\"Newsroom\",\"url\":\"https:\\\/\\\/www.rri.ro\\\/de\\\/author\\\/newsroom\"}]}<\/script>\n<!-- \/ Yoast SEO plugin. -->","yoast_head_json":{"title":"Nachrichten 08.06.2015 - Radio Rum\u00e4nien International","robots":{"index":"index","follow":"follow","max-snippet":"max-snippet:-1","max-image-preview":"max-image-preview:large","max-video-preview":"max-video-preview:-1"},"canonical":"https:\/\/www.rri.ro\/de\/aktuell\/newsflash-de\/nachrichten-08-06-2015-id631730.html","og_locale":"de_DE","og_type":"article","og_title":"Nachrichten 08.06.2015 - Radio Rum\u00e4nien International","og_description":"Der Rechtsausschuss der Abgeordnetenkammer hat am&#13; Montag nach einer Anh\u00f6rung von Premierminister Victor Ponta einen negativen&#13; Bescheid zur Zustimmung der Strafverfolgung wegen mehrfachen&#13; Interessenkonflikts verabschiedet. Die abschlie\u00dfende Entscheidung liegt beim&#13; Plenum der Kammer. Insofern der Bescheid des Rechtsausschusses vorliegt, soll&#13; eine Abstimmung schon am Dienstag stattfinden, hie\u00df es vom Vorstand des&#13; Abgeordnetenhauses. Wegen drei weiteren&#13; [&hellip;]","og_url":"https:\/\/www.rri.ro\/de\/aktuell\/newsflash-de\/nachrichten-08-06-2015-id631730.html","og_site_name":"Radio Rum\u00e4nien International","article_published_time":"2015-06-08T16:13:00+00:00","og_image":[{"width":640,"height":480,"url":"https:\/\/www.rri.ro\/wp-content\/uploads\/2023\/10\/harta-lumii.jpg","type":"image\/png"}],"author":"Newsroom","twitter_card":"summary_large_image","twitter_misc":{"Verfasst von":"Newsroom","Gesch\u00e4tzte Lesezeit":"3\u00a0Minuten","Written by":"Newsroom"},"schema":{"@context":"https:\/\/schema.org","@graph":[{"@type":"Article","@id":"https:\/\/www.rri.ro\/de\/aktuell\/newsflash-de\/nachrichten-08-06-2015-id631730.html#article","isPartOf":{"@id":"https:\/\/www.rri.ro\/de\/aktuell\/newsflash-de\/nachrichten-08-06-2015-id631730.html"},"author":{"name":"Newsroom","@id":"https:\/\/www.rri.ro\/#\/schema\/person\/4a479940371b9fdefd194f561e8a7f88"},"headline":"Nachrichten 08.06.2015","datePublished":"2015-06-08T16:13:00+00:00","mainEntityOfPage":{"@id":"https:\/\/www.rri.ro\/de\/aktuell\/newsflash-de\/nachrichten-08-06-2015-id631730.html"},"wordCount":606,"image":{"@id":"https:\/\/www.rri.ro\/de\/aktuell\/newsflash-de\/nachrichten-08-06-2015-id631730.html#primaryimage"},"thumbnailUrl":"https:\/\/www.rri.ro\/wp-content\/uploads\/2023\/10\/harta-lumii.jpg","keywords":["G7","Gaburici","Iancu","Korruption","Misstrauensantrag","Moldau","opposition","Parlament","Ponta","Rum\u00e4nien","Russland","Sanktionen","Studienabschluss","tender","T\u00fcrkei","Ukraine","Verurteilungen","Wahlen"],"articleSection":["Newsflash"],"inLanguage":"de"},{"@type":"WebPage","@id":"https:\/\/www.rri.ro\/de\/aktuell\/newsflash-de\/nachrichten-08-06-2015-id631730.html","url":"https:\/\/www.rri.ro\/de\/aktuell\/newsflash-de\/nachrichten-08-06-2015-id631730.html","name":"Nachrichten 08.06.2015 - Radio Rum\u00e4nien International","isPartOf":{"@id":"https:\/\/www.rri.ro\/#website"},"primaryImageOfPage":{"@id":"https:\/\/www.rri.ro\/de\/aktuell\/newsflash-de\/nachrichten-08-06-2015-id631730.html#primaryimage"},"image":{"@id":"https:\/\/www.rri.ro\/de\/aktuell\/newsflash-de\/nachrichten-08-06-2015-id631730.html#primaryimage"},"thumbnailUrl":"https:\/\/www.rri.ro\/wp-content\/uploads\/2023\/10\/harta-lumii.jpg","datePublished":"2015-06-08T16:13:00+00:00","author":{"@id":"https:\/\/www.rri.ro\/#\/schema\/person\/4a479940371b9fdefd194f561e8a7f88"},"breadcrumb":{"@id":"https:\/\/www.rri.ro\/de\/aktuell\/newsflash-de\/nachrichten-08-06-2015-id631730.html#breadcrumb"},"inLanguage":"de","potentialAction":[{"@type":"ReadAction","target":["https:\/\/www.rri.ro\/de\/aktuell\/newsflash-de\/nachrichten-08-06-2015-id631730.html"]}]},{"@type":"ImageObject","inLanguage":"de","@id":"https:\/\/www.rri.ro\/de\/aktuell\/newsflash-de\/nachrichten-08-06-2015-id631730.html#primaryimage","url":"https:\/\/www.rri.ro\/wp-content\/uploads\/2023\/10\/harta-lumii.jpg","contentUrl":"https:\/\/www.rri.ro\/wp-content\/uploads\/2023\/10\/harta-lumii.jpg","width":640,"height":480},{"@type":"BreadcrumbList","@id":"https:\/\/www.rri.ro\/de\/aktuell\/newsflash-de\/nachrichten-08-06-2015-id631730.html#breadcrumb","itemListElement":[{"@type":"ListItem","position":1,"name":"Startseite","item":"https:\/\/www.rri.ro\/de"},{"@type":"ListItem","position":2,"name":"Aktuell","item":"https:\/\/www.rri.ro\/de\/aktuell"},{"@type":"ListItem","position":3,"name":"Newsflash","item":"https:\/\/www.rri.ro\/de\/aktuell\/newsflash-de"},{"@type":"ListItem","position":4,"name":"Nachrichten 08.06.2015"}]},{"@type":"WebSite","@id":"https:\/\/www.rri.ro\/#website","url":"https:\/\/www.rri.ro\/","name":"Radio Rum\u00e4nien International","description":"Totul despre Rom\u00e2nia \u015fi rom\u00e2ni, \u00een 13 limbi\/dialecte!","inLanguage":"de"},{"@type":"Person","@id":"https:\/\/www.rri.ro\/#\/schema\/person\/4a479940371b9fdefd194f561e8a7f88","name":"Newsroom","url":"https:\/\/www.rri.ro\/de\/author\/newsroom"}]}},"_links":{"self":[{"href":"https:\/\/www.rri.ro\/de\/wp-json\/wp\/v2\/posts\/631730","targetHints":{"allow":["GET"]}}],"collection":[{"href":"https:\/\/www.rri.ro\/de\/wp-json\/wp\/v2\/posts"}],"about":[{"href":"https:\/\/www.rri.ro\/de\/wp-json\/wp\/v2\/types\/post"}],"author":[{"embeddable":true,"href":"https:\/\/www.rri.ro\/de\/wp-json\/wp\/v2\/users\/113"}],"replies":[{"embeddable":true,"href":"https:\/\/www.rri.ro\/de\/wp-json\/wp\/v2\/comments?post=631730"}],"version-history":[{"count":0,"href":"https:\/\/www.rri.ro\/de\/wp-json\/wp\/v2\/posts\/631730\/revisions"}],"wp:featuredmedia":[{"embeddable":true,"href":"https:\/\/www.rri.ro\/de\/wp-json\/wp\/v2\/media\/212248"}],"wp:attachment":[{"href":"https:\/\/www.rri.ro\/de\/wp-json\/wp\/v2\/media?parent=631730"}],"wp:term":[{"taxonomy":"category","embeddable":true,"href":"https:\/\/www.rri.ro\/de\/wp-json\/wp\/v2\/categories?post=631730"},{"taxonomy":"post_tag","embeddable":true,"href":"https:\/\/www.rri.ro\/de\/wp-json\/wp\/v2\/tags?post=631730"},{"taxonomy":"author","embeddable":true,"href":"https:\/\/www.rri.ro\/de\/wp-json\/wp\/v2\/coauthors?post=631730"}],"curies":[{"name":"wp","href":"https:\/\/api.w.org\/{rel}","templated":true}]}}