{"id":631762,"date":"2015-07-08T19:37:00","date_gmt":"2015-07-08T16:37:00","guid":{"rendered":"http:\/\/devrri.freshlemon.ro\/aktuell\/nachrichten-08-07-2015-id631762.html"},"modified":"2015-07-08T19:37:00","modified_gmt":"2015-07-08T16:37:00","slug":"nachrichten-08-07-2015","status":"publish","type":"post","link":"https:\/\/www.rri.ro\/de\/aktuell\/newsflash-de\/nachrichten-08-07-2015-id631762.html","title":{"rendered":"Nachrichten 08.07.2015"},"content":{"rendered":"<p><strong>BUKAREST:<\/strong> Victor Ponta wird ab Donnerstag seine T\u00e4tigkeit als Regierungschef wieder aufnehmen. Das teilte er in einem Schreiben Pr\u00e4sident Klaus Iohannis mit. Nach der in der T\u00fcrkei vorgenommenen Knieoperation Mitte Juni war Ponta am Mittwoch nach Rum\u00e4nien zur\u00fcckgekehrt. W\u00e4hrend dieses Zeitraums war Innenminister und Vizeministerpr\u00e4sident Gabriel Oprea zugleich auch Interims-Premier. Die Leitung der Sozial-Demokratischen Partei PSD hatte w\u00e4hrend des Ausfalls von Ponta Rovana Plumb inne. Am Tag seiner OP in der T\u00fcrkei war der Regierungschef von der Antikorruptionsbeh\u00f6rde DNA zu Anh\u00f6rungen vorgeladen worden. Zuvor hatten die Staatsanw\u00e4lte die Einleitung einer Strafverfolgungsverfahrens gegen ihn wegen vermuteter Urkundenf\u00e4lschung, Beihilfe zur Steuerhinterziehung und Geldw\u00e4sche gefordert. Als Rechtsanwalt soll Ponta die Straftaten in Zusammenhang mit einem weiteren Fall begangen haben, bei dem gegen seinen Parteikollegen und Senatoren Dan \u015eova ermittelt wird. Aus der Klinik in der T\u00fcrkei hatte Ponta seiner Absicht Ausdruck verliehen, sofort nach der R\u00fcckkehr in die Heimat bei der DNA vorsprechen zu wollen. <\/p>\n<p>&#13;<br \/>\n&#13;<\/p>\n<p>&#13;<br \/>\n&#13;<\/p>\n<p><strong>BUKAREST:<\/strong> Mihai R\u0103zvan Ungureanu ist am Mittwoch erneut in das Amt des Leiters des Auslandsnachrichtendienstes SIE eingef\u00fchrt worden. Bei der feierlichen Amtseinf\u00fchrung erk\u00e4rte Pr\u00e4sident Iohannis, der SIE k\u00e4mpfe an der vordersten Front gegen die unkonventionellen Bedrohungen von au\u200e\u00dferhalb der Landesgrenzen. Der Auslandsnachrichtendienst habe auch aus der Perpektive euro-atlantischer und internationaler Beziehungen eine wichtige Funktion zu erf\u00fcllen. Dabei habe er sich im Bereich strategischer Analysen und bei der F\u00f6rderung nationaler Interessen als effizient erwiesen, so der Pr\u00e4sident noch. Johannis hatte Ungureanu als Leiter nominiert, am 30. Juni hatten Senatoren und Abgeordnete der National-Liberalen Parei PNL und des Ungarnverbands, sowie der mitregierenden Union f\u00fcr den Fortschritt Rum\u00e4niens UNPR und der Fraktion der nationalen Minderheiten seine Amtseinf\u00fchrung best\u00e4tigt. Die PSD und die ALDE blieben der Abstimmung fern. Damit kehrt Ungureanu an die Spitze des Dienstes zur\u00fcck, den er bereits im Zeitraum 2007-2012 geleitet hatte, w\u00e4hrend der Amtszeit von Ex-Pr\u00e4sident Traian Basescu.<\/p>\n<p>&#13;<br \/>\n&#13;<\/p>\n<p>&#13;<br \/>\n&#13;<\/p>\n<p><strong>CHI\u015eIN\u0102U:<\/strong> Der Delegationschef des Europaparlaments f\u00fcr die Republik Moldau, der rum\u00e4nische Sozial-Demokrat Andi Cristea forderte eine beschleunigte Regierungsbildung in Chi\u015fin\u0103u. Nach dem R\u00fccktritt im Juni des von Chiril Gaburici gef\u00fchrten Kabinetts schreiten die Verhandlungen zwischen den pro-europ\u00e4ischen Parteien in Chi\u015fin\u0103u f\u00fcr die Schaffung einer parlamentarischen Mehrheit und die Bildung einer neuen Regierung nicht voran. Die bisherigen Diskussionen brachten keine konkreten Ergebnisse. Laut Verfassung wird Pr\u00e4sident Nicolae Timofti verpflichtet sein, falls bis zum 16. September keine Regierung gebildet werden soll, das Parlament aufzul\u00f6sen und vorgezogenen Wahlen einzuberufen. Am Dienstag setzte sich im Rahmen der Gespr\u00e4che mit seinem moldauischen Gegen\u00fcber im nord\u00f6stlichen Suceava der rum\u00e4nische Staatschef Klaus Johannis f\u00fcr eine dringende Amtseinf\u00fchrung einer neuen Regierung ein. <\/p>\n<p>&#13;<\/p>\n","protected":false},"excerpt":{"rendered":"<p>BUKAREST: Victor Ponta wird ab Donnerstag seine T\u00e4tigkeit als Regierungschef wieder aufnehmen. Das teilte er in einem Schreiben Pr\u00e4sident Klaus Iohannis mit. Nach der in der T\u00fcrkei vorgenommenen Knieoperation Mitte Juni war Ponta am Mittwoch nach Rum\u00e4nien zur\u00fcckgekehrt. W\u00e4hrend dieses Zeitraums war Innenminister und Vizeministerpr\u00e4sident Gabriel Oprea zugleich auch Interims-Premier. Die Leitung der Sozial-Demokratischen Partei [&hellip;]<\/p>\n","protected":false},"author":103,"featured_media":212248,"comment_status":"closed","ping_status":"closed","sticky":false,"template":"","format":"standard","meta":{"_acf_changed":false,"footnotes":""},"categories":[116753],"tags":[124278,30955,100028,100115],"coauthors":[],"class_list":["post-631762","post","type-post","status-publish","format-standard","has-post-thumbnail","hentry","category-newsflash-de","tag-auslandsnachrichtendienst","tag-mihai-razvan-ungureanu","tag-ministerpraesident-victor-ponta","tag-republik-moldau"],"acf":[],"yoast_head":"<!-- This site is optimized with the Yoast SEO plugin v27.3 - https:\/\/yoast.com\/product\/yoast-seo-wordpress\/ -->\n<title>Nachrichten 08.07.2015 - Radio Rum\u00e4nien International<\/title>\n<meta name=\"robots\" content=\"index, follow, max-snippet:-1, max-image-preview:large, max-video-preview:-1\" \/>\n<link rel=\"canonical\" href=\"https:\/\/www.rri.ro\/de\/aktuell\/newsflash-de\/nachrichten-08-07-2015-id631762.html\" \/>\n<meta property=\"og:locale\" content=\"de_DE\" \/>\n<meta property=\"og:type\" content=\"article\" \/>\n<meta property=\"og:title\" content=\"Nachrichten 08.07.2015 - Radio Rum\u00e4nien International\" \/>\n<meta property=\"og:description\" content=\"BUKAREST: Victor Ponta wird ab Donnerstag seine T\u00e4tigkeit als Regierungschef wieder aufnehmen. Das teilte er in einem Schreiben Pr\u00e4sident Klaus Iohannis mit. Nach der in der T\u00fcrkei vorgenommenen Knieoperation Mitte Juni war Ponta am Mittwoch nach Rum\u00e4nien zur\u00fcckgekehrt. W\u00e4hrend dieses Zeitraums war Innenminister und Vizeministerpr\u00e4sident Gabriel Oprea zugleich auch Interims-Premier. Die Leitung der Sozial-Demokratischen Partei [&hellip;]\" \/>\n<meta property=\"og:url\" content=\"https:\/\/www.rri.ro\/de\/aktuell\/newsflash-de\/nachrichten-08-07-2015-id631762.html\" \/>\n<meta property=\"og:site_name\" content=\"Radio Rum\u00e4nien International\" \/>\n<meta property=\"article:published_time\" content=\"2015-07-08T16:37:00+00:00\" \/>\n<meta property=\"og:image\" content=\"https:\/\/www.rri.ro\/wp-content\/uploads\/2023\/10\/harta-lumii.jpg\" \/>\n\t<meta property=\"og:image:width\" content=\"640\" \/>\n\t<meta property=\"og:image:height\" content=\"480\" \/>\n\t<meta property=\"og:image:type\" content=\"image\/png\" \/>\n<meta name=\"author\" content=\"Radio Rom\u00e2nia\" \/>\n<meta name=\"twitter:card\" content=\"summary_large_image\" \/>\n<meta name=\"twitter:label1\" content=\"Verfasst von\" \/>\n\t<meta name=\"twitter:data1\" content=\"Radio Rom\u00e2nia\" \/>\n\t<meta name=\"twitter:label2\" content=\"Gesch\u00e4tzte Lesezeit\" \/>\n\t<meta name=\"twitter:data2\" content=\"2\u00a0Minuten\" \/>\n\t<meta name=\"twitter:label3\" content=\"Written by\" \/>\n\t<meta name=\"twitter:data3\" content=\"Radio Rom\u00e2nia\" \/>\n<script type=\"application\/ld+json\" class=\"yoast-schema-graph\">{\"@context\":\"https:\\\/\\\/schema.org\",\"@graph\":[{\"@type\":\"Article\",\"@id\":\"https:\\\/\\\/www.rri.ro\\\/de\\\/aktuell\\\/newsflash-de\\\/nachrichten-08-07-2015-id631762.html#article\",\"isPartOf\":{\"@id\":\"https:\\\/\\\/www.rri.ro\\\/de\\\/aktuell\\\/newsflash-de\\\/nachrichten-08-07-2015-id631762.html\"},\"author\":{\"name\":\"Radio Rom\u00e2nia\",\"@id\":\"https:\\\/\\\/www.rri.ro\\\/#\\\/schema\\\/person\\\/67a5968ae4048120bd859e71a3615e7f\"},\"headline\":\"Nachrichten 08.07.2015\",\"datePublished\":\"2015-07-08T16:37:00+00:00\",\"mainEntityOfPage\":{\"@id\":\"https:\\\/\\\/www.rri.ro\\\/de\\\/aktuell\\\/newsflash-de\\\/nachrichten-08-07-2015-id631762.html\"},\"wordCount\":466,\"image\":{\"@id\":\"https:\\\/\\\/www.rri.ro\\\/de\\\/aktuell\\\/newsflash-de\\\/nachrichten-08-07-2015-id631762.html#primaryimage\"},\"thumbnailUrl\":\"https:\\\/\\\/www.rri.ro\\\/wp-content\\\/uploads\\\/2023\\\/10\\\/harta-lumii.jpg\",\"keywords\":[\"Auslandsnachrichtendienst\",\"Mihai Razvan Ungureanu\",\"Ministerpr\u00e4sident Victor Ponta\",\"Republik Moldau\"],\"articleSection\":[\"Newsflash\"],\"inLanguage\":\"de\"},{\"@type\":\"WebPage\",\"@id\":\"https:\\\/\\\/www.rri.ro\\\/de\\\/aktuell\\\/newsflash-de\\\/nachrichten-08-07-2015-id631762.html\",\"url\":\"https:\\\/\\\/www.rri.ro\\\/de\\\/aktuell\\\/newsflash-de\\\/nachrichten-08-07-2015-id631762.html\",\"name\":\"Nachrichten 08.07.2015 - Radio Rum\u00e4nien International\",\"isPartOf\":{\"@id\":\"https:\\\/\\\/www.rri.ro\\\/#website\"},\"primaryImageOfPage\":{\"@id\":\"https:\\\/\\\/www.rri.ro\\\/de\\\/aktuell\\\/newsflash-de\\\/nachrichten-08-07-2015-id631762.html#primaryimage\"},\"image\":{\"@id\":\"https:\\\/\\\/www.rri.ro\\\/de\\\/aktuell\\\/newsflash-de\\\/nachrichten-08-07-2015-id631762.html#primaryimage\"},\"thumbnailUrl\":\"https:\\\/\\\/www.rri.ro\\\/wp-content\\\/uploads\\\/2023\\\/10\\\/harta-lumii.jpg\",\"datePublished\":\"2015-07-08T16:37:00+00:00\",\"author\":{\"@id\":\"https:\\\/\\\/www.rri.ro\\\/#\\\/schema\\\/person\\\/67a5968ae4048120bd859e71a3615e7f\"},\"breadcrumb\":{\"@id\":\"https:\\\/\\\/www.rri.ro\\\/de\\\/aktuell\\\/newsflash-de\\\/nachrichten-08-07-2015-id631762.html#breadcrumb\"},\"inLanguage\":\"de\",\"potentialAction\":[{\"@type\":\"ReadAction\",\"target\":[\"https:\\\/\\\/www.rri.ro\\\/de\\\/aktuell\\\/newsflash-de\\\/nachrichten-08-07-2015-id631762.html\"]}]},{\"@type\":\"ImageObject\",\"inLanguage\":\"de\",\"@id\":\"https:\\\/\\\/www.rri.ro\\\/de\\\/aktuell\\\/newsflash-de\\\/nachrichten-08-07-2015-id631762.html#primaryimage\",\"url\":\"https:\\\/\\\/www.rri.ro\\\/wp-content\\\/uploads\\\/2023\\\/10\\\/harta-lumii.jpg\",\"contentUrl\":\"https:\\\/\\\/www.rri.ro\\\/wp-content\\\/uploads\\\/2023\\\/10\\\/harta-lumii.jpg\",\"width\":640,\"height\":480},{\"@type\":\"BreadcrumbList\",\"@id\":\"https:\\\/\\\/www.rri.ro\\\/de\\\/aktuell\\\/newsflash-de\\\/nachrichten-08-07-2015-id631762.html#breadcrumb\",\"itemListElement\":[{\"@type\":\"ListItem\",\"position\":1,\"name\":\"Startseite\",\"item\":\"https:\\\/\\\/www.rri.ro\\\/de\"},{\"@type\":\"ListItem\",\"position\":2,\"name\":\"Aktuell\",\"item\":\"https:\\\/\\\/www.rri.ro\\\/de\\\/aktuell\"},{\"@type\":\"ListItem\",\"position\":3,\"name\":\"Newsflash\",\"item\":\"https:\\\/\\\/www.rri.ro\\\/de\\\/aktuell\\\/newsflash-de\"},{\"@type\":\"ListItem\",\"position\":4,\"name\":\"Nachrichten 08.07.2015\"}]},{\"@type\":\"WebSite\",\"@id\":\"https:\\\/\\\/www.rri.ro\\\/#website\",\"url\":\"https:\\\/\\\/www.rri.ro\\\/\",\"name\":\"Radio Rum\u00e4nien International\",\"description\":\"Totul despre Rom\u00e2nia \u015fi rom\u00e2ni, \u00een 13 limbi\\\/dialecte!\",\"inLanguage\":\"de\"},{\"@type\":\"Person\",\"@id\":\"https:\\\/\\\/www.rri.ro\\\/#\\\/schema\\\/person\\\/67a5968ae4048120bd859e71a3615e7f\",\"name\":\"Radio Rom\u00e2nia\",\"url\":\"https:\\\/\\\/www.rri.ro\\\/de\\\/author\\\/radio-romania\"}]}<\/script>\n<!-- \/ Yoast SEO plugin. -->","yoast_head_json":{"title":"Nachrichten 08.07.2015 - Radio Rum\u00e4nien International","robots":{"index":"index","follow":"follow","max-snippet":"max-snippet:-1","max-image-preview":"max-image-preview:large","max-video-preview":"max-video-preview:-1"},"canonical":"https:\/\/www.rri.ro\/de\/aktuell\/newsflash-de\/nachrichten-08-07-2015-id631762.html","og_locale":"de_DE","og_type":"article","og_title":"Nachrichten 08.07.2015 - Radio Rum\u00e4nien International","og_description":"BUKAREST: Victor Ponta wird ab Donnerstag seine T\u00e4tigkeit als Regierungschef wieder aufnehmen. Das teilte er in einem Schreiben Pr\u00e4sident Klaus Iohannis mit. Nach der in der T\u00fcrkei vorgenommenen Knieoperation Mitte Juni war Ponta am Mittwoch nach Rum\u00e4nien zur\u00fcckgekehrt. W\u00e4hrend dieses Zeitraums war Innenminister und Vizeministerpr\u00e4sident Gabriel Oprea zugleich auch Interims-Premier. Die Leitung der Sozial-Demokratischen Partei [&hellip;]","og_url":"https:\/\/www.rri.ro\/de\/aktuell\/newsflash-de\/nachrichten-08-07-2015-id631762.html","og_site_name":"Radio Rum\u00e4nien International","article_published_time":"2015-07-08T16:37:00+00:00","og_image":[{"width":640,"height":480,"url":"https:\/\/www.rri.ro\/wp-content\/uploads\/2023\/10\/harta-lumii.jpg","type":"image\/png"}],"author":"Radio Rom\u00e2nia","twitter_card":"summary_large_image","twitter_misc":{"Verfasst von":"Radio Rom\u00e2nia","Gesch\u00e4tzte Lesezeit":"2\u00a0Minuten","Written by":"Radio Rom\u00e2nia"},"schema":{"@context":"https:\/\/schema.org","@graph":[{"@type":"Article","@id":"https:\/\/www.rri.ro\/de\/aktuell\/newsflash-de\/nachrichten-08-07-2015-id631762.html#article","isPartOf":{"@id":"https:\/\/www.rri.ro\/de\/aktuell\/newsflash-de\/nachrichten-08-07-2015-id631762.html"},"author":{"name":"Radio Rom\u00e2nia","@id":"https:\/\/www.rri.ro\/#\/schema\/person\/67a5968ae4048120bd859e71a3615e7f"},"headline":"Nachrichten 08.07.2015","datePublished":"2015-07-08T16:37:00+00:00","mainEntityOfPage":{"@id":"https:\/\/www.rri.ro\/de\/aktuell\/newsflash-de\/nachrichten-08-07-2015-id631762.html"},"wordCount":466,"image":{"@id":"https:\/\/www.rri.ro\/de\/aktuell\/newsflash-de\/nachrichten-08-07-2015-id631762.html#primaryimage"},"thumbnailUrl":"https:\/\/www.rri.ro\/wp-content\/uploads\/2023\/10\/harta-lumii.jpg","keywords":["Auslandsnachrichtendienst","Mihai Razvan Ungureanu","Ministerpr\u00e4sident Victor Ponta","Republik Moldau"],"articleSection":["Newsflash"],"inLanguage":"de"},{"@type":"WebPage","@id":"https:\/\/www.rri.ro\/de\/aktuell\/newsflash-de\/nachrichten-08-07-2015-id631762.html","url":"https:\/\/www.rri.ro\/de\/aktuell\/newsflash-de\/nachrichten-08-07-2015-id631762.html","name":"Nachrichten 08.07.2015 - Radio Rum\u00e4nien International","isPartOf":{"@id":"https:\/\/www.rri.ro\/#website"},"primaryImageOfPage":{"@id":"https:\/\/www.rri.ro\/de\/aktuell\/newsflash-de\/nachrichten-08-07-2015-id631762.html#primaryimage"},"image":{"@id":"https:\/\/www.rri.ro\/de\/aktuell\/newsflash-de\/nachrichten-08-07-2015-id631762.html#primaryimage"},"thumbnailUrl":"https:\/\/www.rri.ro\/wp-content\/uploads\/2023\/10\/harta-lumii.jpg","datePublished":"2015-07-08T16:37:00+00:00","author":{"@id":"https:\/\/www.rri.ro\/#\/schema\/person\/67a5968ae4048120bd859e71a3615e7f"},"breadcrumb":{"@id":"https:\/\/www.rri.ro\/de\/aktuell\/newsflash-de\/nachrichten-08-07-2015-id631762.html#breadcrumb"},"inLanguage":"de","potentialAction":[{"@type":"ReadAction","target":["https:\/\/www.rri.ro\/de\/aktuell\/newsflash-de\/nachrichten-08-07-2015-id631762.html"]}]},{"@type":"ImageObject","inLanguage":"de","@id":"https:\/\/www.rri.ro\/de\/aktuell\/newsflash-de\/nachrichten-08-07-2015-id631762.html#primaryimage","url":"https:\/\/www.rri.ro\/wp-content\/uploads\/2023\/10\/harta-lumii.jpg","contentUrl":"https:\/\/www.rri.ro\/wp-content\/uploads\/2023\/10\/harta-lumii.jpg","width":640,"height":480},{"@type":"BreadcrumbList","@id":"https:\/\/www.rri.ro\/de\/aktuell\/newsflash-de\/nachrichten-08-07-2015-id631762.html#breadcrumb","itemListElement":[{"@type":"ListItem","position":1,"name":"Startseite","item":"https:\/\/www.rri.ro\/de"},{"@type":"ListItem","position":2,"name":"Aktuell","item":"https:\/\/www.rri.ro\/de\/aktuell"},{"@type":"ListItem","position":3,"name":"Newsflash","item":"https:\/\/www.rri.ro\/de\/aktuell\/newsflash-de"},{"@type":"ListItem","position":4,"name":"Nachrichten 08.07.2015"}]},{"@type":"WebSite","@id":"https:\/\/www.rri.ro\/#website","url":"https:\/\/www.rri.ro\/","name":"Radio Rum\u00e4nien International","description":"Totul despre Rom\u00e2nia \u015fi rom\u00e2ni, \u00een 13 limbi\/dialecte!","inLanguage":"de"},{"@type":"Person","@id":"https:\/\/www.rri.ro\/#\/schema\/person\/67a5968ae4048120bd859e71a3615e7f","name":"Radio Rom\u00e2nia","url":"https:\/\/www.rri.ro\/de\/author\/radio-romania"}]}},"_links":{"self":[{"href":"https:\/\/www.rri.ro\/de\/wp-json\/wp\/v2\/posts\/631762","targetHints":{"allow":["GET"]}}],"collection":[{"href":"https:\/\/www.rri.ro\/de\/wp-json\/wp\/v2\/posts"}],"about":[{"href":"https:\/\/www.rri.ro\/de\/wp-json\/wp\/v2\/types\/post"}],"author":[{"embeddable":true,"href":"https:\/\/www.rri.ro\/de\/wp-json\/wp\/v2\/users\/103"}],"replies":[{"embeddable":true,"href":"https:\/\/www.rri.ro\/de\/wp-json\/wp\/v2\/comments?post=631762"}],"version-history":[{"count":0,"href":"https:\/\/www.rri.ro\/de\/wp-json\/wp\/v2\/posts\/631762\/revisions"}],"wp:featuredmedia":[{"embeddable":true,"href":"https:\/\/www.rri.ro\/de\/wp-json\/wp\/v2\/media\/212248"}],"wp:attachment":[{"href":"https:\/\/www.rri.ro\/de\/wp-json\/wp\/v2\/media?parent=631762"}],"wp:term":[{"taxonomy":"category","embeddable":true,"href":"https:\/\/www.rri.ro\/de\/wp-json\/wp\/v2\/categories?post=631762"},{"taxonomy":"post_tag","embeddable":true,"href":"https:\/\/www.rri.ro\/de\/wp-json\/wp\/v2\/tags?post=631762"},{"taxonomy":"author","embeddable":true,"href":"https:\/\/www.rri.ro\/de\/wp-json\/wp\/v2\/coauthors?post=631762"}],"curies":[{"name":"wp","href":"https:\/\/api.w.org\/{rel}","templated":true}]}}