{"id":631797,"date":"2015-08-15T19:05:00","date_gmt":"2015-08-15T16:05:00","guid":{"rendered":"http:\/\/devrri.freshlemon.ro\/aktuell\/nachrichten-15-08-2015-id631797.html"},"modified":"2015-08-15T19:05:00","modified_gmt":"2015-08-15T16:05:00","slug":"nachrichten-15-08-2015","status":"publish","type":"post","link":"https:\/\/www.rri.ro\/de\/aktuell\/newsflash-de\/nachrichten-15-08-2015-id631797.html","title":{"rendered":"Nachrichten 15.08.2015"},"content":{"rendered":"<p><strong>BUKAREST<\/strong>: Gut 10.000 Menschen haben am Samstag an den Feierlichkeiten zum Tag der Rum\u00e4nischen Marine im Schwarzmeer-Hafen Constan\u0163a teilgenommen. Anwesend waren auch der stellvertretende Ministerpr\u00e4sident Gabriel Oprea, Verteidigungsminister Mircea Du\u015fa und der Generalstabchef, General-Leutnant Nicolae Ciuc\u0103. Die Teilnehmer wohnten unter anderem der Parade des Gottes Neptun\u201c bei, ferner fand nach der offiziellen Zeremonie eine Milit\u00e4r\u00fcbung unter Teilnahme der See- und Luftstreitkr\u00e4fte statt. Anschlie\u00dfend wurde das Schulschiff Mircea\u201c pr\u00e4sentiert, dessen Besatzung die G\u00e4ste von den Masten begr\u00fc\u00dfte. In allen rum\u00e4nischen Fluss- und Seeh\u00e4fen fanden \u00e4hnliche Veranstaltungen statt.  Daran beteiligten sich insgesamt 2.000 Seeleute von der Milit\u00e4r- und Zivilmarine, mehr als 35 Schiffe verschiedener Kategorien und 9 Flugzeuge. Zu Ehren der rum\u00e4nischen Marine wurden 21 Kanonensch\u00fcsse abgefeuert. In diesem Jahr wurden am Tag der rum\u00e4nischen Marine auch 155 Jahre seit der Gr\u00fcndung der modernen Milit\u00e4rmarine in Rum\u00e4nien im Jahr 1860 gefeiert.<\/p>\n<p>&#13;<br \/>\n&#13;<\/p>\n<p>&#13;<br \/>\n<strong>BUKAREST <\/strong>: Die rum\u00e4nische Regierung will den von der D\u00fcrre betroffenen Landwirten mit Entsch\u00e4digungen unter die Arme greifen. Das hatte Ministerpr\u00e4sident Victor Ponta am Freitag in einer Fernsehsendung erkl\u00e4rt. Er habe sich bereits zum Thema mit dem Landwirtschaftsminister ausgetauscht, so Ponta. Bislang seien die Mais- und Weizenfelder am schwersten von der D\u00fcrre betroffen, sagte der Regierungschef noch. Rum\u00e4nien werde die Folgen der geringen Niederschlangsmengen bis zum Jahresende sp\u00fcren. Diese m\u00fcssten durch andere Ma\u00dfnahmen zur Stabilisierung der anderen Branchen ausgeglichen werden, damit der aktuelle Aufw\u00e4rtstrend der Wirtschaft nicht beeintr\u00e4chtigt werde.<\/p>\n<p>&#13;<br \/>\n&#13;<\/p>\n<p>&#13;<br \/>\n&#13;<\/p>\n<p><strong>SPORT<\/strong>: Profiboxer und Ex-Weltmeister Lucian Bute steigt nach gut eineinhalb Jahren wieder in den Ring. Der Rum\u00e4ne trifft am Sonntagmorgen rum\u00e4nischer Zeit auf den Italiener Andrea Di Luisa im kanadischen Montreal. Sollte Bute den Kampf f\u00fcr sich entscheiden, wird er erneut als Herausforderer um den WM-G\u00fcrtel antreten k\u00f6nnen. Seinen Titel im Supermittelgewicht der IBF-Version hatte der 35-J\u00e4hrige im Mai 2012 an den Engl\u00e4nder Carl Froch abgeben m\u00fcssen. Froch hat seine Karriere inzwischen beendet. In seiner Karriere hat Bute 32 Siege, darunter 24 durch KO, sowie zwei Niederlagen gesammelt. Der Italiener Di Luisa ist 33 Jahre alt und hat bislang 17 Siege und 2 Niederlagen auf dem Konto.<\/p>\n<p>&#13;<\/p>\n","protected":false},"excerpt":{"rendered":"<p>BUKAREST: Gut 10.000 Menschen haben am Samstag an den Feierlichkeiten zum Tag der Rum\u00e4nischen Marine im Schwarzmeer-Hafen Constan\u0163a teilgenommen. Anwesend waren auch der stellvertretende Ministerpr\u00e4sident Gabriel Oprea, Verteidigungsminister Mircea Du\u015fa und der Generalstabchef, General-Leutnant Nicolae Ciuc\u0103. Die Teilnehmer wohnten unter anderem der Parade des Gottes Neptun\u201c bei, ferner fand nach der offiziellen Zeremonie eine Milit\u00e4r\u00fcbung [&hellip;]<\/p>\n","protected":false},"author":113,"featured_media":212248,"comment_status":"closed","ping_status":"closed","sticky":false,"template":"","format":"standard","meta":{"_acf_changed":false,"footnotes":""},"categories":[116753],"tags":[146631,99765,100606,33586,125406,125404,41363,99709,29580,153040,99897,187648,125405,99586,99589,125403,100113,169260,104899],"coauthors":[],"class_list":["post-631797","post","type-post","status-publish","format-standard","has-post-thumbnail","hentry","category-newsflash-de","tag-constanta-de","tag-duerre","tag-feierlichkeiten","tag-gala","tag-guertel","tag-hilfen","tag-ibf","tag-landwirte","tag-lucian-bute","tag-marine-de","tag-ministerpraesident","tag-montreal-de","tag-profiboxer","tag-regierung","tag-rumaenien","tag-schulschiff","tag-schwarzes-meer","tag-victor-ponta-de","tag-weltmeister"],"acf":[],"yoast_head":"<!-- This site is optimized with the Yoast SEO plugin v27.3 - https:\/\/yoast.com\/product\/yoast-seo-wordpress\/ -->\n<title>Nachrichten 15.08.2015 - Radio Rum\u00e4nien International<\/title>\n<meta name=\"robots\" content=\"index, follow, max-snippet:-1, max-image-preview:large, max-video-preview:-1\" \/>\n<link rel=\"canonical\" href=\"https:\/\/www.rri.ro\/de\/aktuell\/newsflash-de\/nachrichten-15-08-2015-id631797.html\" \/>\n<meta property=\"og:locale\" content=\"de_DE\" \/>\n<meta property=\"og:type\" content=\"article\" \/>\n<meta property=\"og:title\" content=\"Nachrichten 15.08.2015 - Radio Rum\u00e4nien International\" \/>\n<meta property=\"og:description\" content=\"BUKAREST: Gut 10.000 Menschen haben am Samstag an den Feierlichkeiten zum Tag der Rum\u00e4nischen Marine im Schwarzmeer-Hafen Constan\u0163a teilgenommen. Anwesend waren auch der stellvertretende Ministerpr\u00e4sident Gabriel Oprea, Verteidigungsminister Mircea Du\u015fa und der Generalstabchef, General-Leutnant Nicolae Ciuc\u0103. Die Teilnehmer wohnten unter anderem der Parade des Gottes Neptun\u201c bei, ferner fand nach der offiziellen Zeremonie eine Milit\u00e4r\u00fcbung [&hellip;]\" \/>\n<meta property=\"og:url\" content=\"https:\/\/www.rri.ro\/de\/aktuell\/newsflash-de\/nachrichten-15-08-2015-id631797.html\" \/>\n<meta property=\"og:site_name\" content=\"Radio Rum\u00e4nien International\" \/>\n<meta property=\"article:published_time\" content=\"2015-08-15T16:05:00+00:00\" \/>\n<meta property=\"og:image\" content=\"https:\/\/www.rri.ro\/wp-content\/uploads\/2023\/10\/harta-lumii.jpg\" \/>\n\t<meta property=\"og:image:width\" content=\"640\" \/>\n\t<meta property=\"og:image:height\" content=\"480\" \/>\n\t<meta property=\"og:image:type\" content=\"image\/png\" \/>\n<meta name=\"author\" content=\"Newsroom\" \/>\n<meta name=\"twitter:card\" content=\"summary_large_image\" \/>\n<meta name=\"twitter:label1\" content=\"Verfasst von\" \/>\n\t<meta name=\"twitter:data1\" content=\"Newsroom\" \/>\n\t<meta name=\"twitter:label2\" content=\"Gesch\u00e4tzte Lesezeit\" \/>\n\t<meta name=\"twitter:data2\" content=\"2\u00a0Minuten\" \/>\n\t<meta name=\"twitter:label3\" content=\"Written by\" \/>\n\t<meta name=\"twitter:data3\" content=\"Newsroom\" \/>\n<script type=\"application\/ld+json\" class=\"yoast-schema-graph\">{\"@context\":\"https:\\\/\\\/schema.org\",\"@graph\":[{\"@type\":\"Article\",\"@id\":\"https:\\\/\\\/www.rri.ro\\\/de\\\/aktuell\\\/newsflash-de\\\/nachrichten-15-08-2015-id631797.html#article\",\"isPartOf\":{\"@id\":\"https:\\\/\\\/www.rri.ro\\\/de\\\/aktuell\\\/newsflash-de\\\/nachrichten-15-08-2015-id631797.html\"},\"author\":{\"name\":\"Newsroom\",\"@id\":\"https:\\\/\\\/www.rri.ro\\\/#\\\/schema\\\/person\\\/4a479940371b9fdefd194f561e8a7f88\"},\"headline\":\"Nachrichten 15.08.2015\",\"datePublished\":\"2015-08-15T16:05:00+00:00\",\"mainEntityOfPage\":{\"@id\":\"https:\\\/\\\/www.rri.ro\\\/de\\\/aktuell\\\/newsflash-de\\\/nachrichten-15-08-2015-id631797.html\"},\"wordCount\":362,\"image\":{\"@id\":\"https:\\\/\\\/www.rri.ro\\\/de\\\/aktuell\\\/newsflash-de\\\/nachrichten-15-08-2015-id631797.html#primaryimage\"},\"thumbnailUrl\":\"https:\\\/\\\/www.rri.ro\\\/wp-content\\\/uploads\\\/2023\\\/10\\\/harta-lumii.jpg\",\"keywords\":[\"Constanta\",\"D\u00fcrre\",\"Feierlichkeiten\",\"gala\",\"G\u00fcrtel\",\"Hilfen\",\"IBF\",\"Landwirte\",\"lucian bute\",\"marine\",\"Ministerpr\u00e4sident\",\"Montreal\",\"Profiboxer\",\"Regierung\",\"Rum\u00e4nien\",\"Schulschiff\",\"Schwarzes Meer\",\"Victor Ponta\",\"Weltmeister\"],\"articleSection\":[\"Newsflash\"],\"inLanguage\":\"de\"},{\"@type\":\"WebPage\",\"@id\":\"https:\\\/\\\/www.rri.ro\\\/de\\\/aktuell\\\/newsflash-de\\\/nachrichten-15-08-2015-id631797.html\",\"url\":\"https:\\\/\\\/www.rri.ro\\\/de\\\/aktuell\\\/newsflash-de\\\/nachrichten-15-08-2015-id631797.html\",\"name\":\"Nachrichten 15.08.2015 - Radio Rum\u00e4nien International\",\"isPartOf\":{\"@id\":\"https:\\\/\\\/www.rri.ro\\\/#website\"},\"primaryImageOfPage\":{\"@id\":\"https:\\\/\\\/www.rri.ro\\\/de\\\/aktuell\\\/newsflash-de\\\/nachrichten-15-08-2015-id631797.html#primaryimage\"},\"image\":{\"@id\":\"https:\\\/\\\/www.rri.ro\\\/de\\\/aktuell\\\/newsflash-de\\\/nachrichten-15-08-2015-id631797.html#primaryimage\"},\"thumbnailUrl\":\"https:\\\/\\\/www.rri.ro\\\/wp-content\\\/uploads\\\/2023\\\/10\\\/harta-lumii.jpg\",\"datePublished\":\"2015-08-15T16:05:00+00:00\",\"author\":{\"@id\":\"https:\\\/\\\/www.rri.ro\\\/#\\\/schema\\\/person\\\/4a479940371b9fdefd194f561e8a7f88\"},\"breadcrumb\":{\"@id\":\"https:\\\/\\\/www.rri.ro\\\/de\\\/aktuell\\\/newsflash-de\\\/nachrichten-15-08-2015-id631797.html#breadcrumb\"},\"inLanguage\":\"de\",\"potentialAction\":[{\"@type\":\"ReadAction\",\"target\":[\"https:\\\/\\\/www.rri.ro\\\/de\\\/aktuell\\\/newsflash-de\\\/nachrichten-15-08-2015-id631797.html\"]}]},{\"@type\":\"ImageObject\",\"inLanguage\":\"de\",\"@id\":\"https:\\\/\\\/www.rri.ro\\\/de\\\/aktuell\\\/newsflash-de\\\/nachrichten-15-08-2015-id631797.html#primaryimage\",\"url\":\"https:\\\/\\\/www.rri.ro\\\/wp-content\\\/uploads\\\/2023\\\/10\\\/harta-lumii.jpg\",\"contentUrl\":\"https:\\\/\\\/www.rri.ro\\\/wp-content\\\/uploads\\\/2023\\\/10\\\/harta-lumii.jpg\",\"width\":640,\"height\":480},{\"@type\":\"BreadcrumbList\",\"@id\":\"https:\\\/\\\/www.rri.ro\\\/de\\\/aktuell\\\/newsflash-de\\\/nachrichten-15-08-2015-id631797.html#breadcrumb\",\"itemListElement\":[{\"@type\":\"ListItem\",\"position\":1,\"name\":\"Startseite\",\"item\":\"https:\\\/\\\/www.rri.ro\\\/de\"},{\"@type\":\"ListItem\",\"position\":2,\"name\":\"Aktuell\",\"item\":\"https:\\\/\\\/www.rri.ro\\\/de\\\/aktuell\"},{\"@type\":\"ListItem\",\"position\":3,\"name\":\"Newsflash\",\"item\":\"https:\\\/\\\/www.rri.ro\\\/de\\\/aktuell\\\/newsflash-de\"},{\"@type\":\"ListItem\",\"position\":4,\"name\":\"Nachrichten 15.08.2015\"}]},{\"@type\":\"WebSite\",\"@id\":\"https:\\\/\\\/www.rri.ro\\\/#website\",\"url\":\"https:\\\/\\\/www.rri.ro\\\/\",\"name\":\"Radio Rum\u00e4nien International\",\"description\":\"Totul despre Rom\u00e2nia \u015fi rom\u00e2ni, \u00een 13 limbi\\\/dialecte!\",\"inLanguage\":\"de\"},{\"@type\":\"Person\",\"@id\":\"https:\\\/\\\/www.rri.ro\\\/#\\\/schema\\\/person\\\/4a479940371b9fdefd194f561e8a7f88\",\"name\":\"Newsroom\",\"url\":\"https:\\\/\\\/www.rri.ro\\\/de\\\/author\\\/newsroom\"}]}<\/script>\n<!-- \/ Yoast SEO plugin. -->","yoast_head_json":{"title":"Nachrichten 15.08.2015 - Radio Rum\u00e4nien International","robots":{"index":"index","follow":"follow","max-snippet":"max-snippet:-1","max-image-preview":"max-image-preview:large","max-video-preview":"max-video-preview:-1"},"canonical":"https:\/\/www.rri.ro\/de\/aktuell\/newsflash-de\/nachrichten-15-08-2015-id631797.html","og_locale":"de_DE","og_type":"article","og_title":"Nachrichten 15.08.2015 - Radio Rum\u00e4nien International","og_description":"BUKAREST: Gut 10.000 Menschen haben am Samstag an den Feierlichkeiten zum Tag der Rum\u00e4nischen Marine im Schwarzmeer-Hafen Constan\u0163a teilgenommen. Anwesend waren auch der stellvertretende Ministerpr\u00e4sident Gabriel Oprea, Verteidigungsminister Mircea Du\u015fa und der Generalstabchef, General-Leutnant Nicolae Ciuc\u0103. Die Teilnehmer wohnten unter anderem der Parade des Gottes Neptun\u201c bei, ferner fand nach der offiziellen Zeremonie eine Milit\u00e4r\u00fcbung [&hellip;]","og_url":"https:\/\/www.rri.ro\/de\/aktuell\/newsflash-de\/nachrichten-15-08-2015-id631797.html","og_site_name":"Radio Rum\u00e4nien International","article_published_time":"2015-08-15T16:05:00+00:00","og_image":[{"width":640,"height":480,"url":"https:\/\/www.rri.ro\/wp-content\/uploads\/2023\/10\/harta-lumii.jpg","type":"image\/png"}],"author":"Newsroom","twitter_card":"summary_large_image","twitter_misc":{"Verfasst von":"Newsroom","Gesch\u00e4tzte Lesezeit":"2\u00a0Minuten","Written by":"Newsroom"},"schema":{"@context":"https:\/\/schema.org","@graph":[{"@type":"Article","@id":"https:\/\/www.rri.ro\/de\/aktuell\/newsflash-de\/nachrichten-15-08-2015-id631797.html#article","isPartOf":{"@id":"https:\/\/www.rri.ro\/de\/aktuell\/newsflash-de\/nachrichten-15-08-2015-id631797.html"},"author":{"name":"Newsroom","@id":"https:\/\/www.rri.ro\/#\/schema\/person\/4a479940371b9fdefd194f561e8a7f88"},"headline":"Nachrichten 15.08.2015","datePublished":"2015-08-15T16:05:00+00:00","mainEntityOfPage":{"@id":"https:\/\/www.rri.ro\/de\/aktuell\/newsflash-de\/nachrichten-15-08-2015-id631797.html"},"wordCount":362,"image":{"@id":"https:\/\/www.rri.ro\/de\/aktuell\/newsflash-de\/nachrichten-15-08-2015-id631797.html#primaryimage"},"thumbnailUrl":"https:\/\/www.rri.ro\/wp-content\/uploads\/2023\/10\/harta-lumii.jpg","keywords":["Constanta","D\u00fcrre","Feierlichkeiten","gala","G\u00fcrtel","Hilfen","IBF","Landwirte","lucian bute","marine","Ministerpr\u00e4sident","Montreal","Profiboxer","Regierung","Rum\u00e4nien","Schulschiff","Schwarzes Meer","Victor Ponta","Weltmeister"],"articleSection":["Newsflash"],"inLanguage":"de"},{"@type":"WebPage","@id":"https:\/\/www.rri.ro\/de\/aktuell\/newsflash-de\/nachrichten-15-08-2015-id631797.html","url":"https:\/\/www.rri.ro\/de\/aktuell\/newsflash-de\/nachrichten-15-08-2015-id631797.html","name":"Nachrichten 15.08.2015 - Radio Rum\u00e4nien International","isPartOf":{"@id":"https:\/\/www.rri.ro\/#website"},"primaryImageOfPage":{"@id":"https:\/\/www.rri.ro\/de\/aktuell\/newsflash-de\/nachrichten-15-08-2015-id631797.html#primaryimage"},"image":{"@id":"https:\/\/www.rri.ro\/de\/aktuell\/newsflash-de\/nachrichten-15-08-2015-id631797.html#primaryimage"},"thumbnailUrl":"https:\/\/www.rri.ro\/wp-content\/uploads\/2023\/10\/harta-lumii.jpg","datePublished":"2015-08-15T16:05:00+00:00","author":{"@id":"https:\/\/www.rri.ro\/#\/schema\/person\/4a479940371b9fdefd194f561e8a7f88"},"breadcrumb":{"@id":"https:\/\/www.rri.ro\/de\/aktuell\/newsflash-de\/nachrichten-15-08-2015-id631797.html#breadcrumb"},"inLanguage":"de","potentialAction":[{"@type":"ReadAction","target":["https:\/\/www.rri.ro\/de\/aktuell\/newsflash-de\/nachrichten-15-08-2015-id631797.html"]}]},{"@type":"ImageObject","inLanguage":"de","@id":"https:\/\/www.rri.ro\/de\/aktuell\/newsflash-de\/nachrichten-15-08-2015-id631797.html#primaryimage","url":"https:\/\/www.rri.ro\/wp-content\/uploads\/2023\/10\/harta-lumii.jpg","contentUrl":"https:\/\/www.rri.ro\/wp-content\/uploads\/2023\/10\/harta-lumii.jpg","width":640,"height":480},{"@type":"BreadcrumbList","@id":"https:\/\/www.rri.ro\/de\/aktuell\/newsflash-de\/nachrichten-15-08-2015-id631797.html#breadcrumb","itemListElement":[{"@type":"ListItem","position":1,"name":"Startseite","item":"https:\/\/www.rri.ro\/de"},{"@type":"ListItem","position":2,"name":"Aktuell","item":"https:\/\/www.rri.ro\/de\/aktuell"},{"@type":"ListItem","position":3,"name":"Newsflash","item":"https:\/\/www.rri.ro\/de\/aktuell\/newsflash-de"},{"@type":"ListItem","position":4,"name":"Nachrichten 15.08.2015"}]},{"@type":"WebSite","@id":"https:\/\/www.rri.ro\/#website","url":"https:\/\/www.rri.ro\/","name":"Radio Rum\u00e4nien International","description":"Totul despre Rom\u00e2nia \u015fi rom\u00e2ni, \u00een 13 limbi\/dialecte!","inLanguage":"de"},{"@type":"Person","@id":"https:\/\/www.rri.ro\/#\/schema\/person\/4a479940371b9fdefd194f561e8a7f88","name":"Newsroom","url":"https:\/\/www.rri.ro\/de\/author\/newsroom"}]}},"_links":{"self":[{"href":"https:\/\/www.rri.ro\/de\/wp-json\/wp\/v2\/posts\/631797","targetHints":{"allow":["GET"]}}],"collection":[{"href":"https:\/\/www.rri.ro\/de\/wp-json\/wp\/v2\/posts"}],"about":[{"href":"https:\/\/www.rri.ro\/de\/wp-json\/wp\/v2\/types\/post"}],"author":[{"embeddable":true,"href":"https:\/\/www.rri.ro\/de\/wp-json\/wp\/v2\/users\/113"}],"replies":[{"embeddable":true,"href":"https:\/\/www.rri.ro\/de\/wp-json\/wp\/v2\/comments?post=631797"}],"version-history":[{"count":0,"href":"https:\/\/www.rri.ro\/de\/wp-json\/wp\/v2\/posts\/631797\/revisions"}],"wp:featuredmedia":[{"embeddable":true,"href":"https:\/\/www.rri.ro\/de\/wp-json\/wp\/v2\/media\/212248"}],"wp:attachment":[{"href":"https:\/\/www.rri.ro\/de\/wp-json\/wp\/v2\/media?parent=631797"}],"wp:term":[{"taxonomy":"category","embeddable":true,"href":"https:\/\/www.rri.ro\/de\/wp-json\/wp\/v2\/categories?post=631797"},{"taxonomy":"post_tag","embeddable":true,"href":"https:\/\/www.rri.ro\/de\/wp-json\/wp\/v2\/tags?post=631797"},{"taxonomy":"author","embeddable":true,"href":"https:\/\/www.rri.ro\/de\/wp-json\/wp\/v2\/coauthors?post=631797"}],"curies":[{"name":"wp","href":"https:\/\/api.w.org\/{rel}","templated":true}]}}