{"id":631843,"date":"2015-10-01T19:54:00","date_gmt":"2015-10-01T16:54:00","guid":{"rendered":"http:\/\/devrri.freshlemon.ro\/aktuell\/nachrichten-01-10-2015-id631843.html"},"modified":"2015-10-01T19:54:00","modified_gmt":"2015-10-01T16:54:00","slug":"nachrichten-01-10-2015","status":"publish","type":"post","link":"https:\/\/www.rri.ro\/de\/aktuell\/newsflash-de\/nachrichten-01-10-2015-id631843.html","title":{"rendered":"Nachrichten 01.10.2015"},"content":{"rendered":"<p><strong>BUKAREST<\/strong>: In Rum\u00e4nien d\u00fcrfen H\u00e4ndler mehrerer Marken der VW-Gruppe vorerst keine ihrer Dieselmodelle mehr verkaufen. Davon sind Fahrzeuge der Marken Volkswagen, Audi, Skoda und Seat betroffen. Die von Bukarester Beh\u00f6rden getroffene Ma\u200e\u00dfnahme soll bis zur Aufkl\u00e4rung des Skandals um manipulierte Abgas-Werte bei VW gelten. Vergangene Woche hatte die rum\u00e4nische Kfz-Aufsicht RAR bei der lokalen VW-Vetretung bez\u00fcglich der Modelle angefragt, bei denen die versteckte Software zur Abgas-Manipulation zum Einsatz kam. Der deutsche Automobilkonzern hatte die von der US-Umweltschutzbeh\u00f6rde EPA enttarnte Manipulation eingestanden. Laut VW-Angaben seien etwa 11 Millionen Fahrzeuge mit der Software ausgestattet worden. Der Konzern wollte im Oktober technische L\u00f6sungen und Ma\u200e\u00dfnahmen zur Berichtigung der Abgas-Emissionen vorlegen.<\/p>\n<p>&#13;<br \/>\n&#13;<\/p>\n<p>&#13;<br \/>\n&#13;<\/p>\n<p><strong>BUKAREST:<\/strong>  An den rum\u00e4nischen Universit\u00e4ten hat am Donnerstag das neue Herbstsemester begonnen. Die j\u00fcngsten Studien im Bereich lassen darauf schlie\u200e\u00dfen, dass die rum\u00e4nischen Hoschulen immer weniger Studenten haben.  In den letzten sieben Jahren sei ihre Zahl um die H\u00e4lfte gesunken. Mehr als 50% der Akademiker w\u00fcrden nicht den erlernten Beruf aus\u00fcben, sondern sich zu einem Berufswechsel gezwungen sehen. Das sei in ihrem Fall die einzige Chance f\u00fcr einen Berufseinstieg. Die geringe Studentenzahl sei erstens auf die sinkende Geburtenrate und zweitens auf das geringe Interesse der Jugendlichen am Studium zur\u00fcckzuf\u00fchren, zeigen die j\u00fcngsten Daten des Nationalen Statistikamtes. Mehr dazu sp\u00e4ter im Funkjournal.<\/p>\n<p>&#13;<br \/>\n&#13;<\/p>\n<p>&#13;<br \/>\n&#13;<\/p>\n<p><strong>BUKAREST<\/strong>: Ein neues Daslehensabkommen zwischen Rum\u00e4nien und dem Internationalen W\u00e4hrungsfonds wird der rum\u00e4nischen Wirtschaftspolitik zu mehr Glaubw\u00fcrdigkeit und Rum\u00e4nien zu einer vorteilhaften Finanzierung auf dem internationalen Markt verhelfen. Das Abkommen w\u00fcrde zudem die Umsetzung von Reformen beschleunigen, erkl\u00e4rte Zentralbank-Chef Mugur Is\u0103rescu. Weil das Haushaltsdefizit deutlich gesunken sei, k\u00f6nne die Nachfrage nach Finanzierung unter Kontrolle gehalten werden. Infolgedessen werde sich das Abkommen nicht auf die Leistungsbilanz, sondern auf noch ausstehende Probleme wie die Strukturreformen konzentrieren, so Mugur Is\u0103rescu anschlie\u200e\u00dfend. Finanzminister Eugen Teodorovici hatte vor einigen Tagen erkl\u00e4rt, dass Rum\u00e4nien im Laufe des Jahres offiziell eine neue Finanzhilfe beim Kreditgeber IWF beantragen werde. Seit Ausbruch der Wirtschaftskrise im Jahr 2009 hatte Rum\u00e4nien drei Darlehensabkommen in Folge mit dem IWF und der EU abgeschlossen. <\/p>\n<p>&#13;<\/p>\n","protected":false},"excerpt":{"rendered":"<p>BUKAREST: In Rum\u00e4nien d\u00fcrfen H\u00e4ndler mehrerer Marken der VW-Gruppe vorerst keine ihrer Dieselmodelle mehr verkaufen. Davon sind Fahrzeuge der Marken Volkswagen, Audi, Skoda und Seat betroffen. Die von Bukarester Beh\u00f6rden getroffene Ma\u200e\u00dfnahme soll bis zur Aufkl\u00e4rung des Skandals um manipulierte Abgas-Werte bei VW gelten. Vergangene Woche hatte die rum\u00e4nische Kfz-Aufsicht RAR bei der lokalen VW-Vetretung [&hellip;]<\/p>\n","protected":false},"author":113,"featured_media":212261,"comment_status":"closed","ping_status":"closed","sticky":false,"template":"","format":"standard","meta":{"_acf_changed":false,"footnotes":""},"categories":[116753],"tags":[99922,125459,95525,125458,134270,125456,117224,99590,99589,125457,99981,34826,101405,29342],"coauthors":[],"class_list":["post-631843","post","type-post","status-publish","format-standard","has-post-thumbnail","hentry","category-newsflash-de","tag-darlehensabkommen","tag-abgase","tag-audi","tag-dieseltechnik","tag-eu-de","tag-haendler","tag-herbstsemester","tag-iwf","tag-rumaenien","tag-seat","tag-skandal","tag-skoda","tag-universitaeten","tag-vw"],"acf":[],"yoast_head":"<!-- This site is optimized with the Yoast SEO plugin v27.3 - https:\/\/yoast.com\/product\/yoast-seo-wordpress\/ -->\n<title>Nachrichten 01.10.2015 - Radio Rum\u00e4nien International<\/title>\n<meta name=\"robots\" content=\"index, follow, max-snippet:-1, max-image-preview:large, max-video-preview:-1\" \/>\n<link rel=\"canonical\" href=\"https:\/\/www.rri.ro\/de\/aktuell\/newsflash-de\/nachrichten-01-10-2015-id631843.html\" \/>\n<meta property=\"og:locale\" content=\"de_DE\" \/>\n<meta property=\"og:type\" content=\"article\" \/>\n<meta property=\"og:title\" content=\"Nachrichten 01.10.2015 - Radio Rum\u00e4nien International\" \/>\n<meta property=\"og:description\" content=\"BUKAREST: In Rum\u00e4nien d\u00fcrfen H\u00e4ndler mehrerer Marken der VW-Gruppe vorerst keine ihrer Dieselmodelle mehr verkaufen. Davon sind Fahrzeuge der Marken Volkswagen, Audi, Skoda und Seat betroffen. Die von Bukarester Beh\u00f6rden getroffene Ma\u200e\u00dfnahme soll bis zur Aufkl\u00e4rung des Skandals um manipulierte Abgas-Werte bei VW gelten. Vergangene Woche hatte die rum\u00e4nische Kfz-Aufsicht RAR bei der lokalen VW-Vetretung [&hellip;]\" \/>\n<meta property=\"og:url\" content=\"https:\/\/www.rri.ro\/de\/aktuell\/newsflash-de\/nachrichten-01-10-2015-id631843.html\" \/>\n<meta property=\"og:site_name\" content=\"Radio Rum\u00e4nien International\" \/>\n<meta property=\"article:published_time\" content=\"2015-10-01T16:54:00+00:00\" \/>\n<meta property=\"og:image\" content=\"https:\/\/www.rri.ro\/wp-content\/uploads\/2023\/10\/harta-lumii_thumb.jpg\" \/>\n\t<meta property=\"og:image:width\" content=\"640\" \/>\n\t<meta property=\"og:image:height\" content=\"480\" \/>\n\t<meta property=\"og:image:type\" content=\"image\/png\" \/>\n<meta name=\"author\" content=\"Newsroom\" \/>\n<meta name=\"twitter:card\" content=\"summary_large_image\" \/>\n<meta name=\"twitter:label1\" content=\"Verfasst von\" \/>\n\t<meta name=\"twitter:data1\" content=\"Newsroom\" \/>\n\t<meta name=\"twitter:label2\" content=\"Gesch\u00e4tzte Lesezeit\" \/>\n\t<meta name=\"twitter:data2\" content=\"2\u00a0Minuten\" \/>\n\t<meta name=\"twitter:label3\" content=\"Written by\" \/>\n\t<meta name=\"twitter:data3\" content=\"Newsroom\" \/>\n<script type=\"application\/ld+json\" class=\"yoast-schema-graph\">{\"@context\":\"https:\\\/\\\/schema.org\",\"@graph\":[{\"@type\":\"Article\",\"@id\":\"https:\\\/\\\/www.rri.ro\\\/de\\\/aktuell\\\/newsflash-de\\\/nachrichten-01-10-2015-id631843.html#article\",\"isPartOf\":{\"@id\":\"https:\\\/\\\/www.rri.ro\\\/de\\\/aktuell\\\/newsflash-de\\\/nachrichten-01-10-2015-id631843.html\"},\"author\":{\"name\":\"Newsroom\",\"@id\":\"https:\\\/\\\/www.rri.ro\\\/#\\\/schema\\\/person\\\/4a479940371b9fdefd194f561e8a7f88\"},\"headline\":\"Nachrichten 01.10.2015\",\"datePublished\":\"2015-10-01T16:54:00+00:00\",\"mainEntityOfPage\":{\"@id\":\"https:\\\/\\\/www.rri.ro\\\/de\\\/aktuell\\\/newsflash-de\\\/nachrichten-01-10-2015-id631843.html\"},\"wordCount\":365,\"image\":{\"@id\":\"https:\\\/\\\/www.rri.ro\\\/de\\\/aktuell\\\/newsflash-de\\\/nachrichten-01-10-2015-id631843.html#primaryimage\"},\"thumbnailUrl\":\"https:\\\/\\\/www.rri.ro\\\/wp-content\\\/uploads\\\/2023\\\/10\\\/harta-lumii_thumb.jpg\",\"keywords\":[\"&#013; Darlehensabkommen\",\"Abgase\",\"Audi\",\"Dieseltechnik\",\"EU\",\"H\u00e4ndler\",\"Herbstsemester\",\"IWF\",\"Rum\u00e4nien\",\"Seat\",\"Skandal\",\"Skoda\",\"Universit\u00e4ten\",\"VW\"],\"articleSection\":[\"Newsflash\"],\"inLanguage\":\"de\"},{\"@type\":\"WebPage\",\"@id\":\"https:\\\/\\\/www.rri.ro\\\/de\\\/aktuell\\\/newsflash-de\\\/nachrichten-01-10-2015-id631843.html\",\"url\":\"https:\\\/\\\/www.rri.ro\\\/de\\\/aktuell\\\/newsflash-de\\\/nachrichten-01-10-2015-id631843.html\",\"name\":\"Nachrichten 01.10.2015 - Radio Rum\u00e4nien International\",\"isPartOf\":{\"@id\":\"https:\\\/\\\/www.rri.ro\\\/#website\"},\"primaryImageOfPage\":{\"@id\":\"https:\\\/\\\/www.rri.ro\\\/de\\\/aktuell\\\/newsflash-de\\\/nachrichten-01-10-2015-id631843.html#primaryimage\"},\"image\":{\"@id\":\"https:\\\/\\\/www.rri.ro\\\/de\\\/aktuell\\\/newsflash-de\\\/nachrichten-01-10-2015-id631843.html#primaryimage\"},\"thumbnailUrl\":\"https:\\\/\\\/www.rri.ro\\\/wp-content\\\/uploads\\\/2023\\\/10\\\/harta-lumii_thumb.jpg\",\"datePublished\":\"2015-10-01T16:54:00+00:00\",\"author\":{\"@id\":\"https:\\\/\\\/www.rri.ro\\\/#\\\/schema\\\/person\\\/4a479940371b9fdefd194f561e8a7f88\"},\"breadcrumb\":{\"@id\":\"https:\\\/\\\/www.rri.ro\\\/de\\\/aktuell\\\/newsflash-de\\\/nachrichten-01-10-2015-id631843.html#breadcrumb\"},\"inLanguage\":\"de\",\"potentialAction\":[{\"@type\":\"ReadAction\",\"target\":[\"https:\\\/\\\/www.rri.ro\\\/de\\\/aktuell\\\/newsflash-de\\\/nachrichten-01-10-2015-id631843.html\"]}]},{\"@type\":\"ImageObject\",\"inLanguage\":\"de\",\"@id\":\"https:\\\/\\\/www.rri.ro\\\/de\\\/aktuell\\\/newsflash-de\\\/nachrichten-01-10-2015-id631843.html#primaryimage\",\"url\":\"https:\\\/\\\/www.rri.ro\\\/wp-content\\\/uploads\\\/2023\\\/10\\\/harta-lumii_thumb.jpg\",\"contentUrl\":\"https:\\\/\\\/www.rri.ro\\\/wp-content\\\/uploads\\\/2023\\\/10\\\/harta-lumii_thumb.jpg\",\"width\":640,\"height\":480},{\"@type\":\"BreadcrumbList\",\"@id\":\"https:\\\/\\\/www.rri.ro\\\/de\\\/aktuell\\\/newsflash-de\\\/nachrichten-01-10-2015-id631843.html#breadcrumb\",\"itemListElement\":[{\"@type\":\"ListItem\",\"position\":1,\"name\":\"Startseite\",\"item\":\"https:\\\/\\\/www.rri.ro\\\/de\"},{\"@type\":\"ListItem\",\"position\":2,\"name\":\"Aktuell\",\"item\":\"https:\\\/\\\/www.rri.ro\\\/de\\\/aktuell\"},{\"@type\":\"ListItem\",\"position\":3,\"name\":\"Newsflash\",\"item\":\"https:\\\/\\\/www.rri.ro\\\/de\\\/aktuell\\\/newsflash-de\"},{\"@type\":\"ListItem\",\"position\":4,\"name\":\"Nachrichten 01.10.2015\"}]},{\"@type\":\"WebSite\",\"@id\":\"https:\\\/\\\/www.rri.ro\\\/#website\",\"url\":\"https:\\\/\\\/www.rri.ro\\\/\",\"name\":\"Radio Rum\u00e4nien International\",\"description\":\"Totul despre Rom\u00e2nia \u015fi rom\u00e2ni, \u00een 13 limbi\\\/dialecte!\",\"inLanguage\":\"de\"},{\"@type\":\"Person\",\"@id\":\"https:\\\/\\\/www.rri.ro\\\/#\\\/schema\\\/person\\\/4a479940371b9fdefd194f561e8a7f88\",\"name\":\"Newsroom\",\"url\":\"https:\\\/\\\/www.rri.ro\\\/de\\\/author\\\/newsroom\"}]}<\/script>\n<!-- \/ Yoast SEO plugin. -->","yoast_head_json":{"title":"Nachrichten 01.10.2015 - Radio Rum\u00e4nien International","robots":{"index":"index","follow":"follow","max-snippet":"max-snippet:-1","max-image-preview":"max-image-preview:large","max-video-preview":"max-video-preview:-1"},"canonical":"https:\/\/www.rri.ro\/de\/aktuell\/newsflash-de\/nachrichten-01-10-2015-id631843.html","og_locale":"de_DE","og_type":"article","og_title":"Nachrichten 01.10.2015 - Radio Rum\u00e4nien International","og_description":"BUKAREST: In Rum\u00e4nien d\u00fcrfen H\u00e4ndler mehrerer Marken der VW-Gruppe vorerst keine ihrer Dieselmodelle mehr verkaufen. Davon sind Fahrzeuge der Marken Volkswagen, Audi, Skoda und Seat betroffen. Die von Bukarester Beh\u00f6rden getroffene Ma\u200e\u00dfnahme soll bis zur Aufkl\u00e4rung des Skandals um manipulierte Abgas-Werte bei VW gelten. Vergangene Woche hatte die rum\u00e4nische Kfz-Aufsicht RAR bei der lokalen VW-Vetretung [&hellip;]","og_url":"https:\/\/www.rri.ro\/de\/aktuell\/newsflash-de\/nachrichten-01-10-2015-id631843.html","og_site_name":"Radio Rum\u00e4nien International","article_published_time":"2015-10-01T16:54:00+00:00","og_image":[{"width":640,"height":480,"url":"https:\/\/www.rri.ro\/wp-content\/uploads\/2023\/10\/harta-lumii_thumb.jpg","type":"image\/png"}],"author":"Newsroom","twitter_card":"summary_large_image","twitter_misc":{"Verfasst von":"Newsroom","Gesch\u00e4tzte Lesezeit":"2\u00a0Minuten","Written by":"Newsroom"},"schema":{"@context":"https:\/\/schema.org","@graph":[{"@type":"Article","@id":"https:\/\/www.rri.ro\/de\/aktuell\/newsflash-de\/nachrichten-01-10-2015-id631843.html#article","isPartOf":{"@id":"https:\/\/www.rri.ro\/de\/aktuell\/newsflash-de\/nachrichten-01-10-2015-id631843.html"},"author":{"name":"Newsroom","@id":"https:\/\/www.rri.ro\/#\/schema\/person\/4a479940371b9fdefd194f561e8a7f88"},"headline":"Nachrichten 01.10.2015","datePublished":"2015-10-01T16:54:00+00:00","mainEntityOfPage":{"@id":"https:\/\/www.rri.ro\/de\/aktuell\/newsflash-de\/nachrichten-01-10-2015-id631843.html"},"wordCount":365,"image":{"@id":"https:\/\/www.rri.ro\/de\/aktuell\/newsflash-de\/nachrichten-01-10-2015-id631843.html#primaryimage"},"thumbnailUrl":"https:\/\/www.rri.ro\/wp-content\/uploads\/2023\/10\/harta-lumii_thumb.jpg","keywords":["&#013; Darlehensabkommen","Abgase","Audi","Dieseltechnik","EU","H\u00e4ndler","Herbstsemester","IWF","Rum\u00e4nien","Seat","Skandal","Skoda","Universit\u00e4ten","VW"],"articleSection":["Newsflash"],"inLanguage":"de"},{"@type":"WebPage","@id":"https:\/\/www.rri.ro\/de\/aktuell\/newsflash-de\/nachrichten-01-10-2015-id631843.html","url":"https:\/\/www.rri.ro\/de\/aktuell\/newsflash-de\/nachrichten-01-10-2015-id631843.html","name":"Nachrichten 01.10.2015 - Radio Rum\u00e4nien International","isPartOf":{"@id":"https:\/\/www.rri.ro\/#website"},"primaryImageOfPage":{"@id":"https:\/\/www.rri.ro\/de\/aktuell\/newsflash-de\/nachrichten-01-10-2015-id631843.html#primaryimage"},"image":{"@id":"https:\/\/www.rri.ro\/de\/aktuell\/newsflash-de\/nachrichten-01-10-2015-id631843.html#primaryimage"},"thumbnailUrl":"https:\/\/www.rri.ro\/wp-content\/uploads\/2023\/10\/harta-lumii_thumb.jpg","datePublished":"2015-10-01T16:54:00+00:00","author":{"@id":"https:\/\/www.rri.ro\/#\/schema\/person\/4a479940371b9fdefd194f561e8a7f88"},"breadcrumb":{"@id":"https:\/\/www.rri.ro\/de\/aktuell\/newsflash-de\/nachrichten-01-10-2015-id631843.html#breadcrumb"},"inLanguage":"de","potentialAction":[{"@type":"ReadAction","target":["https:\/\/www.rri.ro\/de\/aktuell\/newsflash-de\/nachrichten-01-10-2015-id631843.html"]}]},{"@type":"ImageObject","inLanguage":"de","@id":"https:\/\/www.rri.ro\/de\/aktuell\/newsflash-de\/nachrichten-01-10-2015-id631843.html#primaryimage","url":"https:\/\/www.rri.ro\/wp-content\/uploads\/2023\/10\/harta-lumii_thumb.jpg","contentUrl":"https:\/\/www.rri.ro\/wp-content\/uploads\/2023\/10\/harta-lumii_thumb.jpg","width":640,"height":480},{"@type":"BreadcrumbList","@id":"https:\/\/www.rri.ro\/de\/aktuell\/newsflash-de\/nachrichten-01-10-2015-id631843.html#breadcrumb","itemListElement":[{"@type":"ListItem","position":1,"name":"Startseite","item":"https:\/\/www.rri.ro\/de"},{"@type":"ListItem","position":2,"name":"Aktuell","item":"https:\/\/www.rri.ro\/de\/aktuell"},{"@type":"ListItem","position":3,"name":"Newsflash","item":"https:\/\/www.rri.ro\/de\/aktuell\/newsflash-de"},{"@type":"ListItem","position":4,"name":"Nachrichten 01.10.2015"}]},{"@type":"WebSite","@id":"https:\/\/www.rri.ro\/#website","url":"https:\/\/www.rri.ro\/","name":"Radio Rum\u00e4nien International","description":"Totul despre Rom\u00e2nia \u015fi rom\u00e2ni, \u00een 13 limbi\/dialecte!","inLanguage":"de"},{"@type":"Person","@id":"https:\/\/www.rri.ro\/#\/schema\/person\/4a479940371b9fdefd194f561e8a7f88","name":"Newsroom","url":"https:\/\/www.rri.ro\/de\/author\/newsroom"}]}},"_links":{"self":[{"href":"https:\/\/www.rri.ro\/de\/wp-json\/wp\/v2\/posts\/631843","targetHints":{"allow":["GET"]}}],"collection":[{"href":"https:\/\/www.rri.ro\/de\/wp-json\/wp\/v2\/posts"}],"about":[{"href":"https:\/\/www.rri.ro\/de\/wp-json\/wp\/v2\/types\/post"}],"author":[{"embeddable":true,"href":"https:\/\/www.rri.ro\/de\/wp-json\/wp\/v2\/users\/113"}],"replies":[{"embeddable":true,"href":"https:\/\/www.rri.ro\/de\/wp-json\/wp\/v2\/comments?post=631843"}],"version-history":[{"count":0,"href":"https:\/\/www.rri.ro\/de\/wp-json\/wp\/v2\/posts\/631843\/revisions"}],"wp:featuredmedia":[{"embeddable":true,"href":"https:\/\/www.rri.ro\/de\/wp-json\/wp\/v2\/media\/212261"}],"wp:attachment":[{"href":"https:\/\/www.rri.ro\/de\/wp-json\/wp\/v2\/media?parent=631843"}],"wp:term":[{"taxonomy":"category","embeddable":true,"href":"https:\/\/www.rri.ro\/de\/wp-json\/wp\/v2\/categories?post=631843"},{"taxonomy":"post_tag","embeddable":true,"href":"https:\/\/www.rri.ro\/de\/wp-json\/wp\/v2\/tags?post=631843"},{"taxonomy":"author","embeddable":true,"href":"https:\/\/www.rri.ro\/de\/wp-json\/wp\/v2\/coauthors?post=631843"}],"curies":[{"name":"wp","href":"https:\/\/api.w.org\/{rel}","templated":true}]}}