{"id":631848,"date":"2015-10-07T19:09:00","date_gmt":"2015-10-07T16:09:00","guid":{"rendered":"http:\/\/devrri.freshlemon.ro\/aktuell\/nachrichten-07-10-2015-id631848.html"},"modified":"2015-10-07T19:09:00","modified_gmt":"2015-10-07T16:09:00","slug":"nachrichten-07-10-2015","status":"publish","type":"post","link":"https:\/\/www.rri.ro\/de\/aktuell\/newsflash-de\/nachrichten-07-10-2015-id631848.html","title":{"rendered":"Nachrichten 07.10.2015"},"content":{"rendered":"<p>Washington: Das Jahr 2015 wird seit Anfang der Wirtschaftskrise das wirtschaftlich schw\u00e4chste sein, mit einem Wirtschaftsanstieg von 3,1%, w\u00e4hrend f\u00fcr 2016 ein Anstieg von 3,6% vorgesehen wird, so der IWF. Die Finanzinstitution sch\u00e4tzt, dass kurzfristig der Wirtschaftsanstieg solider in L\u00e4nder wie die USA und Gro\u200e\u00dfbritannien sein wird. Im Euro-Raum und in Japan k\u00f6nnte man von einem niedrigeren Anstieg sprechen. Der IWF sch\u00e4tzt f\u00fcr Rum\u00e4nien einen Anstieg von 3,4% 2015 und f\u00fcr das Jahr 2016 einen Anstieg von 3,9%.<\/p>\n<p>&#13;<br \/>\n&#13;<\/p>\n<p>&#13;<br \/>\n&#13;<\/p>\n<p>Chi\u015fin\u0103u: Der rum\u00e4nische Finanzminister Eugen Teodorovici hat am Mittwoch in Chi\u015fin\u0103u das Darlehensabkommen zwischen Rum\u00e4nien und der Republik Moldau in H\u00f6he von 150 Millionen Euro unterzeichnet. Das Abkommen soll von den zwei Staaten ratifiziert werden. Die erste Darlehenstranche wird erst dann ausbezahlt, wenn die Regierung in Chi\u015fin\u0103u die rum\u00e4nische Regierung \u00fcber die Lage der Beratungen und Verhandlungen mit dem IWF informiert. Der IWF hatte vergangenen Monat bekanntgegeben, er werde mit der Rep. Moldau kein neues Darlehengsprogramm verhandeln, weil sie die Engagements bez\u00fcglich der Reformen verletzt habe.<\/p>\n<p>&#13;<br \/>\n&#13;<\/p>\n<p>&#13;<br \/>\n&#13;<\/p>\n<p>Rum\u00e4nien kann zu einer politischen L\u00f6sung der Krise in Syrien beitragen, denn dieses Land hat weiterhin eine ge\u00f6ffnete Botschaft in Damaskus. Dies erkl\u00e4rte am Mittwoch der amerikanische NATO-Botschafter Douglas Lute. Er hob die Rolle Bukarests in der bewaffneten Koalition gegen die Terrororganisation Islamischer Staat hervor. Allerdings war er der Meinung, dass die Situation in Syrien nicht mit Waffen stabilisert werde. F\u00fcr eine friedliche Regelung ben\u00f6tige man L\u00e4nder wie Rum\u00e4nien, die Beziehungen zu der \u00e4u\u200e\u00dferst komplexen syrischen Innenpolitik pflegen. Lute ermutigte Rum\u00e4nien, sich weiterhin an den internationalen Bem\u00fchungen zur Eind\u00e4mmung der humanit\u00e4ren Krise in Syrien zu beteiligen.<\/p>\n<p>&#13;<br \/>\n&#13;<\/p>\n<p>&#13;<br \/>\n&#13;<\/p>\n<p>Bukarest: Der israelische Parlamentspr\u00e4sident, der Knesset, Yuli-Yoel Edelstein hat am Mittwoch im Plenum der Abgeodnetenkammer in Bukarest erkl\u00e4rt, er sei stolz, dass Rum\u00e4nien ein starker Partner im Kampf gegen den Antisemitismus war. Der Vorsitzende der Knesset \u00e4u\u200e\u00dferte seine Besorgnis hinsichtlich der Tatsache, dass Europa die Lektionen des Holocaustes vergesse. 70% der Juden haben auch heute noch Angst \u00f6ffentlich ihre Religion anzuerkennen, so Yuli-Yoel Edelstein, der sich bis zum 9. Oktober in Rum\u00e4nien aufh\u00e4lt. Er wird vom rum\u00e4nischen Staatschef Klaus Iohannis empfangen sowie mit dem Senatsvositzenden C\u0103lin Popescu-T\u0103riceanu und mit dem Au\u200e\u00dfenminister Bogdan Aurescu zusammenkommen. Yuli-Yoel Edelstein wird am 8. Oktober an den Gedenkveranstaltungen in Rum\u00e4nien teilnehmen. <\/p>\n<p>&#13;<\/p>\n","protected":false},"excerpt":{"rendered":"<p>Die wichtigsten Nachrichten des Tages im \u00dcberblick<\/p>\n","protected":false},"author":113,"featured_media":151136,"comment_status":"closed","ping_status":"closed","sticky":false,"template":"","format":"standard","meta":{"_acf_changed":false,"footnotes":""},"categories":[116753],"tags":[101540,29344,29389,125463,100115,99839,99620,38171],"coauthors":[],"class_list":["post-631848","post","type-post","status-publish","format-standard","has-post-thumbnail","hentry","category-newsflash-de","tag-darlehen","tag-holocaust","tag-israel","tag-nato-botschafter-douglas-lute","tag-republik-moldau","tag-syrien","tag-wirtschaftswachstum","tag-yuli-yoel-edelstein"],"acf":[],"yoast_head":"<!-- This site is optimized with the Yoast SEO plugin v27.3 - https:\/\/yoast.com\/product\/yoast-seo-wordpress\/ -->\n<title>Nachrichten 07.10.2015 - Radio Rum\u00e4nien International<\/title>\n<meta name=\"robots\" content=\"index, follow, max-snippet:-1, max-image-preview:large, max-video-preview:-1\" \/>\n<link rel=\"canonical\" href=\"https:\/\/www.rri.ro\/de\/aktuell\/newsflash-de\/nachrichten-07-10-2015-id631848.html\" \/>\n<meta property=\"og:locale\" content=\"de_DE\" \/>\n<meta property=\"og:type\" content=\"article\" \/>\n<meta property=\"og:title\" content=\"Nachrichten 07.10.2015 - Radio Rum\u00e4nien International\" \/>\n<meta property=\"og:description\" content=\"Die wichtigsten Nachrichten des Tages im \u00dcberblick\" \/>\n<meta property=\"og:url\" content=\"https:\/\/www.rri.ro\/de\/aktuell\/newsflash-de\/nachrichten-07-10-2015-id631848.html\" \/>\n<meta property=\"og:site_name\" content=\"Radio Rum\u00e4nien International\" \/>\n<meta property=\"article:published_time\" content=\"2015-10-07T16:09:00+00:00\" \/>\n<meta property=\"og:image\" content=\"https:\/\/www.rri.ro\/wp-content\/uploads\/2023\/10\/harta-lumii-rri.gif\" \/>\n\t<meta property=\"og:image:width\" content=\"640\" \/>\n\t<meta property=\"og:image:height\" content=\"371\" \/>\n\t<meta property=\"og:image:type\" content=\"image\/gif\" \/>\n<meta name=\"author\" content=\"Newsroom\" \/>\n<meta name=\"twitter:card\" content=\"summary_large_image\" \/>\n<meta name=\"twitter:label1\" content=\"Verfasst von\" \/>\n\t<meta name=\"twitter:data1\" content=\"Newsroom\" \/>\n\t<meta name=\"twitter:label2\" content=\"Gesch\u00e4tzte Lesezeit\" \/>\n\t<meta name=\"twitter:data2\" content=\"2\u00a0Minuten\" \/>\n\t<meta name=\"twitter:label3\" content=\"Written by\" \/>\n\t<meta name=\"twitter:data3\" content=\"Newsroom\" \/>\n<script type=\"application\/ld+json\" class=\"yoast-schema-graph\">{\"@context\":\"https:\\\/\\\/schema.org\",\"@graph\":[{\"@type\":\"Article\",\"@id\":\"https:\\\/\\\/www.rri.ro\\\/de\\\/aktuell\\\/newsflash-de\\\/nachrichten-07-10-2015-id631848.html#article\",\"isPartOf\":{\"@id\":\"https:\\\/\\\/www.rri.ro\\\/de\\\/aktuell\\\/newsflash-de\\\/nachrichten-07-10-2015-id631848.html\"},\"author\":{\"name\":\"Newsroom\",\"@id\":\"https:\\\/\\\/www.rri.ro\\\/#\\\/schema\\\/person\\\/4a479940371b9fdefd194f561e8a7f88\"},\"headline\":\"Nachrichten 07.10.2015\",\"datePublished\":\"2015-10-07T16:09:00+00:00\",\"mainEntityOfPage\":{\"@id\":\"https:\\\/\\\/www.rri.ro\\\/de\\\/aktuell\\\/newsflash-de\\\/nachrichten-07-10-2015-id631848.html\"},\"wordCount\":401,\"image\":{\"@id\":\"https:\\\/\\\/www.rri.ro\\\/de\\\/aktuell\\\/newsflash-de\\\/nachrichten-07-10-2015-id631848.html#primaryimage\"},\"thumbnailUrl\":\"https:\\\/\\\/www.rri.ro\\\/wp-content\\\/uploads\\\/2023\\\/10\\\/harta-lumii-rri.gif\",\"keywords\":[\"Darlehen\",\"Holocaust\",\"Israel\",\"NATO Botschafter Douglas Lute\",\"Republik Moldau\",\"Syrien\",\"Wirtschaftswachstum\",\"yuli-yoel edelstein\"],\"articleSection\":[\"Newsflash\"],\"inLanguage\":\"de\"},{\"@type\":\"WebPage\",\"@id\":\"https:\\\/\\\/www.rri.ro\\\/de\\\/aktuell\\\/newsflash-de\\\/nachrichten-07-10-2015-id631848.html\",\"url\":\"https:\\\/\\\/www.rri.ro\\\/de\\\/aktuell\\\/newsflash-de\\\/nachrichten-07-10-2015-id631848.html\",\"name\":\"Nachrichten 07.10.2015 - Radio Rum\u00e4nien International\",\"isPartOf\":{\"@id\":\"https:\\\/\\\/www.rri.ro\\\/#website\"},\"primaryImageOfPage\":{\"@id\":\"https:\\\/\\\/www.rri.ro\\\/de\\\/aktuell\\\/newsflash-de\\\/nachrichten-07-10-2015-id631848.html#primaryimage\"},\"image\":{\"@id\":\"https:\\\/\\\/www.rri.ro\\\/de\\\/aktuell\\\/newsflash-de\\\/nachrichten-07-10-2015-id631848.html#primaryimage\"},\"thumbnailUrl\":\"https:\\\/\\\/www.rri.ro\\\/wp-content\\\/uploads\\\/2023\\\/10\\\/harta-lumii-rri.gif\",\"datePublished\":\"2015-10-07T16:09:00+00:00\",\"author\":{\"@id\":\"https:\\\/\\\/www.rri.ro\\\/#\\\/schema\\\/person\\\/4a479940371b9fdefd194f561e8a7f88\"},\"breadcrumb\":{\"@id\":\"https:\\\/\\\/www.rri.ro\\\/de\\\/aktuell\\\/newsflash-de\\\/nachrichten-07-10-2015-id631848.html#breadcrumb\"},\"inLanguage\":\"de\",\"potentialAction\":[{\"@type\":\"ReadAction\",\"target\":[\"https:\\\/\\\/www.rri.ro\\\/de\\\/aktuell\\\/newsflash-de\\\/nachrichten-07-10-2015-id631848.html\"]}]},{\"@type\":\"ImageObject\",\"inLanguage\":\"de\",\"@id\":\"https:\\\/\\\/www.rri.ro\\\/de\\\/aktuell\\\/newsflash-de\\\/nachrichten-07-10-2015-id631848.html#primaryimage\",\"url\":\"https:\\\/\\\/www.rri.ro\\\/wp-content\\\/uploads\\\/2023\\\/10\\\/harta-lumii-rri.gif\",\"contentUrl\":\"https:\\\/\\\/www.rri.ro\\\/wp-content\\\/uploads\\\/2023\\\/10\\\/harta-lumii-rri.gif\",\"width\":640,\"height\":371},{\"@type\":\"BreadcrumbList\",\"@id\":\"https:\\\/\\\/www.rri.ro\\\/de\\\/aktuell\\\/newsflash-de\\\/nachrichten-07-10-2015-id631848.html#breadcrumb\",\"itemListElement\":[{\"@type\":\"ListItem\",\"position\":1,\"name\":\"Startseite\",\"item\":\"https:\\\/\\\/www.rri.ro\\\/de\"},{\"@type\":\"ListItem\",\"position\":2,\"name\":\"Aktuell\",\"item\":\"https:\\\/\\\/www.rri.ro\\\/de\\\/aktuell\"},{\"@type\":\"ListItem\",\"position\":3,\"name\":\"Newsflash\",\"item\":\"https:\\\/\\\/www.rri.ro\\\/de\\\/aktuell\\\/newsflash-de\"},{\"@type\":\"ListItem\",\"position\":4,\"name\":\"Nachrichten 07.10.2015\"}]},{\"@type\":\"WebSite\",\"@id\":\"https:\\\/\\\/www.rri.ro\\\/#website\",\"url\":\"https:\\\/\\\/www.rri.ro\\\/\",\"name\":\"Radio Rum\u00e4nien International\",\"description\":\"Totul despre Rom\u00e2nia \u015fi rom\u00e2ni, \u00een 13 limbi\\\/dialecte!\",\"inLanguage\":\"de\"},{\"@type\":\"Person\",\"@id\":\"https:\\\/\\\/www.rri.ro\\\/#\\\/schema\\\/person\\\/4a479940371b9fdefd194f561e8a7f88\",\"name\":\"Newsroom\",\"url\":\"https:\\\/\\\/www.rri.ro\\\/de\\\/author\\\/newsroom\"}]}<\/script>\n<!-- \/ Yoast SEO plugin. -->","yoast_head_json":{"title":"Nachrichten 07.10.2015 - Radio Rum\u00e4nien International","robots":{"index":"index","follow":"follow","max-snippet":"max-snippet:-1","max-image-preview":"max-image-preview:large","max-video-preview":"max-video-preview:-1"},"canonical":"https:\/\/www.rri.ro\/de\/aktuell\/newsflash-de\/nachrichten-07-10-2015-id631848.html","og_locale":"de_DE","og_type":"article","og_title":"Nachrichten 07.10.2015 - Radio Rum\u00e4nien International","og_description":"Die wichtigsten Nachrichten des Tages im \u00dcberblick","og_url":"https:\/\/www.rri.ro\/de\/aktuell\/newsflash-de\/nachrichten-07-10-2015-id631848.html","og_site_name":"Radio Rum\u00e4nien International","article_published_time":"2015-10-07T16:09:00+00:00","og_image":[{"width":640,"height":371,"url":"https:\/\/www.rri.ro\/wp-content\/uploads\/2023\/10\/harta-lumii-rri.gif","type":"image\/gif"}],"author":"Newsroom","twitter_card":"summary_large_image","twitter_misc":{"Verfasst von":"Newsroom","Gesch\u00e4tzte Lesezeit":"2\u00a0Minuten","Written by":"Newsroom"},"schema":{"@context":"https:\/\/schema.org","@graph":[{"@type":"Article","@id":"https:\/\/www.rri.ro\/de\/aktuell\/newsflash-de\/nachrichten-07-10-2015-id631848.html#article","isPartOf":{"@id":"https:\/\/www.rri.ro\/de\/aktuell\/newsflash-de\/nachrichten-07-10-2015-id631848.html"},"author":{"name":"Newsroom","@id":"https:\/\/www.rri.ro\/#\/schema\/person\/4a479940371b9fdefd194f561e8a7f88"},"headline":"Nachrichten 07.10.2015","datePublished":"2015-10-07T16:09:00+00:00","mainEntityOfPage":{"@id":"https:\/\/www.rri.ro\/de\/aktuell\/newsflash-de\/nachrichten-07-10-2015-id631848.html"},"wordCount":401,"image":{"@id":"https:\/\/www.rri.ro\/de\/aktuell\/newsflash-de\/nachrichten-07-10-2015-id631848.html#primaryimage"},"thumbnailUrl":"https:\/\/www.rri.ro\/wp-content\/uploads\/2023\/10\/harta-lumii-rri.gif","keywords":["Darlehen","Holocaust","Israel","NATO Botschafter Douglas Lute","Republik Moldau","Syrien","Wirtschaftswachstum","yuli-yoel edelstein"],"articleSection":["Newsflash"],"inLanguage":"de"},{"@type":"WebPage","@id":"https:\/\/www.rri.ro\/de\/aktuell\/newsflash-de\/nachrichten-07-10-2015-id631848.html","url":"https:\/\/www.rri.ro\/de\/aktuell\/newsflash-de\/nachrichten-07-10-2015-id631848.html","name":"Nachrichten 07.10.2015 - Radio Rum\u00e4nien International","isPartOf":{"@id":"https:\/\/www.rri.ro\/#website"},"primaryImageOfPage":{"@id":"https:\/\/www.rri.ro\/de\/aktuell\/newsflash-de\/nachrichten-07-10-2015-id631848.html#primaryimage"},"image":{"@id":"https:\/\/www.rri.ro\/de\/aktuell\/newsflash-de\/nachrichten-07-10-2015-id631848.html#primaryimage"},"thumbnailUrl":"https:\/\/www.rri.ro\/wp-content\/uploads\/2023\/10\/harta-lumii-rri.gif","datePublished":"2015-10-07T16:09:00+00:00","author":{"@id":"https:\/\/www.rri.ro\/#\/schema\/person\/4a479940371b9fdefd194f561e8a7f88"},"breadcrumb":{"@id":"https:\/\/www.rri.ro\/de\/aktuell\/newsflash-de\/nachrichten-07-10-2015-id631848.html#breadcrumb"},"inLanguage":"de","potentialAction":[{"@type":"ReadAction","target":["https:\/\/www.rri.ro\/de\/aktuell\/newsflash-de\/nachrichten-07-10-2015-id631848.html"]}]},{"@type":"ImageObject","inLanguage":"de","@id":"https:\/\/www.rri.ro\/de\/aktuell\/newsflash-de\/nachrichten-07-10-2015-id631848.html#primaryimage","url":"https:\/\/www.rri.ro\/wp-content\/uploads\/2023\/10\/harta-lumii-rri.gif","contentUrl":"https:\/\/www.rri.ro\/wp-content\/uploads\/2023\/10\/harta-lumii-rri.gif","width":640,"height":371},{"@type":"BreadcrumbList","@id":"https:\/\/www.rri.ro\/de\/aktuell\/newsflash-de\/nachrichten-07-10-2015-id631848.html#breadcrumb","itemListElement":[{"@type":"ListItem","position":1,"name":"Startseite","item":"https:\/\/www.rri.ro\/de"},{"@type":"ListItem","position":2,"name":"Aktuell","item":"https:\/\/www.rri.ro\/de\/aktuell"},{"@type":"ListItem","position":3,"name":"Newsflash","item":"https:\/\/www.rri.ro\/de\/aktuell\/newsflash-de"},{"@type":"ListItem","position":4,"name":"Nachrichten 07.10.2015"}]},{"@type":"WebSite","@id":"https:\/\/www.rri.ro\/#website","url":"https:\/\/www.rri.ro\/","name":"Radio Rum\u00e4nien International","description":"Totul despre Rom\u00e2nia \u015fi rom\u00e2ni, \u00een 13 limbi\/dialecte!","inLanguage":"de"},{"@type":"Person","@id":"https:\/\/www.rri.ro\/#\/schema\/person\/4a479940371b9fdefd194f561e8a7f88","name":"Newsroom","url":"https:\/\/www.rri.ro\/de\/author\/newsroom"}]}},"_links":{"self":[{"href":"https:\/\/www.rri.ro\/de\/wp-json\/wp\/v2\/posts\/631848","targetHints":{"allow":["GET"]}}],"collection":[{"href":"https:\/\/www.rri.ro\/de\/wp-json\/wp\/v2\/posts"}],"about":[{"href":"https:\/\/www.rri.ro\/de\/wp-json\/wp\/v2\/types\/post"}],"author":[{"embeddable":true,"href":"https:\/\/www.rri.ro\/de\/wp-json\/wp\/v2\/users\/113"}],"replies":[{"embeddable":true,"href":"https:\/\/www.rri.ro\/de\/wp-json\/wp\/v2\/comments?post=631848"}],"version-history":[{"count":0,"href":"https:\/\/www.rri.ro\/de\/wp-json\/wp\/v2\/posts\/631848\/revisions"}],"wp:featuredmedia":[{"embeddable":true,"href":"https:\/\/www.rri.ro\/de\/wp-json\/wp\/v2\/media\/151136"}],"wp:attachment":[{"href":"https:\/\/www.rri.ro\/de\/wp-json\/wp\/v2\/media?parent=631848"}],"wp:term":[{"taxonomy":"category","embeddable":true,"href":"https:\/\/www.rri.ro\/de\/wp-json\/wp\/v2\/categories?post=631848"},{"taxonomy":"post_tag","embeddable":true,"href":"https:\/\/www.rri.ro\/de\/wp-json\/wp\/v2\/tags?post=631848"},{"taxonomy":"author","embeddable":true,"href":"https:\/\/www.rri.ro\/de\/wp-json\/wp\/v2\/coauthors?post=631848"}],"curies":[{"name":"wp","href":"https:\/\/api.w.org\/{rel}","templated":true}]}}