{"id":631859,"date":"2015-10-19T19:56:00","date_gmt":"2015-10-19T16:56:00","guid":{"rendered":"http:\/\/devrri.freshlemon.ro\/aktuell\/nachrichten-19-10-2015-id631859.html"},"modified":"2015-10-19T19:56:00","modified_gmt":"2015-10-19T16:56:00","slug":"nachrichten-19-10-2015","status":"publish","type":"post","link":"https:\/\/www.rri.ro\/de\/aktuell\/newsflash-de\/nachrichten-19-10-2015-id631859.html","title":{"rendered":"Nachrichten 19.10.2015"},"content":{"rendered":"<p>Der rum\u00e4nische Staatspr\u00e4sident, Klaus Iohannis, wird am Dienstag in Bukarest mit einer Delegation des Internationalen W\u00e4hrungsfonds (IWF) zusammenkommen. Die IWF-Experten haben bereits mit Vertretern des Finanzministeriums \u00fcber den Haushalt 2016 diskutiert. Letzte Woche erkl\u00e4rte Finanzminister Eugen Teodorovici, er w\u00fcrde das Abschlie\u200e\u00dfen eines neuen Abkommens mit dem IWF in Betracht ziehen. Seit 2009 bis heute hat Rum\u00e4nien drei aufeinanderfolgende Darlehensabkommen mit dem IWF und der Europ\u00e4ischen Union abgeschlossen. Das letzte Abkommen \u00fcber 2 Milliarden Euro ist letzten Monat abgelaufen. Die rum\u00e4nischen Beh\u00f6rden haben davon keine Fonds abgerufen &#8212; dieses Abkommen vorbeugender Art hatte lediglich den Zweck, die rum\u00e4nische Wirtschaft vor eventuellen Schocks auf den Finanzm\u00e4rkten zu sch\u00fctzen.<\/p>\n<p>&#13;<br \/>\n&#13;<\/p>\n<p>&#13;<br \/>\n&#13;<\/p>\n<p>Am Montag hat die Debatte \u00fcber den Briefwahl-Gesetzentwurf im Plenum des Bukarester Senats begonnen. Ferner wird das Gesetzprojekt auch in der Abgeordnetenkammer besprochen, wo auch die entscheidende Abstimmung dar\u00fcber am Donnerstag stattfinden soll. Die National-Liberale Partei (die wichtigste Oppositionspartei in Rum\u00e4nien) hat bekanntgegeben, dass sie den Gesetzentwurf unterst\u00fctzen wird. Die Sozialdemokratische Partei (die st\u00e4rkste Partei der Regierungskoalition) erkl\u00e4rte sich ebenfalls f\u00fcr das Gesetzprojekt \u00fcber die Briefwahl, aber mit einigen \u00c4nderungsvorschl\u00e4gen. Die Senatoren vom Ungarnverband (von der Opposition) und von der Allianz der Liberalen und Demokraten kritisierten den Briefwahl-Gesetzentwurf, indem sie sagten, das System sei nicht perfekt und das Verfahren sei kompliziert, b\u00fcrokratisch und schwierig. Das Gesetzprojekt wurde von der st\u00e4ndigen Wahlbeh\u00f6rde entworfen und sieht vor, dass ab n\u00e4chsten Jahr bei den Parlaments-, Pr\u00e4sidentschafts- und Europawahlen die im Ausland lebenden Rum\u00e4nen ihr Wahlrecht per Briefwahl aus\u00fcben k\u00f6nnen. Sechs Monate vor dem Urnengang m\u00fcssen die im Ausland lebenden rum\u00e4nischen W\u00e4hler die jeweiligen Botschaften oder Konsulate dar\u00fcber benachrichtigen, dass sie w\u00e4hlen m\u00f6chten, um ins Wahlregister eingetragen zu werden.<\/p>\n<p>&#13;<br \/>\n&#13;<\/p>\n<p>&#13;<br \/>\n&#13;<\/p>\n<p>Der rum\u00e4nische Senat hat am Montag als Entscheidungsgremium das  Abkommen \u00fcber ein Darlehen in H\u00f6he von 150 Millionen Euro an die Republik Moldau ratifiziert. Die Senatoren stimmten einstimmig f\u00fcr die Annahme des Dokuments. Die rum\u00e4nischen Abgeordneten hatten bereits am Dienstag das Darlehensabkommen angenommen. Das Geld soll in drei Teilbetr\u00e4gen \u00fcberwiesen werden; die erste Teilzahlung von 60 Millionen Euro erfolgt n\u00e4chsten Monat. Es wurde eine R\u00fcckzahlungsfrist von 5 Jahren vorgesehen; bei einer vorgezogenen R\u00fcckzahlung wird keine Provision f\u00e4llig. Die westorientierte Regierung in Chisinau nahm besagtes Darlehen auf, weil sie das Haushaltsdefizit von 3,8% aus eigenen Quellen nicht finanzieren kann. Die Republik Moldau wird von einem politischen und finanziellen Skandal ersch\u00fcttert. Gegen den ex-Ministerpr\u00e4sident Vlad Filat laufen Strafermittlungen wegen Verwicklung in der Aff\u00e4re um das Verschwinden von einer Milliarde Euro aus dem moldauischen Banksystem.<\/p>\n<p>&#13;<br \/>\n&#13;<\/p>\n<p>&#13;<br \/>\n&#13;<\/p>\n<p>Zu den Priorit\u00e4ten der rum\u00e4nischen Pr\u00e4sidentschaft der Internationalen Allianz f\u00fcr Holocaust-Gedenken (IHRA) im Jahr 2016 geh\u00f6rt die Ausbildung von Polizeibeamten und Vertretern des Justizsystems zur Bek\u00e4mpfung der Diskriminierung. Dies erkl\u00e4rte am Montag in Jerusalem der rum\u00e4nische Au\u200e\u00dfenminister Bogdan Aurescu. Rum\u00e4nien werde daf\u00fcr sorgen, dass die Vertreter der Medien als Meinungsbildende \u00fcber den Holocaust ausgebildet werden, und dass die Holocaust-Forschung in den Mitglieds- und Partnerstaaten der  Internationalen Allianz f\u00fcr Holocaust-Gedenken gef\u00f6rdert wird, sagte Aurescu anl\u00e4\u200e\u00dflich seines Besuches bei der Jad Vashem Gedenkst\u00e4tte. Die Vertreter der Jad Vashem Gedenkst\u00e4tte w\u00fcrdigten die Ma\u200e\u00dfnahmen zur Bek\u00e4mpfung des Antisemitismus und zur F\u00f6rderung der Erziehung \u00fcber den Holocaust, die von Rum\u00e4nien getroffen wurden. In Israel sprach Rum\u00e4niens Au\u200e\u00dfenminister Bogdan Aurescu mit dem israelischen Premierminister Benjamin Netanjahu \u00fcber die Vertiefung der bilateralen Beziehungen und Zusammenarbeit in unterschiedlichen Bereichen wie Energie, Tourismus und Landwirtschaft, diskutieren. Der rum\u00e4nische Au\u200e\u00dfenminister besuchte auch die pal\u00e4stinensichen Territorien und wurde von Mahmoud Abbas, dem pal\u00e4stinensischen Pr\u00e4sidenten, empfangen. Die beiden diskutierten \u00fcber die jetzige Lage im Nahen Osten und \u00fcber  Friedensverhandlungen.<\/p>\n<p>&#13;<br \/>\n&#13;<\/p>\n<p>&#13;<br \/>\n&#13;<\/p>\n<p>Bis Ende dieses Jahres mu\u200e\u00df die Aktivit\u00e4t der sozialdemokratischen Minister gepr\u00fcft werden &#8212; dies erkl\u00e4rte am Montag der neue Vorsitzende der Sozialdemokratischen Partei (PSD), Liviu Dragnea. Ferner sagte Dragnea, er h\u00e4tte mit dem Ministerpr\u00e4sidenten und ex-PSD-Vorsitzenden, Victor Ponta, \u00fcber eventuelle \u00c4nderungen in der Struktur der Exekutive diskutiert. Letzte Woche hatte Liviu Dragnea als einziger Kandidat die Wahl f\u00fcr den Vorsitz der Sozialdemokratischen Partei (der st\u00e4rksten Partei der Regierungskoalition) gewonnen. Liviu Dragnea leitete schon seit Juli interimistisch die Partei, nachdem Ministerpr\u00e4sident Victor Ponta auf den Parteivorsitz verzichtet hatte. Victor Ponta ist in einem Korruptionsskandal verwickelt; er wurde von der nationalen Antikorruptionsbeh\u00f6rde (DNA) wegen Urkundenf\u00e4lschung, Beihilfe zur Steuerhinterziehung und Geldw\u00e4sche angeklagt. Ponta hat sowohl die Anklage der DNA-Staatsanw\u00e4lte als auch die Forderungen des Staatspr\u00e4sidenten Klaus Iohannis, sein Amt als Ministerpr\u00e4sident abzulegen, zur\u00fcckgewiesen. Liviu Dragnea wurde in Mai, in erster Instanz, zu einer Bew\u00e4hrungsstrafe von einem Jahr wegen Wahlbetrug beim Referedum von 2012 f\u00fcr die Absetzung des damaligen Staatschefs, Traian Basescu, verurteilt. <\/p>\n<p>&#13;<\/p>\n","protected":false},"excerpt":{"rendered":"<p>Die wichtigsten Nachrichten des Tages im \u00dcberblick<\/p>\n","protected":false},"author":105,"featured_media":212248,"comment_status":"closed","ping_status":"closed","sticky":false,"template":"","format":"standard","meta":{"_acf_changed":false,"footnotes":""},"categories":[116753],"tags":[102682,99591,100343,100505,101985,101540,134270,169608,86218,101888,100063,171273,29125,146169,99590,100576,143778,99911,101655,99586,154406,99981,102012,101589,101708],"coauthors":[],"class_list":["post-631859","post","type-post","status-publish","format-standard","has-post-thumbnail","hentry","category-newsflash-de","tag-abgeordneten","tag-abkommen","tag-ausland","tag-beziehungen","tag-briefwahl","tag-darlehen","tag-eu-de","tag-euro-de","tag-fonds","tag-frieden","tag-gesetz","tag-holocaust-de","tag-iohannis","tag-israel-de","tag-iwf","tag-moldau","tag-opposition-de","tag-partei","tag-projekt","tag-regierung","tag-senat-de","tag-skandal","tag-verfahren","tag-wahl","tag-zusammenarbeit"],"acf":[],"yoast_head":"<!-- This site is optimized with the Yoast SEO plugin v27.3 - https:\/\/yoast.com\/product\/yoast-seo-wordpress\/ -->\n<title>Nachrichten 19.10.2015 - Radio Rum\u00e4nien International<\/title>\n<meta name=\"robots\" content=\"index, follow, max-snippet:-1, max-image-preview:large, max-video-preview:-1\" \/>\n<link rel=\"canonical\" href=\"https:\/\/www.rri.ro\/de\/aktuell\/newsflash-de\/nachrichten-19-10-2015-id631859.html\" \/>\n<meta property=\"og:locale\" content=\"de_DE\" \/>\n<meta property=\"og:type\" content=\"article\" \/>\n<meta property=\"og:title\" content=\"Nachrichten 19.10.2015 - Radio Rum\u00e4nien International\" \/>\n<meta property=\"og:description\" content=\"Die wichtigsten Nachrichten des Tages im \u00dcberblick\" \/>\n<meta property=\"og:url\" content=\"https:\/\/www.rri.ro\/de\/aktuell\/newsflash-de\/nachrichten-19-10-2015-id631859.html\" \/>\n<meta property=\"og:site_name\" content=\"Radio Rum\u00e4nien International\" \/>\n<meta property=\"article:published_time\" content=\"2015-10-19T16:56:00+00:00\" \/>\n<meta property=\"og:image\" content=\"https:\/\/www.rri.ro\/wp-content\/uploads\/2023\/10\/harta-lumii.jpg\" \/>\n\t<meta property=\"og:image:width\" content=\"640\" \/>\n\t<meta property=\"og:image:height\" content=\"480\" \/>\n\t<meta property=\"og:image:type\" content=\"image\/png\" \/>\n<meta name=\"author\" content=\"Bogdan Matei\" \/>\n<meta name=\"twitter:card\" content=\"summary_large_image\" \/>\n<meta name=\"twitter:label1\" content=\"Verfasst von\" \/>\n\t<meta name=\"twitter:data1\" content=\"Bogdan Matei\" \/>\n\t<meta name=\"twitter:label2\" content=\"Gesch\u00e4tzte Lesezeit\" \/>\n\t<meta name=\"twitter:data2\" content=\"4\u00a0Minuten\" \/>\n\t<meta name=\"twitter:label3\" content=\"Written by\" \/>\n\t<meta name=\"twitter:data3\" content=\"Bogdan Matei\" \/>\n<script type=\"application\/ld+json\" class=\"yoast-schema-graph\">{\"@context\":\"https:\\\/\\\/schema.org\",\"@graph\":[{\"@type\":\"Article\",\"@id\":\"https:\\\/\\\/www.rri.ro\\\/de\\\/aktuell\\\/newsflash-de\\\/nachrichten-19-10-2015-id631859.html#article\",\"isPartOf\":{\"@id\":\"https:\\\/\\\/www.rri.ro\\\/de\\\/aktuell\\\/newsflash-de\\\/nachrichten-19-10-2015-id631859.html\"},\"author\":{\"name\":\"Bogdan Matei\",\"@id\":\"https:\\\/\\\/www.rri.ro\\\/#\\\/schema\\\/person\\\/0ed327d40678578e6dbb840527e3ba32\"},\"headline\":\"Nachrichten 19.10.2015\",\"datePublished\":\"2015-10-19T16:56:00+00:00\",\"mainEntityOfPage\":{\"@id\":\"https:\\\/\\\/www.rri.ro\\\/de\\\/aktuell\\\/newsflash-de\\\/nachrichten-19-10-2015-id631859.html\"},\"wordCount\":812,\"image\":{\"@id\":\"https:\\\/\\\/www.rri.ro\\\/de\\\/aktuell\\\/newsflash-de\\\/nachrichten-19-10-2015-id631859.html#primaryimage\"},\"thumbnailUrl\":\"https:\\\/\\\/www.rri.ro\\\/wp-content\\\/uploads\\\/2023\\\/10\\\/harta-lumii.jpg\",\"keywords\":[\"Abgeordneten\",\"Abkommen\",\"Ausland\",\"Beziehungen\",\"Briefwahl\",\"Darlehen\",\"EU\",\"euro\",\"fonds\",\"Frieden\",\"Gesetz\",\"Holocaust\",\"Iohannis\",\"Israel\",\"IWF\",\"Moldau\",\"opposition\",\"Partei\",\"Projekt\",\"Regierung\",\"Senat\",\"Skandal\",\"Verfahren\",\"Wahl\",\"Zusammenarbeit\"],\"articleSection\":[\"Newsflash\"],\"inLanguage\":\"de\"},{\"@type\":\"WebPage\",\"@id\":\"https:\\\/\\\/www.rri.ro\\\/de\\\/aktuell\\\/newsflash-de\\\/nachrichten-19-10-2015-id631859.html\",\"url\":\"https:\\\/\\\/www.rri.ro\\\/de\\\/aktuell\\\/newsflash-de\\\/nachrichten-19-10-2015-id631859.html\",\"name\":\"Nachrichten 19.10.2015 - Radio Rum\u00e4nien International\",\"isPartOf\":{\"@id\":\"https:\\\/\\\/www.rri.ro\\\/#website\"},\"primaryImageOfPage\":{\"@id\":\"https:\\\/\\\/www.rri.ro\\\/de\\\/aktuell\\\/newsflash-de\\\/nachrichten-19-10-2015-id631859.html#primaryimage\"},\"image\":{\"@id\":\"https:\\\/\\\/www.rri.ro\\\/de\\\/aktuell\\\/newsflash-de\\\/nachrichten-19-10-2015-id631859.html#primaryimage\"},\"thumbnailUrl\":\"https:\\\/\\\/www.rri.ro\\\/wp-content\\\/uploads\\\/2023\\\/10\\\/harta-lumii.jpg\",\"datePublished\":\"2015-10-19T16:56:00+00:00\",\"author\":{\"@id\":\"https:\\\/\\\/www.rri.ro\\\/#\\\/schema\\\/person\\\/0ed327d40678578e6dbb840527e3ba32\"},\"breadcrumb\":{\"@id\":\"https:\\\/\\\/www.rri.ro\\\/de\\\/aktuell\\\/newsflash-de\\\/nachrichten-19-10-2015-id631859.html#breadcrumb\"},\"inLanguage\":\"de\",\"potentialAction\":[{\"@type\":\"ReadAction\",\"target\":[\"https:\\\/\\\/www.rri.ro\\\/de\\\/aktuell\\\/newsflash-de\\\/nachrichten-19-10-2015-id631859.html\"]}]},{\"@type\":\"ImageObject\",\"inLanguage\":\"de\",\"@id\":\"https:\\\/\\\/www.rri.ro\\\/de\\\/aktuell\\\/newsflash-de\\\/nachrichten-19-10-2015-id631859.html#primaryimage\",\"url\":\"https:\\\/\\\/www.rri.ro\\\/wp-content\\\/uploads\\\/2023\\\/10\\\/harta-lumii.jpg\",\"contentUrl\":\"https:\\\/\\\/www.rri.ro\\\/wp-content\\\/uploads\\\/2023\\\/10\\\/harta-lumii.jpg\",\"width\":640,\"height\":480},{\"@type\":\"BreadcrumbList\",\"@id\":\"https:\\\/\\\/www.rri.ro\\\/de\\\/aktuell\\\/newsflash-de\\\/nachrichten-19-10-2015-id631859.html#breadcrumb\",\"itemListElement\":[{\"@type\":\"ListItem\",\"position\":1,\"name\":\"Startseite\",\"item\":\"https:\\\/\\\/www.rri.ro\\\/de\"},{\"@type\":\"ListItem\",\"position\":2,\"name\":\"Aktuell\",\"item\":\"https:\\\/\\\/www.rri.ro\\\/de\\\/aktuell\"},{\"@type\":\"ListItem\",\"position\":3,\"name\":\"Newsflash\",\"item\":\"https:\\\/\\\/www.rri.ro\\\/de\\\/aktuell\\\/newsflash-de\"},{\"@type\":\"ListItem\",\"position\":4,\"name\":\"Nachrichten 19.10.2015\"}]},{\"@type\":\"WebSite\",\"@id\":\"https:\\\/\\\/www.rri.ro\\\/#website\",\"url\":\"https:\\\/\\\/www.rri.ro\\\/\",\"name\":\"Radio Rum\u00e4nien International\",\"description\":\"Totul despre Rom\u00e2nia \u015fi rom\u00e2ni, \u00een 13 limbi\\\/dialecte!\",\"inLanguage\":\"de\"},{\"@type\":\"Person\",\"@id\":\"https:\\\/\\\/www.rri.ro\\\/#\\\/schema\\\/person\\\/0ed327d40678578e6dbb840527e3ba32\",\"name\":\"Bogdan Matei\",\"url\":\"https:\\\/\\\/www.rri.ro\\\/de\\\/author\\\/bogdan-matei\"}]}<\/script>\n<!-- \/ Yoast SEO plugin. -->","yoast_head_json":{"title":"Nachrichten 19.10.2015 - Radio Rum\u00e4nien International","robots":{"index":"index","follow":"follow","max-snippet":"max-snippet:-1","max-image-preview":"max-image-preview:large","max-video-preview":"max-video-preview:-1"},"canonical":"https:\/\/www.rri.ro\/de\/aktuell\/newsflash-de\/nachrichten-19-10-2015-id631859.html","og_locale":"de_DE","og_type":"article","og_title":"Nachrichten 19.10.2015 - Radio Rum\u00e4nien International","og_description":"Die wichtigsten Nachrichten des Tages im \u00dcberblick","og_url":"https:\/\/www.rri.ro\/de\/aktuell\/newsflash-de\/nachrichten-19-10-2015-id631859.html","og_site_name":"Radio Rum\u00e4nien International","article_published_time":"2015-10-19T16:56:00+00:00","og_image":[{"width":640,"height":480,"url":"https:\/\/www.rri.ro\/wp-content\/uploads\/2023\/10\/harta-lumii.jpg","type":"image\/png"}],"author":"Bogdan Matei","twitter_card":"summary_large_image","twitter_misc":{"Verfasst von":"Bogdan Matei","Gesch\u00e4tzte Lesezeit":"4\u00a0Minuten","Written by":"Bogdan Matei"},"schema":{"@context":"https:\/\/schema.org","@graph":[{"@type":"Article","@id":"https:\/\/www.rri.ro\/de\/aktuell\/newsflash-de\/nachrichten-19-10-2015-id631859.html#article","isPartOf":{"@id":"https:\/\/www.rri.ro\/de\/aktuell\/newsflash-de\/nachrichten-19-10-2015-id631859.html"},"author":{"name":"Bogdan Matei","@id":"https:\/\/www.rri.ro\/#\/schema\/person\/0ed327d40678578e6dbb840527e3ba32"},"headline":"Nachrichten 19.10.2015","datePublished":"2015-10-19T16:56:00+00:00","mainEntityOfPage":{"@id":"https:\/\/www.rri.ro\/de\/aktuell\/newsflash-de\/nachrichten-19-10-2015-id631859.html"},"wordCount":812,"image":{"@id":"https:\/\/www.rri.ro\/de\/aktuell\/newsflash-de\/nachrichten-19-10-2015-id631859.html#primaryimage"},"thumbnailUrl":"https:\/\/www.rri.ro\/wp-content\/uploads\/2023\/10\/harta-lumii.jpg","keywords":["Abgeordneten","Abkommen","Ausland","Beziehungen","Briefwahl","Darlehen","EU","euro","fonds","Frieden","Gesetz","Holocaust","Iohannis","Israel","IWF","Moldau","opposition","Partei","Projekt","Regierung","Senat","Skandal","Verfahren","Wahl","Zusammenarbeit"],"articleSection":["Newsflash"],"inLanguage":"de"},{"@type":"WebPage","@id":"https:\/\/www.rri.ro\/de\/aktuell\/newsflash-de\/nachrichten-19-10-2015-id631859.html","url":"https:\/\/www.rri.ro\/de\/aktuell\/newsflash-de\/nachrichten-19-10-2015-id631859.html","name":"Nachrichten 19.10.2015 - Radio Rum\u00e4nien International","isPartOf":{"@id":"https:\/\/www.rri.ro\/#website"},"primaryImageOfPage":{"@id":"https:\/\/www.rri.ro\/de\/aktuell\/newsflash-de\/nachrichten-19-10-2015-id631859.html#primaryimage"},"image":{"@id":"https:\/\/www.rri.ro\/de\/aktuell\/newsflash-de\/nachrichten-19-10-2015-id631859.html#primaryimage"},"thumbnailUrl":"https:\/\/www.rri.ro\/wp-content\/uploads\/2023\/10\/harta-lumii.jpg","datePublished":"2015-10-19T16:56:00+00:00","author":{"@id":"https:\/\/www.rri.ro\/#\/schema\/person\/0ed327d40678578e6dbb840527e3ba32"},"breadcrumb":{"@id":"https:\/\/www.rri.ro\/de\/aktuell\/newsflash-de\/nachrichten-19-10-2015-id631859.html#breadcrumb"},"inLanguage":"de","potentialAction":[{"@type":"ReadAction","target":["https:\/\/www.rri.ro\/de\/aktuell\/newsflash-de\/nachrichten-19-10-2015-id631859.html"]}]},{"@type":"ImageObject","inLanguage":"de","@id":"https:\/\/www.rri.ro\/de\/aktuell\/newsflash-de\/nachrichten-19-10-2015-id631859.html#primaryimage","url":"https:\/\/www.rri.ro\/wp-content\/uploads\/2023\/10\/harta-lumii.jpg","contentUrl":"https:\/\/www.rri.ro\/wp-content\/uploads\/2023\/10\/harta-lumii.jpg","width":640,"height":480},{"@type":"BreadcrumbList","@id":"https:\/\/www.rri.ro\/de\/aktuell\/newsflash-de\/nachrichten-19-10-2015-id631859.html#breadcrumb","itemListElement":[{"@type":"ListItem","position":1,"name":"Startseite","item":"https:\/\/www.rri.ro\/de"},{"@type":"ListItem","position":2,"name":"Aktuell","item":"https:\/\/www.rri.ro\/de\/aktuell"},{"@type":"ListItem","position":3,"name":"Newsflash","item":"https:\/\/www.rri.ro\/de\/aktuell\/newsflash-de"},{"@type":"ListItem","position":4,"name":"Nachrichten 19.10.2015"}]},{"@type":"WebSite","@id":"https:\/\/www.rri.ro\/#website","url":"https:\/\/www.rri.ro\/","name":"Radio Rum\u00e4nien International","description":"Totul despre Rom\u00e2nia \u015fi rom\u00e2ni, \u00een 13 limbi\/dialecte!","inLanguage":"de"},{"@type":"Person","@id":"https:\/\/www.rri.ro\/#\/schema\/person\/0ed327d40678578e6dbb840527e3ba32","name":"Bogdan Matei","url":"https:\/\/www.rri.ro\/de\/author\/bogdan-matei"}]}},"_links":{"self":[{"href":"https:\/\/www.rri.ro\/de\/wp-json\/wp\/v2\/posts\/631859","targetHints":{"allow":["GET"]}}],"collection":[{"href":"https:\/\/www.rri.ro\/de\/wp-json\/wp\/v2\/posts"}],"about":[{"href":"https:\/\/www.rri.ro\/de\/wp-json\/wp\/v2\/types\/post"}],"author":[{"embeddable":true,"href":"https:\/\/www.rri.ro\/de\/wp-json\/wp\/v2\/users\/105"}],"replies":[{"embeddable":true,"href":"https:\/\/www.rri.ro\/de\/wp-json\/wp\/v2\/comments?post=631859"}],"version-history":[{"count":0,"href":"https:\/\/www.rri.ro\/de\/wp-json\/wp\/v2\/posts\/631859\/revisions"}],"wp:featuredmedia":[{"embeddable":true,"href":"https:\/\/www.rri.ro\/de\/wp-json\/wp\/v2\/media\/212248"}],"wp:attachment":[{"href":"https:\/\/www.rri.ro\/de\/wp-json\/wp\/v2\/media?parent=631859"}],"wp:term":[{"taxonomy":"category","embeddable":true,"href":"https:\/\/www.rri.ro\/de\/wp-json\/wp\/v2\/categories?post=631859"},{"taxonomy":"post_tag","embeddable":true,"href":"https:\/\/www.rri.ro\/de\/wp-json\/wp\/v2\/tags?post=631859"},{"taxonomy":"author","embeddable":true,"href":"https:\/\/www.rri.ro\/de\/wp-json\/wp\/v2\/coauthors?post=631859"}],"curies":[{"name":"wp","href":"https:\/\/api.w.org\/{rel}","templated":true}]}}