{"id":631875,"date":"2015-11-04T19:48:00","date_gmt":"2015-11-04T17:48:00","guid":{"rendered":"http:\/\/devrri.freshlemon.ro\/aktuell\/nachrichten-4-11-2015-id631875.html"},"modified":"2015-11-04T19:48:00","modified_gmt":"2015-11-04T17:48:00","slug":"nachrichten-4-11-2015","status":"publish","type":"post","link":"https:\/\/www.rri.ro\/de\/aktuell\/newsflash-de\/nachrichten-4-11-2015-id631875.html","title":{"rendered":"Nachrichten 4.11.2015"},"content":{"rendered":"<p><strong>BUKAREST<\/strong>: Der rum\u00e4nische Ministerpr\u00e4sident Victor Ponta (PSD) ist am Mittwoch zusammen mit seinem Kabinett zur\u00fcckgetreten. Er hoffe, der R\u00fccktritt der Regierung entspreche den Erwartungen der Bev\u00f6lkerung, so Ponta. Rund 25.000 Menschen hatten am Dienstag in Bukarest und anderen St\u00e4dten auf einem Protestmarsch gegen die Korruption in der Politik den R\u00fccktritt Pontas und seines Innenministers Gabriel Oprea gefordert. Auch der B\u00fcrgermeisters des 4. Hauptstadtbezirks, in dem das Brandungl\u00fcck im Club Colectiv am Freitagabend 32 Todesopfer verursacht hatte, zog Konsequenzen und legte sein Mandat nieder. Pr\u00e4sident Klaus Iohannis k\u00fcndigte im Anschluss Beratungen mit den Parlamentsparteien an. Die erste Verhandlungsrunde sollte bis Ende der Woche abgeschlossen sein, hie\u00df es. Indes sind auch am Mittwochabend in mehreren St\u00e4dten des Landes weitere Kundgebungen organisiert worden. Allein in Bukarest hatten sich um 20 Uhr rund 10.000 Menschen versammelt.<\/p>\n<p>&#13;<br \/>\n&#13;<\/p>\n<p>&#13;<br \/>\n&#13;<\/p>\n<p><strong>BUKAREST<\/strong>: Der rum\u00e4nische Pr\u00e4sident Klaus Iohannis hat am Mittwoch auf einem Regionalgipfel der Staaten in Mittel- und Osteuropa die St\u00e4rkung der transatlantischen Beziehungen als Schl\u00fcssel f\u00fcr die Sicherheit in der Region gefordert. Die teilnehmenden L\u00e4nder zeigten die Entschlossenheit und F\u00e4higkeit, zu mehr Sicherheit in der Region und in der NATO insgesamt beizutragen, so Iohannis in Bukarest. Auf der Konferenz wurde auch eine gemeinsame Erkl\u00e4rung verabschiedet, die die Sorgen und Engagements der Staaten widerspiegelt. Auf der Veranstaltung wurden auch Vorbereitungsentscheidungen f\u00fcr den NATO-Gipfel vom n\u00e4chsten Jahr in Warschau getroffen, so der polnische Pr\u00e4sident Andrzej Duda, der zusammen mit Iohannis den Vorsitz \u00fcber die Konferenz f\u00fchrte. An dem Treffen beteiligten sich au\u00dferdem die Staats- und Regierungschefs aus Bulgarien, Estland, Lettland, Litauen und der Slowakei, der Pr\u00e4sident der tschechischen Abgeordnektenkammer und der stellvertretende NATO-Generalsekret\u00e4r Alexander Vershbow.<\/p>\n<p>&#13;<br \/>\n&#13;<\/p>\n<p>&#13;<br \/>\n&#13;<\/p>\n<p><strong>LONDON:<\/strong> Prinz Harry von Gro\u00dfbritannien hat am Dienstag im Rum\u00e4nischen Kulturinstitut in London an einer Ausstellungser\u00f6ffnung teilgenommen. Die Malerei-Austellung der britischen K\u00fcnstlerin Clare Inskip tr\u00e4gt den Titel Siebenb\u00fcrgische Landschaften\u201c und ist den nat\u00fcrlichen Sch\u00f6nheiten und den Traditionen der alten rum\u00e4nischen Provinz gewidmet. Nach dem Besuch von Prinz Charles beim Transilvania Festival 2014\u201c als Ehrengast ist Harry das zweite Mitglied des britischen K\u00f6nigshauses, das im Rum\u00e4nischen Kulturinstitut empfangen wird. <\/p>\n<p>&#13;<\/p>\n","protected":false},"excerpt":{"rendered":"<p>BUKAREST: Der rum\u00e4nische Ministerpr\u00e4sident Victor Ponta (PSD) ist am Mittwoch zusammen mit seinem Kabinett zur\u00fcckgetreten. Er hoffe, der R\u00fccktritt der Regierung entspreche den Erwartungen der Bev\u00f6lkerung, so Ponta. Rund 25.000 Menschen hatten am Dienstag in Bukarest und anderen St\u00e4dten auf einem Protestmarsch gegen die Korruption in der Politik den R\u00fccktritt Pontas und seines Innenministers Gabriel [&hellip;]<\/p>\n","protected":false},"author":113,"featured_media":212248,"comment_status":"closed","ping_status":"closed","sticky":false,"template":"","format":"standard","meta":{"_acf_changed":false,"footnotes":""},"categories":[116753],"tags":[100588,161474,99778,29421,179269,100502,137226,101890,153294,99897,125493,137227,100759,99802,102114,125495,100933,99589,125494,101139,169260],"coauthors":[],"class_list":["post-631875","post","type-post","status-publish","format-standard","has-post-thumbnail","hentry","category-newsflash-de","tag-ausstellung","tag-brand-de","tag-bulgarien","tag-club","tag-colectiv-de","tag-gipfel","tag-klaus-iohannis-de","tag-kulturinstitut","tag-london-de","tag-ministerpraesident","tag-moe-staaten","tag-nato-de","tag-opfer","tag-polen","tag-praesident","tag-prinz-harry","tag-ruecktritt","tag-rumaenien","tag-rumaenisches","tag-sozialdemokraten","tag-victor-ponta-de"],"acf":[],"yoast_head":"<!-- This site is optimized with the Yoast SEO plugin v27.3 - https:\/\/yoast.com\/product\/yoast-seo-wordpress\/ -->\n<title>Nachrichten 4.11.2015 - Radio Rum\u00e4nien International<\/title>\n<meta name=\"robots\" content=\"index, follow, max-snippet:-1, max-image-preview:large, max-video-preview:-1\" \/>\n<link rel=\"canonical\" href=\"https:\/\/www.rri.ro\/de\/aktuell\/newsflash-de\/nachrichten-4-11-2015-id631875.html\" \/>\n<meta property=\"og:locale\" content=\"de_DE\" \/>\n<meta property=\"og:type\" content=\"article\" \/>\n<meta property=\"og:title\" content=\"Nachrichten 4.11.2015 - Radio Rum\u00e4nien International\" \/>\n<meta property=\"og:description\" content=\"BUKAREST: Der rum\u00e4nische Ministerpr\u00e4sident Victor Ponta (PSD) ist am Mittwoch zusammen mit seinem Kabinett zur\u00fcckgetreten. Er hoffe, der R\u00fccktritt der Regierung entspreche den Erwartungen der Bev\u00f6lkerung, so Ponta. Rund 25.000 Menschen hatten am Dienstag in Bukarest und anderen St\u00e4dten auf einem Protestmarsch gegen die Korruption in der Politik den R\u00fccktritt Pontas und seines Innenministers Gabriel [&hellip;]\" \/>\n<meta property=\"og:url\" content=\"https:\/\/www.rri.ro\/de\/aktuell\/newsflash-de\/nachrichten-4-11-2015-id631875.html\" \/>\n<meta property=\"og:site_name\" content=\"Radio Rum\u00e4nien International\" \/>\n<meta property=\"article:published_time\" content=\"2015-11-04T17:48:00+00:00\" \/>\n<meta property=\"og:image\" content=\"https:\/\/www.rri.ro\/wp-content\/uploads\/2023\/10\/harta-lumii.jpg\" \/>\n\t<meta property=\"og:image:width\" content=\"640\" \/>\n\t<meta property=\"og:image:height\" content=\"480\" \/>\n\t<meta property=\"og:image:type\" content=\"image\/png\" \/>\n<meta name=\"author\" content=\"Newsroom\" \/>\n<meta name=\"twitter:card\" content=\"summary_large_image\" \/>\n<meta name=\"twitter:label1\" content=\"Verfasst von\" \/>\n\t<meta name=\"twitter:data1\" content=\"Newsroom\" \/>\n\t<meta name=\"twitter:label2\" content=\"Gesch\u00e4tzte Lesezeit\" \/>\n\t<meta name=\"twitter:data2\" content=\"2\u00a0Minuten\" \/>\n\t<meta name=\"twitter:label3\" content=\"Written by\" \/>\n\t<meta name=\"twitter:data3\" content=\"Newsroom\" \/>\n<script type=\"application\/ld+json\" class=\"yoast-schema-graph\">{\"@context\":\"https:\\\/\\\/schema.org\",\"@graph\":[{\"@type\":\"Article\",\"@id\":\"https:\\\/\\\/www.rri.ro\\\/de\\\/aktuell\\\/newsflash-de\\\/nachrichten-4-11-2015-id631875.html#article\",\"isPartOf\":{\"@id\":\"https:\\\/\\\/www.rri.ro\\\/de\\\/aktuell\\\/newsflash-de\\\/nachrichten-4-11-2015-id631875.html\"},\"author\":{\"name\":\"Newsroom\",\"@id\":\"https:\\\/\\\/www.rri.ro\\\/#\\\/schema\\\/person\\\/4a479940371b9fdefd194f561e8a7f88\"},\"headline\":\"Nachrichten 4.11.2015\",\"datePublished\":\"2015-11-04T17:48:00+00:00\",\"mainEntityOfPage\":{\"@id\":\"https:\\\/\\\/www.rri.ro\\\/de\\\/aktuell\\\/newsflash-de\\\/nachrichten-4-11-2015-id631875.html\"},\"wordCount\":366,\"image\":{\"@id\":\"https:\\\/\\\/www.rri.ro\\\/de\\\/aktuell\\\/newsflash-de\\\/nachrichten-4-11-2015-id631875.html#primaryimage\"},\"thumbnailUrl\":\"https:\\\/\\\/www.rri.ro\\\/wp-content\\\/uploads\\\/2023\\\/10\\\/harta-lumii.jpg\",\"keywords\":[\"Ausstellung\",\"brand\",\"Bulgarien\",\"club\",\"Colectiv\",\"Gipfel\",\"Klaus Iohannis\",\"Kulturinstitut\",\"London\",\"Ministerpr\u00e4sident\",\"MOE-Staaten\",\"NATO\",\"Opfer\",\"Polen\",\"Pr\u00e4sident\",\"Prinz Harry\",\"R\u00fccktritt\",\"Rum\u00e4nien\",\"Rum\u00e4nisches\",\"Sozialdemokraten\",\"Victor Ponta\"],\"articleSection\":[\"Newsflash\"],\"inLanguage\":\"de\"},{\"@type\":\"WebPage\",\"@id\":\"https:\\\/\\\/www.rri.ro\\\/de\\\/aktuell\\\/newsflash-de\\\/nachrichten-4-11-2015-id631875.html\",\"url\":\"https:\\\/\\\/www.rri.ro\\\/de\\\/aktuell\\\/newsflash-de\\\/nachrichten-4-11-2015-id631875.html\",\"name\":\"Nachrichten 4.11.2015 - Radio Rum\u00e4nien International\",\"isPartOf\":{\"@id\":\"https:\\\/\\\/www.rri.ro\\\/#website\"},\"primaryImageOfPage\":{\"@id\":\"https:\\\/\\\/www.rri.ro\\\/de\\\/aktuell\\\/newsflash-de\\\/nachrichten-4-11-2015-id631875.html#primaryimage\"},\"image\":{\"@id\":\"https:\\\/\\\/www.rri.ro\\\/de\\\/aktuell\\\/newsflash-de\\\/nachrichten-4-11-2015-id631875.html#primaryimage\"},\"thumbnailUrl\":\"https:\\\/\\\/www.rri.ro\\\/wp-content\\\/uploads\\\/2023\\\/10\\\/harta-lumii.jpg\",\"datePublished\":\"2015-11-04T17:48:00+00:00\",\"author\":{\"@id\":\"https:\\\/\\\/www.rri.ro\\\/#\\\/schema\\\/person\\\/4a479940371b9fdefd194f561e8a7f88\"},\"breadcrumb\":{\"@id\":\"https:\\\/\\\/www.rri.ro\\\/de\\\/aktuell\\\/newsflash-de\\\/nachrichten-4-11-2015-id631875.html#breadcrumb\"},\"inLanguage\":\"de\",\"potentialAction\":[{\"@type\":\"ReadAction\",\"target\":[\"https:\\\/\\\/www.rri.ro\\\/de\\\/aktuell\\\/newsflash-de\\\/nachrichten-4-11-2015-id631875.html\"]}]},{\"@type\":\"ImageObject\",\"inLanguage\":\"de\",\"@id\":\"https:\\\/\\\/www.rri.ro\\\/de\\\/aktuell\\\/newsflash-de\\\/nachrichten-4-11-2015-id631875.html#primaryimage\",\"url\":\"https:\\\/\\\/www.rri.ro\\\/wp-content\\\/uploads\\\/2023\\\/10\\\/harta-lumii.jpg\",\"contentUrl\":\"https:\\\/\\\/www.rri.ro\\\/wp-content\\\/uploads\\\/2023\\\/10\\\/harta-lumii.jpg\",\"width\":640,\"height\":480},{\"@type\":\"BreadcrumbList\",\"@id\":\"https:\\\/\\\/www.rri.ro\\\/de\\\/aktuell\\\/newsflash-de\\\/nachrichten-4-11-2015-id631875.html#breadcrumb\",\"itemListElement\":[{\"@type\":\"ListItem\",\"position\":1,\"name\":\"Startseite\",\"item\":\"https:\\\/\\\/www.rri.ro\\\/de\"},{\"@type\":\"ListItem\",\"position\":2,\"name\":\"Aktuell\",\"item\":\"https:\\\/\\\/www.rri.ro\\\/de\\\/aktuell\"},{\"@type\":\"ListItem\",\"position\":3,\"name\":\"Newsflash\",\"item\":\"https:\\\/\\\/www.rri.ro\\\/de\\\/aktuell\\\/newsflash-de\"},{\"@type\":\"ListItem\",\"position\":4,\"name\":\"Nachrichten 4.11.2015\"}]},{\"@type\":\"WebSite\",\"@id\":\"https:\\\/\\\/www.rri.ro\\\/#website\",\"url\":\"https:\\\/\\\/www.rri.ro\\\/\",\"name\":\"Radio Rum\u00e4nien International\",\"description\":\"Totul despre Rom\u00e2nia \u015fi rom\u00e2ni, \u00een 13 limbi\\\/dialecte!\",\"inLanguage\":\"de\"},{\"@type\":\"Person\",\"@id\":\"https:\\\/\\\/www.rri.ro\\\/#\\\/schema\\\/person\\\/4a479940371b9fdefd194f561e8a7f88\",\"name\":\"Newsroom\",\"url\":\"https:\\\/\\\/www.rri.ro\\\/de\\\/author\\\/newsroom\"}]}<\/script>\n<!-- \/ Yoast SEO plugin. -->","yoast_head_json":{"title":"Nachrichten 4.11.2015 - Radio Rum\u00e4nien International","robots":{"index":"index","follow":"follow","max-snippet":"max-snippet:-1","max-image-preview":"max-image-preview:large","max-video-preview":"max-video-preview:-1"},"canonical":"https:\/\/www.rri.ro\/de\/aktuell\/newsflash-de\/nachrichten-4-11-2015-id631875.html","og_locale":"de_DE","og_type":"article","og_title":"Nachrichten 4.11.2015 - Radio Rum\u00e4nien International","og_description":"BUKAREST: Der rum\u00e4nische Ministerpr\u00e4sident Victor Ponta (PSD) ist am Mittwoch zusammen mit seinem Kabinett zur\u00fcckgetreten. Er hoffe, der R\u00fccktritt der Regierung entspreche den Erwartungen der Bev\u00f6lkerung, so Ponta. Rund 25.000 Menschen hatten am Dienstag in Bukarest und anderen St\u00e4dten auf einem Protestmarsch gegen die Korruption in der Politik den R\u00fccktritt Pontas und seines Innenministers Gabriel [&hellip;]","og_url":"https:\/\/www.rri.ro\/de\/aktuell\/newsflash-de\/nachrichten-4-11-2015-id631875.html","og_site_name":"Radio Rum\u00e4nien International","article_published_time":"2015-11-04T17:48:00+00:00","og_image":[{"width":640,"height":480,"url":"https:\/\/www.rri.ro\/wp-content\/uploads\/2023\/10\/harta-lumii.jpg","type":"image\/png"}],"author":"Newsroom","twitter_card":"summary_large_image","twitter_misc":{"Verfasst von":"Newsroom","Gesch\u00e4tzte Lesezeit":"2\u00a0Minuten","Written by":"Newsroom"},"schema":{"@context":"https:\/\/schema.org","@graph":[{"@type":"Article","@id":"https:\/\/www.rri.ro\/de\/aktuell\/newsflash-de\/nachrichten-4-11-2015-id631875.html#article","isPartOf":{"@id":"https:\/\/www.rri.ro\/de\/aktuell\/newsflash-de\/nachrichten-4-11-2015-id631875.html"},"author":{"name":"Newsroom","@id":"https:\/\/www.rri.ro\/#\/schema\/person\/4a479940371b9fdefd194f561e8a7f88"},"headline":"Nachrichten 4.11.2015","datePublished":"2015-11-04T17:48:00+00:00","mainEntityOfPage":{"@id":"https:\/\/www.rri.ro\/de\/aktuell\/newsflash-de\/nachrichten-4-11-2015-id631875.html"},"wordCount":366,"image":{"@id":"https:\/\/www.rri.ro\/de\/aktuell\/newsflash-de\/nachrichten-4-11-2015-id631875.html#primaryimage"},"thumbnailUrl":"https:\/\/www.rri.ro\/wp-content\/uploads\/2023\/10\/harta-lumii.jpg","keywords":["Ausstellung","brand","Bulgarien","club","Colectiv","Gipfel","Klaus Iohannis","Kulturinstitut","London","Ministerpr\u00e4sident","MOE-Staaten","NATO","Opfer","Polen","Pr\u00e4sident","Prinz Harry","R\u00fccktritt","Rum\u00e4nien","Rum\u00e4nisches","Sozialdemokraten","Victor Ponta"],"articleSection":["Newsflash"],"inLanguage":"de"},{"@type":"WebPage","@id":"https:\/\/www.rri.ro\/de\/aktuell\/newsflash-de\/nachrichten-4-11-2015-id631875.html","url":"https:\/\/www.rri.ro\/de\/aktuell\/newsflash-de\/nachrichten-4-11-2015-id631875.html","name":"Nachrichten 4.11.2015 - Radio Rum\u00e4nien International","isPartOf":{"@id":"https:\/\/www.rri.ro\/#website"},"primaryImageOfPage":{"@id":"https:\/\/www.rri.ro\/de\/aktuell\/newsflash-de\/nachrichten-4-11-2015-id631875.html#primaryimage"},"image":{"@id":"https:\/\/www.rri.ro\/de\/aktuell\/newsflash-de\/nachrichten-4-11-2015-id631875.html#primaryimage"},"thumbnailUrl":"https:\/\/www.rri.ro\/wp-content\/uploads\/2023\/10\/harta-lumii.jpg","datePublished":"2015-11-04T17:48:00+00:00","author":{"@id":"https:\/\/www.rri.ro\/#\/schema\/person\/4a479940371b9fdefd194f561e8a7f88"},"breadcrumb":{"@id":"https:\/\/www.rri.ro\/de\/aktuell\/newsflash-de\/nachrichten-4-11-2015-id631875.html#breadcrumb"},"inLanguage":"de","potentialAction":[{"@type":"ReadAction","target":["https:\/\/www.rri.ro\/de\/aktuell\/newsflash-de\/nachrichten-4-11-2015-id631875.html"]}]},{"@type":"ImageObject","inLanguage":"de","@id":"https:\/\/www.rri.ro\/de\/aktuell\/newsflash-de\/nachrichten-4-11-2015-id631875.html#primaryimage","url":"https:\/\/www.rri.ro\/wp-content\/uploads\/2023\/10\/harta-lumii.jpg","contentUrl":"https:\/\/www.rri.ro\/wp-content\/uploads\/2023\/10\/harta-lumii.jpg","width":640,"height":480},{"@type":"BreadcrumbList","@id":"https:\/\/www.rri.ro\/de\/aktuell\/newsflash-de\/nachrichten-4-11-2015-id631875.html#breadcrumb","itemListElement":[{"@type":"ListItem","position":1,"name":"Startseite","item":"https:\/\/www.rri.ro\/de"},{"@type":"ListItem","position":2,"name":"Aktuell","item":"https:\/\/www.rri.ro\/de\/aktuell"},{"@type":"ListItem","position":3,"name":"Newsflash","item":"https:\/\/www.rri.ro\/de\/aktuell\/newsflash-de"},{"@type":"ListItem","position":4,"name":"Nachrichten 4.11.2015"}]},{"@type":"WebSite","@id":"https:\/\/www.rri.ro\/#website","url":"https:\/\/www.rri.ro\/","name":"Radio Rum\u00e4nien International","description":"Totul despre Rom\u00e2nia \u015fi rom\u00e2ni, \u00een 13 limbi\/dialecte!","inLanguage":"de"},{"@type":"Person","@id":"https:\/\/www.rri.ro\/#\/schema\/person\/4a479940371b9fdefd194f561e8a7f88","name":"Newsroom","url":"https:\/\/www.rri.ro\/de\/author\/newsroom"}]}},"_links":{"self":[{"href":"https:\/\/www.rri.ro\/de\/wp-json\/wp\/v2\/posts\/631875","targetHints":{"allow":["GET"]}}],"collection":[{"href":"https:\/\/www.rri.ro\/de\/wp-json\/wp\/v2\/posts"}],"about":[{"href":"https:\/\/www.rri.ro\/de\/wp-json\/wp\/v2\/types\/post"}],"author":[{"embeddable":true,"href":"https:\/\/www.rri.ro\/de\/wp-json\/wp\/v2\/users\/113"}],"replies":[{"embeddable":true,"href":"https:\/\/www.rri.ro\/de\/wp-json\/wp\/v2\/comments?post=631875"}],"version-history":[{"count":0,"href":"https:\/\/www.rri.ro\/de\/wp-json\/wp\/v2\/posts\/631875\/revisions"}],"wp:featuredmedia":[{"embeddable":true,"href":"https:\/\/www.rri.ro\/de\/wp-json\/wp\/v2\/media\/212248"}],"wp:attachment":[{"href":"https:\/\/www.rri.ro\/de\/wp-json\/wp\/v2\/media?parent=631875"}],"wp:term":[{"taxonomy":"category","embeddable":true,"href":"https:\/\/www.rri.ro\/de\/wp-json\/wp\/v2\/categories?post=631875"},{"taxonomy":"post_tag","embeddable":true,"href":"https:\/\/www.rri.ro\/de\/wp-json\/wp\/v2\/tags?post=631875"},{"taxonomy":"author","embeddable":true,"href":"https:\/\/www.rri.ro\/de\/wp-json\/wp\/v2\/coauthors?post=631875"}],"curies":[{"name":"wp","href":"https:\/\/api.w.org\/{rel}","templated":true}]}}