{"id":631890,"date":"2015-11-19T20:06:00","date_gmt":"2015-11-19T18:06:00","guid":{"rendered":"http:\/\/devrri.freshlemon.ro\/aktuell\/nachrichten-19-11-2015-id631890.html"},"modified":"2015-11-19T20:06:00","modified_gmt":"2015-11-19T18:06:00","slug":"nachrichten-19-11-2015","status":"publish","type":"post","link":"https:\/\/www.rri.ro\/de\/aktuell\/newsflash-de\/nachrichten-19-11-2015-id631890.html","title":{"rendered":"Nachrichten 19.11.2015"},"content":{"rendered":"<p><strong>BRATISLAVA<\/strong>: Rum\u00e4niens Pr\u00e4sident Klaus Iohannis hat im slowakischen Zvolen an einer Gedenkfeier f\u00fcr die im Zweiten Weltkrieg gefallenen rum\u00e4nischen Soldaten teilgenommen. Auf dem Milit\u00e4rfriedhof in der zentralslowakischen Stadt liegen \u00fcber 11.000 rum\u00e4nische Soldaten begraben, die an der Befreiung der Tschechoslowakei teilgenommen haben. Iohannis und sein slowakischer Kollege Andrej Kiska legten Blumenkr\u00e4nze nieder und zeichneten mehrere Kriegsveteranen mit Orden aus. Rum\u00e4niens Staatschef hatte sich am Mittwoch mit Andrej Kiska zu Gespr\u00e4chen in Bratislava getroffen. Rum\u00e4nien war und ist kein Zielland f\u00fcr Fl\u00fcchtlinge, sagte Iohannis im Rahmen der Diskussion. Sein Land respektiere ethnische und religi\u00f6se Minderheiten, so der Staatschef noch. Kiska zeigte sich im Gegenzug beeindruckt von den Ergebnissen der Korruptionsbek\u00e4mpfung in Rum\u00e4nien. Auf dem Programm der zweit\u00e4gigen Slowakei-Reise des Pr\u00e4sidenten standen noch Treffen mit Ministerpr\u00e4sident Robert Fico, sowie mit Vertretern der jungen rum\u00e4nischen Gemeinschaft, die im Gro\u00dfraum Bratislava in unterschiedlichen Bereichen arbeitet.<\/p>\n<p>&#13;<br \/>\n&#13;<\/p>\n<p>&#13;<br \/>\n&#13;<\/p>\n<p><strong>BUKAREST: <\/strong>Die neue Regierung der parteilosen Fachleute unter Ministerpr\u00e4sident Dacian Ciolo\u015f hat am Donnerstag ihre T\u00e4tigkeit aufgenommen. Bei der ersten Sitzung ging es um die Haushaltsvorlage f\u00fcr 2016, die Verwaltungsreform und den Stand der abgerufenen EU-F\u00f6rdermittel. Nur bei f\u00fcnf Ministerien sollen Struktur\u00e4nderungen und geringf\u00fcgige Umorganisationsma\u00dfnahmen stattfinden, sagte Ciolo\u015f. Das Arbeitsministerium werde sich in Zukunft auch mehr mit dem sozialen Dialog besch\u00e4ftigen m\u00fcssen, zus\u00e4tzlich soll ein neues Ministerium f\u00fcr Beratungen mit der \u00d6ffentlichkeit gegr\u00fcndet werden. Dieses soll als Kommunikationskanal zur Zivilgesellschaft fungieren. Der neue Regierungschef hatte laut eigenen Angaben bei der Ernennung der unabh\u00e4ngigen Kabinettsmitglieder deren Erfahrung in der \u00f6ffentlichen und europ\u00e4ischen Verwaltung, sowie in der Zivilgesellschaft ber\u00fccksichtigt.<\/p>\n<p>&#13;<br \/>\n&#13;<\/p>\n<p>&#13;<br \/>\n&#13;<\/p>\n<p><strong>BUKAREST<\/strong>: Eines der verletzten Opfer der Brandkatastrophe im Bukarester Nachtklub Colectiv ist am Donnerstag gestorben. Dabei handelt es sich laut Presseberichten um eine 37-j\u00e4hrige Frau. Damit sind inzwischen 57 Menschen an den Folgen des Brandungl\u00fccks ums Leben gekommen. Das rum\u00e4nische Gesundheitsministerium gab am Donnerstag bekannt, in den Bukarester Krankenh\u00e4usern w\u00fcrden weiterhin 44 verletzte Patienten behandelt. Davon seien 11 im kritischen und ernstem Zustand und 33  stabil. Insgesamt werden derzeit 30 der Opfer im Ausland behandelt. <\/p>\n<p>&#13;<br \/>\n&#13;<\/p>\n<p>&#13;<br \/>\n&#13;<\/p>\n<p><strong>BUKAREST<\/strong>: Rum\u00e4niens Innenminister Petre Tob\u0103 reist am Freitag zum Sondertreffen des EU-Rates Justiz- und Inneres nach Br\u00fcssel. Das Treffen war nach den tragischen Anschl\u00e4gen von Paris einberufen worden. Laut einer Mitteilung des Au\u00dfenministeriums in Bukarest wollen die EU-Justiz- und Innenminister \u00fcber die Antwort der Staatengemeinschaft auf das Attentat in Frankreich beraten. Gleichzeitig wird es in Br\u00fcssel um die St\u00e4rkung der Kontrollen an den Au\u00dfengrenzen, den Handel mit Feuerwaffen, das Europ\u00e4ische Fluggast-Register und die Finanzierung von Terrorismus gehen.<\/p>\n<p>&#13;<br \/>\n&#13;<\/p>\n<p>&#13;<br \/>\n&#13;<\/p>\n<p><strong>SPORT: <\/strong>Bei den ATP-World Tour Finals im Tennis hat der Rum\u00e4ne Florin Mergea die erste Niederlage im Doppelturnier hinnehmen m\u00fcssen. Er verlor mit seinem Partner, dem Inder Rohanna Bopanna, die Begegnung mit den Italienern Simone Bolelli und Fabio Fognini. Mergea und Bopanna standen allerdings dank der zwei Siege in zwei Gruppenspielen bereits vorher als Halbfinalisten fest. Auch die Wimbledonsieger Horia Tecau aus Rum\u00e4nien und Jean Julien Rojer aus den Niederlanden stehen im Halbfinale. <\/p>\n<p>&#13;<\/p>\n","protected":false},"excerpt":{"rendered":"<p>BRATISLAVA: Rum\u00e4niens Pr\u00e4sident Klaus Iohannis hat im slowakischen Zvolen an einer Gedenkfeier f\u00fcr die im Zweiten Weltkrieg gefallenen rum\u00e4nischen Soldaten teilgenommen. Auf dem Milit\u00e4rfriedhof in der zentralslowakischen Stadt liegen \u00fcber 11.000 rum\u00e4nische Soldaten begraben, die an der Befreiung der Tschechoslowakei teilgenommen haben. Iohannis und sein slowakischer Kollege Andrej Kiska legten Blumenkr\u00e4nze nieder und zeichneten mehrere [&hellip;]<\/p>\n","protected":false},"author":113,"featured_media":212248,"comment_status":"closed","ping_status":"closed","sticky":false,"template":"","format":"standard","meta":{"_acf_changed":false,"footnotes":""},"categories":[116753],"tags":[104545,100059,34693,161474,179269,29483,99642,102024,29076,100755,29507,117213,99625,137226,125472,100759,144362,102114,99586,101700,144540,156077,117699],"coauthors":[],"class_list":["post-631890","post","type-post","status-publish","format-standard","has-post-thumbnail","hentry","category-newsflash-de","tag-bruessel","tag-anschlaege","tag-atp","tag-brand-de","tag-colectiv-de","tag-dacian-ciolos","tag-eu-rat","tag-fachleute","tag-florin-mergea","tag-gedenkfeier","tag-horia-tecau","tag-inneres","tag-justiz","tag-klaus-iohannis-de","tag-militaerfriedhof","tag-opfer","tag-paris-de","tag-praesident","tag-regierung","tag-slowakei","tag-tennis-de","tag-terror-de","tag-world-tour-finals"],"acf":[],"yoast_head":"<!-- This site is optimized with the Yoast SEO plugin v27.3 - https:\/\/yoast.com\/product\/yoast-seo-wordpress\/ -->\n<title>Nachrichten 19.11.2015 - Radio Rum\u00e4nien International<\/title>\n<meta name=\"robots\" content=\"index, follow, max-snippet:-1, max-image-preview:large, max-video-preview:-1\" \/>\n<link rel=\"canonical\" href=\"https:\/\/www.rri.ro\/de\/aktuell\/newsflash-de\/nachrichten-19-11-2015-id631890.html\" \/>\n<meta property=\"og:locale\" content=\"de_DE\" \/>\n<meta property=\"og:type\" content=\"article\" \/>\n<meta property=\"og:title\" content=\"Nachrichten 19.11.2015 - Radio Rum\u00e4nien International\" \/>\n<meta property=\"og:description\" content=\"BRATISLAVA: Rum\u00e4niens Pr\u00e4sident Klaus Iohannis hat im slowakischen Zvolen an einer Gedenkfeier f\u00fcr die im Zweiten Weltkrieg gefallenen rum\u00e4nischen Soldaten teilgenommen. Auf dem Milit\u00e4rfriedhof in der zentralslowakischen Stadt liegen \u00fcber 11.000 rum\u00e4nische Soldaten begraben, die an der Befreiung der Tschechoslowakei teilgenommen haben. Iohannis und sein slowakischer Kollege Andrej Kiska legten Blumenkr\u00e4nze nieder und zeichneten mehrere [&hellip;]\" \/>\n<meta property=\"og:url\" content=\"https:\/\/www.rri.ro\/de\/aktuell\/newsflash-de\/nachrichten-19-11-2015-id631890.html\" \/>\n<meta property=\"og:site_name\" content=\"Radio Rum\u00e4nien International\" \/>\n<meta property=\"article:published_time\" content=\"2015-11-19T18:06:00+00:00\" \/>\n<meta property=\"og:image\" content=\"https:\/\/www.rri.ro\/wp-content\/uploads\/2023\/10\/harta-lumii.jpg\" \/>\n\t<meta property=\"og:image:width\" content=\"640\" \/>\n\t<meta property=\"og:image:height\" content=\"480\" \/>\n\t<meta property=\"og:image:type\" content=\"image\/png\" \/>\n<meta name=\"author\" content=\"Newsroom\" \/>\n<meta name=\"twitter:card\" content=\"summary_large_image\" \/>\n<meta name=\"twitter:label1\" content=\"Verfasst von\" \/>\n\t<meta name=\"twitter:data1\" content=\"Newsroom\" \/>\n\t<meta name=\"twitter:label2\" content=\"Gesch\u00e4tzte Lesezeit\" \/>\n\t<meta name=\"twitter:data2\" content=\"3\u00a0Minuten\" \/>\n\t<meta name=\"twitter:label3\" content=\"Written by\" \/>\n\t<meta name=\"twitter:data3\" content=\"Newsroom\" \/>\n<script type=\"application\/ld+json\" class=\"yoast-schema-graph\">{\"@context\":\"https:\\\/\\\/schema.org\",\"@graph\":[{\"@type\":\"Article\",\"@id\":\"https:\\\/\\\/www.rri.ro\\\/de\\\/aktuell\\\/newsflash-de\\\/nachrichten-19-11-2015-id631890.html#article\",\"isPartOf\":{\"@id\":\"https:\\\/\\\/www.rri.ro\\\/de\\\/aktuell\\\/newsflash-de\\\/nachrichten-19-11-2015-id631890.html\"},\"author\":{\"name\":\"Newsroom\",\"@id\":\"https:\\\/\\\/www.rri.ro\\\/#\\\/schema\\\/person\\\/4a479940371b9fdefd194f561e8a7f88\"},\"headline\":\"Nachrichten 19.11.2015\",\"datePublished\":\"2015-11-19T18:06:00+00:00\",\"mainEntityOfPage\":{\"@id\":\"https:\\\/\\\/www.rri.ro\\\/de\\\/aktuell\\\/newsflash-de\\\/nachrichten-19-11-2015-id631890.html\"},\"wordCount\":519,\"image\":{\"@id\":\"https:\\\/\\\/www.rri.ro\\\/de\\\/aktuell\\\/newsflash-de\\\/nachrichten-19-11-2015-id631890.html#primaryimage\"},\"thumbnailUrl\":\"https:\\\/\\\/www.rri.ro\\\/wp-content\\\/uploads\\\/2023\\\/10\\\/harta-lumii.jpg\",\"keywords\":[\"&#013; Br\u00fcssel\",\"Anschl\u00e4ge\",\"ATP\",\"brand\",\"Colectiv\",\"Dacian Ciolos\",\"EU-Rat\",\"Fachleute\",\"Florin Mergea\",\"Gedenkfeier\",\"Horia Tecau\",\"Inneres\",\"Justiz\",\"Klaus Iohannis\",\"Milit\u00e4rfriedhof\",\"Opfer\",\"Paris\",\"Pr\u00e4sident\",\"Regierung\",\"Slowakei\",\"tennis\",\"terror\",\"World Tour Finals\"],\"articleSection\":[\"Newsflash\"],\"inLanguage\":\"de\"},{\"@type\":\"WebPage\",\"@id\":\"https:\\\/\\\/www.rri.ro\\\/de\\\/aktuell\\\/newsflash-de\\\/nachrichten-19-11-2015-id631890.html\",\"url\":\"https:\\\/\\\/www.rri.ro\\\/de\\\/aktuell\\\/newsflash-de\\\/nachrichten-19-11-2015-id631890.html\",\"name\":\"Nachrichten 19.11.2015 - Radio Rum\u00e4nien International\",\"isPartOf\":{\"@id\":\"https:\\\/\\\/www.rri.ro\\\/#website\"},\"primaryImageOfPage\":{\"@id\":\"https:\\\/\\\/www.rri.ro\\\/de\\\/aktuell\\\/newsflash-de\\\/nachrichten-19-11-2015-id631890.html#primaryimage\"},\"image\":{\"@id\":\"https:\\\/\\\/www.rri.ro\\\/de\\\/aktuell\\\/newsflash-de\\\/nachrichten-19-11-2015-id631890.html#primaryimage\"},\"thumbnailUrl\":\"https:\\\/\\\/www.rri.ro\\\/wp-content\\\/uploads\\\/2023\\\/10\\\/harta-lumii.jpg\",\"datePublished\":\"2015-11-19T18:06:00+00:00\",\"author\":{\"@id\":\"https:\\\/\\\/www.rri.ro\\\/#\\\/schema\\\/person\\\/4a479940371b9fdefd194f561e8a7f88\"},\"breadcrumb\":{\"@id\":\"https:\\\/\\\/www.rri.ro\\\/de\\\/aktuell\\\/newsflash-de\\\/nachrichten-19-11-2015-id631890.html#breadcrumb\"},\"inLanguage\":\"de\",\"potentialAction\":[{\"@type\":\"ReadAction\",\"target\":[\"https:\\\/\\\/www.rri.ro\\\/de\\\/aktuell\\\/newsflash-de\\\/nachrichten-19-11-2015-id631890.html\"]}]},{\"@type\":\"ImageObject\",\"inLanguage\":\"de\",\"@id\":\"https:\\\/\\\/www.rri.ro\\\/de\\\/aktuell\\\/newsflash-de\\\/nachrichten-19-11-2015-id631890.html#primaryimage\",\"url\":\"https:\\\/\\\/www.rri.ro\\\/wp-content\\\/uploads\\\/2023\\\/10\\\/harta-lumii.jpg\",\"contentUrl\":\"https:\\\/\\\/www.rri.ro\\\/wp-content\\\/uploads\\\/2023\\\/10\\\/harta-lumii.jpg\",\"width\":640,\"height\":480},{\"@type\":\"BreadcrumbList\",\"@id\":\"https:\\\/\\\/www.rri.ro\\\/de\\\/aktuell\\\/newsflash-de\\\/nachrichten-19-11-2015-id631890.html#breadcrumb\",\"itemListElement\":[{\"@type\":\"ListItem\",\"position\":1,\"name\":\"Startseite\",\"item\":\"https:\\\/\\\/www.rri.ro\\\/de\"},{\"@type\":\"ListItem\",\"position\":2,\"name\":\"Aktuell\",\"item\":\"https:\\\/\\\/www.rri.ro\\\/de\\\/aktuell\"},{\"@type\":\"ListItem\",\"position\":3,\"name\":\"Newsflash\",\"item\":\"https:\\\/\\\/www.rri.ro\\\/de\\\/aktuell\\\/newsflash-de\"},{\"@type\":\"ListItem\",\"position\":4,\"name\":\"Nachrichten 19.11.2015\"}]},{\"@type\":\"WebSite\",\"@id\":\"https:\\\/\\\/www.rri.ro\\\/#website\",\"url\":\"https:\\\/\\\/www.rri.ro\\\/\",\"name\":\"Radio Rum\u00e4nien International\",\"description\":\"Totul despre Rom\u00e2nia \u015fi rom\u00e2ni, \u00een 13 limbi\\\/dialecte!\",\"inLanguage\":\"de\"},{\"@type\":\"Person\",\"@id\":\"https:\\\/\\\/www.rri.ro\\\/#\\\/schema\\\/person\\\/4a479940371b9fdefd194f561e8a7f88\",\"name\":\"Newsroom\",\"url\":\"https:\\\/\\\/www.rri.ro\\\/de\\\/author\\\/newsroom\"}]}<\/script>\n<!-- \/ Yoast SEO plugin. -->","yoast_head_json":{"title":"Nachrichten 19.11.2015 - Radio Rum\u00e4nien International","robots":{"index":"index","follow":"follow","max-snippet":"max-snippet:-1","max-image-preview":"max-image-preview:large","max-video-preview":"max-video-preview:-1"},"canonical":"https:\/\/www.rri.ro\/de\/aktuell\/newsflash-de\/nachrichten-19-11-2015-id631890.html","og_locale":"de_DE","og_type":"article","og_title":"Nachrichten 19.11.2015 - Radio Rum\u00e4nien International","og_description":"BRATISLAVA: Rum\u00e4niens Pr\u00e4sident Klaus Iohannis hat im slowakischen Zvolen an einer Gedenkfeier f\u00fcr die im Zweiten Weltkrieg gefallenen rum\u00e4nischen Soldaten teilgenommen. Auf dem Milit\u00e4rfriedhof in der zentralslowakischen Stadt liegen \u00fcber 11.000 rum\u00e4nische Soldaten begraben, die an der Befreiung der Tschechoslowakei teilgenommen haben. Iohannis und sein slowakischer Kollege Andrej Kiska legten Blumenkr\u00e4nze nieder und zeichneten mehrere [&hellip;]","og_url":"https:\/\/www.rri.ro\/de\/aktuell\/newsflash-de\/nachrichten-19-11-2015-id631890.html","og_site_name":"Radio Rum\u00e4nien International","article_published_time":"2015-11-19T18:06:00+00:00","og_image":[{"width":640,"height":480,"url":"https:\/\/www.rri.ro\/wp-content\/uploads\/2023\/10\/harta-lumii.jpg","type":"image\/png"}],"author":"Newsroom","twitter_card":"summary_large_image","twitter_misc":{"Verfasst von":"Newsroom","Gesch\u00e4tzte Lesezeit":"3\u00a0Minuten","Written by":"Newsroom"},"schema":{"@context":"https:\/\/schema.org","@graph":[{"@type":"Article","@id":"https:\/\/www.rri.ro\/de\/aktuell\/newsflash-de\/nachrichten-19-11-2015-id631890.html#article","isPartOf":{"@id":"https:\/\/www.rri.ro\/de\/aktuell\/newsflash-de\/nachrichten-19-11-2015-id631890.html"},"author":{"name":"Newsroom","@id":"https:\/\/www.rri.ro\/#\/schema\/person\/4a479940371b9fdefd194f561e8a7f88"},"headline":"Nachrichten 19.11.2015","datePublished":"2015-11-19T18:06:00+00:00","mainEntityOfPage":{"@id":"https:\/\/www.rri.ro\/de\/aktuell\/newsflash-de\/nachrichten-19-11-2015-id631890.html"},"wordCount":519,"image":{"@id":"https:\/\/www.rri.ro\/de\/aktuell\/newsflash-de\/nachrichten-19-11-2015-id631890.html#primaryimage"},"thumbnailUrl":"https:\/\/www.rri.ro\/wp-content\/uploads\/2023\/10\/harta-lumii.jpg","keywords":["&#013; Br\u00fcssel","Anschl\u00e4ge","ATP","brand","Colectiv","Dacian Ciolos","EU-Rat","Fachleute","Florin Mergea","Gedenkfeier","Horia Tecau","Inneres","Justiz","Klaus Iohannis","Milit\u00e4rfriedhof","Opfer","Paris","Pr\u00e4sident","Regierung","Slowakei","tennis","terror","World Tour Finals"],"articleSection":["Newsflash"],"inLanguage":"de"},{"@type":"WebPage","@id":"https:\/\/www.rri.ro\/de\/aktuell\/newsflash-de\/nachrichten-19-11-2015-id631890.html","url":"https:\/\/www.rri.ro\/de\/aktuell\/newsflash-de\/nachrichten-19-11-2015-id631890.html","name":"Nachrichten 19.11.2015 - Radio Rum\u00e4nien International","isPartOf":{"@id":"https:\/\/www.rri.ro\/#website"},"primaryImageOfPage":{"@id":"https:\/\/www.rri.ro\/de\/aktuell\/newsflash-de\/nachrichten-19-11-2015-id631890.html#primaryimage"},"image":{"@id":"https:\/\/www.rri.ro\/de\/aktuell\/newsflash-de\/nachrichten-19-11-2015-id631890.html#primaryimage"},"thumbnailUrl":"https:\/\/www.rri.ro\/wp-content\/uploads\/2023\/10\/harta-lumii.jpg","datePublished":"2015-11-19T18:06:00+00:00","author":{"@id":"https:\/\/www.rri.ro\/#\/schema\/person\/4a479940371b9fdefd194f561e8a7f88"},"breadcrumb":{"@id":"https:\/\/www.rri.ro\/de\/aktuell\/newsflash-de\/nachrichten-19-11-2015-id631890.html#breadcrumb"},"inLanguage":"de","potentialAction":[{"@type":"ReadAction","target":["https:\/\/www.rri.ro\/de\/aktuell\/newsflash-de\/nachrichten-19-11-2015-id631890.html"]}]},{"@type":"ImageObject","inLanguage":"de","@id":"https:\/\/www.rri.ro\/de\/aktuell\/newsflash-de\/nachrichten-19-11-2015-id631890.html#primaryimage","url":"https:\/\/www.rri.ro\/wp-content\/uploads\/2023\/10\/harta-lumii.jpg","contentUrl":"https:\/\/www.rri.ro\/wp-content\/uploads\/2023\/10\/harta-lumii.jpg","width":640,"height":480},{"@type":"BreadcrumbList","@id":"https:\/\/www.rri.ro\/de\/aktuell\/newsflash-de\/nachrichten-19-11-2015-id631890.html#breadcrumb","itemListElement":[{"@type":"ListItem","position":1,"name":"Startseite","item":"https:\/\/www.rri.ro\/de"},{"@type":"ListItem","position":2,"name":"Aktuell","item":"https:\/\/www.rri.ro\/de\/aktuell"},{"@type":"ListItem","position":3,"name":"Newsflash","item":"https:\/\/www.rri.ro\/de\/aktuell\/newsflash-de"},{"@type":"ListItem","position":4,"name":"Nachrichten 19.11.2015"}]},{"@type":"WebSite","@id":"https:\/\/www.rri.ro\/#website","url":"https:\/\/www.rri.ro\/","name":"Radio Rum\u00e4nien International","description":"Totul despre Rom\u00e2nia \u015fi rom\u00e2ni, \u00een 13 limbi\/dialecte!","inLanguage":"de"},{"@type":"Person","@id":"https:\/\/www.rri.ro\/#\/schema\/person\/4a479940371b9fdefd194f561e8a7f88","name":"Newsroom","url":"https:\/\/www.rri.ro\/de\/author\/newsroom"}]}},"_links":{"self":[{"href":"https:\/\/www.rri.ro\/de\/wp-json\/wp\/v2\/posts\/631890","targetHints":{"allow":["GET"]}}],"collection":[{"href":"https:\/\/www.rri.ro\/de\/wp-json\/wp\/v2\/posts"}],"about":[{"href":"https:\/\/www.rri.ro\/de\/wp-json\/wp\/v2\/types\/post"}],"author":[{"embeddable":true,"href":"https:\/\/www.rri.ro\/de\/wp-json\/wp\/v2\/users\/113"}],"replies":[{"embeddable":true,"href":"https:\/\/www.rri.ro\/de\/wp-json\/wp\/v2\/comments?post=631890"}],"version-history":[{"count":0,"href":"https:\/\/www.rri.ro\/de\/wp-json\/wp\/v2\/posts\/631890\/revisions"}],"wp:featuredmedia":[{"embeddable":true,"href":"https:\/\/www.rri.ro\/de\/wp-json\/wp\/v2\/media\/212248"}],"wp:attachment":[{"href":"https:\/\/www.rri.ro\/de\/wp-json\/wp\/v2\/media?parent=631890"}],"wp:term":[{"taxonomy":"category","embeddable":true,"href":"https:\/\/www.rri.ro\/de\/wp-json\/wp\/v2\/categories?post=631890"},{"taxonomy":"post_tag","embeddable":true,"href":"https:\/\/www.rri.ro\/de\/wp-json\/wp\/v2\/tags?post=631890"},{"taxonomy":"author","embeddable":true,"href":"https:\/\/www.rri.ro\/de\/wp-json\/wp\/v2\/coauthors?post=631890"}],"curies":[{"name":"wp","href":"https:\/\/api.w.org\/{rel}","templated":true}]}}