{"id":631894,"date":"2015-11-23T19:00:00","date_gmt":"2015-11-23T17:00:00","guid":{"rendered":"http:\/\/devrri.freshlemon.ro\/aktuell\/nachrichten-23-11-2015-id631894.html"},"modified":"2015-11-23T19:00:00","modified_gmt":"2015-11-23T17:00:00","slug":"nachrichten-23-11-2015","status":"publish","type":"post","link":"https:\/\/www.rri.ro\/de\/aktuell\/newsflash-de\/nachrichten-23-11-2015-id631894.html","title":{"rendered":"Nachrichten 23.11.2015"},"content":{"rendered":"<p>Die rum\u00e4nische Regierung hat am Montag \u00fcber den Entwurf des Staatshaushalts f\u00fcr 2016 diskutiert. Premierminister Dacian Ciolo\u015f will eigenen Angaben nach, dass das Haushaltsgesetz in der ersten Dezemberh\u00e4lfte vom Parlament verabschiedet wird. Die neuen Minister m\u00fcssen pr\u00fcfen, welche Projekte ihrer Vorg\u00e4nger auch k\u00fcnftig ber\u00fccksichtigt werden und auch neue Projekte einbringen, die sich aus dem Regierungsprogramm ergeben. Dazu geh\u00f6rt ein Plan zur schnellen Reaktion, an dem eine gemischte Gruppe aus mehreren Ressorts unter Federf\u00fchrung von Vizepremierminister und Wirtschaftsminister Costin Borc arbeitet. Ziel ist es, baldm\u00f6glichst Ma\u200e\u00dfnahmen zur Konsolidierung des Vertrauens in die rum\u00e4nische Wirtschaft zu treffen.<\/p>\n<p>&#13;<br \/>\n&#13;<\/p>\n<p>&#13;<br \/>\n&#13;<\/p>\n<p>Rum\u00e4nien wird ohne Vorbehalt zusammen mit den anderen EU-Staaten zum Finden einer juristischen L\u00f6sung gegen den Terrorismus beitragen. Die EU-Staaten sollten intensiver zusammenarbeiten, um die Radikalisierung vorzubeugen, vor allem in den Strafvollzugsanstalten. Dies erkl\u00e4rte am Montag die rum\u00e4nische Justizministerin, Raluca Pruna. Ende der vorigen Woche beteiligten sich die rum\u00e4nische Justizministerin und der Innenminister Petre Toba am Sondertreffen der EU-Innen- und Justizminister in Br\u00fcssel. Frankreich hatte das Sondertreffen nach den Anschl\u00e4gen von Paris vom Freitag beantragt. Bei dem Sondertreffen haben die EU-Staaten vereinbart, die Kontrollen an Europas Au\u200e\u00dfengrenzen dauerhaft zu intensivieren, um Terrorverd\u00e4chtige aufzusp\u00fcren. Mit der Versch\u00e4rfung der Grenzkontrollen will die EU unter anderem erreichen, dass Fahnder zur\u00fcckkehrende Syrien-K\u00e4mpfer und potenzielle Dschihadisten mit EU-Pass leichter aufsp\u00fcren k\u00f6nnen. Demnach soll bei jedem Europ\u00e4er am Flughafen kontrolliert werden, ob er in Fahndungsdatenbanken gesucht wird oder unter Terrorverdacht steht. <\/p>\n<p>&#13;<br \/>\n&#13;<\/p>\n<p>&#13;<br \/>\n&#13;<\/p>\n<p>Die belgische Hauptstadt Br\u00fcssel befindet sich weiterhin im Alarmzustand. Die U-Bahn, Museen, Schulen, viele Gesch\u00e4fte und Kinos bleiben geschlossen. Viele Besch\u00e4ftigte arbeiten von zu Hause aus. Soldaten patrouillieren in der Innenstadt. Am Nachmittag soll der nationale Sicherheitsrat entscheiden, ob die h\u00f6chste Terror-Warnstufe in Kraft bleibt. Der Hauptverd\u00e4chtige f\u00fcr die Pariser Anschlagsserie, Salah Abdeslam, ist inzwischen offenbar weiter auf der Flucht, er sei laut Staatsanwaltschaft nicht unter den 21 Verd\u00e4chtigen gewesen, die bei den Durchsuchungsaktionen in Br\u00fcsel und Liege festgenommen wurden.<\/p>\n<p>&#13;<br \/>\n&#13;<\/p>\n<p>&#13;<br \/>\n&#13;<\/p>\n<p>Der britische Premierminister David Cameron hat Frankreich im Kampf gegen die terroristische Organisation Islamischer Staat die Unterst\u00fctzung seines Landes zugesagt. Die franz\u00f6sische Luftwaffe k\u00f6nne einen britischen St\u00fctzpunkt auf Zypern nutzen, sagte Cameron am Montag in Paris bei einer Pressekonferenz mit Pr\u00e4sident Francois Hollande. Weiter werde Gro\u200e\u00dfbritannien st\u00e4rker Geheimdienstinformationen mit den europ\u00e4ischen Verb\u00fcndeten teilen. Hollande k\u00fcndigte seinerseits eine weitere Intensivierung der Luftangriffe auf den IS in Syrien an. Seit Montag ist der Flugzeugtr\u00e4ger &#8222;Charles de Gaulle&#8220; in seinem Einsatzgebiet im \u00f6stlichen Mittelmeer. Damit verdreifacht sich die Schlagkraft der franz\u00f6sischen Luftwaffe im Syrien-Einsatz.<\/p>\n<p>&#13;<br \/>\n&#13;<\/p>\n<p>&#13;<br \/>\n&#13;<\/p>\n<p>In Bukarest hat am Montag das Gerichtsverfahren gegen den Oberb\u00fcrgermeister der rum\u00e4nischen Hauptstadt, Sorin Oprescu, begonnen. Ihm werden Bestechlichkeit, Geldw\u00e4sche und Amtsmissbrauch vorgeworfen. Der Anklageschrift nach soll Oprescu einer kriminellen Vereinigung beigetreten sein, die zwischen 2013 und 2015 bei der Vergabe von Auftr\u00e4gen durch die Kommunalverwaltung Provisionsgelder von Privatunternehmen kassierte. Oprescu, der sein Amt ruhen lie\u200e\u00df, war Anfang September in Untersuchungshaft genommen worden. Er steht im Moment aus gesundheitlichen Gr\u00fcnden unter Hausarrest. In den letzten Monaten wurden im Zuge des Verfahrens mehrere hohe Verwaltungsbeamte der Stadt festgenommen. Einer von Oprescus Beratern ist in einem anderen Verfahren wegen Bestechlichkeit erstinstanzlich verurteilt worden. Sorin Oprescu, gelernter OP-Arzt, war Mitglied der Sozialdemokratischen Partei PSD), wurde aber 2008 als parteifreier Kandidat gew\u00e4hlt und ist 2012 im Amt best\u00e4tigt worden.<\/p>\n<p>&#13;<br \/>\n&#13;<\/p>\n<p>&#13;<br \/>\n&#13;<\/p>\n<p>Rum\u00e4nien ist mit den Tennisstars Horia Tecau und Florin Mergea gleich zweimal im Endspiel  des prominenten Champions Turniers in London dabei gewesen. Tecau und sein holl\u00e4ndischer Partner Jean-Julien Rojer setzten sich gegen Mergea und den Inder Rohan Bopanna durch und sind die Nummer Eins im internationalen Ranking. <\/p>\n<p>&#13;<br \/>\n&#13;<\/p>\n<p>&#13;<br \/>\n&#13;<\/p>\n<p>&#13;<\/p>\n","protected":false},"excerpt":{"rendered":"<p>Die wichtigsten Nachrichten des Tages im \u00dcberblick<\/p>\n","protected":false},"author":112,"featured_media":631895,"comment_status":"closed","ping_status":"closed","sticky":false,"template":"","format":"standard","meta":{"_acf_changed":false,"footnotes":""},"categories":[116753],"tags":[100697,100199,100620,134270,101196,100111,103075,29086,99625,101944,105102,99586,99798,144540,99635,102012],"coauthors":[],"class_list":["post-631894","post","type-post","status-publish","format-standard","has-post-thumbnail","hentry","category-newsflash-de","tag-amtsmissbrauch","tag-anklage","tag-bestechlichkeit","tag-eu-de","tag-geldwaesche","tag-gericht","tag-grenzkontrolle","tag-is","tag-justiz","tag-luftangriffe","tag-oberbuergermeister","tag-regierung","tag-staatshaushalt","tag-tennis-de","tag-terrorismus","tag-verfahren"],"acf":[],"yoast_head":"<!-- This site is optimized with the Yoast SEO plugin v27.3 - https:\/\/yoast.com\/product\/yoast-seo-wordpress\/ -->\n<title>Nachrichten 23.11.2015 - Radio Rum\u00e4nien International<\/title>\n<meta name=\"robots\" content=\"index, follow, max-snippet:-1, max-image-preview:large, max-video-preview:-1\" \/>\n<link rel=\"canonical\" href=\"https:\/\/www.rri.ro\/de\/aktuell\/newsflash-de\/nachrichten-23-11-2015-id631894.html\" \/>\n<meta property=\"og:locale\" content=\"de_DE\" \/>\n<meta property=\"og:type\" content=\"article\" \/>\n<meta property=\"og:title\" content=\"Nachrichten 23.11.2015 - Radio Rum\u00e4nien International\" \/>\n<meta property=\"og:description\" content=\"Die wichtigsten Nachrichten des Tages im \u00dcberblick\" \/>\n<meta property=\"og:url\" content=\"https:\/\/www.rri.ro\/de\/aktuell\/newsflash-de\/nachrichten-23-11-2015-id631894.html\" \/>\n<meta property=\"og:site_name\" content=\"Radio Rum\u00e4nien International\" \/>\n<meta property=\"article:published_time\" content=\"2015-11-23T17:00:00+00:00\" \/>\n<meta property=\"og:image\" content=\"https:\/\/www.rri.ro\/wp-content\/uploads\/2024\/02\/stiri-germana.png\" \/>\n\t<meta property=\"og:image:width\" content=\"640\" \/>\n\t<meta property=\"og:image:height\" content=\"480\" \/>\n\t<meta property=\"og:image:type\" content=\"image\/png\" \/>\n<meta name=\"author\" content=\"Florentin C\u0103pit\u0103nescu\" \/>\n<meta name=\"twitter:card\" content=\"summary_large_image\" \/>\n<meta name=\"twitter:label1\" content=\"Verfasst von\" \/>\n\t<meta name=\"twitter:data1\" content=\"Florentin C\u0103pit\u0103nescu\" \/>\n\t<meta name=\"twitter:label2\" content=\"Gesch\u00e4tzte Lesezeit\" \/>\n\t<meta name=\"twitter:data2\" content=\"3\u00a0Minuten\" \/>\n\t<meta name=\"twitter:label3\" content=\"Written by\" \/>\n\t<meta name=\"twitter:data3\" content=\"Florentin C\u0103pit\u0103nescu\" \/>\n<script type=\"application\/ld+json\" class=\"yoast-schema-graph\">{\"@context\":\"https:\\\/\\\/schema.org\",\"@graph\":[{\"@type\":\"Article\",\"@id\":\"https:\\\/\\\/www.rri.ro\\\/de\\\/aktuell\\\/newsflash-de\\\/nachrichten-23-11-2015-id631894.html#article\",\"isPartOf\":{\"@id\":\"https:\\\/\\\/www.rri.ro\\\/de\\\/aktuell\\\/newsflash-de\\\/nachrichten-23-11-2015-id631894.html\"},\"author\":{\"name\":\"Florentin C\u0103pit\u0103nescu\",\"@id\":\"https:\\\/\\\/www.rri.ro\\\/#\\\/schema\\\/person\\\/430739eeb293f73734db2c6703951289\"},\"headline\":\"Nachrichten 23.11.2015\",\"datePublished\":\"2015-11-23T17:00:00+00:00\",\"mainEntityOfPage\":{\"@id\":\"https:\\\/\\\/www.rri.ro\\\/de\\\/aktuell\\\/newsflash-de\\\/nachrichten-23-11-2015-id631894.html\"},\"wordCount\":626,\"image\":{\"@id\":\"https:\\\/\\\/www.rri.ro\\\/de\\\/aktuell\\\/newsflash-de\\\/nachrichten-23-11-2015-id631894.html#primaryimage\"},\"thumbnailUrl\":\"https:\\\/\\\/www.rri.ro\\\/wp-content\\\/uploads\\\/2024\\\/02\\\/stiri-germana.png\",\"keywords\":[\"Amtsmissbrauch\",\"Anklage\",\"Bestechlichkeit\",\"EU\",\"Geldw\u00e4sche\",\"Gericht\",\"Grenzkontrolle\",\"IS\",\"Justiz\",\"Luftangriffe\",\"Oberb\u00fcrgermeister\",\"Regierung\",\"Staatshaushalt\",\"tennis\",\"Terrorismus\",\"Verfahren\"],\"articleSection\":[\"Newsflash\"],\"inLanguage\":\"de\"},{\"@type\":\"WebPage\",\"@id\":\"https:\\\/\\\/www.rri.ro\\\/de\\\/aktuell\\\/newsflash-de\\\/nachrichten-23-11-2015-id631894.html\",\"url\":\"https:\\\/\\\/www.rri.ro\\\/de\\\/aktuell\\\/newsflash-de\\\/nachrichten-23-11-2015-id631894.html\",\"name\":\"Nachrichten 23.11.2015 - Radio Rum\u00e4nien International\",\"isPartOf\":{\"@id\":\"https:\\\/\\\/www.rri.ro\\\/#website\"},\"primaryImageOfPage\":{\"@id\":\"https:\\\/\\\/www.rri.ro\\\/de\\\/aktuell\\\/newsflash-de\\\/nachrichten-23-11-2015-id631894.html#primaryimage\"},\"image\":{\"@id\":\"https:\\\/\\\/www.rri.ro\\\/de\\\/aktuell\\\/newsflash-de\\\/nachrichten-23-11-2015-id631894.html#primaryimage\"},\"thumbnailUrl\":\"https:\\\/\\\/www.rri.ro\\\/wp-content\\\/uploads\\\/2024\\\/02\\\/stiri-germana.png\",\"datePublished\":\"2015-11-23T17:00:00+00:00\",\"author\":{\"@id\":\"https:\\\/\\\/www.rri.ro\\\/#\\\/schema\\\/person\\\/430739eeb293f73734db2c6703951289\"},\"breadcrumb\":{\"@id\":\"https:\\\/\\\/www.rri.ro\\\/de\\\/aktuell\\\/newsflash-de\\\/nachrichten-23-11-2015-id631894.html#breadcrumb\"},\"inLanguage\":\"de\",\"potentialAction\":[{\"@type\":\"ReadAction\",\"target\":[\"https:\\\/\\\/www.rri.ro\\\/de\\\/aktuell\\\/newsflash-de\\\/nachrichten-23-11-2015-id631894.html\"]}]},{\"@type\":\"ImageObject\",\"inLanguage\":\"de\",\"@id\":\"https:\\\/\\\/www.rri.ro\\\/de\\\/aktuell\\\/newsflash-de\\\/nachrichten-23-11-2015-id631894.html#primaryimage\",\"url\":\"https:\\\/\\\/www.rri.ro\\\/wp-content\\\/uploads\\\/2024\\\/02\\\/stiri-germana.png\",\"contentUrl\":\"https:\\\/\\\/www.rri.ro\\\/wp-content\\\/uploads\\\/2024\\\/02\\\/stiri-germana.png\",\"width\":640,\"height\":480},{\"@type\":\"BreadcrumbList\",\"@id\":\"https:\\\/\\\/www.rri.ro\\\/de\\\/aktuell\\\/newsflash-de\\\/nachrichten-23-11-2015-id631894.html#breadcrumb\",\"itemListElement\":[{\"@type\":\"ListItem\",\"position\":1,\"name\":\"Startseite\",\"item\":\"https:\\\/\\\/www.rri.ro\\\/de\"},{\"@type\":\"ListItem\",\"position\":2,\"name\":\"Aktuell\",\"item\":\"https:\\\/\\\/www.rri.ro\\\/de\\\/aktuell\"},{\"@type\":\"ListItem\",\"position\":3,\"name\":\"Newsflash\",\"item\":\"https:\\\/\\\/www.rri.ro\\\/de\\\/aktuell\\\/newsflash-de\"},{\"@type\":\"ListItem\",\"position\":4,\"name\":\"Nachrichten 23.11.2015\"}]},{\"@type\":\"WebSite\",\"@id\":\"https:\\\/\\\/www.rri.ro\\\/#website\",\"url\":\"https:\\\/\\\/www.rri.ro\\\/\",\"name\":\"Radio Rum\u00e4nien International\",\"description\":\"Totul despre Rom\u00e2nia \u015fi rom\u00e2ni, \u00een 13 limbi\\\/dialecte!\",\"inLanguage\":\"de\"},{\"@type\":\"Person\",\"@id\":\"https:\\\/\\\/www.rri.ro\\\/#\\\/schema\\\/person\\\/430739eeb293f73734db2c6703951289\",\"name\":\"Florentin C\u0103pit\u0103nescu\",\"url\":\"https:\\\/\\\/www.rri.ro\\\/de\\\/author\\\/florentin-capitanescu\"}]}<\/script>\n<!-- \/ Yoast SEO plugin. -->","yoast_head_json":{"title":"Nachrichten 23.11.2015 - Radio Rum\u00e4nien International","robots":{"index":"index","follow":"follow","max-snippet":"max-snippet:-1","max-image-preview":"max-image-preview:large","max-video-preview":"max-video-preview:-1"},"canonical":"https:\/\/www.rri.ro\/de\/aktuell\/newsflash-de\/nachrichten-23-11-2015-id631894.html","og_locale":"de_DE","og_type":"article","og_title":"Nachrichten 23.11.2015 - Radio Rum\u00e4nien International","og_description":"Die wichtigsten Nachrichten des Tages im \u00dcberblick","og_url":"https:\/\/www.rri.ro\/de\/aktuell\/newsflash-de\/nachrichten-23-11-2015-id631894.html","og_site_name":"Radio Rum\u00e4nien International","article_published_time":"2015-11-23T17:00:00+00:00","og_image":[{"width":640,"height":480,"url":"https:\/\/www.rri.ro\/wp-content\/uploads\/2024\/02\/stiri-germana.png","type":"image\/png"}],"author":"Florentin C\u0103pit\u0103nescu","twitter_card":"summary_large_image","twitter_misc":{"Verfasst von":"Florentin C\u0103pit\u0103nescu","Gesch\u00e4tzte Lesezeit":"3\u00a0Minuten","Written by":"Florentin C\u0103pit\u0103nescu"},"schema":{"@context":"https:\/\/schema.org","@graph":[{"@type":"Article","@id":"https:\/\/www.rri.ro\/de\/aktuell\/newsflash-de\/nachrichten-23-11-2015-id631894.html#article","isPartOf":{"@id":"https:\/\/www.rri.ro\/de\/aktuell\/newsflash-de\/nachrichten-23-11-2015-id631894.html"},"author":{"name":"Florentin C\u0103pit\u0103nescu","@id":"https:\/\/www.rri.ro\/#\/schema\/person\/430739eeb293f73734db2c6703951289"},"headline":"Nachrichten 23.11.2015","datePublished":"2015-11-23T17:00:00+00:00","mainEntityOfPage":{"@id":"https:\/\/www.rri.ro\/de\/aktuell\/newsflash-de\/nachrichten-23-11-2015-id631894.html"},"wordCount":626,"image":{"@id":"https:\/\/www.rri.ro\/de\/aktuell\/newsflash-de\/nachrichten-23-11-2015-id631894.html#primaryimage"},"thumbnailUrl":"https:\/\/www.rri.ro\/wp-content\/uploads\/2024\/02\/stiri-germana.png","keywords":["Amtsmissbrauch","Anklage","Bestechlichkeit","EU","Geldw\u00e4sche","Gericht","Grenzkontrolle","IS","Justiz","Luftangriffe","Oberb\u00fcrgermeister","Regierung","Staatshaushalt","tennis","Terrorismus","Verfahren"],"articleSection":["Newsflash"],"inLanguage":"de"},{"@type":"WebPage","@id":"https:\/\/www.rri.ro\/de\/aktuell\/newsflash-de\/nachrichten-23-11-2015-id631894.html","url":"https:\/\/www.rri.ro\/de\/aktuell\/newsflash-de\/nachrichten-23-11-2015-id631894.html","name":"Nachrichten 23.11.2015 - Radio Rum\u00e4nien International","isPartOf":{"@id":"https:\/\/www.rri.ro\/#website"},"primaryImageOfPage":{"@id":"https:\/\/www.rri.ro\/de\/aktuell\/newsflash-de\/nachrichten-23-11-2015-id631894.html#primaryimage"},"image":{"@id":"https:\/\/www.rri.ro\/de\/aktuell\/newsflash-de\/nachrichten-23-11-2015-id631894.html#primaryimage"},"thumbnailUrl":"https:\/\/www.rri.ro\/wp-content\/uploads\/2024\/02\/stiri-germana.png","datePublished":"2015-11-23T17:00:00+00:00","author":{"@id":"https:\/\/www.rri.ro\/#\/schema\/person\/430739eeb293f73734db2c6703951289"},"breadcrumb":{"@id":"https:\/\/www.rri.ro\/de\/aktuell\/newsflash-de\/nachrichten-23-11-2015-id631894.html#breadcrumb"},"inLanguage":"de","potentialAction":[{"@type":"ReadAction","target":["https:\/\/www.rri.ro\/de\/aktuell\/newsflash-de\/nachrichten-23-11-2015-id631894.html"]}]},{"@type":"ImageObject","inLanguage":"de","@id":"https:\/\/www.rri.ro\/de\/aktuell\/newsflash-de\/nachrichten-23-11-2015-id631894.html#primaryimage","url":"https:\/\/www.rri.ro\/wp-content\/uploads\/2024\/02\/stiri-germana.png","contentUrl":"https:\/\/www.rri.ro\/wp-content\/uploads\/2024\/02\/stiri-germana.png","width":640,"height":480},{"@type":"BreadcrumbList","@id":"https:\/\/www.rri.ro\/de\/aktuell\/newsflash-de\/nachrichten-23-11-2015-id631894.html#breadcrumb","itemListElement":[{"@type":"ListItem","position":1,"name":"Startseite","item":"https:\/\/www.rri.ro\/de"},{"@type":"ListItem","position":2,"name":"Aktuell","item":"https:\/\/www.rri.ro\/de\/aktuell"},{"@type":"ListItem","position":3,"name":"Newsflash","item":"https:\/\/www.rri.ro\/de\/aktuell\/newsflash-de"},{"@type":"ListItem","position":4,"name":"Nachrichten 23.11.2015"}]},{"@type":"WebSite","@id":"https:\/\/www.rri.ro\/#website","url":"https:\/\/www.rri.ro\/","name":"Radio Rum\u00e4nien International","description":"Totul despre Rom\u00e2nia \u015fi rom\u00e2ni, \u00een 13 limbi\/dialecte!","inLanguage":"de"},{"@type":"Person","@id":"https:\/\/www.rri.ro\/#\/schema\/person\/430739eeb293f73734db2c6703951289","name":"Florentin C\u0103pit\u0103nescu","url":"https:\/\/www.rri.ro\/de\/author\/florentin-capitanescu"}]}},"_links":{"self":[{"href":"https:\/\/www.rri.ro\/de\/wp-json\/wp\/v2\/posts\/631894","targetHints":{"allow":["GET"]}}],"collection":[{"href":"https:\/\/www.rri.ro\/de\/wp-json\/wp\/v2\/posts"}],"about":[{"href":"https:\/\/www.rri.ro\/de\/wp-json\/wp\/v2\/types\/post"}],"author":[{"embeddable":true,"href":"https:\/\/www.rri.ro\/de\/wp-json\/wp\/v2\/users\/112"}],"replies":[{"embeddable":true,"href":"https:\/\/www.rri.ro\/de\/wp-json\/wp\/v2\/comments?post=631894"}],"version-history":[{"count":0,"href":"https:\/\/www.rri.ro\/de\/wp-json\/wp\/v2\/posts\/631894\/revisions"}],"wp:featuredmedia":[{"embeddable":true,"href":"https:\/\/www.rri.ro\/de\/wp-json\/wp\/v2\/media\/631895"}],"wp:attachment":[{"href":"https:\/\/www.rri.ro\/de\/wp-json\/wp\/v2\/media?parent=631894"}],"wp:term":[{"taxonomy":"category","embeddable":true,"href":"https:\/\/www.rri.ro\/de\/wp-json\/wp\/v2\/categories?post=631894"},{"taxonomy":"post_tag","embeddable":true,"href":"https:\/\/www.rri.ro\/de\/wp-json\/wp\/v2\/tags?post=631894"},{"taxonomy":"author","embeddable":true,"href":"https:\/\/www.rri.ro\/de\/wp-json\/wp\/v2\/coauthors?post=631894"}],"curies":[{"name":"wp","href":"https:\/\/api.w.org\/{rel}","templated":true}]}}