{"id":631945,"date":"2016-01-12T19:48:00","date_gmt":"2016-01-12T17:48:00","guid":{"rendered":"http:\/\/devrri.freshlemon.ro\/aktuell\/nachrichten-12-01-2016-id631945.html"},"modified":"2016-01-12T19:48:00","modified_gmt":"2016-01-12T17:48:00","slug":"nachrichten-12-01-2016","status":"publish","type":"post","link":"https:\/\/www.rri.ro\/de\/aktuell\/newsflash-de\/nachrichten-12-01-2016-id631945.html","title":{"rendered":"Nachrichten 12.01.2016"},"content":{"rendered":"<p>Das rum\u00e4nische Au\u200e\u00dfenministerium hat den Terroranschlag, der am Dienstag im historischen Bezirk Sultanahmet in Istanbul ver\u00fcbt wurde, streng verurteilt. Der besagte Anschlag forderte mehrere Menschenleben und verletzte zahlreiche Personen. In einer Mitteilung betont das Ausw\u00e4rtige Amt Rum\u00e4niens die Solidarit\u00e4t mit dem t\u00fcrkischen Volk sowie die Unterst\u00fctzung der Anstrengungen der t\u00fcrkischen Beh\u00f6rden zur Bek\u00e4mpfung jeglicher Formen des Terrorismus. Ein Selbstmordattent\u00e4ter der Terrormiliz Islamischer Staat sprengte sich im historischen Zentrum Istanbuls und rie\u200e\u00df mindestens neun Deutsche mit sich in den Tod gerissen. Der Angreifer sprengte sich nach t\u00fcrkischen Angaben am Dienstag mitten einer deutschen Reisegruppe in der Umgebung der Hagia Sophia und der Blauen Moschee in die Luft. Der 1988 geborene Attent\u00e4ter habe der Terrormiliz angeh\u00f6rt, sagte der t\u00fcrkische Ministerpr\u00e4sident Ahmet Davutoglu in Ankara. Nach Angaben aus Regierungskreisen in Ankara waren 9 der 10 Todesopfer Deutsche. Davutoglu k\u00fcndigte an, der Kampf gegen den IS werde fortgesetzt, bis die Terrormiliz keine Gefahr mehr darstelle. In einem Telefonat sprach Davutoglu Bundeskanzlerin Angela Merkel sein Beileid und Bedauern aus, wie die staatliche Nachrichtenagentur Anadolu meldete. Nach t\u00fcrkischen Angaben wurden insgesamt mindestens 10 Menschen get\u00f6tet und 15 weitere verletzt, darunter ebenfalls neun Deutsche. Der t\u00fcrkische Staatspr\u00e4sident Recep Tayyip Erdogan machte in Ankara einen Selbstmordattent\u00e4ter syrischer Herkunft\u201c f\u00fcr die Tat verantwortlich.<\/p>\n<p>&#13;<br \/>\n&#13;<\/p>\n<p>&#13;<br \/>\n&#13;<\/p>\n<p>Der rum\u00e4nische Au\u200e\u00dfenminister Laz\u0103r Com\u0103nescu ist am Dienstag in Berlin zu Gespr\u00e4chen mit Bundesau\u200e\u00dfenminister Frank-Walter Steinmeier eingetroffen. Dabei ging es um die bilateralen Beziehungen und um gemeinsame Ansichten in europ\u00e4ischen, regionalen und internationalen Fragen. Ein wichtiges Thema war auch die deutsch-rum\u00e4nische Kooperation vor dem Hintegrund der deutschen Pr\u00e4sidententschaft der OSZE in diesem Jahr. Com\u0103nescu betonte die Bedeutung Deutschlands als Wirtschaftsmacht in Europa generell und als Partner Rum\u00e4niens speziell. 20% des rum\u00e4nischen Au\u200e\u00dfenhandels werden mit Deutschland abgewickelt, in Rum\u00e4nien arbeiten \u00fcber 20.000 Unternehmen mkt deutschem Kapital, die zusammen mehr als 300.000 Menschen besch\u00e4ftigen. Erst letzte Woche war der rum\u00e4nische Premierminister Dacian Ciolo\u015f auf Deutschlandbesuch gewesen. Er f\u00fchrte am letzten Donnerstag Gespr\u00e4che mit Bundeskanzlerin Merkel.<\/p>\n<p>&#13;<br \/>\n&#13;<\/p>\n<p>&#13;<br \/>\n&#13;<\/p>\n<p>Der neue IWF-Missionschef f\u00fcr Rum\u00e4nien, Reza Baqir unternimmt ab Dienstag einen Antrittsbesuch in Rum\u00e4nien. Der pakistanische \u00d6konom Baqir \u00fcbernimmt nach zweieinhalb Jahren das turnusm\u00e4\u200e\u00dfige Amt von Andrea Schaechter. Reza Baqir arbeitet beim Internationalen W\u00e4hrungsfonds seit 2000 als Abteilungsleiter f\u00fcr Schuldenpolitik und war fr\u00fcher bei der Weltbank t\u00e4tig. Zwischen Rum\u00e4nien und dem IWF besteht gegenw\u00e4rtig keine Kreditvereinbarung. Die letzte war nach ergebnislosen Verhandlungen im September 2015 ausgelaufen. Die beiden Seiten konnten sich in der Frage der anstehenden Steuerentlastungen nicht n\u00e4herkommen.<\/p>\n<p>&#13;<br \/>\n&#13;<\/p>\n<p>&#13;<br \/>\n&#13;<\/p>\n<p>Der moldauische Pr\u00e4sident Nicolae Timofti hat auch am Dienstag Beratungen \u00fcber die Ernennung eines neuen Kandidaten f\u00fcr das Amt des Ministerpr\u00e4sidenten gehalten. Nach Angaben des Chefs der Demokratischen Partei, Marian Lupu, haben 56 Abgeordnete aus mehreren Parteien eine neue Mehrheit gebildet, die innerhalb von zwei Tagen einen Vorschlag f\u00fcr das Amt des Regierungschefs vorlegen wird. Nach verschiedenen Pressemeldungen k\u00f6nnte das der umstrittene Gesch\u00e4ftsmann und Geldgeber der DP, Vlad Plahotniuc sein. Steht eine neue Regierung nicht bis zum 29. Januar, muss Pr\u00e4sident Timofti das Parlament aufl\u00f6sen und Neuwahlen ausrufen. Die Regierungskrise dauert seit Herbst, als das Kabinett von Valeriu Strelet durch einen Misstrauensantrag der prorussischen Opposition gest\u00fcrzt wurde, f\u00fcr den auch Teile der Regierungskoalition stimmten<\/p>\n<p>&#13;<\/p>\n","protected":false},"excerpt":{"rendered":"<p>Die wichtigsten Nachrichten des Tages im \u00dcberblick<\/p>\n","protected":false},"author":113,"featured_media":459887,"comment_status":"closed","ping_status":"closed","sticky":false,"template":"","format":"standard","meta":{"_acf_changed":false,"footnotes":""},"categories":[116753],"tags":[103061,124332,179836,125561,102790,100115,103064,29780],"coauthors":[],"class_list":["post-631945","post","type-post","status-publish","format-standard","has-post-thumbnail","hentry","category-newsflash-de","tag-aussenminister-lazar-comanescu","tag-deutschlandbesuch","tag-istanbul-de","tag-iwf-missionschef-reza-baqir","tag-regierungsbildung","tag-republik-moldau","tag-terroranschlag","tag-vlad-plahotniuc"],"acf":[],"yoast_head":"<!-- This site is optimized with the Yoast SEO plugin v27.3 - https:\/\/yoast.com\/product\/yoast-seo-wordpress\/ -->\n<title>Nachrichten 12.01.2016 - Radio Rum\u00e4nien International<\/title>\n<meta name=\"robots\" content=\"index, follow, max-snippet:-1, max-image-preview:large, max-video-preview:-1\" \/>\n<link rel=\"canonical\" href=\"https:\/\/www.rri.ro\/de\/aktuell\/newsflash-de\/nachrichten-12-01-2016-id631945.html\" \/>\n<meta property=\"og:locale\" content=\"de_DE\" \/>\n<meta property=\"og:type\" content=\"article\" \/>\n<meta property=\"og:title\" content=\"Nachrichten 12.01.2016 - Radio Rum\u00e4nien International\" \/>\n<meta property=\"og:description\" content=\"Die wichtigsten Nachrichten des Tages im \u00dcberblick\" \/>\n<meta property=\"og:url\" content=\"https:\/\/www.rri.ro\/de\/aktuell\/newsflash-de\/nachrichten-12-01-2016-id631945.html\" \/>\n<meta property=\"og:site_name\" content=\"Radio Rum\u00e4nien International\" \/>\n<meta property=\"article:published_time\" content=\"2016-01-12T17:48:00+00:00\" \/>\n<meta property=\"og:image\" content=\"https:\/\/www.rri.ro\/wp-content\/uploads\/2023\/10\/stiri-germana-ok2.png\" \/>\n\t<meta property=\"og:image:width\" content=\"640\" \/>\n\t<meta property=\"og:image:height\" content=\"480\" \/>\n\t<meta property=\"og:image:type\" content=\"image\/png\" \/>\n<meta name=\"author\" content=\"Newsroom\" \/>\n<meta name=\"twitter:card\" content=\"summary_large_image\" \/>\n<meta name=\"twitter:label1\" content=\"Verfasst von\" \/>\n\t<meta name=\"twitter:data1\" content=\"Newsroom\" \/>\n\t<meta name=\"twitter:label2\" content=\"Gesch\u00e4tzte Lesezeit\" \/>\n\t<meta name=\"twitter:data2\" content=\"3\u00a0Minuten\" \/>\n\t<meta name=\"twitter:label3\" content=\"Written by\" \/>\n\t<meta name=\"twitter:data3\" content=\"Newsroom\" \/>\n<script type=\"application\/ld+json\" class=\"yoast-schema-graph\">{\"@context\":\"https:\\\/\\\/schema.org\",\"@graph\":[{\"@type\":\"Article\",\"@id\":\"https:\\\/\\\/www.rri.ro\\\/de\\\/aktuell\\\/newsflash-de\\\/nachrichten-12-01-2016-id631945.html#article\",\"isPartOf\":{\"@id\":\"https:\\\/\\\/www.rri.ro\\\/de\\\/aktuell\\\/newsflash-de\\\/nachrichten-12-01-2016-id631945.html\"},\"author\":{\"name\":\"Newsroom\",\"@id\":\"https:\\\/\\\/www.rri.ro\\\/#\\\/schema\\\/person\\\/4a479940371b9fdefd194f561e8a7f88\"},\"headline\":\"Nachrichten 12.01.2016\",\"datePublished\":\"2016-01-12T17:48:00+00:00\",\"mainEntityOfPage\":{\"@id\":\"https:\\\/\\\/www.rri.ro\\\/de\\\/aktuell\\\/newsflash-de\\\/nachrichten-12-01-2016-id631945.html\"},\"wordCount\":562,\"image\":{\"@id\":\"https:\\\/\\\/www.rri.ro\\\/de\\\/aktuell\\\/newsflash-de\\\/nachrichten-12-01-2016-id631945.html#primaryimage\"},\"thumbnailUrl\":\"https:\\\/\\\/www.rri.ro\\\/wp-content\\\/uploads\\\/2023\\\/10\\\/stiri-germana-ok2.png\",\"keywords\":[\"Au\u00dfenminister Laz\u0103r Com\u0103nescu\",\"Deutschlandbesuch\",\"Istanbul\",\"IWF-Missionschef Reza Baqir\",\"Regierungsbildung\",\"Republik Moldau\",\"Terroranschlag\",\"Vlad Plahotniuc\"],\"articleSection\":[\"Newsflash\"],\"inLanguage\":\"de\"},{\"@type\":\"WebPage\",\"@id\":\"https:\\\/\\\/www.rri.ro\\\/de\\\/aktuell\\\/newsflash-de\\\/nachrichten-12-01-2016-id631945.html\",\"url\":\"https:\\\/\\\/www.rri.ro\\\/de\\\/aktuell\\\/newsflash-de\\\/nachrichten-12-01-2016-id631945.html\",\"name\":\"Nachrichten 12.01.2016 - Radio Rum\u00e4nien International\",\"isPartOf\":{\"@id\":\"https:\\\/\\\/www.rri.ro\\\/#website\"},\"primaryImageOfPage\":{\"@id\":\"https:\\\/\\\/www.rri.ro\\\/de\\\/aktuell\\\/newsflash-de\\\/nachrichten-12-01-2016-id631945.html#primaryimage\"},\"image\":{\"@id\":\"https:\\\/\\\/www.rri.ro\\\/de\\\/aktuell\\\/newsflash-de\\\/nachrichten-12-01-2016-id631945.html#primaryimage\"},\"thumbnailUrl\":\"https:\\\/\\\/www.rri.ro\\\/wp-content\\\/uploads\\\/2023\\\/10\\\/stiri-germana-ok2.png\",\"datePublished\":\"2016-01-12T17:48:00+00:00\",\"author\":{\"@id\":\"https:\\\/\\\/www.rri.ro\\\/#\\\/schema\\\/person\\\/4a479940371b9fdefd194f561e8a7f88\"},\"breadcrumb\":{\"@id\":\"https:\\\/\\\/www.rri.ro\\\/de\\\/aktuell\\\/newsflash-de\\\/nachrichten-12-01-2016-id631945.html#breadcrumb\"},\"inLanguage\":\"de\",\"potentialAction\":[{\"@type\":\"ReadAction\",\"target\":[\"https:\\\/\\\/www.rri.ro\\\/de\\\/aktuell\\\/newsflash-de\\\/nachrichten-12-01-2016-id631945.html\"]}]},{\"@type\":\"ImageObject\",\"inLanguage\":\"de\",\"@id\":\"https:\\\/\\\/www.rri.ro\\\/de\\\/aktuell\\\/newsflash-de\\\/nachrichten-12-01-2016-id631945.html#primaryimage\",\"url\":\"https:\\\/\\\/www.rri.ro\\\/wp-content\\\/uploads\\\/2023\\\/10\\\/stiri-germana-ok2.png\",\"contentUrl\":\"https:\\\/\\\/www.rri.ro\\\/wp-content\\\/uploads\\\/2023\\\/10\\\/stiri-germana-ok2.png\",\"width\":640,\"height\":480},{\"@type\":\"BreadcrumbList\",\"@id\":\"https:\\\/\\\/www.rri.ro\\\/de\\\/aktuell\\\/newsflash-de\\\/nachrichten-12-01-2016-id631945.html#breadcrumb\",\"itemListElement\":[{\"@type\":\"ListItem\",\"position\":1,\"name\":\"Startseite\",\"item\":\"https:\\\/\\\/www.rri.ro\\\/de\"},{\"@type\":\"ListItem\",\"position\":2,\"name\":\"Aktuell\",\"item\":\"https:\\\/\\\/www.rri.ro\\\/de\\\/aktuell\"},{\"@type\":\"ListItem\",\"position\":3,\"name\":\"Newsflash\",\"item\":\"https:\\\/\\\/www.rri.ro\\\/de\\\/aktuell\\\/newsflash-de\"},{\"@type\":\"ListItem\",\"position\":4,\"name\":\"Nachrichten 12.01.2016\"}]},{\"@type\":\"WebSite\",\"@id\":\"https:\\\/\\\/www.rri.ro\\\/#website\",\"url\":\"https:\\\/\\\/www.rri.ro\\\/\",\"name\":\"Radio Rum\u00e4nien International\",\"description\":\"Totul despre Rom\u00e2nia \u015fi rom\u00e2ni, \u00een 13 limbi\\\/dialecte!\",\"inLanguage\":\"de\"},{\"@type\":\"Person\",\"@id\":\"https:\\\/\\\/www.rri.ro\\\/#\\\/schema\\\/person\\\/4a479940371b9fdefd194f561e8a7f88\",\"name\":\"Newsroom\",\"url\":\"https:\\\/\\\/www.rri.ro\\\/de\\\/author\\\/newsroom\"}]}<\/script>\n<!-- \/ Yoast SEO plugin. -->","yoast_head_json":{"title":"Nachrichten 12.01.2016 - Radio Rum\u00e4nien International","robots":{"index":"index","follow":"follow","max-snippet":"max-snippet:-1","max-image-preview":"max-image-preview:large","max-video-preview":"max-video-preview:-1"},"canonical":"https:\/\/www.rri.ro\/de\/aktuell\/newsflash-de\/nachrichten-12-01-2016-id631945.html","og_locale":"de_DE","og_type":"article","og_title":"Nachrichten 12.01.2016 - Radio Rum\u00e4nien International","og_description":"Die wichtigsten Nachrichten des Tages im \u00dcberblick","og_url":"https:\/\/www.rri.ro\/de\/aktuell\/newsflash-de\/nachrichten-12-01-2016-id631945.html","og_site_name":"Radio Rum\u00e4nien International","article_published_time":"2016-01-12T17:48:00+00:00","og_image":[{"width":640,"height":480,"url":"https:\/\/www.rri.ro\/wp-content\/uploads\/2023\/10\/stiri-germana-ok2.png","type":"image\/png"}],"author":"Newsroom","twitter_card":"summary_large_image","twitter_misc":{"Verfasst von":"Newsroom","Gesch\u00e4tzte Lesezeit":"3\u00a0Minuten","Written by":"Newsroom"},"schema":{"@context":"https:\/\/schema.org","@graph":[{"@type":"Article","@id":"https:\/\/www.rri.ro\/de\/aktuell\/newsflash-de\/nachrichten-12-01-2016-id631945.html#article","isPartOf":{"@id":"https:\/\/www.rri.ro\/de\/aktuell\/newsflash-de\/nachrichten-12-01-2016-id631945.html"},"author":{"name":"Newsroom","@id":"https:\/\/www.rri.ro\/#\/schema\/person\/4a479940371b9fdefd194f561e8a7f88"},"headline":"Nachrichten 12.01.2016","datePublished":"2016-01-12T17:48:00+00:00","mainEntityOfPage":{"@id":"https:\/\/www.rri.ro\/de\/aktuell\/newsflash-de\/nachrichten-12-01-2016-id631945.html"},"wordCount":562,"image":{"@id":"https:\/\/www.rri.ro\/de\/aktuell\/newsflash-de\/nachrichten-12-01-2016-id631945.html#primaryimage"},"thumbnailUrl":"https:\/\/www.rri.ro\/wp-content\/uploads\/2023\/10\/stiri-germana-ok2.png","keywords":["Au\u00dfenminister Laz\u0103r Com\u0103nescu","Deutschlandbesuch","Istanbul","IWF-Missionschef Reza Baqir","Regierungsbildung","Republik Moldau","Terroranschlag","Vlad Plahotniuc"],"articleSection":["Newsflash"],"inLanguage":"de"},{"@type":"WebPage","@id":"https:\/\/www.rri.ro\/de\/aktuell\/newsflash-de\/nachrichten-12-01-2016-id631945.html","url":"https:\/\/www.rri.ro\/de\/aktuell\/newsflash-de\/nachrichten-12-01-2016-id631945.html","name":"Nachrichten 12.01.2016 - Radio Rum\u00e4nien International","isPartOf":{"@id":"https:\/\/www.rri.ro\/#website"},"primaryImageOfPage":{"@id":"https:\/\/www.rri.ro\/de\/aktuell\/newsflash-de\/nachrichten-12-01-2016-id631945.html#primaryimage"},"image":{"@id":"https:\/\/www.rri.ro\/de\/aktuell\/newsflash-de\/nachrichten-12-01-2016-id631945.html#primaryimage"},"thumbnailUrl":"https:\/\/www.rri.ro\/wp-content\/uploads\/2023\/10\/stiri-germana-ok2.png","datePublished":"2016-01-12T17:48:00+00:00","author":{"@id":"https:\/\/www.rri.ro\/#\/schema\/person\/4a479940371b9fdefd194f561e8a7f88"},"breadcrumb":{"@id":"https:\/\/www.rri.ro\/de\/aktuell\/newsflash-de\/nachrichten-12-01-2016-id631945.html#breadcrumb"},"inLanguage":"de","potentialAction":[{"@type":"ReadAction","target":["https:\/\/www.rri.ro\/de\/aktuell\/newsflash-de\/nachrichten-12-01-2016-id631945.html"]}]},{"@type":"ImageObject","inLanguage":"de","@id":"https:\/\/www.rri.ro\/de\/aktuell\/newsflash-de\/nachrichten-12-01-2016-id631945.html#primaryimage","url":"https:\/\/www.rri.ro\/wp-content\/uploads\/2023\/10\/stiri-germana-ok2.png","contentUrl":"https:\/\/www.rri.ro\/wp-content\/uploads\/2023\/10\/stiri-germana-ok2.png","width":640,"height":480},{"@type":"BreadcrumbList","@id":"https:\/\/www.rri.ro\/de\/aktuell\/newsflash-de\/nachrichten-12-01-2016-id631945.html#breadcrumb","itemListElement":[{"@type":"ListItem","position":1,"name":"Startseite","item":"https:\/\/www.rri.ro\/de"},{"@type":"ListItem","position":2,"name":"Aktuell","item":"https:\/\/www.rri.ro\/de\/aktuell"},{"@type":"ListItem","position":3,"name":"Newsflash","item":"https:\/\/www.rri.ro\/de\/aktuell\/newsflash-de"},{"@type":"ListItem","position":4,"name":"Nachrichten 12.01.2016"}]},{"@type":"WebSite","@id":"https:\/\/www.rri.ro\/#website","url":"https:\/\/www.rri.ro\/","name":"Radio Rum\u00e4nien International","description":"Totul despre Rom\u00e2nia \u015fi rom\u00e2ni, \u00een 13 limbi\/dialecte!","inLanguage":"de"},{"@type":"Person","@id":"https:\/\/www.rri.ro\/#\/schema\/person\/4a479940371b9fdefd194f561e8a7f88","name":"Newsroom","url":"https:\/\/www.rri.ro\/de\/author\/newsroom"}]}},"_links":{"self":[{"href":"https:\/\/www.rri.ro\/de\/wp-json\/wp\/v2\/posts\/631945","targetHints":{"allow":["GET"]}}],"collection":[{"href":"https:\/\/www.rri.ro\/de\/wp-json\/wp\/v2\/posts"}],"about":[{"href":"https:\/\/www.rri.ro\/de\/wp-json\/wp\/v2\/types\/post"}],"author":[{"embeddable":true,"href":"https:\/\/www.rri.ro\/de\/wp-json\/wp\/v2\/users\/113"}],"replies":[{"embeddable":true,"href":"https:\/\/www.rri.ro\/de\/wp-json\/wp\/v2\/comments?post=631945"}],"version-history":[{"count":0,"href":"https:\/\/www.rri.ro\/de\/wp-json\/wp\/v2\/posts\/631945\/revisions"}],"wp:featuredmedia":[{"embeddable":true,"href":"https:\/\/www.rri.ro\/de\/wp-json\/wp\/v2\/media\/459887"}],"wp:attachment":[{"href":"https:\/\/www.rri.ro\/de\/wp-json\/wp\/v2\/media?parent=631945"}],"wp:term":[{"taxonomy":"category","embeddable":true,"href":"https:\/\/www.rri.ro\/de\/wp-json\/wp\/v2\/categories?post=631945"},{"taxonomy":"post_tag","embeddable":true,"href":"https:\/\/www.rri.ro\/de\/wp-json\/wp\/v2\/tags?post=631945"},{"taxonomy":"author","embeddable":true,"href":"https:\/\/www.rri.ro\/de\/wp-json\/wp\/v2\/coauthors?post=631945"}],"curies":[{"name":"wp","href":"https:\/\/api.w.org\/{rel}","templated":true}]}}