{"id":631979,"date":"2016-02-18T19:05:00","date_gmt":"2016-02-18T17:05:00","guid":{"rendered":"http:\/\/devrri.freshlemon.ro\/aktuell\/nachrichten-18-02-2016-id631979.html"},"modified":"2016-02-18T19:05:00","modified_gmt":"2016-02-18T17:05:00","slug":"nachrichten-18-02-2016","status":"publish","type":"post","link":"https:\/\/www.rri.ro\/de\/aktuell\/newsflash-de\/nachrichten-18-02-2016-id631979.html","title":{"rendered":"Nachrichten 18.02.2016"},"content":{"rendered":"<p><strong>Br\u00fcssel:<\/strong> Beim zweit\u00e4gigen EU-Gipfel, der am Donnerstag in Br\u00fcssel begonnen hat, stehen dringende  Probleme auf der Agenda: die Reformvorschl\u00e4ge Gro\u200e\u00dfbritanniens, um einen EU-Austritt zu verhindern und die Fl\u00fcchtlingskrise. Der britische Premier David Cameron hat den Verbleib seines Landes in der EU von neuen Reformen im Bereich der sozialen Verg\u00fcnstigungen, der politischen Integration und der finanziellen Leistungen abh\u00e4ngig gemacht. Eine der Bedingugen, die der britische Premier f\u00fcr die Niederlassungsfreiheit stellt ist, dass die Einwanderer aus anderen EU-Staaten k\u00fcnftig erst nach vier Jahren Steuerverg\u00fcnstigungen und Sozialwohnungen in Anspruch nehmen k\u00f6nnen. Wenn ihre Kinder nicht im K\u00f6nigreich leben, sollen sie auch kein Kindergeld mehr bekommen. Haben die Ausl\u00e4nder nach sechs Monaten noch keinen Job gefunden, sollen sie zur\u00fcckgeschickt werden k\u00f6nnen. Rum\u00e4nien wird beim Br\u00fcsseler Gipfel durch Staatschef Klaus Iohannis vertreten. Bukarest zeige sich f\u00fcr eine angemessene L\u00f6sung, die die Erwartungen der Londoner Beh\u00f6rden erf\u00fcllen und den Verbleib Gro\u200e\u00dfbritanniens in der EU erm\u00f6glichen soll. Diese L\u00f6sung m\u00fcsse dennoch in voller \u00dcbereinstimmung mit den Bestimmungen der EU-Abkommen, den Prinzipien und Grundwerten der Europ\u00e4ischen Union bleiben und die europ\u00e4ischen Gesetze v\u00f6llig einhalten, sagte der rum\u00e4nische Pr\u00e4sident Iohannis.<\/p>\n<p>&#13;<br \/>\n&#13;<\/p>\n<p>&#13;<br \/>\n&#13;<\/p>\n<p><strong>Bukarest:<\/strong> Ein \u00c4rzteteam des Europ\u00e4ischen Zentrums f\u00fcr die Pr\u00e4vention und die Kontrolle der Krankheiten ist am Donnerstag in Rum\u00e4nien eingetroffen, um bei der Entdeckung der Ursache f\u00fcr eine schwere Darminfektion bei zahlreichen Kindern im s\u00fcdrum\u00e4nishen Landkreis Arge\u015f zu helfen. Eine Woche nachdem die ersten Kinder mit Komplikationen infolge einer schweren Darminfektionen ins Krankenhaus eingeliefert worden sind, hat Rum\u00e4nien den europ\u00e4ischen  Unterst\u00fctzungsmechanismus aktiviert. Die rum\u00e4nischen Beh\u00f6rden wollen die epidemiologische Untersuchung im Landkreis Arge\u015f ausweiten. Drei der Kinder sind bisher aufgrund von Komplikationen wie Nierenversagen ums Leben gekommen, acht sind im Krankenhaus, davon drei auf der Intensivstation. Der Fall hat auch im Parlament f\u00fcr heftige Debatten gesorgt. Die Sozial-Demokraten haben bereits angek\u00fcndigt, dass sie eine R\u00fcge gegen den Gesundheitsminister Patriciu Achima\u015f Cadariue einbringen wollen. Hunderte Menschen haben am Mittwoch im s\u00fcdrum\u00e4nischen Pite\u015fti gegen die aktuelle Lage des rum\u00e4nischen Gesundheitssystems protestiert und ihre Solidarit\u00e4t mit den Angeh\u00f6rigen der Kinder gezeigt.<\/p>\n<p>&#13;<br \/>\n&#13;<\/p>\n<p>&#13;<br \/>\n&#13;<\/p>\n<p><strong>Bukarest<\/strong>: Die rum\u00e4nische Regierung hat das Ma\u200e\u00dfnahmenpaket zur Bek\u00e4mpfung der Armut zur \u00f6ffentlichen Debatte gestellt. Es handelt sich um 47 Ma\u200e\u00dfnahmen, die sich an alle Alterskategorien richten. Durch das besagte Programm will die rum\u00e4nische Regierung in den n\u00e4chsten vier Jahren mehr als eine Million 500 Rum\u00e4nen, die unter der Armutsgrenze leben, finanziell unterst\u00fctzen. Viele von ihnen sind Kinder und alte Menschen. Einige der Ziele des besagten Ma\u200e\u00dfnahmenpakets sind die Erh\u00f6hung der Besch\u00e4ftigungsrate bei Menschen zwischen 20 und 64 Jahren von 66% wie im Jahr 2014 verzeichnet auf 70% im Jahr 2020 und die Reduzierung bis 2020 um mindenstens 580.000 der von Armut und sozialer Exklusion gef\u00e4hrdeten Menschen.<\/p>\n<p>&#13;<br \/>\n&#13;<\/p>\n<p>&#13;<br \/>\n&#13;<\/p>\n<p><strong>Bukarest<\/strong>: Die humanit\u00e4re Hilfe, die Rum\u00e4nien beschlossen hat, der benachbarten Republik Moldau zu gew\u00e4hren, betr\u00e4gt 3,7 Millionen Euro. Dies gab am Donnerstag der Sprecher der Bukarester Exekutive, Dan Suciu, bekannt. Er pr\u00e4zisierte, dass die besagte Hilfe aus Nahrungsmitteln und Heiz\u00f6l bestehen wird, vor dem Hintergrund, dass zahlreiche Ortschaften der Republik Moldau sich in einer schwierigen Situation befinden. Die Ank\u00fcndigung erfolgte einen Tag nach dem Staatsbesuch des Pr\u00e4sidenten der Republik Moldau, Nicolae Timofti, in Bukarest. <\/p>\n<p>&#13;<\/p>\n","protected":false},"excerpt":{"rendered":"<p>Die wichtigsten Nachrichten des Tages im \u00dcberblick<\/p>\n","protected":false},"author":113,"featured_media":459887,"comment_status":"closed","ping_status":"closed","sticky":false,"template":"","format":"standard","meta":{"_acf_changed":false,"footnotes":""},"categories":[116753],"tags":[104545,104213,119506,103902,100410,102195,125602,119912,102143,100115],"coauthors":[],"class_list":["post-631979","post","type-post","status-publish","format-standard","has-post-thumbnail","hentry","category-newsflash-de","tag-bruessel","tag-armutsbekaempfung","tag-babys","tag-erkrankung","tag-eu-gipfel","tag-humanitaere-hilfe","tag-landkreis-arges","tag-massnahmenpaket","tag-praesident-klaus-iohannis","tag-republik-moldau"],"acf":[],"yoast_head":"<!-- This site is optimized with the Yoast SEO plugin v27.3 - https:\/\/yoast.com\/product\/yoast-seo-wordpress\/ -->\n<title>Nachrichten 18.02.2016 - Radio Rum\u00e4nien International<\/title>\n<meta name=\"robots\" content=\"index, follow, max-snippet:-1, max-image-preview:large, max-video-preview:-1\" \/>\n<link rel=\"canonical\" href=\"https:\/\/www.rri.ro\/de\/aktuell\/newsflash-de\/nachrichten-18-02-2016-id631979.html\" \/>\n<meta property=\"og:locale\" content=\"de_DE\" \/>\n<meta property=\"og:type\" content=\"article\" \/>\n<meta property=\"og:title\" content=\"Nachrichten 18.02.2016 - Radio Rum\u00e4nien International\" \/>\n<meta property=\"og:description\" content=\"Die wichtigsten Nachrichten des Tages im \u00dcberblick\" \/>\n<meta property=\"og:url\" content=\"https:\/\/www.rri.ro\/de\/aktuell\/newsflash-de\/nachrichten-18-02-2016-id631979.html\" \/>\n<meta property=\"og:site_name\" content=\"Radio Rum\u00e4nien International\" \/>\n<meta property=\"article:published_time\" content=\"2016-02-18T17:05:00+00:00\" \/>\n<meta property=\"og:image\" content=\"https:\/\/www.rri.ro\/wp-content\/uploads\/2023\/10\/stiri-germana-ok2.png\" \/>\n\t<meta property=\"og:image:width\" content=\"640\" \/>\n\t<meta property=\"og:image:height\" content=\"480\" \/>\n\t<meta property=\"og:image:type\" content=\"image\/png\" \/>\n<meta name=\"author\" content=\"Newsroom\" \/>\n<meta name=\"twitter:card\" content=\"summary_large_image\" \/>\n<meta name=\"twitter:label1\" content=\"Verfasst von\" \/>\n\t<meta name=\"twitter:data1\" content=\"Newsroom\" \/>\n\t<meta name=\"twitter:label2\" content=\"Gesch\u00e4tzte Lesezeit\" \/>\n\t<meta name=\"twitter:data2\" content=\"3\u00a0Minuten\" \/>\n\t<meta name=\"twitter:label3\" content=\"Written by\" \/>\n\t<meta name=\"twitter:data3\" content=\"Newsroom\" \/>\n<script type=\"application\/ld+json\" class=\"yoast-schema-graph\">{\"@context\":\"https:\\\/\\\/schema.org\",\"@graph\":[{\"@type\":\"Article\",\"@id\":\"https:\\\/\\\/www.rri.ro\\\/de\\\/aktuell\\\/newsflash-de\\\/nachrichten-18-02-2016-id631979.html#article\",\"isPartOf\":{\"@id\":\"https:\\\/\\\/www.rri.ro\\\/de\\\/aktuell\\\/newsflash-de\\\/nachrichten-18-02-2016-id631979.html\"},\"author\":{\"name\":\"Newsroom\",\"@id\":\"https:\\\/\\\/www.rri.ro\\\/#\\\/schema\\\/person\\\/4a479940371b9fdefd194f561e8a7f88\"},\"headline\":\"Nachrichten 18.02.2016\",\"datePublished\":\"2016-02-18T17:05:00+00:00\",\"mainEntityOfPage\":{\"@id\":\"https:\\\/\\\/www.rri.ro\\\/de\\\/aktuell\\\/newsflash-de\\\/nachrichten-18-02-2016-id631979.html\"},\"wordCount\":571,\"image\":{\"@id\":\"https:\\\/\\\/www.rri.ro\\\/de\\\/aktuell\\\/newsflash-de\\\/nachrichten-18-02-2016-id631979.html#primaryimage\"},\"thumbnailUrl\":\"https:\\\/\\\/www.rri.ro\\\/wp-content\\\/uploads\\\/2023\\\/10\\\/stiri-germana-ok2.png\",\"keywords\":[\"&#013; Br\u00fcssel\",\"Armutsbek\u00e4mpfung\",\"Babys\",\"Erkrankung\",\"EU-Gipfel\",\"humanit\u00e4re Hilfe\",\"Landkreis Arges\",\"Ma\u00dfnahmenpaket\",\"Pr\u00e4sident Klaus Iohannis\",\"Republik Moldau\"],\"articleSection\":[\"Newsflash\"],\"inLanguage\":\"de\"},{\"@type\":\"WebPage\",\"@id\":\"https:\\\/\\\/www.rri.ro\\\/de\\\/aktuell\\\/newsflash-de\\\/nachrichten-18-02-2016-id631979.html\",\"url\":\"https:\\\/\\\/www.rri.ro\\\/de\\\/aktuell\\\/newsflash-de\\\/nachrichten-18-02-2016-id631979.html\",\"name\":\"Nachrichten 18.02.2016 - Radio Rum\u00e4nien International\",\"isPartOf\":{\"@id\":\"https:\\\/\\\/www.rri.ro\\\/#website\"},\"primaryImageOfPage\":{\"@id\":\"https:\\\/\\\/www.rri.ro\\\/de\\\/aktuell\\\/newsflash-de\\\/nachrichten-18-02-2016-id631979.html#primaryimage\"},\"image\":{\"@id\":\"https:\\\/\\\/www.rri.ro\\\/de\\\/aktuell\\\/newsflash-de\\\/nachrichten-18-02-2016-id631979.html#primaryimage\"},\"thumbnailUrl\":\"https:\\\/\\\/www.rri.ro\\\/wp-content\\\/uploads\\\/2023\\\/10\\\/stiri-germana-ok2.png\",\"datePublished\":\"2016-02-18T17:05:00+00:00\",\"author\":{\"@id\":\"https:\\\/\\\/www.rri.ro\\\/#\\\/schema\\\/person\\\/4a479940371b9fdefd194f561e8a7f88\"},\"breadcrumb\":{\"@id\":\"https:\\\/\\\/www.rri.ro\\\/de\\\/aktuell\\\/newsflash-de\\\/nachrichten-18-02-2016-id631979.html#breadcrumb\"},\"inLanguage\":\"de\",\"potentialAction\":[{\"@type\":\"ReadAction\",\"target\":[\"https:\\\/\\\/www.rri.ro\\\/de\\\/aktuell\\\/newsflash-de\\\/nachrichten-18-02-2016-id631979.html\"]}]},{\"@type\":\"ImageObject\",\"inLanguage\":\"de\",\"@id\":\"https:\\\/\\\/www.rri.ro\\\/de\\\/aktuell\\\/newsflash-de\\\/nachrichten-18-02-2016-id631979.html#primaryimage\",\"url\":\"https:\\\/\\\/www.rri.ro\\\/wp-content\\\/uploads\\\/2023\\\/10\\\/stiri-germana-ok2.png\",\"contentUrl\":\"https:\\\/\\\/www.rri.ro\\\/wp-content\\\/uploads\\\/2023\\\/10\\\/stiri-germana-ok2.png\",\"width\":640,\"height\":480},{\"@type\":\"BreadcrumbList\",\"@id\":\"https:\\\/\\\/www.rri.ro\\\/de\\\/aktuell\\\/newsflash-de\\\/nachrichten-18-02-2016-id631979.html#breadcrumb\",\"itemListElement\":[{\"@type\":\"ListItem\",\"position\":1,\"name\":\"Startseite\",\"item\":\"https:\\\/\\\/www.rri.ro\\\/de\"},{\"@type\":\"ListItem\",\"position\":2,\"name\":\"Aktuell\",\"item\":\"https:\\\/\\\/www.rri.ro\\\/de\\\/aktuell\"},{\"@type\":\"ListItem\",\"position\":3,\"name\":\"Newsflash\",\"item\":\"https:\\\/\\\/www.rri.ro\\\/de\\\/aktuell\\\/newsflash-de\"},{\"@type\":\"ListItem\",\"position\":4,\"name\":\"Nachrichten 18.02.2016\"}]},{\"@type\":\"WebSite\",\"@id\":\"https:\\\/\\\/www.rri.ro\\\/#website\",\"url\":\"https:\\\/\\\/www.rri.ro\\\/\",\"name\":\"Radio Rum\u00e4nien International\",\"description\":\"Totul despre Rom\u00e2nia \u015fi rom\u00e2ni, \u00een 13 limbi\\\/dialecte!\",\"inLanguage\":\"de\"},{\"@type\":\"Person\",\"@id\":\"https:\\\/\\\/www.rri.ro\\\/#\\\/schema\\\/person\\\/4a479940371b9fdefd194f561e8a7f88\",\"name\":\"Newsroom\",\"url\":\"https:\\\/\\\/www.rri.ro\\\/de\\\/author\\\/newsroom\"}]}<\/script>\n<!-- \/ Yoast SEO plugin. -->","yoast_head_json":{"title":"Nachrichten 18.02.2016 - Radio Rum\u00e4nien International","robots":{"index":"index","follow":"follow","max-snippet":"max-snippet:-1","max-image-preview":"max-image-preview:large","max-video-preview":"max-video-preview:-1"},"canonical":"https:\/\/www.rri.ro\/de\/aktuell\/newsflash-de\/nachrichten-18-02-2016-id631979.html","og_locale":"de_DE","og_type":"article","og_title":"Nachrichten 18.02.2016 - Radio Rum\u00e4nien International","og_description":"Die wichtigsten Nachrichten des Tages im \u00dcberblick","og_url":"https:\/\/www.rri.ro\/de\/aktuell\/newsflash-de\/nachrichten-18-02-2016-id631979.html","og_site_name":"Radio Rum\u00e4nien International","article_published_time":"2016-02-18T17:05:00+00:00","og_image":[{"width":640,"height":480,"url":"https:\/\/www.rri.ro\/wp-content\/uploads\/2023\/10\/stiri-germana-ok2.png","type":"image\/png"}],"author":"Newsroom","twitter_card":"summary_large_image","twitter_misc":{"Verfasst von":"Newsroom","Gesch\u00e4tzte Lesezeit":"3\u00a0Minuten","Written by":"Newsroom"},"schema":{"@context":"https:\/\/schema.org","@graph":[{"@type":"Article","@id":"https:\/\/www.rri.ro\/de\/aktuell\/newsflash-de\/nachrichten-18-02-2016-id631979.html#article","isPartOf":{"@id":"https:\/\/www.rri.ro\/de\/aktuell\/newsflash-de\/nachrichten-18-02-2016-id631979.html"},"author":{"name":"Newsroom","@id":"https:\/\/www.rri.ro\/#\/schema\/person\/4a479940371b9fdefd194f561e8a7f88"},"headline":"Nachrichten 18.02.2016","datePublished":"2016-02-18T17:05:00+00:00","mainEntityOfPage":{"@id":"https:\/\/www.rri.ro\/de\/aktuell\/newsflash-de\/nachrichten-18-02-2016-id631979.html"},"wordCount":571,"image":{"@id":"https:\/\/www.rri.ro\/de\/aktuell\/newsflash-de\/nachrichten-18-02-2016-id631979.html#primaryimage"},"thumbnailUrl":"https:\/\/www.rri.ro\/wp-content\/uploads\/2023\/10\/stiri-germana-ok2.png","keywords":["&#013; Br\u00fcssel","Armutsbek\u00e4mpfung","Babys","Erkrankung","EU-Gipfel","humanit\u00e4re Hilfe","Landkreis Arges","Ma\u00dfnahmenpaket","Pr\u00e4sident Klaus Iohannis","Republik Moldau"],"articleSection":["Newsflash"],"inLanguage":"de"},{"@type":"WebPage","@id":"https:\/\/www.rri.ro\/de\/aktuell\/newsflash-de\/nachrichten-18-02-2016-id631979.html","url":"https:\/\/www.rri.ro\/de\/aktuell\/newsflash-de\/nachrichten-18-02-2016-id631979.html","name":"Nachrichten 18.02.2016 - Radio Rum\u00e4nien International","isPartOf":{"@id":"https:\/\/www.rri.ro\/#website"},"primaryImageOfPage":{"@id":"https:\/\/www.rri.ro\/de\/aktuell\/newsflash-de\/nachrichten-18-02-2016-id631979.html#primaryimage"},"image":{"@id":"https:\/\/www.rri.ro\/de\/aktuell\/newsflash-de\/nachrichten-18-02-2016-id631979.html#primaryimage"},"thumbnailUrl":"https:\/\/www.rri.ro\/wp-content\/uploads\/2023\/10\/stiri-germana-ok2.png","datePublished":"2016-02-18T17:05:00+00:00","author":{"@id":"https:\/\/www.rri.ro\/#\/schema\/person\/4a479940371b9fdefd194f561e8a7f88"},"breadcrumb":{"@id":"https:\/\/www.rri.ro\/de\/aktuell\/newsflash-de\/nachrichten-18-02-2016-id631979.html#breadcrumb"},"inLanguage":"de","potentialAction":[{"@type":"ReadAction","target":["https:\/\/www.rri.ro\/de\/aktuell\/newsflash-de\/nachrichten-18-02-2016-id631979.html"]}]},{"@type":"ImageObject","inLanguage":"de","@id":"https:\/\/www.rri.ro\/de\/aktuell\/newsflash-de\/nachrichten-18-02-2016-id631979.html#primaryimage","url":"https:\/\/www.rri.ro\/wp-content\/uploads\/2023\/10\/stiri-germana-ok2.png","contentUrl":"https:\/\/www.rri.ro\/wp-content\/uploads\/2023\/10\/stiri-germana-ok2.png","width":640,"height":480},{"@type":"BreadcrumbList","@id":"https:\/\/www.rri.ro\/de\/aktuell\/newsflash-de\/nachrichten-18-02-2016-id631979.html#breadcrumb","itemListElement":[{"@type":"ListItem","position":1,"name":"Startseite","item":"https:\/\/www.rri.ro\/de"},{"@type":"ListItem","position":2,"name":"Aktuell","item":"https:\/\/www.rri.ro\/de\/aktuell"},{"@type":"ListItem","position":3,"name":"Newsflash","item":"https:\/\/www.rri.ro\/de\/aktuell\/newsflash-de"},{"@type":"ListItem","position":4,"name":"Nachrichten 18.02.2016"}]},{"@type":"WebSite","@id":"https:\/\/www.rri.ro\/#website","url":"https:\/\/www.rri.ro\/","name":"Radio Rum\u00e4nien International","description":"Totul despre Rom\u00e2nia \u015fi rom\u00e2ni, \u00een 13 limbi\/dialecte!","inLanguage":"de"},{"@type":"Person","@id":"https:\/\/www.rri.ro\/#\/schema\/person\/4a479940371b9fdefd194f561e8a7f88","name":"Newsroom","url":"https:\/\/www.rri.ro\/de\/author\/newsroom"}]}},"_links":{"self":[{"href":"https:\/\/www.rri.ro\/de\/wp-json\/wp\/v2\/posts\/631979","targetHints":{"allow":["GET"]}}],"collection":[{"href":"https:\/\/www.rri.ro\/de\/wp-json\/wp\/v2\/posts"}],"about":[{"href":"https:\/\/www.rri.ro\/de\/wp-json\/wp\/v2\/types\/post"}],"author":[{"embeddable":true,"href":"https:\/\/www.rri.ro\/de\/wp-json\/wp\/v2\/users\/113"}],"replies":[{"embeddable":true,"href":"https:\/\/www.rri.ro\/de\/wp-json\/wp\/v2\/comments?post=631979"}],"version-history":[{"count":0,"href":"https:\/\/www.rri.ro\/de\/wp-json\/wp\/v2\/posts\/631979\/revisions"}],"wp:featuredmedia":[{"embeddable":true,"href":"https:\/\/www.rri.ro\/de\/wp-json\/wp\/v2\/media\/459887"}],"wp:attachment":[{"href":"https:\/\/www.rri.ro\/de\/wp-json\/wp\/v2\/media?parent=631979"}],"wp:term":[{"taxonomy":"category","embeddable":true,"href":"https:\/\/www.rri.ro\/de\/wp-json\/wp\/v2\/categories?post=631979"},{"taxonomy":"post_tag","embeddable":true,"href":"https:\/\/www.rri.ro\/de\/wp-json\/wp\/v2\/tags?post=631979"},{"taxonomy":"author","embeddable":true,"href":"https:\/\/www.rri.ro\/de\/wp-json\/wp\/v2\/coauthors?post=631979"}],"curies":[{"name":"wp","href":"https:\/\/api.w.org\/{rel}","templated":true}]}}