{"id":631989,"date":"2016-02-27T19:00:00","date_gmt":"2016-02-27T17:00:00","guid":{"rendered":"http:\/\/devrri.freshlemon.ro\/aktuell\/die-nachrichten-27-02-2016-id631989.html"},"modified":"2016-02-27T19:00:00","modified_gmt":"2016-02-27T17:00:00","slug":"die-nachrichten-27-02-2016","status":"publish","type":"post","link":"https:\/\/www.rri.ro\/de\/aktuell\/newsflash-de\/die-nachrichten-27-02-2016-id631989.html","title":{"rendered":"Die Nachrichten 27.02.2016"},"content":{"rendered":"<p>Das Oberste Gericht in Bukarest hat am Samstag entschieden, dass der Abgeordnete Nicolae Paun, Vertreter der Roma-Minderheit im rum\u00e4nischen Parlament, f\u00fcr 30 Tage in Untersuchungshaft genommen wird. Am Donnerstag war Paun f\u00fcr 24 Stunden festgenommen worden. Nicolae Paun soll zusammen mit dem sozialdemokratischen Abgeordneten Madalin Voicu europ\u00e4ische F\u00f6rdergelder in H\u00f6he von 6 Millionen Euro f\u00fcr die Inklusion der Roma unterschlagen haben. Letzte Woche hatten die Abgeordneten gegen die Festnahme und Untersuchungshaft von Madalin Voicu gestimmt. In einem anderen Korruptionsfall hat das Oberste Gericht in Bukarest am Freitag beschlossen, das die liberale Senatorin Doina Tudor nicht in U-Haft mu\u00df, aber unter Gerichtskontrolle gestellt wird. Gegen Doina Tudor laufen Ermittlungen  wegen Beihilfe zur Bestechlichkeit. Die Ermittlungen laufen auch gegen Daniel Tudor, ihren unter Hausarrest gestellten Ehemann und fr\u00fcherer Vizepr\u00e4sident der Finanzmarktaufsicht. 2013 soll die Abgeordnete Doina Tudor ihrem Mann geholfen haben, 200.000 Euro von einem Versicherungsunternehmen zu kassieren, um eine Firma nach einer Kontrolle zu beg\u00fcnstigen.<\/p>\n<p>&#13;<br \/>\n&#13;<\/p>\n<p>&#13;<br \/>\n&#13;<\/p>\n<p>Die EU-Kommissarin f\u00fcr Justiz, Verbraucherschutz und Gleichstellung, V\u011bra Jourov\u00e1, unternimmt am Montag einen Besuch in Bukarest. Mit diesem Anla\u00df wird sie mit dem rum\u00e4nischen Ministerpr\u00e4sidenten, Dacian Ciolos, mit der Justiministerin, Raluca Prun\u0103, mit der Arbeitsministerin, Claudia-Ana Costea, und mit mehreren Parlamentsmitgliedern zusammenkommen. Themen der Gespr\u00e4che sind, unter anderen, die Fortschritte Rum\u00e4niens bei der Reform des Justizsystems und der Beitrag der Justiz zu den Priorit\u00e4ten der Europ\u00e4ischen Kommission,  wie der digitale Einheitsmarkt und die EU-Sicherheitsagenda. Au\u00dferdem beteiligt sich die EU-Kommissarin V\u011bra Jourov\u00e1 an einem Rundtischgespr\u00e4ch mit Nichtregierungsorganisationen im Bereich der Roma-Inklusion, um die Erfahrung Rum\u00e4niens bei der Implementierung der nationalen Strategie zur Roma-Inklusion zu diskutieren.<\/p>\n<p>&#13;<br \/>\n&#13;<\/p>\n<p>&#13;<br \/>\n&#13;<\/p>\n<p>Nach dem Beginn einer Waffenruhe in Teilen Syriens hat die Feuerpause zun\u00e4chst weitgehend gehalten. Die Syrische Beobachtungsstelle f\u00fcr Menschenrechte berichtete von K\u00e4mpfen im Nordwesten des Landes sowie \u00f6stlich der Hauptstadt Damaskus. Aktivisten meldeten auch aus anderen Regionen vereinzelt Beschuss. Insgesamt aber ging die Gewalt deutlich zur\u00fcck. Die russische Luftwaffe setzte vorl\u00e4ufig alle Angriffe aus. Damit sollten m\u00f6gliche Fehltreffer zu Beginn der Waffenruhe ausgeschlossen werden, sagte ein Vertreter des russischen Generalstabs in Moskau. Ansonsten halte sich Russland an die Vereinbarung, nicht in den Waffenstillstandszonen anzugreifen. Die Feuerpause soll es Hilfsorganisationen erm\u00f6glichen, dringend ben\u00f6tigte Lebensmittel und Medikamente zur Zivilbev\u00f6lkerung zu bringen. Die Vereinten Nationen wollen zudem, am 7. M\u00e4rz die auf Eis liegenden Friedensgespr\u00e4che wieder aufnehmen.<\/p>\n<p>&#13;<br \/>\n&#13;<\/p>\n<p>&#13;<br \/>\n&#13;<\/p>\n<p>Der delegierte Minister f\u00fcr die Beziehungen mit den im Ausland lebenden Rum\u00e4nen, Dan Stoenescu, hat am Freitag in M\u00fcnchen an der Konferenz Repatriot \u2013 Repatriierungsprojekt durch Unternehmerschaft teilgenommen. Ziel der Konferenz war die Informierung der in Ausland lebenden Rum\u00e4nen \u00fcber die Bedeutung der Entwicklung von Unternehmerkompetenzen und die Pr\u00e4sentierung der Gesch\u00e4ftsmoglichkeiten in Rum\u00e4nien. Ebenfalls am Freitag traf Dan Stoenescu in M\u00fcnchen mit der Vorsitzenden des Verbandes der Siebenb\u00fcrger Sachsen, Herta Daniel und dem Vorsitzenden des Verbandes der Banater Schwaben, Peter-Dietmar Leber zusammen. Mit diesem Anla\u00df betonte Stoenescu, dass die deutsche Volksminderheit in Rum\u00e4nien und die rum\u00e4nischen Gemeinden in Deutschland einen wichtigen Beitrag zur Verst\u00e4rkung der Beziehungen zwischen den zwei Staaten leisten.  <\/p>\n<p>&#13;<\/p>\n","protected":false},"excerpt":{"rendered":"<p>Die wichtigsten Nachrichten des Tages im \u00dcberblick<\/p>\n","protected":false},"author":2,"featured_media":631911,"comment_status":"closed","ping_status":"closed","sticky":false,"template":"","format":"standard","meta":{"_acf_changed":false,"footnotes":""},"categories":[116753],"tags":[101131,100343,100505,100698,29120,102483,100111,119557,99625,101958,100898,102563,99702,30318,47188,34950,99824,103905,122938,124412,100276,47680,99839,101238,101513,124681],"coauthors":[],"class_list":["post-631989","post","type-post","status-publish","format-standard","has-post-thumbnail","hentry","category-newsflash-de","tag-abgeordnete","tag-ausland","tag-beziehungen","tag-ermittlungen","tag-eu","tag-festnahme","tag-gericht","tag-inklusion","tag-justiz","tag-kommissarin","tag-kommission","tag-konferenz","tag-korruption","tag-minister","tag-parlament","tag-roma","tag-russland","tag-sachsen","tag-schwaben","tag-senatorin","tag-sicherheit","tag-strategie","tag-syrien","tag-untersuchungshaft","tag-verband","tag-waffenruhe"],"acf":[],"yoast_head":"<!-- This site is optimized with the Yoast SEO plugin v27.3 - https:\/\/yoast.com\/product\/yoast-seo-wordpress\/ -->\n<title>Die Nachrichten 27.02.2016 - Radio Rum\u00e4nien International<\/title>\n<meta name=\"robots\" content=\"index, follow, max-snippet:-1, max-image-preview:large, max-video-preview:-1\" \/>\n<link rel=\"canonical\" href=\"https:\/\/www.rri.ro\/de\/aktuell\/newsflash-de\/die-nachrichten-27-02-2016-id631989.html\" \/>\n<meta property=\"og:locale\" content=\"de_DE\" \/>\n<meta property=\"og:type\" content=\"article\" \/>\n<meta property=\"og:title\" content=\"Die Nachrichten 27.02.2016 - Radio Rum\u00e4nien International\" \/>\n<meta property=\"og:description\" content=\"Die wichtigsten Nachrichten des Tages im \u00dcberblick\" \/>\n<meta property=\"og:url\" content=\"https:\/\/www.rri.ro\/de\/aktuell\/newsflash-de\/die-nachrichten-27-02-2016-id631989.html\" \/>\n<meta property=\"og:site_name\" content=\"Radio Rum\u00e4nien International\" \/>\n<meta property=\"article:published_time\" content=\"2016-02-27T17:00:00+00:00\" \/>\n<meta property=\"og:image\" content=\"https:\/\/www.rri.ro\/wp-content\/uploads\/2024\/02\/stiri-germana-ok.png\" \/>\n\t<meta property=\"og:image:width\" content=\"640\" \/>\n\t<meta property=\"og:image:height\" content=\"480\" \/>\n\t<meta property=\"og:image:type\" content=\"image\/png\" \/>\n<meta name=\"author\" content=\"Rom\u00e2nia Interna\u021bional\" \/>\n<meta name=\"twitter:card\" content=\"summary_large_image\" \/>\n<meta name=\"twitter:label1\" content=\"Verfasst von\" \/>\n\t<meta name=\"twitter:data1\" content=\"Rom\u00e2nia Interna\u021bional\" \/>\n\t<meta name=\"twitter:label2\" content=\"Gesch\u00e4tzte Lesezeit\" \/>\n\t<meta name=\"twitter:data2\" content=\"3\u00a0Minuten\" \/>\n\t<meta name=\"twitter:label3\" content=\"Written by\" \/>\n\t<meta name=\"twitter:data3\" content=\"Rom\u00e2nia Interna\u021bional\" \/>\n<script type=\"application\/ld+json\" class=\"yoast-schema-graph\">{\"@context\":\"https:\\\/\\\/schema.org\",\"@graph\":[{\"@type\":\"Article\",\"@id\":\"https:\\\/\\\/www.rri.ro\\\/de\\\/aktuell\\\/newsflash-de\\\/die-nachrichten-27-02-2016-id631989.html#article\",\"isPartOf\":{\"@id\":\"https:\\\/\\\/www.rri.ro\\\/de\\\/aktuell\\\/newsflash-de\\\/die-nachrichten-27-02-2016-id631989.html\"},\"author\":{\"name\":\"Rom\u00e2nia Interna\u021bional\",\"@id\":\"https:\\\/\\\/www.rri.ro\\\/#\\\/schema\\\/person\\\/18fac491bccbfe149b92aea77ad60abd\"},\"headline\":\"Die Nachrichten 27.02.2016\",\"datePublished\":\"2016-02-27T17:00:00+00:00\",\"mainEntityOfPage\":{\"@id\":\"https:\\\/\\\/www.rri.ro\\\/de\\\/aktuell\\\/newsflash-de\\\/die-nachrichten-27-02-2016-id631989.html\"},\"wordCount\":523,\"image\":{\"@id\":\"https:\\\/\\\/www.rri.ro\\\/de\\\/aktuell\\\/newsflash-de\\\/die-nachrichten-27-02-2016-id631989.html#primaryimage\"},\"thumbnailUrl\":\"https:\\\/\\\/www.rri.ro\\\/wp-content\\\/uploads\\\/2024\\\/02\\\/stiri-germana-ok.png\",\"keywords\":[\"Abgeordnete\",\"Ausland\",\"Beziehungen\",\"Ermittlungen\",\"EU\",\"Festnahme\",\"Gericht\",\"Inklusion\",\"Justiz\",\"Kommissarin\",\"Kommission\",\"Konferenz\",\"Korruption\",\"minister\",\"Parlament\",\"Roma\",\"Russland\",\"Sachsen\",\"Schwaben\",\"Senatorin\",\"Sicherheit\",\"strategie\",\"Syrien\",\"Untersuchungshaft\",\"Verband\",\"Waffenruhe\"],\"articleSection\":[\"Newsflash\"],\"inLanguage\":\"de\"},{\"@type\":\"WebPage\",\"@id\":\"https:\\\/\\\/www.rri.ro\\\/de\\\/aktuell\\\/newsflash-de\\\/die-nachrichten-27-02-2016-id631989.html\",\"url\":\"https:\\\/\\\/www.rri.ro\\\/de\\\/aktuell\\\/newsflash-de\\\/die-nachrichten-27-02-2016-id631989.html\",\"name\":\"Die Nachrichten 27.02.2016 - Radio Rum\u00e4nien International\",\"isPartOf\":{\"@id\":\"https:\\\/\\\/www.rri.ro\\\/#website\"},\"primaryImageOfPage\":{\"@id\":\"https:\\\/\\\/www.rri.ro\\\/de\\\/aktuell\\\/newsflash-de\\\/die-nachrichten-27-02-2016-id631989.html#primaryimage\"},\"image\":{\"@id\":\"https:\\\/\\\/www.rri.ro\\\/de\\\/aktuell\\\/newsflash-de\\\/die-nachrichten-27-02-2016-id631989.html#primaryimage\"},\"thumbnailUrl\":\"https:\\\/\\\/www.rri.ro\\\/wp-content\\\/uploads\\\/2024\\\/02\\\/stiri-germana-ok.png\",\"datePublished\":\"2016-02-27T17:00:00+00:00\",\"author\":{\"@id\":\"https:\\\/\\\/www.rri.ro\\\/#\\\/schema\\\/person\\\/18fac491bccbfe149b92aea77ad60abd\"},\"breadcrumb\":{\"@id\":\"https:\\\/\\\/www.rri.ro\\\/de\\\/aktuell\\\/newsflash-de\\\/die-nachrichten-27-02-2016-id631989.html#breadcrumb\"},\"inLanguage\":\"de\",\"potentialAction\":[{\"@type\":\"ReadAction\",\"target\":[\"https:\\\/\\\/www.rri.ro\\\/de\\\/aktuell\\\/newsflash-de\\\/die-nachrichten-27-02-2016-id631989.html\"]}]},{\"@type\":\"ImageObject\",\"inLanguage\":\"de\",\"@id\":\"https:\\\/\\\/www.rri.ro\\\/de\\\/aktuell\\\/newsflash-de\\\/die-nachrichten-27-02-2016-id631989.html#primaryimage\",\"url\":\"https:\\\/\\\/www.rri.ro\\\/wp-content\\\/uploads\\\/2024\\\/02\\\/stiri-germana-ok.png\",\"contentUrl\":\"https:\\\/\\\/www.rri.ro\\\/wp-content\\\/uploads\\\/2024\\\/02\\\/stiri-germana-ok.png\",\"width\":640,\"height\":480},{\"@type\":\"BreadcrumbList\",\"@id\":\"https:\\\/\\\/www.rri.ro\\\/de\\\/aktuell\\\/newsflash-de\\\/die-nachrichten-27-02-2016-id631989.html#breadcrumb\",\"itemListElement\":[{\"@type\":\"ListItem\",\"position\":1,\"name\":\"Startseite\",\"item\":\"https:\\\/\\\/www.rri.ro\\\/de\"},{\"@type\":\"ListItem\",\"position\":2,\"name\":\"Aktuell\",\"item\":\"https:\\\/\\\/www.rri.ro\\\/de\\\/aktuell\"},{\"@type\":\"ListItem\",\"position\":3,\"name\":\"Newsflash\",\"item\":\"https:\\\/\\\/www.rri.ro\\\/de\\\/aktuell\\\/newsflash-de\"},{\"@type\":\"ListItem\",\"position\":4,\"name\":\"Die Nachrichten 27.02.2016\"}]},{\"@type\":\"WebSite\",\"@id\":\"https:\\\/\\\/www.rri.ro\\\/#website\",\"url\":\"https:\\\/\\\/www.rri.ro\\\/\",\"name\":\"Radio Rum\u00e4nien International\",\"description\":\"Totul despre Rom\u00e2nia \u015fi rom\u00e2ni, \u00een 13 limbi\\\/dialecte!\",\"inLanguage\":\"de\"},{\"@type\":\"Person\",\"@id\":\"https:\\\/\\\/www.rri.ro\\\/#\\\/schema\\\/person\\\/18fac491bccbfe149b92aea77ad60abd\",\"name\":\"Rom\u00e2nia Interna\u021bional\",\"url\":\"https:\\\/\\\/www.rri.ro\\\/de\\\/author\\\/redactia\"}]}<\/script>\n<!-- \/ Yoast SEO plugin. -->","yoast_head_json":{"title":"Die Nachrichten 27.02.2016 - Radio Rum\u00e4nien International","robots":{"index":"index","follow":"follow","max-snippet":"max-snippet:-1","max-image-preview":"max-image-preview:large","max-video-preview":"max-video-preview:-1"},"canonical":"https:\/\/www.rri.ro\/de\/aktuell\/newsflash-de\/die-nachrichten-27-02-2016-id631989.html","og_locale":"de_DE","og_type":"article","og_title":"Die Nachrichten 27.02.2016 - Radio Rum\u00e4nien International","og_description":"Die wichtigsten Nachrichten des Tages im \u00dcberblick","og_url":"https:\/\/www.rri.ro\/de\/aktuell\/newsflash-de\/die-nachrichten-27-02-2016-id631989.html","og_site_name":"Radio Rum\u00e4nien International","article_published_time":"2016-02-27T17:00:00+00:00","og_image":[{"width":640,"height":480,"url":"https:\/\/www.rri.ro\/wp-content\/uploads\/2024\/02\/stiri-germana-ok.png","type":"image\/png"}],"author":"Rom\u00e2nia Interna\u021bional","twitter_card":"summary_large_image","twitter_misc":{"Verfasst von":"Rom\u00e2nia Interna\u021bional","Gesch\u00e4tzte Lesezeit":"3\u00a0Minuten","Written by":"Rom\u00e2nia Interna\u021bional"},"schema":{"@context":"https:\/\/schema.org","@graph":[{"@type":"Article","@id":"https:\/\/www.rri.ro\/de\/aktuell\/newsflash-de\/die-nachrichten-27-02-2016-id631989.html#article","isPartOf":{"@id":"https:\/\/www.rri.ro\/de\/aktuell\/newsflash-de\/die-nachrichten-27-02-2016-id631989.html"},"author":{"name":"Rom\u00e2nia Interna\u021bional","@id":"https:\/\/www.rri.ro\/#\/schema\/person\/18fac491bccbfe149b92aea77ad60abd"},"headline":"Die Nachrichten 27.02.2016","datePublished":"2016-02-27T17:00:00+00:00","mainEntityOfPage":{"@id":"https:\/\/www.rri.ro\/de\/aktuell\/newsflash-de\/die-nachrichten-27-02-2016-id631989.html"},"wordCount":523,"image":{"@id":"https:\/\/www.rri.ro\/de\/aktuell\/newsflash-de\/die-nachrichten-27-02-2016-id631989.html#primaryimage"},"thumbnailUrl":"https:\/\/www.rri.ro\/wp-content\/uploads\/2024\/02\/stiri-germana-ok.png","keywords":["Abgeordnete","Ausland","Beziehungen","Ermittlungen","EU","Festnahme","Gericht","Inklusion","Justiz","Kommissarin","Kommission","Konferenz","Korruption","minister","Parlament","Roma","Russland","Sachsen","Schwaben","Senatorin","Sicherheit","strategie","Syrien","Untersuchungshaft","Verband","Waffenruhe"],"articleSection":["Newsflash"],"inLanguage":"de"},{"@type":"WebPage","@id":"https:\/\/www.rri.ro\/de\/aktuell\/newsflash-de\/die-nachrichten-27-02-2016-id631989.html","url":"https:\/\/www.rri.ro\/de\/aktuell\/newsflash-de\/die-nachrichten-27-02-2016-id631989.html","name":"Die Nachrichten 27.02.2016 - Radio Rum\u00e4nien International","isPartOf":{"@id":"https:\/\/www.rri.ro\/#website"},"primaryImageOfPage":{"@id":"https:\/\/www.rri.ro\/de\/aktuell\/newsflash-de\/die-nachrichten-27-02-2016-id631989.html#primaryimage"},"image":{"@id":"https:\/\/www.rri.ro\/de\/aktuell\/newsflash-de\/die-nachrichten-27-02-2016-id631989.html#primaryimage"},"thumbnailUrl":"https:\/\/www.rri.ro\/wp-content\/uploads\/2024\/02\/stiri-germana-ok.png","datePublished":"2016-02-27T17:00:00+00:00","author":{"@id":"https:\/\/www.rri.ro\/#\/schema\/person\/18fac491bccbfe149b92aea77ad60abd"},"breadcrumb":{"@id":"https:\/\/www.rri.ro\/de\/aktuell\/newsflash-de\/die-nachrichten-27-02-2016-id631989.html#breadcrumb"},"inLanguage":"de","potentialAction":[{"@type":"ReadAction","target":["https:\/\/www.rri.ro\/de\/aktuell\/newsflash-de\/die-nachrichten-27-02-2016-id631989.html"]}]},{"@type":"ImageObject","inLanguage":"de","@id":"https:\/\/www.rri.ro\/de\/aktuell\/newsflash-de\/die-nachrichten-27-02-2016-id631989.html#primaryimage","url":"https:\/\/www.rri.ro\/wp-content\/uploads\/2024\/02\/stiri-germana-ok.png","contentUrl":"https:\/\/www.rri.ro\/wp-content\/uploads\/2024\/02\/stiri-germana-ok.png","width":640,"height":480},{"@type":"BreadcrumbList","@id":"https:\/\/www.rri.ro\/de\/aktuell\/newsflash-de\/die-nachrichten-27-02-2016-id631989.html#breadcrumb","itemListElement":[{"@type":"ListItem","position":1,"name":"Startseite","item":"https:\/\/www.rri.ro\/de"},{"@type":"ListItem","position":2,"name":"Aktuell","item":"https:\/\/www.rri.ro\/de\/aktuell"},{"@type":"ListItem","position":3,"name":"Newsflash","item":"https:\/\/www.rri.ro\/de\/aktuell\/newsflash-de"},{"@type":"ListItem","position":4,"name":"Die Nachrichten 27.02.2016"}]},{"@type":"WebSite","@id":"https:\/\/www.rri.ro\/#website","url":"https:\/\/www.rri.ro\/","name":"Radio Rum\u00e4nien International","description":"Totul despre Rom\u00e2nia \u015fi rom\u00e2ni, \u00een 13 limbi\/dialecte!","inLanguage":"de"},{"@type":"Person","@id":"https:\/\/www.rri.ro\/#\/schema\/person\/18fac491bccbfe149b92aea77ad60abd","name":"Rom\u00e2nia Interna\u021bional","url":"https:\/\/www.rri.ro\/de\/author\/redactia"}]}},"_links":{"self":[{"href":"https:\/\/www.rri.ro\/de\/wp-json\/wp\/v2\/posts\/631989","targetHints":{"allow":["GET"]}}],"collection":[{"href":"https:\/\/www.rri.ro\/de\/wp-json\/wp\/v2\/posts"}],"about":[{"href":"https:\/\/www.rri.ro\/de\/wp-json\/wp\/v2\/types\/post"}],"author":[{"embeddable":true,"href":"https:\/\/www.rri.ro\/de\/wp-json\/wp\/v2\/users\/2"}],"replies":[{"embeddable":true,"href":"https:\/\/www.rri.ro\/de\/wp-json\/wp\/v2\/comments?post=631989"}],"version-history":[{"count":0,"href":"https:\/\/www.rri.ro\/de\/wp-json\/wp\/v2\/posts\/631989\/revisions"}],"wp:featuredmedia":[{"embeddable":true,"href":"https:\/\/www.rri.ro\/de\/wp-json\/wp\/v2\/media\/631911"}],"wp:attachment":[{"href":"https:\/\/www.rri.ro\/de\/wp-json\/wp\/v2\/media?parent=631989"}],"wp:term":[{"taxonomy":"category","embeddable":true,"href":"https:\/\/www.rri.ro\/de\/wp-json\/wp\/v2\/categories?post=631989"},{"taxonomy":"post_tag","embeddable":true,"href":"https:\/\/www.rri.ro\/de\/wp-json\/wp\/v2\/tags?post=631989"},{"taxonomy":"author","embeddable":true,"href":"https:\/\/www.rri.ro\/de\/wp-json\/wp\/v2\/coauthors?post=631989"}],"curies":[{"name":"wp","href":"https:\/\/api.w.org\/{rel}","templated":true}]}}