{"id":631999,"date":"2016-03-08T20:56:00","date_gmt":"2016-03-08T18:56:00","guid":{"rendered":"http:\/\/devrri.freshlemon.ro\/aktuell\/nachrichten-08-03-2016-id631999.html"},"modified":"2016-03-08T20:56:00","modified_gmt":"2016-03-08T18:56:00","slug":"nachrichten-08-03-2016","status":"publish","type":"post","link":"https:\/\/www.rri.ro\/de\/aktuell\/newsflash-de\/nachrichten-08-03-2016-id631999.html","title":{"rendered":"Nachrichten 08.03.2016"},"content":{"rendered":"<p><strong>Bukarest:<\/strong> Rum\u00e4nien hat im Vorjahr ein Wirtschaftswachstum von 3,7% gegen\u00fcber dem 2014 verzeichnet. Das BIP liege bei 710 Milliarden Lei (158 Milliarden Euro), hat am Dienstag das Nationale Statistikamt gemeldet. Alle Wirtschaftszweige mit Ausnahme von Landwirtschaft, Forstwirtschaft und Fischzucht h\u00e4tten zum Wachstum des BIP beigetragen, so das Nationale Statistikamt.  Einen hohen Anteil  nehmen insbesondere der Handel, die Autoreparatur, die Transporte, das Gastgewerbe, der Sektor der Informationen und Kommunikation sowie die Industrie. Das Wirtschaftswachstum soll im Jahr 2016 aufgrund von Lohnanstiegen und Steuerentlastungen einen H\u00f6chststand von 4,2% erreichen, f\u00fcr das kommende Jahr sei ein Wachstum von 4,3% zu erwarten, sagt der Nationale Prognoseausschuss vorher.<\/p>\n<p>&#13;<br \/>\n&#13;<\/p>\n<p><strong>Jerusalem:<\/strong> Rum\u00e4niens Pr\u00e4sident Klaus Iohannis hat am Dienstag mitgeteilt, dass er f\u00fcr die Gr\u00fcndung eines Museums zur Geschichte des Holocauts in Bukarest pl\u00e4dieren wird. Diesbez\u00fcglich habe der rum\u00e4nische Staatschef vor, dieses Thema mit Regierungsmitgliedern zu besprechen. Dies erkl\u00e4rte Pr\u00e4sident Iohannis w\u00e4hrend seines offiziellen Besuches in Israel, nachdem er ins G\u00e4stebuch der Gedenkst\u00e4tte der M\u00e4rtyrer und Helden des Staates Israel im Holocaust &#8222;Yad Vashem&#8220; unterzeichnet hatte. Ebenfalls am Dienstag ist der rum\u00e4nische Staatschef mit dem Pr\u00e4sidenten des Einkammerparlaments Israels Knesset, Yuli-Yoel Edelstein und mit dem Oppositionsf\u00fchrer Isaac Herzog zu Gespr\u00e4chen zusammengekommen. Am Montag hatte Pr\u00e4sident Iohannis bei offiziellen Gespr\u00e4chen mit seinem israelischen Amtkollegen Reuven Rivlin und mit dem Premier Benjamin Netanyahu bekr\u00e4ftigte, dass keine Kompromisse bei der Sicherheit Israels geschlossen werden k\u00f6nnen. Anschlie\u200e\u00dfend reist Pr\u00e4sident Iohannis in die pal\u00e4stinensischen Autonomiegebiete, wo der rum\u00e4nische Staatschef mit dem Pr\u00e4sidenten Mahmoud Abbas diskutieren wird.<\/p>\n<p>&#13;<br \/>\n&#13;<\/p>\n<p><strong>Br\u00fcssel:<\/strong> Der rum\u00e4nische Premier Dacian Ciolo\u015f hat am Dienstag in Br\u00fcssel mit dem Nato-Generalsekr\u00e4ter Jens Stoltenberg \u00fcber die Anwesenheit der Nato im Osteuropa und im Schwarzmeerraum und \u00fcber die strategische Beziehung zwischen EU unde der Nato diskutiert. Dacian Ciolos erinnerte daran, dass sich die Bukarester Exekutive verpflichtet hat, die Anhebung des Verteidigungshaushalts bis 2017 bis auf 2% des BIP fortzusetzen. Der Ministerpr\u00e4sident erkl\u00e4rte, Rum\u00e4nien m\u00f6chte mit Russland kooperieren, Rum\u00e4nien m\u00f6chte aber auch Sicherheit. Der Nato-Vertreter betonte, dass die Allianz unter anderem die Einhaltung des Waffenstillstands in Syrien unter Beobachtung h\u00e4lt. Zudem kam Premierminister Ciolos auch mit dem Pr\u00e4sidenten des Europ\u00e4ischen Rates Donald Tusk und Vertretern der rum\u00e4nischen Gemeinde in Belgien zu Gespr\u00e4chen zusammen. Am Montag hatte sich Ministerpr\u00e4sident Ciolo\u015f am EU-T\u00fcrkei-Sondergipfel \u00fcber Fl\u00fcchtlinge beteiligt. Nach dem Treffen begr\u00fc\u200e\u00dfte der rum\u00e4nische Premier die Vorschl\u00e4ge Ankaras zur L\u00f6sung der Fl\u00fcchtlingskrise. Deren Umsetzung werde die Entmutigung weiterer illegaler Migrationsversuche als Folge haben, sagte Premier Ciolo\u015f. Ankara forderte eine Verdoppelung der Hilfszusagen der EU f\u00fcr in der T\u00fcrkei lebende Fl\u00fcchtlinge von drei auf sechs Milliarden Euro. Im Gegenzug verpflichtet sich die T\u00fcrkei, alle neu ankommenden Fl\u00fcchtlinge aus Griechenland zur\u00fcckzunehmen. <\/p>\n<p>&#13;<\/p>\n","protected":false},"excerpt":{"rendered":"<p>Die wichtigsten Nachrichten des Tages im \u00dcberblick<\/p>\n","protected":false},"author":113,"featured_media":631911,"comment_status":"closed","ping_status":"closed","sticky":false,"template":"","format":"standard","meta":{"_acf_changed":false,"footnotes":""},"categories":[116753],"tags":[104545,134270,124151,137227,102143,102976,99750,99620],"coauthors":[],"class_list":["post-631999","post","type-post","status-publish","format-standard","has-post-thumbnail","hentry","category-newsflash-de","tag-bruessel","tag-eu-de","tag-israelbesuch","tag-nato-de","tag-praesident-klaus-iohannis","tag-premierminister-dacian-ciolos","tag-prognose","tag-wirtschaftswachstum"],"acf":[],"yoast_head":"<!-- This site is optimized with the Yoast SEO plugin v27.3 - https:\/\/yoast.com\/product\/yoast-seo-wordpress\/ -->\n<title>Nachrichten 08.03.2016 - Radio Rum\u00e4nien International<\/title>\n<meta name=\"robots\" content=\"index, follow, max-snippet:-1, max-image-preview:large, max-video-preview:-1\" \/>\n<link rel=\"canonical\" href=\"https:\/\/www.rri.ro\/de\/aktuell\/newsflash-de\/nachrichten-08-03-2016-id631999.html\" \/>\n<meta property=\"og:locale\" content=\"de_DE\" \/>\n<meta property=\"og:type\" content=\"article\" \/>\n<meta property=\"og:title\" content=\"Nachrichten 08.03.2016 - Radio Rum\u00e4nien International\" \/>\n<meta property=\"og:description\" content=\"Die wichtigsten Nachrichten des Tages im \u00dcberblick\" \/>\n<meta property=\"og:url\" content=\"https:\/\/www.rri.ro\/de\/aktuell\/newsflash-de\/nachrichten-08-03-2016-id631999.html\" \/>\n<meta property=\"og:site_name\" content=\"Radio Rum\u00e4nien International\" \/>\n<meta property=\"article:published_time\" content=\"2016-03-08T18:56:00+00:00\" \/>\n<meta property=\"og:image\" content=\"https:\/\/www.rri.ro\/wp-content\/uploads\/2024\/02\/stiri-germana-ok.png\" \/>\n\t<meta property=\"og:image:width\" content=\"640\" \/>\n\t<meta property=\"og:image:height\" content=\"480\" \/>\n\t<meta property=\"og:image:type\" content=\"image\/png\" \/>\n<meta name=\"author\" content=\"Newsroom\" \/>\n<meta name=\"twitter:card\" content=\"summary_large_image\" \/>\n<meta name=\"twitter:label1\" content=\"Verfasst von\" \/>\n\t<meta name=\"twitter:data1\" content=\"Newsroom\" \/>\n\t<meta name=\"twitter:label2\" content=\"Gesch\u00e4tzte Lesezeit\" \/>\n\t<meta name=\"twitter:data2\" content=\"2\u00a0Minuten\" \/>\n\t<meta name=\"twitter:label3\" content=\"Written by\" \/>\n\t<meta name=\"twitter:data3\" content=\"Newsroom\" \/>\n<script type=\"application\/ld+json\" class=\"yoast-schema-graph\">{\"@context\":\"https:\\\/\\\/schema.org\",\"@graph\":[{\"@type\":\"Article\",\"@id\":\"https:\\\/\\\/www.rri.ro\\\/de\\\/aktuell\\\/newsflash-de\\\/nachrichten-08-03-2016-id631999.html#article\",\"isPartOf\":{\"@id\":\"https:\\\/\\\/www.rri.ro\\\/de\\\/aktuell\\\/newsflash-de\\\/nachrichten-08-03-2016-id631999.html\"},\"author\":{\"name\":\"Newsroom\",\"@id\":\"https:\\\/\\\/www.rri.ro\\\/#\\\/schema\\\/person\\\/4a479940371b9fdefd194f561e8a7f88\"},\"headline\":\"Nachrichten 08.03.2016\",\"datePublished\":\"2016-03-08T18:56:00+00:00\",\"mainEntityOfPage\":{\"@id\":\"https:\\\/\\\/www.rri.ro\\\/de\\\/aktuell\\\/newsflash-de\\\/nachrichten-08-03-2016-id631999.html\"},\"wordCount\":480,\"image\":{\"@id\":\"https:\\\/\\\/www.rri.ro\\\/de\\\/aktuell\\\/newsflash-de\\\/nachrichten-08-03-2016-id631999.html#primaryimage\"},\"thumbnailUrl\":\"https:\\\/\\\/www.rri.ro\\\/wp-content\\\/uploads\\\/2024\\\/02\\\/stiri-germana-ok.png\",\"keywords\":[\"&#013; Br\u00fcssel\",\"EU\",\"Israelbesuch\",\"NATO\",\"Pr\u00e4sident Klaus Iohannis\",\"Premierminister Dacian Ciolo\u015f\",\"Prognose\",\"Wirtschaftswachstum\"],\"articleSection\":[\"Newsflash\"],\"inLanguage\":\"de\"},{\"@type\":\"WebPage\",\"@id\":\"https:\\\/\\\/www.rri.ro\\\/de\\\/aktuell\\\/newsflash-de\\\/nachrichten-08-03-2016-id631999.html\",\"url\":\"https:\\\/\\\/www.rri.ro\\\/de\\\/aktuell\\\/newsflash-de\\\/nachrichten-08-03-2016-id631999.html\",\"name\":\"Nachrichten 08.03.2016 - Radio Rum\u00e4nien International\",\"isPartOf\":{\"@id\":\"https:\\\/\\\/www.rri.ro\\\/#website\"},\"primaryImageOfPage\":{\"@id\":\"https:\\\/\\\/www.rri.ro\\\/de\\\/aktuell\\\/newsflash-de\\\/nachrichten-08-03-2016-id631999.html#primaryimage\"},\"image\":{\"@id\":\"https:\\\/\\\/www.rri.ro\\\/de\\\/aktuell\\\/newsflash-de\\\/nachrichten-08-03-2016-id631999.html#primaryimage\"},\"thumbnailUrl\":\"https:\\\/\\\/www.rri.ro\\\/wp-content\\\/uploads\\\/2024\\\/02\\\/stiri-germana-ok.png\",\"datePublished\":\"2016-03-08T18:56:00+00:00\",\"author\":{\"@id\":\"https:\\\/\\\/www.rri.ro\\\/#\\\/schema\\\/person\\\/4a479940371b9fdefd194f561e8a7f88\"},\"breadcrumb\":{\"@id\":\"https:\\\/\\\/www.rri.ro\\\/de\\\/aktuell\\\/newsflash-de\\\/nachrichten-08-03-2016-id631999.html#breadcrumb\"},\"inLanguage\":\"de\",\"potentialAction\":[{\"@type\":\"ReadAction\",\"target\":[\"https:\\\/\\\/www.rri.ro\\\/de\\\/aktuell\\\/newsflash-de\\\/nachrichten-08-03-2016-id631999.html\"]}]},{\"@type\":\"ImageObject\",\"inLanguage\":\"de\",\"@id\":\"https:\\\/\\\/www.rri.ro\\\/de\\\/aktuell\\\/newsflash-de\\\/nachrichten-08-03-2016-id631999.html#primaryimage\",\"url\":\"https:\\\/\\\/www.rri.ro\\\/wp-content\\\/uploads\\\/2024\\\/02\\\/stiri-germana-ok.png\",\"contentUrl\":\"https:\\\/\\\/www.rri.ro\\\/wp-content\\\/uploads\\\/2024\\\/02\\\/stiri-germana-ok.png\",\"width\":640,\"height\":480},{\"@type\":\"BreadcrumbList\",\"@id\":\"https:\\\/\\\/www.rri.ro\\\/de\\\/aktuell\\\/newsflash-de\\\/nachrichten-08-03-2016-id631999.html#breadcrumb\",\"itemListElement\":[{\"@type\":\"ListItem\",\"position\":1,\"name\":\"Startseite\",\"item\":\"https:\\\/\\\/www.rri.ro\\\/de\"},{\"@type\":\"ListItem\",\"position\":2,\"name\":\"Aktuell\",\"item\":\"https:\\\/\\\/www.rri.ro\\\/de\\\/aktuell\"},{\"@type\":\"ListItem\",\"position\":3,\"name\":\"Newsflash\",\"item\":\"https:\\\/\\\/www.rri.ro\\\/de\\\/aktuell\\\/newsflash-de\"},{\"@type\":\"ListItem\",\"position\":4,\"name\":\"Nachrichten 08.03.2016\"}]},{\"@type\":\"WebSite\",\"@id\":\"https:\\\/\\\/www.rri.ro\\\/#website\",\"url\":\"https:\\\/\\\/www.rri.ro\\\/\",\"name\":\"Radio Rum\u00e4nien International\",\"description\":\"Totul despre Rom\u00e2nia \u015fi rom\u00e2ni, \u00een 13 limbi\\\/dialecte!\",\"inLanguage\":\"de\"},{\"@type\":\"Person\",\"@id\":\"https:\\\/\\\/www.rri.ro\\\/#\\\/schema\\\/person\\\/4a479940371b9fdefd194f561e8a7f88\",\"name\":\"Newsroom\",\"url\":\"https:\\\/\\\/www.rri.ro\\\/de\\\/author\\\/newsroom\"}]}<\/script>\n<!-- \/ Yoast SEO plugin. -->","yoast_head_json":{"title":"Nachrichten 08.03.2016 - Radio Rum\u00e4nien International","robots":{"index":"index","follow":"follow","max-snippet":"max-snippet:-1","max-image-preview":"max-image-preview:large","max-video-preview":"max-video-preview:-1"},"canonical":"https:\/\/www.rri.ro\/de\/aktuell\/newsflash-de\/nachrichten-08-03-2016-id631999.html","og_locale":"de_DE","og_type":"article","og_title":"Nachrichten 08.03.2016 - Radio Rum\u00e4nien International","og_description":"Die wichtigsten Nachrichten des Tages im \u00dcberblick","og_url":"https:\/\/www.rri.ro\/de\/aktuell\/newsflash-de\/nachrichten-08-03-2016-id631999.html","og_site_name":"Radio Rum\u00e4nien International","article_published_time":"2016-03-08T18:56:00+00:00","og_image":[{"width":640,"height":480,"url":"https:\/\/www.rri.ro\/wp-content\/uploads\/2024\/02\/stiri-germana-ok.png","type":"image\/png"}],"author":"Newsroom","twitter_card":"summary_large_image","twitter_misc":{"Verfasst von":"Newsroom","Gesch\u00e4tzte Lesezeit":"2\u00a0Minuten","Written by":"Newsroom"},"schema":{"@context":"https:\/\/schema.org","@graph":[{"@type":"Article","@id":"https:\/\/www.rri.ro\/de\/aktuell\/newsflash-de\/nachrichten-08-03-2016-id631999.html#article","isPartOf":{"@id":"https:\/\/www.rri.ro\/de\/aktuell\/newsflash-de\/nachrichten-08-03-2016-id631999.html"},"author":{"name":"Newsroom","@id":"https:\/\/www.rri.ro\/#\/schema\/person\/4a479940371b9fdefd194f561e8a7f88"},"headline":"Nachrichten 08.03.2016","datePublished":"2016-03-08T18:56:00+00:00","mainEntityOfPage":{"@id":"https:\/\/www.rri.ro\/de\/aktuell\/newsflash-de\/nachrichten-08-03-2016-id631999.html"},"wordCount":480,"image":{"@id":"https:\/\/www.rri.ro\/de\/aktuell\/newsflash-de\/nachrichten-08-03-2016-id631999.html#primaryimage"},"thumbnailUrl":"https:\/\/www.rri.ro\/wp-content\/uploads\/2024\/02\/stiri-germana-ok.png","keywords":["&#013; Br\u00fcssel","EU","Israelbesuch","NATO","Pr\u00e4sident Klaus Iohannis","Premierminister Dacian Ciolo\u015f","Prognose","Wirtschaftswachstum"],"articleSection":["Newsflash"],"inLanguage":"de"},{"@type":"WebPage","@id":"https:\/\/www.rri.ro\/de\/aktuell\/newsflash-de\/nachrichten-08-03-2016-id631999.html","url":"https:\/\/www.rri.ro\/de\/aktuell\/newsflash-de\/nachrichten-08-03-2016-id631999.html","name":"Nachrichten 08.03.2016 - Radio Rum\u00e4nien International","isPartOf":{"@id":"https:\/\/www.rri.ro\/#website"},"primaryImageOfPage":{"@id":"https:\/\/www.rri.ro\/de\/aktuell\/newsflash-de\/nachrichten-08-03-2016-id631999.html#primaryimage"},"image":{"@id":"https:\/\/www.rri.ro\/de\/aktuell\/newsflash-de\/nachrichten-08-03-2016-id631999.html#primaryimage"},"thumbnailUrl":"https:\/\/www.rri.ro\/wp-content\/uploads\/2024\/02\/stiri-germana-ok.png","datePublished":"2016-03-08T18:56:00+00:00","author":{"@id":"https:\/\/www.rri.ro\/#\/schema\/person\/4a479940371b9fdefd194f561e8a7f88"},"breadcrumb":{"@id":"https:\/\/www.rri.ro\/de\/aktuell\/newsflash-de\/nachrichten-08-03-2016-id631999.html#breadcrumb"},"inLanguage":"de","potentialAction":[{"@type":"ReadAction","target":["https:\/\/www.rri.ro\/de\/aktuell\/newsflash-de\/nachrichten-08-03-2016-id631999.html"]}]},{"@type":"ImageObject","inLanguage":"de","@id":"https:\/\/www.rri.ro\/de\/aktuell\/newsflash-de\/nachrichten-08-03-2016-id631999.html#primaryimage","url":"https:\/\/www.rri.ro\/wp-content\/uploads\/2024\/02\/stiri-germana-ok.png","contentUrl":"https:\/\/www.rri.ro\/wp-content\/uploads\/2024\/02\/stiri-germana-ok.png","width":640,"height":480},{"@type":"BreadcrumbList","@id":"https:\/\/www.rri.ro\/de\/aktuell\/newsflash-de\/nachrichten-08-03-2016-id631999.html#breadcrumb","itemListElement":[{"@type":"ListItem","position":1,"name":"Startseite","item":"https:\/\/www.rri.ro\/de"},{"@type":"ListItem","position":2,"name":"Aktuell","item":"https:\/\/www.rri.ro\/de\/aktuell"},{"@type":"ListItem","position":3,"name":"Newsflash","item":"https:\/\/www.rri.ro\/de\/aktuell\/newsflash-de"},{"@type":"ListItem","position":4,"name":"Nachrichten 08.03.2016"}]},{"@type":"WebSite","@id":"https:\/\/www.rri.ro\/#website","url":"https:\/\/www.rri.ro\/","name":"Radio Rum\u00e4nien International","description":"Totul despre Rom\u00e2nia \u015fi rom\u00e2ni, \u00een 13 limbi\/dialecte!","inLanguage":"de"},{"@type":"Person","@id":"https:\/\/www.rri.ro\/#\/schema\/person\/4a479940371b9fdefd194f561e8a7f88","name":"Newsroom","url":"https:\/\/www.rri.ro\/de\/author\/newsroom"}]}},"_links":{"self":[{"href":"https:\/\/www.rri.ro\/de\/wp-json\/wp\/v2\/posts\/631999","targetHints":{"allow":["GET"]}}],"collection":[{"href":"https:\/\/www.rri.ro\/de\/wp-json\/wp\/v2\/posts"}],"about":[{"href":"https:\/\/www.rri.ro\/de\/wp-json\/wp\/v2\/types\/post"}],"author":[{"embeddable":true,"href":"https:\/\/www.rri.ro\/de\/wp-json\/wp\/v2\/users\/113"}],"replies":[{"embeddable":true,"href":"https:\/\/www.rri.ro\/de\/wp-json\/wp\/v2\/comments?post=631999"}],"version-history":[{"count":0,"href":"https:\/\/www.rri.ro\/de\/wp-json\/wp\/v2\/posts\/631999\/revisions"}],"wp:featuredmedia":[{"embeddable":true,"href":"https:\/\/www.rri.ro\/de\/wp-json\/wp\/v2\/media\/631911"}],"wp:attachment":[{"href":"https:\/\/www.rri.ro\/de\/wp-json\/wp\/v2\/media?parent=631999"}],"wp:term":[{"taxonomy":"category","embeddable":true,"href":"https:\/\/www.rri.ro\/de\/wp-json\/wp\/v2\/categories?post=631999"},{"taxonomy":"post_tag","embeddable":true,"href":"https:\/\/www.rri.ro\/de\/wp-json\/wp\/v2\/tags?post=631999"},{"taxonomy":"author","embeddable":true,"href":"https:\/\/www.rri.ro\/de\/wp-json\/wp\/v2\/coauthors?post=631999"}],"curies":[{"name":"wp","href":"https:\/\/api.w.org\/{rel}","templated":true}]}}