{"id":632019,"date":"2016-03-27T20:24:00","date_gmt":"2016-03-27T17:24:00","guid":{"rendered":"http:\/\/devrri.freshlemon.ro\/aktuell\/nachrichten-27-03-2016-id632019.html"},"modified":"2016-03-27T20:24:00","modified_gmt":"2016-03-27T17:24:00","slug":"nachrichten-27-03-2016","status":"publish","type":"post","link":"https:\/\/www.rri.ro\/de\/aktuell\/newsflash-de\/nachrichten-27-03-2016-id632019.html","title":{"rendered":"Nachrichten 27.03.2016"},"content":{"rendered":"<p><strong>BUKAREST:<\/strong> Ministerpr\u00e4sident Dacian Ciolo\u015f hat zum ersten Mal die Gefahr eines Terroranschlags in Rum\u00e4nien offen einger\u00e4umt. Das Szenario eines Attentats auf rum\u00e4nischem Gebiet sei realistisch, allerdings habe man die Lage unter Kontrolle, sagte der Regierungschef in einem Interview mit einem privaten Fernsehsender am Sonntag. Die Nachrichtendienste m\u00fcssten mit Instrumenten f\u00fcr die \u00dcberwachung der allgemeinen Situation ausgestattet werden, jedoch ohne die Transparenzgrunds\u00e4tze und B\u00fcrgerrechte zu verletzten, so Ciolo\u015f noch. Der Ministerpr\u00e4sident pl\u00e4dierte anschlie\u200e\u00dfend f\u00fcr eine strengere Kontrolle beim Verkauf von sogenannten Prepaid-Karten f\u00fcr das Handy. In Rum\u00e4nien k\u00f6nnen die Simkarten derzeit ohne die Angabe von pers\u00f6nlichen Daten erstanden werden. Bei der Planung von Terroranschl\u00e4gen in anderen EU-Mitgliedsstaaten seien teilweise rum\u00e4nische Prepaid-Karten benutzt worden, erkl\u00e4rte Ciolo\u015f. Der Justiz- und Innenminister w\u00fcrden sich derzeit mit dem Thema intensiv besch\u00e4ftigen. Der Ministerpr\u00e4sident machte die Angaben vor dem Hintergrund der Anschl\u00e4ge am Br\u00fcsseler Flughafen und in einer U-Bahn-Station der belgischen Hauptstadt mit mindestens 31 Toten und rund 300 Verletzten.<\/p>\n<p>&#13;<br \/>\n&#13;<\/p>\n<p>&#13;<br \/>\n&#13;<\/p>\n<p><strong>BUKAREST<\/strong>: Pr\u00e4sident Klaus Iohannis hat sich am Sonntag mit den Opfern von Gewalt und Intoleranz solidarisch gezeigt. In einer Facebook-Mitteilung anl\u00e4sslich des Osterfestes in den Westkirchen erkl\u00e4rte der Pr\u00e4sident, dass es an diesen Tagen, an denen wir die Gottesgabe des Lichtes und des Lebens feiern, angemessen ist, denjenigen beizustehen, die unsere Solidarit\u00e4t brauchen\u201c. Der deutscht\u00e4mmige Iohannis ist wie die meisten Sachsen in Siebenb\u00fcrgen lutherischen Glaubens. Allerdings wohnt er in der Regel den Gottesdiensten der r\u00f6misch-katholischen Kirche in Hermannstadt bei, der seine Gattin Carmen angeh\u00f6rt. In Rum\u00e4nien feiern gesch\u00e4tzte 1,5 Millionen Christen am heutigen Sonntag die Auferstehung Jesu Christi. Die orthodoxe Mehrheitsbev\u00f6lkerung, die der Ostkirche angeh\u00f6rt, sowie die griechisch-katholische Gemeinde feiern das Osterfest in diesem Jahr am 1. Mai.<\/p>\n<p>&#13;<br \/>\n&#13;<\/p>\n<p>&#13;<br \/>\n&#13;<\/p>\n<p><strong>BUKAREST<\/strong>: Am Sonntagabend wird im Stadtzentrum von Bukarest auf mehreren Kundgebungen der 98. Jahrestag seit der Vereinigung Bessarabiens mit dem K\u00f6nigreich Rum\u00e4nien begangen. Das Ereignis wird auch in der benachbarten Moldaurepublik sowie von den rum\u00e4nischen Auslandsgemeinschaften zelebriert. Am 27. M\u00e4rz 1918 stimmte der Landesrat Bessarabiens vor dem Hintergrund des aufgel\u00f6sten Zarenreiches einer Vereinigung der Provinz mit dem Mutterland Rum\u00e4nien zu. Es war die erste Gr\u00fcndungsurkunde des rum\u00e4nischen Einheitsstaates. Ende desselben Jahres sollte die gro\u200e\u00dfe Vereinigung mit der nord\u00f6stlichen Bukowina und Siebenb\u00fcrgen, sowie dem Banat, der Maramuresch und dem Kreischgebiet, die bis dato zu \u00d6sterreich-Ungarn geh\u00f6rt hatten, besiegelt sein. Infolge eines Ultimatums im Zweiten Weltkrieg annektierte die Sowjetunion sowohl Bessarabien als auch die Nordbukowina, die heute zu den Folgestaaten Moldau und Ukraine geh\u00f6ren. <\/p>\n<p>&#13;<br \/>\n&#13;<\/p>\n<p>&#13;<br \/>\n&#13;<\/p>\n<p><strong>SPORT<\/strong>: Gleich drei Tennisprofis aus Rum\u00e4nien stehen in Miami im Achtelfinale. Rum\u00e4niens beste Tennisspielerin, Simona Halep, hatte beim mit 6 Millionen dotierten Turnier als erste die zweite Runde \u00fcberstanden. Die Weltranglistenf\u00fcnfte bezwang am Samstagabend rum\u00e4nischer Zeit die Deutsche Julia Goerges mit 6:4 und 6:1. Als n\u00e4chstes trifft Halep im Achtelfinale auf die Britin Heather Watson. Ebenfalls ins Achtelfinale r\u00fcckte Monica Niculescu (33.WTA) mit dem Zweisatzsieg \u00fcber die US-Amerikanerin Coco Vandeweghe vor, w\u00e4hrend Irina Begu (die Nummer 35.) den Kampf gegen die Tschechin Krstyna Pliskova erst nach entscheidendem dritten Satz gewinnen konnte. Niculescu spielt im Achtelfinale gegen die Britin Johana Konta und Begus Gegnerin ist die US-Amerikanerin Madison Keys. <\/p>\n<p>&#13;<\/p>\n","protected":false},"excerpt":{"rendered":"<p>Die wichtigsten Nachrichten des Tages im \u00dcberblick<\/p>\n","protected":false},"author":113,"featured_media":631911,"comment_status":"closed","ping_status":"closed","sticky":false,"template":"","format":"standard","meta":{"_acf_changed":false,"footnotes":""},"categories":[116753],"tags":[29096,99899,29094,100878,101388,137226,31788,99897,102263,29098,102515,102114,104907,101461,99589,100578,144540,103064,100574,125654,163239],"coauthors":[],"class_list":["post-632019","post","type-post","status-publish","format-standard","has-post-thumbnail","hentry","category-newsflash-de","tag-begu","tag-bessarabien","tag-halep","tag-jahrestag","tag-jubilaeum","tag-klaus-iohannis-de","tag-miami","tag-ministerpraesident","tag-nachrichtendienst","tag-niculescu","tag-ostern","tag-praesident","tag-prepaid-karten","tag-risiko","tag-rumaenien","tag-siebenbuergen","tag-tennis-de","tag-terroranschlag","tag-vereinigung","tag-westkirche","tag-wta-de"],"acf":[],"yoast_head":"<!-- This site is optimized with the Yoast SEO plugin v27.3 - https:\/\/yoast.com\/product\/yoast-seo-wordpress\/ -->\n<title>Nachrichten 27.03.2016 - Radio Rum\u00e4nien International<\/title>\n<meta name=\"robots\" content=\"index, follow, max-snippet:-1, max-image-preview:large, max-video-preview:-1\" \/>\n<link rel=\"canonical\" href=\"https:\/\/www.rri.ro\/de\/aktuell\/newsflash-de\/nachrichten-27-03-2016-id632019.html\" \/>\n<meta property=\"og:locale\" content=\"de_DE\" \/>\n<meta property=\"og:type\" content=\"article\" \/>\n<meta property=\"og:title\" content=\"Nachrichten 27.03.2016 - Radio Rum\u00e4nien International\" \/>\n<meta property=\"og:description\" content=\"Die wichtigsten Nachrichten des Tages im \u00dcberblick\" \/>\n<meta property=\"og:url\" content=\"https:\/\/www.rri.ro\/de\/aktuell\/newsflash-de\/nachrichten-27-03-2016-id632019.html\" \/>\n<meta property=\"og:site_name\" content=\"Radio Rum\u00e4nien International\" \/>\n<meta property=\"article:published_time\" content=\"2016-03-27T17:24:00+00:00\" \/>\n<meta property=\"og:image\" content=\"https:\/\/www.rri.ro\/wp-content\/uploads\/2024\/02\/stiri-germana-ok.png\" \/>\n\t<meta property=\"og:image:width\" content=\"640\" \/>\n\t<meta property=\"og:image:height\" content=\"480\" \/>\n\t<meta property=\"og:image:type\" content=\"image\/png\" \/>\n<meta name=\"author\" content=\"Newsroom\" \/>\n<meta name=\"twitter:card\" content=\"summary_large_image\" \/>\n<meta name=\"twitter:label1\" content=\"Verfasst von\" \/>\n\t<meta name=\"twitter:data1\" content=\"Newsroom\" \/>\n\t<meta name=\"twitter:label2\" content=\"Gesch\u00e4tzte Lesezeit\" \/>\n\t<meta name=\"twitter:data2\" content=\"3\u00a0Minuten\" \/>\n\t<meta name=\"twitter:label3\" content=\"Written by\" \/>\n\t<meta name=\"twitter:data3\" content=\"Newsroom\" \/>\n<script type=\"application\/ld+json\" class=\"yoast-schema-graph\">{\"@context\":\"https:\\\/\\\/schema.org\",\"@graph\":[{\"@type\":\"Article\",\"@id\":\"https:\\\/\\\/www.rri.ro\\\/de\\\/aktuell\\\/newsflash-de\\\/nachrichten-27-03-2016-id632019.html#article\",\"isPartOf\":{\"@id\":\"https:\\\/\\\/www.rri.ro\\\/de\\\/aktuell\\\/newsflash-de\\\/nachrichten-27-03-2016-id632019.html\"},\"author\":{\"name\":\"Newsroom\",\"@id\":\"https:\\\/\\\/www.rri.ro\\\/#\\\/schema\\\/person\\\/4a479940371b9fdefd194f561e8a7f88\"},\"headline\":\"Nachrichten 27.03.2016\",\"datePublished\":\"2016-03-27T17:24:00+00:00\",\"mainEntityOfPage\":{\"@id\":\"https:\\\/\\\/www.rri.ro\\\/de\\\/aktuell\\\/newsflash-de\\\/nachrichten-27-03-2016-id632019.html\"},\"wordCount\":549,\"image\":{\"@id\":\"https:\\\/\\\/www.rri.ro\\\/de\\\/aktuell\\\/newsflash-de\\\/nachrichten-27-03-2016-id632019.html#primaryimage\"},\"thumbnailUrl\":\"https:\\\/\\\/www.rri.ro\\\/wp-content\\\/uploads\\\/2024\\\/02\\\/stiri-germana-ok.png\",\"keywords\":[\"Begu\",\"Bessarabien\",\"Halep\",\"Jahrestag\",\"Jubil\u00e4um\",\"Klaus Iohannis\",\"Miami\",\"Ministerpr\u00e4sident\",\"Nachrichtendienst\",\"Niculescu\",\"Ostern\",\"Pr\u00e4sident\",\"Prepaid-Karten\",\"Risiko\",\"Rum\u00e4nien\",\"Siebenb\u00fcrgen\",\"tennis\",\"Terroranschlag\",\"Vereinigung\",\"Westkirche\",\"wta\"],\"articleSection\":[\"Newsflash\"],\"inLanguage\":\"de\"},{\"@type\":\"WebPage\",\"@id\":\"https:\\\/\\\/www.rri.ro\\\/de\\\/aktuell\\\/newsflash-de\\\/nachrichten-27-03-2016-id632019.html\",\"url\":\"https:\\\/\\\/www.rri.ro\\\/de\\\/aktuell\\\/newsflash-de\\\/nachrichten-27-03-2016-id632019.html\",\"name\":\"Nachrichten 27.03.2016 - Radio Rum\u00e4nien International\",\"isPartOf\":{\"@id\":\"https:\\\/\\\/www.rri.ro\\\/#website\"},\"primaryImageOfPage\":{\"@id\":\"https:\\\/\\\/www.rri.ro\\\/de\\\/aktuell\\\/newsflash-de\\\/nachrichten-27-03-2016-id632019.html#primaryimage\"},\"image\":{\"@id\":\"https:\\\/\\\/www.rri.ro\\\/de\\\/aktuell\\\/newsflash-de\\\/nachrichten-27-03-2016-id632019.html#primaryimage\"},\"thumbnailUrl\":\"https:\\\/\\\/www.rri.ro\\\/wp-content\\\/uploads\\\/2024\\\/02\\\/stiri-germana-ok.png\",\"datePublished\":\"2016-03-27T17:24:00+00:00\",\"author\":{\"@id\":\"https:\\\/\\\/www.rri.ro\\\/#\\\/schema\\\/person\\\/4a479940371b9fdefd194f561e8a7f88\"},\"breadcrumb\":{\"@id\":\"https:\\\/\\\/www.rri.ro\\\/de\\\/aktuell\\\/newsflash-de\\\/nachrichten-27-03-2016-id632019.html#breadcrumb\"},\"inLanguage\":\"de\",\"potentialAction\":[{\"@type\":\"ReadAction\",\"target\":[\"https:\\\/\\\/www.rri.ro\\\/de\\\/aktuell\\\/newsflash-de\\\/nachrichten-27-03-2016-id632019.html\"]}]},{\"@type\":\"ImageObject\",\"inLanguage\":\"de\",\"@id\":\"https:\\\/\\\/www.rri.ro\\\/de\\\/aktuell\\\/newsflash-de\\\/nachrichten-27-03-2016-id632019.html#primaryimage\",\"url\":\"https:\\\/\\\/www.rri.ro\\\/wp-content\\\/uploads\\\/2024\\\/02\\\/stiri-germana-ok.png\",\"contentUrl\":\"https:\\\/\\\/www.rri.ro\\\/wp-content\\\/uploads\\\/2024\\\/02\\\/stiri-germana-ok.png\",\"width\":640,\"height\":480},{\"@type\":\"BreadcrumbList\",\"@id\":\"https:\\\/\\\/www.rri.ro\\\/de\\\/aktuell\\\/newsflash-de\\\/nachrichten-27-03-2016-id632019.html#breadcrumb\",\"itemListElement\":[{\"@type\":\"ListItem\",\"position\":1,\"name\":\"Startseite\",\"item\":\"https:\\\/\\\/www.rri.ro\\\/de\"},{\"@type\":\"ListItem\",\"position\":2,\"name\":\"Aktuell\",\"item\":\"https:\\\/\\\/www.rri.ro\\\/de\\\/aktuell\"},{\"@type\":\"ListItem\",\"position\":3,\"name\":\"Newsflash\",\"item\":\"https:\\\/\\\/www.rri.ro\\\/de\\\/aktuell\\\/newsflash-de\"},{\"@type\":\"ListItem\",\"position\":4,\"name\":\"Nachrichten 27.03.2016\"}]},{\"@type\":\"WebSite\",\"@id\":\"https:\\\/\\\/www.rri.ro\\\/#website\",\"url\":\"https:\\\/\\\/www.rri.ro\\\/\",\"name\":\"Radio Rum\u00e4nien International\",\"description\":\"Totul despre Rom\u00e2nia \u015fi rom\u00e2ni, \u00een 13 limbi\\\/dialecte!\",\"inLanguage\":\"de\"},{\"@type\":\"Person\",\"@id\":\"https:\\\/\\\/www.rri.ro\\\/#\\\/schema\\\/person\\\/4a479940371b9fdefd194f561e8a7f88\",\"name\":\"Newsroom\",\"url\":\"https:\\\/\\\/www.rri.ro\\\/de\\\/author\\\/newsroom\"}]}<\/script>\n<!-- \/ Yoast SEO plugin. -->","yoast_head_json":{"title":"Nachrichten 27.03.2016 - Radio Rum\u00e4nien International","robots":{"index":"index","follow":"follow","max-snippet":"max-snippet:-1","max-image-preview":"max-image-preview:large","max-video-preview":"max-video-preview:-1"},"canonical":"https:\/\/www.rri.ro\/de\/aktuell\/newsflash-de\/nachrichten-27-03-2016-id632019.html","og_locale":"de_DE","og_type":"article","og_title":"Nachrichten 27.03.2016 - Radio Rum\u00e4nien International","og_description":"Die wichtigsten Nachrichten des Tages im \u00dcberblick","og_url":"https:\/\/www.rri.ro\/de\/aktuell\/newsflash-de\/nachrichten-27-03-2016-id632019.html","og_site_name":"Radio Rum\u00e4nien International","article_published_time":"2016-03-27T17:24:00+00:00","og_image":[{"width":640,"height":480,"url":"https:\/\/www.rri.ro\/wp-content\/uploads\/2024\/02\/stiri-germana-ok.png","type":"image\/png"}],"author":"Newsroom","twitter_card":"summary_large_image","twitter_misc":{"Verfasst von":"Newsroom","Gesch\u00e4tzte Lesezeit":"3\u00a0Minuten","Written by":"Newsroom"},"schema":{"@context":"https:\/\/schema.org","@graph":[{"@type":"Article","@id":"https:\/\/www.rri.ro\/de\/aktuell\/newsflash-de\/nachrichten-27-03-2016-id632019.html#article","isPartOf":{"@id":"https:\/\/www.rri.ro\/de\/aktuell\/newsflash-de\/nachrichten-27-03-2016-id632019.html"},"author":{"name":"Newsroom","@id":"https:\/\/www.rri.ro\/#\/schema\/person\/4a479940371b9fdefd194f561e8a7f88"},"headline":"Nachrichten 27.03.2016","datePublished":"2016-03-27T17:24:00+00:00","mainEntityOfPage":{"@id":"https:\/\/www.rri.ro\/de\/aktuell\/newsflash-de\/nachrichten-27-03-2016-id632019.html"},"wordCount":549,"image":{"@id":"https:\/\/www.rri.ro\/de\/aktuell\/newsflash-de\/nachrichten-27-03-2016-id632019.html#primaryimage"},"thumbnailUrl":"https:\/\/www.rri.ro\/wp-content\/uploads\/2024\/02\/stiri-germana-ok.png","keywords":["Begu","Bessarabien","Halep","Jahrestag","Jubil\u00e4um","Klaus Iohannis","Miami","Ministerpr\u00e4sident","Nachrichtendienst","Niculescu","Ostern","Pr\u00e4sident","Prepaid-Karten","Risiko","Rum\u00e4nien","Siebenb\u00fcrgen","tennis","Terroranschlag","Vereinigung","Westkirche","wta"],"articleSection":["Newsflash"],"inLanguage":"de"},{"@type":"WebPage","@id":"https:\/\/www.rri.ro\/de\/aktuell\/newsflash-de\/nachrichten-27-03-2016-id632019.html","url":"https:\/\/www.rri.ro\/de\/aktuell\/newsflash-de\/nachrichten-27-03-2016-id632019.html","name":"Nachrichten 27.03.2016 - Radio Rum\u00e4nien International","isPartOf":{"@id":"https:\/\/www.rri.ro\/#website"},"primaryImageOfPage":{"@id":"https:\/\/www.rri.ro\/de\/aktuell\/newsflash-de\/nachrichten-27-03-2016-id632019.html#primaryimage"},"image":{"@id":"https:\/\/www.rri.ro\/de\/aktuell\/newsflash-de\/nachrichten-27-03-2016-id632019.html#primaryimage"},"thumbnailUrl":"https:\/\/www.rri.ro\/wp-content\/uploads\/2024\/02\/stiri-germana-ok.png","datePublished":"2016-03-27T17:24:00+00:00","author":{"@id":"https:\/\/www.rri.ro\/#\/schema\/person\/4a479940371b9fdefd194f561e8a7f88"},"breadcrumb":{"@id":"https:\/\/www.rri.ro\/de\/aktuell\/newsflash-de\/nachrichten-27-03-2016-id632019.html#breadcrumb"},"inLanguage":"de","potentialAction":[{"@type":"ReadAction","target":["https:\/\/www.rri.ro\/de\/aktuell\/newsflash-de\/nachrichten-27-03-2016-id632019.html"]}]},{"@type":"ImageObject","inLanguage":"de","@id":"https:\/\/www.rri.ro\/de\/aktuell\/newsflash-de\/nachrichten-27-03-2016-id632019.html#primaryimage","url":"https:\/\/www.rri.ro\/wp-content\/uploads\/2024\/02\/stiri-germana-ok.png","contentUrl":"https:\/\/www.rri.ro\/wp-content\/uploads\/2024\/02\/stiri-germana-ok.png","width":640,"height":480},{"@type":"BreadcrumbList","@id":"https:\/\/www.rri.ro\/de\/aktuell\/newsflash-de\/nachrichten-27-03-2016-id632019.html#breadcrumb","itemListElement":[{"@type":"ListItem","position":1,"name":"Startseite","item":"https:\/\/www.rri.ro\/de"},{"@type":"ListItem","position":2,"name":"Aktuell","item":"https:\/\/www.rri.ro\/de\/aktuell"},{"@type":"ListItem","position":3,"name":"Newsflash","item":"https:\/\/www.rri.ro\/de\/aktuell\/newsflash-de"},{"@type":"ListItem","position":4,"name":"Nachrichten 27.03.2016"}]},{"@type":"WebSite","@id":"https:\/\/www.rri.ro\/#website","url":"https:\/\/www.rri.ro\/","name":"Radio Rum\u00e4nien International","description":"Totul despre Rom\u00e2nia \u015fi rom\u00e2ni, \u00een 13 limbi\/dialecte!","inLanguage":"de"},{"@type":"Person","@id":"https:\/\/www.rri.ro\/#\/schema\/person\/4a479940371b9fdefd194f561e8a7f88","name":"Newsroom","url":"https:\/\/www.rri.ro\/de\/author\/newsroom"}]}},"_links":{"self":[{"href":"https:\/\/www.rri.ro\/de\/wp-json\/wp\/v2\/posts\/632019","targetHints":{"allow":["GET"]}}],"collection":[{"href":"https:\/\/www.rri.ro\/de\/wp-json\/wp\/v2\/posts"}],"about":[{"href":"https:\/\/www.rri.ro\/de\/wp-json\/wp\/v2\/types\/post"}],"author":[{"embeddable":true,"href":"https:\/\/www.rri.ro\/de\/wp-json\/wp\/v2\/users\/113"}],"replies":[{"embeddable":true,"href":"https:\/\/www.rri.ro\/de\/wp-json\/wp\/v2\/comments?post=632019"}],"version-history":[{"count":0,"href":"https:\/\/www.rri.ro\/de\/wp-json\/wp\/v2\/posts\/632019\/revisions"}],"wp:featuredmedia":[{"embeddable":true,"href":"https:\/\/www.rri.ro\/de\/wp-json\/wp\/v2\/media\/631911"}],"wp:attachment":[{"href":"https:\/\/www.rri.ro\/de\/wp-json\/wp\/v2\/media?parent=632019"}],"wp:term":[{"taxonomy":"category","embeddable":true,"href":"https:\/\/www.rri.ro\/de\/wp-json\/wp\/v2\/categories?post=632019"},{"taxonomy":"post_tag","embeddable":true,"href":"https:\/\/www.rri.ro\/de\/wp-json\/wp\/v2\/tags?post=632019"},{"taxonomy":"author","embeddable":true,"href":"https:\/\/www.rri.ro\/de\/wp-json\/wp\/v2\/coauthors?post=632019"}],"curies":[{"name":"wp","href":"https:\/\/api.w.org\/{rel}","templated":true}]}}