{"id":632036,"date":"2016-04-12T20:07:00","date_gmt":"2016-04-12T17:07:00","guid":{"rendered":"http:\/\/devrri.freshlemon.ro\/aktuell\/nachrichten-12-04-2016-id632036.html"},"modified":"2016-04-12T20:07:00","modified_gmt":"2016-04-12T17:07:00","slug":"nachrichten-12-04-2016","status":"publish","type":"post","link":"https:\/\/www.rri.ro\/de\/aktuell\/newsflash-de\/nachrichten-12-04-2016-id632036.html","title":{"rendered":"Nachrichten 12.04.2016"},"content":{"rendered":"<p><strong>Bukarest:<\/strong> Rum\u00e4niens Pr\u00e4sident Klaus Iohannis hat in Bukarest mit Vertretern der Sozial-Demokraten, der Liberalen sowie der Demokratischen Union der Ungarn in Rum\u00e4nien UDMR die Beratungen zum Thema nationale Sicherheit eingeleitet. Diskutiert wurde in diesem Kontext \u00fcber das Gesetzespaket, das das Antiterrorgesetz, das Gesetz \u00fcber Guthabenkarten und das Gesetz \u00fcber Cyber-Sicherheit enth\u00e4lt. Der rum\u00e4nische Staatschef m\u00f6chte mit den politischen Parteien einen Konsens in dieser Frage erreichen, bevor \u00f6ffentliche Debatten organisiert werden. Themenschwerpunkte bildeten zudem das Gesetz f\u00fcr nationale Sicherheit, das Gesetz \u00fcber den Status des Milit\u00e4rpersonals sowie die Gesetze des Dienstes f\u00fcr Au\u200e\u00dfeninformationen SIE und des Nachrichtendienstes SRI. Die Vertreter der drei politischen Parteien haben sich daf\u00fcr ge\u00e4u\u200e\u00dfert, dass ein Gleichgewicht zwischen dem Bed\u00fcrfnis nach Sicherheit und der Beachtung der Grundmenschenrechte erreicht werde. Pr\u00e4sident Iohannis hatte neulich darauf aufmerksam gemacht, dass das Gesetz f\u00fcr nationale Sicherheit ge\u00e4ndert werden m\u00fcsse, da sie an den aktuellen geoplitischen Kontext nicht angepasst worden sei. Am Mittwoch soll der Staatschef weitere Beratungen mit Vertretern des Nationalen Verbands f\u00fcr den Fortschritt Rum\u00e4niens UNPR, der Allianz der Liberalen und Demokraten ALDE und der nationalen Minderheiten f\u00fchren.<\/p>\n<p>&#13;<br \/>\n&#13;<\/p>\n<p>&#13;<br \/>\n&#13;<\/p>\n<p><strong>Bukarest: <\/strong>Der IWF hat die Prognose der rum\u00e4nischen Wirtschaft f\u00fcr dieses Jahr auf 4,2% von im Oktober letzten Jahres gesch\u00e4tzte 3,9% nach oben \u00fcberarbeitet. Dies Verlautet aus dem dienst\u00e4gigen Bericht der Finanzinstitution. Laut den IWF-Prognosen sei Irland das einzige europ\u00e4ische Land, das dieses Jahr ein h\u00f6heres Wachstum als Rum\u00e4nien, von 5%, verzeichnet. Der Fonds warnt, dass der Steigerungshoch, den Rum\u00e4nien dieses Jahr verzeichnen wird, von einer Verlangsamung bis auf 3,6% 2017 gefolgt werden wird. Dennoch wird Rum\u00e4nien n\u00e4chstes Jahr einen der h\u00f6chsten Wachstumsrhythmen in Europa verzeichen, gleich wie Irland, Lettland und Polen.<\/p>\n<p>&#13;<br \/>\n&#13;<\/p>\n<p>&#13;<br \/>\n&#13;<\/p>\n<p><strong>Bukarest: <\/strong>Der rum\u00e4nische Staat ist erneut von dem Europ\u00e4ischen Gerichtshof f\u00fcr Menschenrechte verklagt worden und muss infolgedessen Entsch\u00e4digungen im Wert von 675.000 Euro zahlen. Vor dem Europ\u00e4ischen Gerichtshof f\u00fcr Menschenrechte hatten 45 rum\u00e4nische Staatsb\u00fcrger geklagt, dass keine Ermittlungen in der Akte der blutigen Revolution von 1989 eingeleitet wurden. 17 Kl\u00e4gern, Hintrebliebenen von Opfern des Aufstands wurden 15.000 Euro Entsch\u00e4digungen zugesprochen. 2014 wurden die Gerichtsverfahren beim Europ\u00e4ischen Gerichtshof f\u00fcr Menschenrechte er\u00f6ffnet, in denen dar\u00fcber geklagt wird, dass die Ermittlung der Milit\u00e4rstaatsanw\u00e4lte verz\u00f6gert wurde. Die entsprechende Akte wurde heute bei dem europ\u00e4ischen Gerichtshof zu Ende gebracht. Vorige Woche hatte die rum\u00e4nische Justiz die sogennante Revolutionakte wieder err\u00f6ffnet, in der \u00fcber die Ereignisse ermittelt wird, die 1989 zum Sturz des kommunistischen Regimes f\u00fchrten. Laut offiziellen Angaben, sind bei der blutigen Revolution von 1989 1.100 Menschen gestorben, 3.000 wurden verletzt.<\/p>\n<p>&#13;<br \/>\n&#13;<\/p>\n<p>&#13;<br \/>\n&#13;<\/p>\n<p><strong>Bukarest:<\/strong> Die Leitung der wichtigsten b\u00fcrgerlichen Partei Rum\u00e4niens, der national-liberalen hat am Dienstag einen neuen Kandidaten f\u00fcr das Amt des Oberb\u00fcrgermeisters von Bukarest in der Person von Marian Munteanu ernannt, nachdem Ludovic Orban sich aus dem Rennen zur\u00fcckgezogen hat. Marian Munteanu ist Vertreter der Zivilgesellschaft, ein Symbol der 90er Jahre, einer der Anf\u00fchrer der damaligen antikommunistischen Studentenbewegung. Laut eigener Aussage, werde Orban aus dem Amt des Vizepr\u00e4sidenten der national-liberalen Partei und des Vizevorsitzenden der Abgeordnetenkammer zur\u00fccktreten, nachdem er unter gerichtliche Kontrolle gestellt worden ist. Gegen ihn laufen Ermittlungen der Antikorruptionsbeh\u00f6rde DNA wegen Korruption. Laut den DNA-Staatsanw\u00e4lten soll Ludovic Orban vorigen Monat 50.000 Euro von einem Gesch\u00e4ftsmann verlangt haben; das Geld war f\u00fcr einige Entscheidungstr\u00e4ger bei zwei Fernsehsendern bestimmt, als Bezahlung f\u00fcr Wahlwerbung und Imagef\u00f6rderung des Kandidaten Ludovic Orban im Wahlkampf um das Amt des Oberb\u00fcrgermeisters von Bukarest bei den Kommunalwahlen am 5. Juni.<\/p>\n<p>&#13;<br \/>\n&#13;<\/p>\n<p>&#13;<br \/>\n&#13;<\/p>\n<p><strong>Bukarest: <\/strong>Am Dienstag habenrund 60 Bauarbeiter und Mitarbeiter des s\u00fcdwestrum\u00e4nischen Energiekomplexes Oltenia ihren Protestmarsch nach Bukarest fortgesetzt. Sie sind 300 Kilometer zu Fu\u200e\u00df unterwegs, um vor dem Bukarester Regierungsgeb\u00e4ude zu protestieren. Die Bergarbeiter, die meisten von ihnen Mitglieder der Gewerkschaften in der Energiebranche, sind mit dem geplanten Personalabbau unzufrieden, infolgedessen im kommenden Sommer 2.000 von ihnen ihre Arbeitsstellen verlieren werden. Mit dem sogenannten Marsch der Verzweiflung\u201d machen die Gewerkschaftler die Bukarester Beh\u00f6rden zudem darauf aufmerskam, dass die geltenden Bestimmungen auf dem einheimischen Energiemarkt ge\u00e4ndert werden sollen. Der Energiekomplex Oltenia ist eines der rum\u00e4nischen Staatsunternehmen, die riesige Verluste verzeichnen, selbst wenn der Stromerzeuger vor vier Jahren Profit erzielte. Der Komplex k\u00f6nne laut Experten rund 30% des Stroms auf dem rum\u00e4nischen Energiemarkt erzeugen, die Angebotspreise sind dennoch drei mal gr\u00f6\u200e\u00dfer als die Nachfrage. <\/p>\n<p>&#13;<\/p>\n","protected":false},"excerpt":{"rendered":"<p>Die wichtigsten Nachrichten des Tages im \u00dcberblick<\/p>\n","protected":false},"author":113,"featured_media":631911,"comment_status":"closed","ping_status":"closed","sticky":false,"template":"","format":"standard","meta":{"_acf_changed":false,"footnotes":""},"categories":[116753],"tags":[101925,99692,99590,28945,103224,102699,30174,102672,99620],"coauthors":[],"class_list":["post-632036","post","type-post","status-publish","format-standard","has-post-thumbnail","hentry","category-newsflash-de","tag-beratungen","tag-europaeischer-gerichtshof-fuer-menschenrechte","tag-iwf","tag-klaus-iohannis","tag-landessicherheit","tag-lokalwahlen","tag-marian-munteanu","tag-protestaktion","tag-wirtschaftswachstum"],"acf":[],"yoast_head":"<!-- This site is optimized with the Yoast SEO plugin v27.5 - https:\/\/yoast.com\/product\/yoast-seo-wordpress\/ -->\n<title>Nachrichten 12.04.2016 - Radio Rum\u00e4nien International<\/title>\n<meta name=\"robots\" content=\"index, follow, max-snippet:-1, max-image-preview:large, max-video-preview:-1\" \/>\n<link rel=\"canonical\" href=\"https:\/\/www.rri.ro\/de\/aktuell\/newsflash-de\/nachrichten-12-04-2016-id632036.html\" \/>\n<meta property=\"og:locale\" content=\"de_DE\" \/>\n<meta property=\"og:type\" content=\"article\" \/>\n<meta property=\"og:title\" content=\"Nachrichten 12.04.2016 - Radio Rum\u00e4nien International\" \/>\n<meta property=\"og:description\" content=\"Die wichtigsten Nachrichten des Tages im \u00dcberblick\" \/>\n<meta property=\"og:url\" content=\"https:\/\/www.rri.ro\/de\/aktuell\/newsflash-de\/nachrichten-12-04-2016-id632036.html\" \/>\n<meta property=\"og:site_name\" content=\"Radio Rum\u00e4nien International\" \/>\n<meta property=\"article:published_time\" content=\"2016-04-12T17:07:00+00:00\" \/>\n<meta property=\"og:image\" content=\"https:\/\/www.rri.ro\/wp-content\/uploads\/2024\/02\/stiri-germana-ok.png\" \/>\n\t<meta property=\"og:image:width\" content=\"640\" \/>\n\t<meta property=\"og:image:height\" content=\"480\" \/>\n\t<meta property=\"og:image:type\" content=\"image\/png\" \/>\n<meta name=\"author\" content=\"Newsroom\" \/>\n<meta name=\"twitter:card\" content=\"summary_large_image\" \/>\n<meta name=\"twitter:label1\" content=\"Verfasst von\" \/>\n\t<meta name=\"twitter:data1\" content=\"Newsroom\" \/>\n\t<meta name=\"twitter:label2\" content=\"Gesch\u00e4tzte Lesezeit\" \/>\n\t<meta name=\"twitter:data2\" content=\"4\u00a0Minuten\" \/>\n\t<meta name=\"twitter:label3\" content=\"Written by\" \/>\n\t<meta name=\"twitter:data3\" content=\"Newsroom\" \/>\n<script type=\"application\/ld+json\" class=\"yoast-schema-graph\">{\"@context\":\"https:\\\/\\\/schema.org\",\"@graph\":[{\"@type\":\"Article\",\"@id\":\"https:\\\/\\\/www.rri.ro\\\/de\\\/aktuell\\\/newsflash-de\\\/nachrichten-12-04-2016-id632036.html#article\",\"isPartOf\":{\"@id\":\"https:\\\/\\\/www.rri.ro\\\/de\\\/aktuell\\\/newsflash-de\\\/nachrichten-12-04-2016-id632036.html\"},\"author\":{\"name\":\"Newsroom\",\"@id\":\"https:\\\/\\\/www.rri.ro\\\/#\\\/schema\\\/person\\\/4a479940371b9fdefd194f561e8a7f88\"},\"headline\":\"Nachrichten 12.04.2016\",\"datePublished\":\"2016-04-12T17:07:00+00:00\",\"mainEntityOfPage\":{\"@id\":\"https:\\\/\\\/www.rri.ro\\\/de\\\/aktuell\\\/newsflash-de\\\/nachrichten-12-04-2016-id632036.html\"},\"wordCount\":738,\"image\":{\"@id\":\"https:\\\/\\\/www.rri.ro\\\/de\\\/aktuell\\\/newsflash-de\\\/nachrichten-12-04-2016-id632036.html#primaryimage\"},\"thumbnailUrl\":\"https:\\\/\\\/www.rri.ro\\\/wp-content\\\/uploads\\\/2024\\\/02\\\/stiri-germana-ok.png\",\"keywords\":[\"Beratungen\",\"Europ\u00e4ischer Gerichtshof f\u00fcr Menschenrechte\",\"IWF\",\"Klaus Iohannis\",\"Landessicherheit\",\"Lokalwahlen\",\"Marian Munteanu\",\"Protestaktion\",\"Wirtschaftswachstum\"],\"articleSection\":[\"Newsflash\"],\"inLanguage\":\"de\"},{\"@type\":\"WebPage\",\"@id\":\"https:\\\/\\\/www.rri.ro\\\/de\\\/aktuell\\\/newsflash-de\\\/nachrichten-12-04-2016-id632036.html\",\"url\":\"https:\\\/\\\/www.rri.ro\\\/de\\\/aktuell\\\/newsflash-de\\\/nachrichten-12-04-2016-id632036.html\",\"name\":\"Nachrichten 12.04.2016 - Radio Rum\u00e4nien International\",\"isPartOf\":{\"@id\":\"https:\\\/\\\/www.rri.ro\\\/#website\"},\"primaryImageOfPage\":{\"@id\":\"https:\\\/\\\/www.rri.ro\\\/de\\\/aktuell\\\/newsflash-de\\\/nachrichten-12-04-2016-id632036.html#primaryimage\"},\"image\":{\"@id\":\"https:\\\/\\\/www.rri.ro\\\/de\\\/aktuell\\\/newsflash-de\\\/nachrichten-12-04-2016-id632036.html#primaryimage\"},\"thumbnailUrl\":\"https:\\\/\\\/www.rri.ro\\\/wp-content\\\/uploads\\\/2024\\\/02\\\/stiri-germana-ok.png\",\"datePublished\":\"2016-04-12T17:07:00+00:00\",\"author\":{\"@id\":\"https:\\\/\\\/www.rri.ro\\\/#\\\/schema\\\/person\\\/4a479940371b9fdefd194f561e8a7f88\"},\"breadcrumb\":{\"@id\":\"https:\\\/\\\/www.rri.ro\\\/de\\\/aktuell\\\/newsflash-de\\\/nachrichten-12-04-2016-id632036.html#breadcrumb\"},\"inLanguage\":\"de\",\"potentialAction\":[{\"@type\":\"ReadAction\",\"target\":[\"https:\\\/\\\/www.rri.ro\\\/de\\\/aktuell\\\/newsflash-de\\\/nachrichten-12-04-2016-id632036.html\"]}]},{\"@type\":\"ImageObject\",\"inLanguage\":\"de\",\"@id\":\"https:\\\/\\\/www.rri.ro\\\/de\\\/aktuell\\\/newsflash-de\\\/nachrichten-12-04-2016-id632036.html#primaryimage\",\"url\":\"https:\\\/\\\/www.rri.ro\\\/wp-content\\\/uploads\\\/2024\\\/02\\\/stiri-germana-ok.png\",\"contentUrl\":\"https:\\\/\\\/www.rri.ro\\\/wp-content\\\/uploads\\\/2024\\\/02\\\/stiri-germana-ok.png\",\"width\":640,\"height\":480},{\"@type\":\"BreadcrumbList\",\"@id\":\"https:\\\/\\\/www.rri.ro\\\/de\\\/aktuell\\\/newsflash-de\\\/nachrichten-12-04-2016-id632036.html#breadcrumb\",\"itemListElement\":[{\"@type\":\"ListItem\",\"position\":1,\"name\":\"Startseite\",\"item\":\"https:\\\/\\\/www.rri.ro\\\/de\"},{\"@type\":\"ListItem\",\"position\":2,\"name\":\"Aktuell\",\"item\":\"https:\\\/\\\/www.rri.ro\\\/de\\\/aktuell\"},{\"@type\":\"ListItem\",\"position\":3,\"name\":\"Newsflash\",\"item\":\"https:\\\/\\\/www.rri.ro\\\/de\\\/aktuell\\\/newsflash-de\"},{\"@type\":\"ListItem\",\"position\":4,\"name\":\"Nachrichten 12.04.2016\"}]},{\"@type\":\"WebSite\",\"@id\":\"https:\\\/\\\/www.rri.ro\\\/#website\",\"url\":\"https:\\\/\\\/www.rri.ro\\\/\",\"name\":\"Radio Rum\u00e4nien International\",\"description\":\"Totul despre Rom\u00e2nia \u015fi rom\u00e2ni, \u00een 13 limbi\\\/dialecte!\",\"inLanguage\":\"de\"},{\"@type\":\"Person\",\"@id\":\"https:\\\/\\\/www.rri.ro\\\/#\\\/schema\\\/person\\\/4a479940371b9fdefd194f561e8a7f88\",\"name\":\"Newsroom\",\"url\":\"https:\\\/\\\/www.rri.ro\\\/de\\\/author\\\/newsroom\"}]}<\/script>\n<!-- \/ Yoast SEO plugin. -->","yoast_head_json":{"title":"Nachrichten 12.04.2016 - Radio Rum\u00e4nien International","robots":{"index":"index","follow":"follow","max-snippet":"max-snippet:-1","max-image-preview":"max-image-preview:large","max-video-preview":"max-video-preview:-1"},"canonical":"https:\/\/www.rri.ro\/de\/aktuell\/newsflash-de\/nachrichten-12-04-2016-id632036.html","og_locale":"de_DE","og_type":"article","og_title":"Nachrichten 12.04.2016 - Radio Rum\u00e4nien International","og_description":"Die wichtigsten Nachrichten des Tages im \u00dcberblick","og_url":"https:\/\/www.rri.ro\/de\/aktuell\/newsflash-de\/nachrichten-12-04-2016-id632036.html","og_site_name":"Radio Rum\u00e4nien International","article_published_time":"2016-04-12T17:07:00+00:00","og_image":[{"width":640,"height":480,"url":"https:\/\/www.rri.ro\/wp-content\/uploads\/2024\/02\/stiri-germana-ok.png","type":"image\/png"}],"author":"Newsroom","twitter_card":"summary_large_image","twitter_misc":{"Verfasst von":"Newsroom","Gesch\u00e4tzte Lesezeit":"4\u00a0Minuten","Written by":"Newsroom"},"schema":{"@context":"https:\/\/schema.org","@graph":[{"@type":"Article","@id":"https:\/\/www.rri.ro\/de\/aktuell\/newsflash-de\/nachrichten-12-04-2016-id632036.html#article","isPartOf":{"@id":"https:\/\/www.rri.ro\/de\/aktuell\/newsflash-de\/nachrichten-12-04-2016-id632036.html"},"author":{"name":"Newsroom","@id":"https:\/\/www.rri.ro\/#\/schema\/person\/4a479940371b9fdefd194f561e8a7f88"},"headline":"Nachrichten 12.04.2016","datePublished":"2016-04-12T17:07:00+00:00","mainEntityOfPage":{"@id":"https:\/\/www.rri.ro\/de\/aktuell\/newsflash-de\/nachrichten-12-04-2016-id632036.html"},"wordCount":738,"image":{"@id":"https:\/\/www.rri.ro\/de\/aktuell\/newsflash-de\/nachrichten-12-04-2016-id632036.html#primaryimage"},"thumbnailUrl":"https:\/\/www.rri.ro\/wp-content\/uploads\/2024\/02\/stiri-germana-ok.png","keywords":["Beratungen","Europ\u00e4ischer Gerichtshof f\u00fcr Menschenrechte","IWF","Klaus Iohannis","Landessicherheit","Lokalwahlen","Marian Munteanu","Protestaktion","Wirtschaftswachstum"],"articleSection":["Newsflash"],"inLanguage":"de"},{"@type":"WebPage","@id":"https:\/\/www.rri.ro\/de\/aktuell\/newsflash-de\/nachrichten-12-04-2016-id632036.html","url":"https:\/\/www.rri.ro\/de\/aktuell\/newsflash-de\/nachrichten-12-04-2016-id632036.html","name":"Nachrichten 12.04.2016 - Radio Rum\u00e4nien International","isPartOf":{"@id":"https:\/\/www.rri.ro\/#website"},"primaryImageOfPage":{"@id":"https:\/\/www.rri.ro\/de\/aktuell\/newsflash-de\/nachrichten-12-04-2016-id632036.html#primaryimage"},"image":{"@id":"https:\/\/www.rri.ro\/de\/aktuell\/newsflash-de\/nachrichten-12-04-2016-id632036.html#primaryimage"},"thumbnailUrl":"https:\/\/www.rri.ro\/wp-content\/uploads\/2024\/02\/stiri-germana-ok.png","datePublished":"2016-04-12T17:07:00+00:00","author":{"@id":"https:\/\/www.rri.ro\/#\/schema\/person\/4a479940371b9fdefd194f561e8a7f88"},"breadcrumb":{"@id":"https:\/\/www.rri.ro\/de\/aktuell\/newsflash-de\/nachrichten-12-04-2016-id632036.html#breadcrumb"},"inLanguage":"de","potentialAction":[{"@type":"ReadAction","target":["https:\/\/www.rri.ro\/de\/aktuell\/newsflash-de\/nachrichten-12-04-2016-id632036.html"]}]},{"@type":"ImageObject","inLanguage":"de","@id":"https:\/\/www.rri.ro\/de\/aktuell\/newsflash-de\/nachrichten-12-04-2016-id632036.html#primaryimage","url":"https:\/\/www.rri.ro\/wp-content\/uploads\/2024\/02\/stiri-germana-ok.png","contentUrl":"https:\/\/www.rri.ro\/wp-content\/uploads\/2024\/02\/stiri-germana-ok.png","width":640,"height":480},{"@type":"BreadcrumbList","@id":"https:\/\/www.rri.ro\/de\/aktuell\/newsflash-de\/nachrichten-12-04-2016-id632036.html#breadcrumb","itemListElement":[{"@type":"ListItem","position":1,"name":"Startseite","item":"https:\/\/www.rri.ro\/de"},{"@type":"ListItem","position":2,"name":"Aktuell","item":"https:\/\/www.rri.ro\/de\/aktuell"},{"@type":"ListItem","position":3,"name":"Newsflash","item":"https:\/\/www.rri.ro\/de\/aktuell\/newsflash-de"},{"@type":"ListItem","position":4,"name":"Nachrichten 12.04.2016"}]},{"@type":"WebSite","@id":"https:\/\/www.rri.ro\/#website","url":"https:\/\/www.rri.ro\/","name":"Radio Rum\u00e4nien International","description":"Totul despre Rom\u00e2nia \u015fi rom\u00e2ni, \u00een 13 limbi\/dialecte!","inLanguage":"de"},{"@type":"Person","@id":"https:\/\/www.rri.ro\/#\/schema\/person\/4a479940371b9fdefd194f561e8a7f88","name":"Newsroom","url":"https:\/\/www.rri.ro\/de\/author\/newsroom"}]}},"_links":{"self":[{"href":"https:\/\/www.rri.ro\/de\/wp-json\/wp\/v2\/posts\/632036","targetHints":{"allow":["GET"]}}],"collection":[{"href":"https:\/\/www.rri.ro\/de\/wp-json\/wp\/v2\/posts"}],"about":[{"href":"https:\/\/www.rri.ro\/de\/wp-json\/wp\/v2\/types\/post"}],"author":[{"embeddable":true,"href":"https:\/\/www.rri.ro\/de\/wp-json\/wp\/v2\/users\/113"}],"replies":[{"embeddable":true,"href":"https:\/\/www.rri.ro\/de\/wp-json\/wp\/v2\/comments?post=632036"}],"version-history":[{"count":0,"href":"https:\/\/www.rri.ro\/de\/wp-json\/wp\/v2\/posts\/632036\/revisions"}],"wp:featuredmedia":[{"embeddable":true,"href":"https:\/\/www.rri.ro\/de\/wp-json\/wp\/v2\/media\/631911"}],"wp:attachment":[{"href":"https:\/\/www.rri.ro\/de\/wp-json\/wp\/v2\/media?parent=632036"}],"wp:term":[{"taxonomy":"category","embeddable":true,"href":"https:\/\/www.rri.ro\/de\/wp-json\/wp\/v2\/categories?post=632036"},{"taxonomy":"post_tag","embeddable":true,"href":"https:\/\/www.rri.ro\/de\/wp-json\/wp\/v2\/tags?post=632036"},{"taxonomy":"author","embeddable":true,"href":"https:\/\/www.rri.ro\/de\/wp-json\/wp\/v2\/coauthors?post=632036"}],"curies":[{"name":"wp","href":"https:\/\/api.w.org\/{rel}","templated":true}]}}