{"id":632090,"date":"2016-06-07T21:22:00","date_gmt":"2016-06-07T18:22:00","guid":{"rendered":"http:\/\/devrri.freshlemon.ro\/aktuell\/nachrichten-07-06-2016-id632090.html"},"modified":"2016-06-07T21:22:00","modified_gmt":"2016-06-07T18:22:00","slug":"nachrichten-07-06-2016","status":"publish","type":"post","link":"https:\/\/www.rri.ro\/de\/aktuell\/newsflash-de\/nachrichten-07-06-2016-id632090.html","title":{"rendered":"Nachrichten 07.06.2016"},"content":{"rendered":"<p>Tausende Landwirte haben am Dienstag vor dem Parlamentspalast in Bukarest gegen die verz\u00f6gerte Auszahlung von Subventionen und den Aufschub wichtiger Gesetze im Agrarbereich protestiert. Die Landwirte fordern zudem eine bessere Steuerpolitik und r\u00fcgen einen mutma\u00dflichen staatlichen Missbrauch der Steuerbeh\u00f6rden. Sie wollen, dass die Bukarester Regierung dem Verkauf von Agrarland an ausl\u00e4ndische B\u00fcrger umgehend ein Ende setzt. Auch sollen die Kennzeichnung von Nahrungsmitteln und der Verkauf rum\u00e4nischer Produkte in Superm\u00e4rkten gesetzlich reguliert werden.<\/p>\n<p>&#13;<br \/>\n&#13;<\/p>\n<p>Rum\u00e4nien hat nach Eurostat-Sch\u00e4tzungen vom Dienstag im ersten Quartal des Jahres das st\u00e4rkste Wirtschaftwachstum unter allen 28 EU-Mitgliedern gehabt. Das BIP Rum\u00e4niens stieg um 1,6% im Vergleich zum letzten Quartal von 2105 \u2013 das Wachstum in der gesamten EU lag bei 0,5%. Zypern, Spanien, Litauen, \u00d6sterreich, die Slowakei, Bulgaren und Deutschland folgen in der Rangordnung.<\/p>\n<p>&#13;<br \/>\n&#13;<\/p>\n<p>&#13;<br \/>\n&#13;<\/p>\n<p>Die sozialdemokratische Partei PSD hat bei den Kommunalwahlen vom Sonntag \u00fcber 37% der B\u00fcrgermeister-\u00c4mter gewonnen. Mit \u00fcber 32% landeten auf dem zweiten Platz die Liberalen, gefolgt mit gro\u00dfem Abstand von der Allianz der Liberalen und Demokraten ALDE, dem Ungarnverband UDMR und der Partei der Volksbewegung PMP. Die Wahl der sozialdemokratischen Senatorin Gabriela Vranceanu Firea zur Oberb\u00fcrgermeisterin der Hauptstadt Bukarest ist eine doppelte Premiere: zum ersten Mal wird eine Frau und eine Sozialdemokratin in dieses Amt gew\u00e4hlt. Die Kandidaten der Sozialdemokraten haben in Wahlallianz mit der Nationalen Union zum Fortschritt Rum\u00e4niens UNPR auch die Mehrheit in den Gemeinder\u00e4ten s\u00e4mtlicher sechs Stadtbezirke von Bukarest gewonnen. Im Generalstadtrat von Bukarest hat die Wahlallianz der Sozialdemokraten und der UNPR mehr als 41% der Pl\u00e4tze gewonnen. Zweit- und drittst\u00e4rkste Kraft wurden die Union Rettet Bukarest bzw. die liberale Partei. PSD-Parteichef Liviu Dragnea zufolge werden die Sozialdemokraten zusammen mit UNPR und ALDE in 27 der 41 Landeskreise regieren. Die Liberalen haben ihrerseits nach eigener Sichtweise das landesweit beste Wahlergebnis seit der Wende eingefahren, selbst wenn sie gegen die Sozialdemokraten unterlagen. Die Kommunalwahlen sind ein wichtiger Test vor den Parlamentswahlen im Herbst.<\/p>\n<p>&#13;<br \/>\n&#13;<\/p>\n<p>&#13;<br \/>\n&#13;<\/p>\n<p>Rum\u00e4nien sei laut Pr\u00e4sident Klaus Iohannis ein Standort mit Investitionspotenzial. Iohannis, der an einer Veranstaltung der Handelskammer in Luxemburg teilnahm, sagte zudem, dass die ausl\u00e4ndischen Investitionen im Vorjahr um 17% gestiegen seien. Das Land bietet einen guten makro\u00f6konomischen Rahmen und die Wirtschaft soll in 2016 laut Prognosen um 4% wachsen, f\u00fcgte Staatschef Iohannis hinzu. Am Montag hatte der rum\u00e4nische Pr\u00e4sident bei Gespr\u00e4chen mit dem Gro\u00dfherzog Henri f\u00fcr die Verst\u00e4rkung der bilateralen Zusammenarbeit pl\u00e4diert und erinnert, dass im Jahr 2007 Luxemburg und Hermannstadt sich den Titel Europ\u00e4ische Kulturhaupstadt geteilt haben. Das Programm habe sich dann langfristig auf seine Heimatstadt in Bereichen wie Wirtschaft und Tourismus sowie auf sozialer Ebene positiv ausgewirkt, so Pr\u00e4sident Iohannis, der 2007 B\u00fcrgermeister von Sibiu war. <\/p>\n<p>&#13;<br \/>\n&#13;<\/p>\n<p>&#13;<br \/>\n&#13;<\/p>\n<p>Die t\u00fcrkische Polizei hat nach dem Bombenattentat in Istanbul am Dienstag vier Verd\u00e4chtige festgenommen. Bei der Explosion einer ferngez\u00fcndeten Autobombe neben einem Polizeibus in einem Viertel nahe dem historischen Stadtkern waren 11 Menschen get\u00f6tet und weitere 36 verletzt worden. Zu dem Angriff bekannte sich niemand, doch Pr\u00e4sident Recep Tayyip Erdogan sieht die Rebellen von der PKK als verantwortlich an.<\/p>\n<p>&#13;<br \/>\n&#13;<\/p>\n<p>&#13;<br \/>\n&#13;<\/p>\n<p>In Polen hat am Dienstag die gr\u00f6\u00dfte internationale Milit\u00e4r\u00fcbung seit der Wende begonnen. 19 Staaten der NATO und vier Partnerl\u00e4nder sind beteiligt, darunter auch eine Einheit aus Rum\u00e4nien. Die \u00dcbung unter dem Namen Anakonda 16 findet einen Monat vor dem NATO-Gipfel in Warschau statt und pr\u00fcft die F\u00e4higkeit der Allianz, mit konventionellen und unkonventionellen Bedrohungen an der Ostflanke fertigzuwerden. Zeitgleich findet in Cincu in der Landesmitte Rum\u00e4niens die multinationale \u00dcbung SARMIS-16 statt, an der sich neben 1200 Soldaten und Flugzeuge der rum\u00e4nischen Streitkr\u00e4fte auch 150 britische und 200 amerikanische Soldaten beteiligen.<\/p>\n<p>&#13;<br \/>\n&#13;<\/p>\n<p>&#13;<\/p>\n","protected":false},"excerpt":{"rendered":"<p>Die wichtigsten Nachrichten des Tages im \u00dcberblick<\/p>\n","protected":false},"author":113,"featured_media":631911,"comment_status":"closed","ping_status":"closed","sticky":false,"template":"","format":"standard","meta":{"_acf_changed":false,"footnotes":""},"categories":[116753],"tags":[103160,102415,29125,99709,150217,103804,137227,99802,161728,99589,99780,99620],"coauthors":[],"class_list":["post-632090","post","type-post","status-publish","format-standard","has-post-thumbnail","hentry","category-newsflash-de","tag-anschlag","tag-festnahmen","tag-iohannis","tag-landwirte","tag-luxemburg-de","tag-militaeruebung","tag-nato-de","tag-polen","tag-protest-de","tag-rumaenien","tag-tuerkei","tag-wirtschaftswachstum"],"acf":[],"yoast_head":"<!-- This site is optimized with the Yoast SEO plugin v27.3 - https:\/\/yoast.com\/product\/yoast-seo-wordpress\/ -->\n<title>Nachrichten 07.06.2016 - Radio Rum\u00e4nien International<\/title>\n<meta name=\"robots\" content=\"index, follow, max-snippet:-1, max-image-preview:large, max-video-preview:-1\" \/>\n<link rel=\"canonical\" href=\"https:\/\/www.rri.ro\/de\/aktuell\/newsflash-de\/nachrichten-07-06-2016-id632090.html\" \/>\n<meta property=\"og:locale\" content=\"de_DE\" \/>\n<meta property=\"og:type\" content=\"article\" \/>\n<meta property=\"og:title\" content=\"Nachrichten 07.06.2016 - Radio Rum\u00e4nien International\" \/>\n<meta property=\"og:description\" content=\"Die wichtigsten Nachrichten des Tages im \u00dcberblick\" \/>\n<meta property=\"og:url\" content=\"https:\/\/www.rri.ro\/de\/aktuell\/newsflash-de\/nachrichten-07-06-2016-id632090.html\" \/>\n<meta property=\"og:site_name\" content=\"Radio Rum\u00e4nien International\" \/>\n<meta property=\"article:published_time\" content=\"2016-06-07T18:22:00+00:00\" \/>\n<meta property=\"og:image\" content=\"https:\/\/www.rri.ro\/wp-content\/uploads\/2024\/02\/stiri-germana-ok.png\" \/>\n\t<meta property=\"og:image:width\" content=\"640\" \/>\n\t<meta property=\"og:image:height\" content=\"480\" \/>\n\t<meta property=\"og:image:type\" content=\"image\/png\" \/>\n<meta name=\"author\" content=\"Newsroom\" \/>\n<meta name=\"twitter:card\" content=\"summary_large_image\" \/>\n<meta name=\"twitter:label1\" content=\"Verfasst von\" \/>\n\t<meta name=\"twitter:data1\" content=\"Newsroom\" \/>\n\t<meta name=\"twitter:label2\" content=\"Gesch\u00e4tzte Lesezeit\" \/>\n\t<meta name=\"twitter:data2\" content=\"3\u00a0Minuten\" \/>\n\t<meta name=\"twitter:label3\" content=\"Written by\" \/>\n\t<meta name=\"twitter:data3\" content=\"Newsroom\" \/>\n<script type=\"application\/ld+json\" class=\"yoast-schema-graph\">{\"@context\":\"https:\\\/\\\/schema.org\",\"@graph\":[{\"@type\":\"Article\",\"@id\":\"https:\\\/\\\/www.rri.ro\\\/de\\\/aktuell\\\/newsflash-de\\\/nachrichten-07-06-2016-id632090.html#article\",\"isPartOf\":{\"@id\":\"https:\\\/\\\/www.rri.ro\\\/de\\\/aktuell\\\/newsflash-de\\\/nachrichten-07-06-2016-id632090.html\"},\"author\":{\"name\":\"Newsroom\",\"@id\":\"https:\\\/\\\/www.rri.ro\\\/#\\\/schema\\\/person\\\/4a479940371b9fdefd194f561e8a7f88\"},\"headline\":\"Nachrichten 07.06.2016\",\"datePublished\":\"2016-06-07T18:22:00+00:00\",\"mainEntityOfPage\":{\"@id\":\"https:\\\/\\\/www.rri.ro\\\/de\\\/aktuell\\\/newsflash-de\\\/nachrichten-07-06-2016-id632090.html\"},\"wordCount\":612,\"image\":{\"@id\":\"https:\\\/\\\/www.rri.ro\\\/de\\\/aktuell\\\/newsflash-de\\\/nachrichten-07-06-2016-id632090.html#primaryimage\"},\"thumbnailUrl\":\"https:\\\/\\\/www.rri.ro\\\/wp-content\\\/uploads\\\/2024\\\/02\\\/stiri-germana-ok.png\",\"keywords\":[\"Anschlag\",\"Festnahmen\",\"Iohannis\",\"Landwirte\",\"Luxemburg\",\"Milit\u00e4r\u00fcbung\",\"NATO\",\"Polen\",\"protest\",\"Rum\u00e4nien\",\"T\u00fcrkei\",\"Wirtschaftswachstum\"],\"articleSection\":[\"Newsflash\"],\"inLanguage\":\"de\"},{\"@type\":\"WebPage\",\"@id\":\"https:\\\/\\\/www.rri.ro\\\/de\\\/aktuell\\\/newsflash-de\\\/nachrichten-07-06-2016-id632090.html\",\"url\":\"https:\\\/\\\/www.rri.ro\\\/de\\\/aktuell\\\/newsflash-de\\\/nachrichten-07-06-2016-id632090.html\",\"name\":\"Nachrichten 07.06.2016 - Radio Rum\u00e4nien International\",\"isPartOf\":{\"@id\":\"https:\\\/\\\/www.rri.ro\\\/#website\"},\"primaryImageOfPage\":{\"@id\":\"https:\\\/\\\/www.rri.ro\\\/de\\\/aktuell\\\/newsflash-de\\\/nachrichten-07-06-2016-id632090.html#primaryimage\"},\"image\":{\"@id\":\"https:\\\/\\\/www.rri.ro\\\/de\\\/aktuell\\\/newsflash-de\\\/nachrichten-07-06-2016-id632090.html#primaryimage\"},\"thumbnailUrl\":\"https:\\\/\\\/www.rri.ro\\\/wp-content\\\/uploads\\\/2024\\\/02\\\/stiri-germana-ok.png\",\"datePublished\":\"2016-06-07T18:22:00+00:00\",\"author\":{\"@id\":\"https:\\\/\\\/www.rri.ro\\\/#\\\/schema\\\/person\\\/4a479940371b9fdefd194f561e8a7f88\"},\"breadcrumb\":{\"@id\":\"https:\\\/\\\/www.rri.ro\\\/de\\\/aktuell\\\/newsflash-de\\\/nachrichten-07-06-2016-id632090.html#breadcrumb\"},\"inLanguage\":\"de\",\"potentialAction\":[{\"@type\":\"ReadAction\",\"target\":[\"https:\\\/\\\/www.rri.ro\\\/de\\\/aktuell\\\/newsflash-de\\\/nachrichten-07-06-2016-id632090.html\"]}]},{\"@type\":\"ImageObject\",\"inLanguage\":\"de\",\"@id\":\"https:\\\/\\\/www.rri.ro\\\/de\\\/aktuell\\\/newsflash-de\\\/nachrichten-07-06-2016-id632090.html#primaryimage\",\"url\":\"https:\\\/\\\/www.rri.ro\\\/wp-content\\\/uploads\\\/2024\\\/02\\\/stiri-germana-ok.png\",\"contentUrl\":\"https:\\\/\\\/www.rri.ro\\\/wp-content\\\/uploads\\\/2024\\\/02\\\/stiri-germana-ok.png\",\"width\":640,\"height\":480},{\"@type\":\"BreadcrumbList\",\"@id\":\"https:\\\/\\\/www.rri.ro\\\/de\\\/aktuell\\\/newsflash-de\\\/nachrichten-07-06-2016-id632090.html#breadcrumb\",\"itemListElement\":[{\"@type\":\"ListItem\",\"position\":1,\"name\":\"Startseite\",\"item\":\"https:\\\/\\\/www.rri.ro\\\/de\"},{\"@type\":\"ListItem\",\"position\":2,\"name\":\"Aktuell\",\"item\":\"https:\\\/\\\/www.rri.ro\\\/de\\\/aktuell\"},{\"@type\":\"ListItem\",\"position\":3,\"name\":\"Newsflash\",\"item\":\"https:\\\/\\\/www.rri.ro\\\/de\\\/aktuell\\\/newsflash-de\"},{\"@type\":\"ListItem\",\"position\":4,\"name\":\"Nachrichten 07.06.2016\"}]},{\"@type\":\"WebSite\",\"@id\":\"https:\\\/\\\/www.rri.ro\\\/#website\",\"url\":\"https:\\\/\\\/www.rri.ro\\\/\",\"name\":\"Radio Rum\u00e4nien International\",\"description\":\"Totul despre Rom\u00e2nia \u015fi rom\u00e2ni, \u00een 13 limbi\\\/dialecte!\",\"inLanguage\":\"de\"},{\"@type\":\"Person\",\"@id\":\"https:\\\/\\\/www.rri.ro\\\/#\\\/schema\\\/person\\\/4a479940371b9fdefd194f561e8a7f88\",\"name\":\"Newsroom\",\"url\":\"https:\\\/\\\/www.rri.ro\\\/de\\\/author\\\/newsroom\"}]}<\/script>\n<!-- \/ Yoast SEO plugin. -->","yoast_head_json":{"title":"Nachrichten 07.06.2016 - Radio Rum\u00e4nien International","robots":{"index":"index","follow":"follow","max-snippet":"max-snippet:-1","max-image-preview":"max-image-preview:large","max-video-preview":"max-video-preview:-1"},"canonical":"https:\/\/www.rri.ro\/de\/aktuell\/newsflash-de\/nachrichten-07-06-2016-id632090.html","og_locale":"de_DE","og_type":"article","og_title":"Nachrichten 07.06.2016 - Radio Rum\u00e4nien International","og_description":"Die wichtigsten Nachrichten des Tages im \u00dcberblick","og_url":"https:\/\/www.rri.ro\/de\/aktuell\/newsflash-de\/nachrichten-07-06-2016-id632090.html","og_site_name":"Radio Rum\u00e4nien International","article_published_time":"2016-06-07T18:22:00+00:00","og_image":[{"width":640,"height":480,"url":"https:\/\/www.rri.ro\/wp-content\/uploads\/2024\/02\/stiri-germana-ok.png","type":"image\/png"}],"author":"Newsroom","twitter_card":"summary_large_image","twitter_misc":{"Verfasst von":"Newsroom","Gesch\u00e4tzte Lesezeit":"3\u00a0Minuten","Written by":"Newsroom"},"schema":{"@context":"https:\/\/schema.org","@graph":[{"@type":"Article","@id":"https:\/\/www.rri.ro\/de\/aktuell\/newsflash-de\/nachrichten-07-06-2016-id632090.html#article","isPartOf":{"@id":"https:\/\/www.rri.ro\/de\/aktuell\/newsflash-de\/nachrichten-07-06-2016-id632090.html"},"author":{"name":"Newsroom","@id":"https:\/\/www.rri.ro\/#\/schema\/person\/4a479940371b9fdefd194f561e8a7f88"},"headline":"Nachrichten 07.06.2016","datePublished":"2016-06-07T18:22:00+00:00","mainEntityOfPage":{"@id":"https:\/\/www.rri.ro\/de\/aktuell\/newsflash-de\/nachrichten-07-06-2016-id632090.html"},"wordCount":612,"image":{"@id":"https:\/\/www.rri.ro\/de\/aktuell\/newsflash-de\/nachrichten-07-06-2016-id632090.html#primaryimage"},"thumbnailUrl":"https:\/\/www.rri.ro\/wp-content\/uploads\/2024\/02\/stiri-germana-ok.png","keywords":["Anschlag","Festnahmen","Iohannis","Landwirte","Luxemburg","Milit\u00e4r\u00fcbung","NATO","Polen","protest","Rum\u00e4nien","T\u00fcrkei","Wirtschaftswachstum"],"articleSection":["Newsflash"],"inLanguage":"de"},{"@type":"WebPage","@id":"https:\/\/www.rri.ro\/de\/aktuell\/newsflash-de\/nachrichten-07-06-2016-id632090.html","url":"https:\/\/www.rri.ro\/de\/aktuell\/newsflash-de\/nachrichten-07-06-2016-id632090.html","name":"Nachrichten 07.06.2016 - Radio Rum\u00e4nien International","isPartOf":{"@id":"https:\/\/www.rri.ro\/#website"},"primaryImageOfPage":{"@id":"https:\/\/www.rri.ro\/de\/aktuell\/newsflash-de\/nachrichten-07-06-2016-id632090.html#primaryimage"},"image":{"@id":"https:\/\/www.rri.ro\/de\/aktuell\/newsflash-de\/nachrichten-07-06-2016-id632090.html#primaryimage"},"thumbnailUrl":"https:\/\/www.rri.ro\/wp-content\/uploads\/2024\/02\/stiri-germana-ok.png","datePublished":"2016-06-07T18:22:00+00:00","author":{"@id":"https:\/\/www.rri.ro\/#\/schema\/person\/4a479940371b9fdefd194f561e8a7f88"},"breadcrumb":{"@id":"https:\/\/www.rri.ro\/de\/aktuell\/newsflash-de\/nachrichten-07-06-2016-id632090.html#breadcrumb"},"inLanguage":"de","potentialAction":[{"@type":"ReadAction","target":["https:\/\/www.rri.ro\/de\/aktuell\/newsflash-de\/nachrichten-07-06-2016-id632090.html"]}]},{"@type":"ImageObject","inLanguage":"de","@id":"https:\/\/www.rri.ro\/de\/aktuell\/newsflash-de\/nachrichten-07-06-2016-id632090.html#primaryimage","url":"https:\/\/www.rri.ro\/wp-content\/uploads\/2024\/02\/stiri-germana-ok.png","contentUrl":"https:\/\/www.rri.ro\/wp-content\/uploads\/2024\/02\/stiri-germana-ok.png","width":640,"height":480},{"@type":"BreadcrumbList","@id":"https:\/\/www.rri.ro\/de\/aktuell\/newsflash-de\/nachrichten-07-06-2016-id632090.html#breadcrumb","itemListElement":[{"@type":"ListItem","position":1,"name":"Startseite","item":"https:\/\/www.rri.ro\/de"},{"@type":"ListItem","position":2,"name":"Aktuell","item":"https:\/\/www.rri.ro\/de\/aktuell"},{"@type":"ListItem","position":3,"name":"Newsflash","item":"https:\/\/www.rri.ro\/de\/aktuell\/newsflash-de"},{"@type":"ListItem","position":4,"name":"Nachrichten 07.06.2016"}]},{"@type":"WebSite","@id":"https:\/\/www.rri.ro\/#website","url":"https:\/\/www.rri.ro\/","name":"Radio Rum\u00e4nien International","description":"Totul despre Rom\u00e2nia \u015fi rom\u00e2ni, \u00een 13 limbi\/dialecte!","inLanguage":"de"},{"@type":"Person","@id":"https:\/\/www.rri.ro\/#\/schema\/person\/4a479940371b9fdefd194f561e8a7f88","name":"Newsroom","url":"https:\/\/www.rri.ro\/de\/author\/newsroom"}]}},"_links":{"self":[{"href":"https:\/\/www.rri.ro\/de\/wp-json\/wp\/v2\/posts\/632090","targetHints":{"allow":["GET"]}}],"collection":[{"href":"https:\/\/www.rri.ro\/de\/wp-json\/wp\/v2\/posts"}],"about":[{"href":"https:\/\/www.rri.ro\/de\/wp-json\/wp\/v2\/types\/post"}],"author":[{"embeddable":true,"href":"https:\/\/www.rri.ro\/de\/wp-json\/wp\/v2\/users\/113"}],"replies":[{"embeddable":true,"href":"https:\/\/www.rri.ro\/de\/wp-json\/wp\/v2\/comments?post=632090"}],"version-history":[{"count":0,"href":"https:\/\/www.rri.ro\/de\/wp-json\/wp\/v2\/posts\/632090\/revisions"}],"wp:featuredmedia":[{"embeddable":true,"href":"https:\/\/www.rri.ro\/de\/wp-json\/wp\/v2\/media\/631911"}],"wp:attachment":[{"href":"https:\/\/www.rri.ro\/de\/wp-json\/wp\/v2\/media?parent=632090"}],"wp:term":[{"taxonomy":"category","embeddable":true,"href":"https:\/\/www.rri.ro\/de\/wp-json\/wp\/v2\/categories?post=632090"},{"taxonomy":"post_tag","embeddable":true,"href":"https:\/\/www.rri.ro\/de\/wp-json\/wp\/v2\/tags?post=632090"},{"taxonomy":"author","embeddable":true,"href":"https:\/\/www.rri.ro\/de\/wp-json\/wp\/v2\/coauthors?post=632090"}],"curies":[{"name":"wp","href":"https:\/\/api.w.org\/{rel}","templated":true}]}}