{"id":632140,"date":"2016-07-28T20:21:00","date_gmt":"2016-07-28T17:21:00","guid":{"rendered":"http:\/\/devrri.freshlemon.ro\/aktuell\/nachrichten-28-07-2016-id632140.html"},"modified":"2016-07-28T20:21:00","modified_gmt":"2016-07-28T17:21:00","slug":"nachrichten-28-07-2016","status":"publish","type":"post","link":"https:\/\/www.rri.ro\/de\/aktuell\/newsflash-de\/nachrichten-28-07-2016-id632140.html","title":{"rendered":"Nachrichten 28.07.2016"},"content":{"rendered":"<p><strong>BUKAREST<\/strong>: Das Au\u00dfenministerium hat die Ernennung der rum\u00e4nischen Expertin Maria-Cristina Stepanescu zur Leiterin der Krisenmission EUCAP Nestor begr\u00fc\u00dft. Sie soll das Amt am 1. September \u00fcbernehmen. Laut einer Mitteilung aus dem Au\u00dfenministerium, sei die \u00dcbernahme einer F\u00fchrungsposition in einer milit\u00e4rischen EU-Mission eine Premiere f\u00fcr Rum\u00e4nien. Den Vorschlag dazu hatte die Hohe Vertreterin der EU f\u00fcr Au\u00dfen- und Sicherheitspolitik, Federica Mogherini, gemacht. Das Politische und Sicherheitspolitische Komitee der Europ\u00e4ischen Union best\u00e4tigte die Ernennung. Am 16. Juli 2012 hatte der Rat der EU die nicht-exekutive zivil-milit\u00e4rische Mission EUCAP NESTOR. Es geht darum, die Staaten am Horn von Afrika und im westlichen Indischen Ozean in die Lage zu versetzen, besser f\u00fcr die Sicherheit in ihrem jeweiligen Seeraum zu sorgen. Vor allem die somalische Regierung soll unterst\u00fctzt werden, die Piraterie zu bek\u00e4mpfen.<\/p>\n<p>&#13;<br \/>\n&#13;<\/p>\n<p>&#13;<br \/>\n&#13;<\/p>\n<p><strong>BUKAREST<\/strong>: Der rum\u00e4nische Vizeministerpr\u00e4sident Vasile Dancu hat am Donnerstag mit den Vertretern der Kommunalbeh\u00f6rden \u00fcber die Bek\u00e4mpfung der D\u00fcrre diskutiert. Die extreme Trockenheit der letzten Wochen hat bereits die landwirtschaftlichen Kulturen in mehreren Landkreisen im S\u00fcden, Osten und in der Mitte Rum\u00e4niens besch\u00e4digt. Besonders schwer betroffen ist der Gem\u00fcse-, Mais-, Sonnenblumen-, Soja- und Futterpflanzenanbau. Dar\u00fcber hinaus ist das Bew\u00e4sserungssystem nicht funktionsf\u00e4hig, und laut der Wettervorhersage werden im August in den meisten Regionen Rumaniens sehr hohe Temperaturen und kaum Regen erwartet. Die Landwirte sollten lieber Unterst\u00fctzung im voraus erhalten, anstelle von Entsch\u00e4digungen f\u00fcr die Verluste infolge der D\u00fcrre, sagte der rum\u00e4nische Landwirtschaftsminister Achim Irimescu. Mit einer Unterst\u00fctzung von 30 Millionen Lei  (umg. etwa 6,7 Mio Euro) k\u00f6nnten die Landwirte ihre Kulturen bew\u00e4ssern, so Landwirtschaftsminister Irimescu.<\/p>\n<p>&#13;<br \/>\n&#13;<\/p>\n<p>&#13;<br \/>\n&#13;<\/p>\n<p><strong>BUKAREST<\/strong>: Die rum\u00e4nischen Beh\u00f6rden haben angefangen, die Entscheidungen des NATO-Gipfels in Warschau praktisch umzusetzen; dazu geh\u00f6rt auch die Bildung einer multinationalen NATO-Brigade auf rum\u00e4nischem Territorium. Der rum\u00e4nische Verteidigungsminister, Mihnea Motoc, sagte am Donnerstag, es gebe deutliche Signale von mindestens 6 NATO-Alliierten, die sich f\u00fcr die Beteiligung an dieser Brigade interessieren, darunter Polen und Bulgarien. Polen hat bekanntgegeben, es werde sich mit einer Kompanie beteiligen, und Bulgarien best\u00e4tigte die Beteiligung von etwa 400 Soldaten an besagter NATO-Brigade. Au\u00dferdem wird Rum\u00e4nien sich konkret an den Bem\u00fchungen der Koalition gegen die Terrormilliz Islamischer Staat mit etwa 50 Soldaten beteiligen, die ab Herbstanfang an Beratungsmissionen in Syrien und Irak teilnehmen werden. Dies wurde am Mittwoch in der Ortschaft Cincu (in der Mitte Rum\u00e4niens), bekanntgegeben. In Cincu beteiligen sich mehr als 2.700 Soldaten aus 10 L\u00e4ndern in der Zeit 27.Juli \u2013 07. August an einer umfangreichen milit\u00e4rischen \u00dcbung. Die \u00dcbungsteilnehmer sind 5 NATO-L\u00e4nder (Rum\u00e4nien, die USA, Kanada, Polen und Bulgarien) und 5 Mitgliedsstaaten der Friedenspartnerschaft (Armenien, Aserbaidschan, Georgien, die R. Moldau und die Ukraine).<\/p>\n<p>&#13;<br \/>\n&#13;<\/p>\n<p>&#13;<br \/>\n&#13;<\/p>\n<p><strong>BUKAREST<\/strong>: Rum\u00e4nien achtet genau auf die h\u00f6chsten Kontrollstandards der Exporte von milit\u00e4rischen Ausr\u00fcstungen, erkl\u00e4rte das Bukarester Verteidigungsministerium am Donnerstag. Die genannten Exporte werden gem\u00e4\u00df der rum\u00e4nischen Gesetzgebung kontrolliert und entsprechen den internationalen Verpflichtungen Rum\u00e4niens als Mitglied der EU, NATO, UNO und OSZE, sowie als beteiligter Staat am Abkommen \u00fcber den Waffenhandel. Die Nationale Kontrollbeh\u00f6rde bewilligt die Exportlizenzen nach einer rigorosen \u00dcberpr\u00fcfung und Rum\u00e4nien beteiligt sich sofort an jeder Untersuchung betreffend das Ziel von Waffen, die in Rum\u00e4nien hergestellt werden. Damit reagierte das rum\u00e4nische Verteidigungsministeriums auf einen Artikel der britischen Zeitung The Guardian. In dem Artikel wurde eine Untersuchung ver\u00f6ffentlicht, laut der einige osteurop\u00e4ische L\u00e4nder, darunter auch Rum\u00e4nien, in den letzten 4 Jahren diskrete Waffenverk\u00e4ufe an Staaten im Mitleren Osten bewilligt h\u00e4tten. Waffen in Wert von \u00fcber eine Milliarde Euro seien nach Syrien geliefert worden, so The Guardian.<\/p>\n<p>&#13;<\/p>\n","protected":false},"excerpt":{"rendered":"<p>Die wichtigsten Meldungen des Tages im \u00dcberblick<\/p>\n","protected":false},"author":113,"featured_media":459887,"comment_status":"closed","ping_status":"closed","sticky":false,"template":"","format":"standard","meta":{"_acf_changed":false,"footnotes":""},"categories":[116753],"tags":[125803,102806,99778,125802,99765,134270,30653,100502,35155,125770,125805,125800,170401,80197,137227,100749,99802,99589,95368,125525,125801,99839,125316,125804,101646,105408],"coauthors":[],"class_list":["post-632140","post","type-post","status-publish","format-standard","has-post-thumbnail","hentry","category-newsflash-de","tag-anbau","tag-bewaesserung","tag-bulgarien","tag-dancu","tag-duerre","tag-eu-de","tag-eucap-nestor","tag-gipfel","tag-guardian","tag-kampfeinheit","tag-kontrollstandards","tag-leiterin","tag-mission-de","tag-multinationale","tag-nato-de","tag-osze","tag-polen","tag-rumaenien","tag-soja","tag-somalien","tag-stepanescu","tag-syrien","tag-vizeministerpraesident","tag-waffenexporte","tag-warschau","tag-zuschuesse"],"acf":[],"yoast_head":"<!-- This site is optimized with the Yoast SEO plugin v27.5 - https:\/\/yoast.com\/product\/yoast-seo-wordpress\/ -->\n<title>Nachrichten 28.07.2016 - Radio Rum\u00e4nien International<\/title>\n<meta name=\"robots\" content=\"index, follow, max-snippet:-1, max-image-preview:large, max-video-preview:-1\" \/>\n<link rel=\"canonical\" href=\"https:\/\/www.rri.ro\/de\/aktuell\/newsflash-de\/nachrichten-28-07-2016-id632140.html\" \/>\n<meta property=\"og:locale\" content=\"de_DE\" \/>\n<meta property=\"og:type\" content=\"article\" \/>\n<meta property=\"og:title\" content=\"Nachrichten 28.07.2016 - Radio Rum\u00e4nien International\" \/>\n<meta property=\"og:description\" content=\"Die wichtigsten Meldungen des Tages im \u00dcberblick\" \/>\n<meta property=\"og:url\" content=\"https:\/\/www.rri.ro\/de\/aktuell\/newsflash-de\/nachrichten-28-07-2016-id632140.html\" \/>\n<meta property=\"og:site_name\" content=\"Radio Rum\u00e4nien International\" \/>\n<meta property=\"article:published_time\" content=\"2016-07-28T17:21:00+00:00\" \/>\n<meta property=\"og:image\" content=\"https:\/\/www.rri.ro\/wp-content\/uploads\/2023\/10\/stiri-germana-ok2.png\" \/>\n\t<meta property=\"og:image:width\" content=\"640\" \/>\n\t<meta property=\"og:image:height\" content=\"480\" \/>\n\t<meta property=\"og:image:type\" content=\"image\/png\" \/>\n<meta name=\"author\" content=\"Newsroom\" \/>\n<meta name=\"twitter:card\" content=\"summary_large_image\" \/>\n<meta name=\"twitter:label1\" content=\"Verfasst von\" \/>\n\t<meta name=\"twitter:data1\" content=\"Newsroom\" \/>\n\t<meta name=\"twitter:label2\" content=\"Gesch\u00e4tzte Lesezeit\" \/>\n\t<meta name=\"twitter:data2\" content=\"3\u00a0Minuten\" \/>\n\t<meta name=\"twitter:label3\" content=\"Written by\" \/>\n\t<meta name=\"twitter:data3\" content=\"Newsroom\" \/>\n<script type=\"application\/ld+json\" class=\"yoast-schema-graph\">{\"@context\":\"https:\\\/\\\/schema.org\",\"@graph\":[{\"@type\":\"Article\",\"@id\":\"https:\\\/\\\/www.rri.ro\\\/de\\\/aktuell\\\/newsflash-de\\\/nachrichten-28-07-2016-id632140.html#article\",\"isPartOf\":{\"@id\":\"https:\\\/\\\/www.rri.ro\\\/de\\\/aktuell\\\/newsflash-de\\\/nachrichten-28-07-2016-id632140.html\"},\"author\":{\"name\":\"Newsroom\",\"@id\":\"https:\\\/\\\/www.rri.ro\\\/#\\\/schema\\\/person\\\/4a479940371b9fdefd194f561e8a7f88\"},\"headline\":\"Nachrichten 28.07.2016\",\"datePublished\":\"2016-07-28T17:21:00+00:00\",\"mainEntityOfPage\":{\"@id\":\"https:\\\/\\\/www.rri.ro\\\/de\\\/aktuell\\\/newsflash-de\\\/nachrichten-28-07-2016-id632140.html\"},\"wordCount\":613,\"image\":{\"@id\":\"https:\\\/\\\/www.rri.ro\\\/de\\\/aktuell\\\/newsflash-de\\\/nachrichten-28-07-2016-id632140.html#primaryimage\"},\"thumbnailUrl\":\"https:\\\/\\\/www.rri.ro\\\/wp-content\\\/uploads\\\/2023\\\/10\\\/stiri-germana-ok2.png\",\"keywords\":[\"Anbau\",\"Bew\u00e4sserung\",\"Bulgarien\",\"Dancu\",\"D\u00fcrre\",\"EU\",\"eucap nestor\",\"Gipfel\",\"Guardian\",\"Kampfeinheit\",\"Kontrollstandards\",\"Leiterin\",\"mission\",\"multina\u0163ionale\",\"NATO\",\"OSZE\",\"Polen\",\"Rum\u00e4nien\",\"soja\",\"Somalien\",\"Stepanescu\",\"Syrien\",\"Vizeministerpr\u00e4sident\",\"Waffenexporte\",\"Warschau\",\"Zusch\u00fcsse\"],\"articleSection\":[\"Newsflash\"],\"inLanguage\":\"de\"},{\"@type\":\"WebPage\",\"@id\":\"https:\\\/\\\/www.rri.ro\\\/de\\\/aktuell\\\/newsflash-de\\\/nachrichten-28-07-2016-id632140.html\",\"url\":\"https:\\\/\\\/www.rri.ro\\\/de\\\/aktuell\\\/newsflash-de\\\/nachrichten-28-07-2016-id632140.html\",\"name\":\"Nachrichten 28.07.2016 - Radio Rum\u00e4nien International\",\"isPartOf\":{\"@id\":\"https:\\\/\\\/www.rri.ro\\\/#website\"},\"primaryImageOfPage\":{\"@id\":\"https:\\\/\\\/www.rri.ro\\\/de\\\/aktuell\\\/newsflash-de\\\/nachrichten-28-07-2016-id632140.html#primaryimage\"},\"image\":{\"@id\":\"https:\\\/\\\/www.rri.ro\\\/de\\\/aktuell\\\/newsflash-de\\\/nachrichten-28-07-2016-id632140.html#primaryimage\"},\"thumbnailUrl\":\"https:\\\/\\\/www.rri.ro\\\/wp-content\\\/uploads\\\/2023\\\/10\\\/stiri-germana-ok2.png\",\"datePublished\":\"2016-07-28T17:21:00+00:00\",\"author\":{\"@id\":\"https:\\\/\\\/www.rri.ro\\\/#\\\/schema\\\/person\\\/4a479940371b9fdefd194f561e8a7f88\"},\"breadcrumb\":{\"@id\":\"https:\\\/\\\/www.rri.ro\\\/de\\\/aktuell\\\/newsflash-de\\\/nachrichten-28-07-2016-id632140.html#breadcrumb\"},\"inLanguage\":\"de\",\"potentialAction\":[{\"@type\":\"ReadAction\",\"target\":[\"https:\\\/\\\/www.rri.ro\\\/de\\\/aktuell\\\/newsflash-de\\\/nachrichten-28-07-2016-id632140.html\"]}]},{\"@type\":\"ImageObject\",\"inLanguage\":\"de\",\"@id\":\"https:\\\/\\\/www.rri.ro\\\/de\\\/aktuell\\\/newsflash-de\\\/nachrichten-28-07-2016-id632140.html#primaryimage\",\"url\":\"https:\\\/\\\/www.rri.ro\\\/wp-content\\\/uploads\\\/2023\\\/10\\\/stiri-germana-ok2.png\",\"contentUrl\":\"https:\\\/\\\/www.rri.ro\\\/wp-content\\\/uploads\\\/2023\\\/10\\\/stiri-germana-ok2.png\",\"width\":640,\"height\":480},{\"@type\":\"BreadcrumbList\",\"@id\":\"https:\\\/\\\/www.rri.ro\\\/de\\\/aktuell\\\/newsflash-de\\\/nachrichten-28-07-2016-id632140.html#breadcrumb\",\"itemListElement\":[{\"@type\":\"ListItem\",\"position\":1,\"name\":\"Startseite\",\"item\":\"https:\\\/\\\/www.rri.ro\\\/de\"},{\"@type\":\"ListItem\",\"position\":2,\"name\":\"Aktuell\",\"item\":\"https:\\\/\\\/www.rri.ro\\\/de\\\/aktuell\"},{\"@type\":\"ListItem\",\"position\":3,\"name\":\"Newsflash\",\"item\":\"https:\\\/\\\/www.rri.ro\\\/de\\\/aktuell\\\/newsflash-de\"},{\"@type\":\"ListItem\",\"position\":4,\"name\":\"Nachrichten 28.07.2016\"}]},{\"@type\":\"WebSite\",\"@id\":\"https:\\\/\\\/www.rri.ro\\\/#website\",\"url\":\"https:\\\/\\\/www.rri.ro\\\/\",\"name\":\"Radio Rum\u00e4nien International\",\"description\":\"Totul despre Rom\u00e2nia \u015fi rom\u00e2ni, \u00een 13 limbi\\\/dialecte!\",\"inLanguage\":\"de\"},{\"@type\":\"Person\",\"@id\":\"https:\\\/\\\/www.rri.ro\\\/#\\\/schema\\\/person\\\/4a479940371b9fdefd194f561e8a7f88\",\"name\":\"Newsroom\",\"url\":\"https:\\\/\\\/www.rri.ro\\\/de\\\/author\\\/newsroom\"}]}<\/script>\n<!-- \/ Yoast SEO plugin. -->","yoast_head_json":{"title":"Nachrichten 28.07.2016 - Radio Rum\u00e4nien International","robots":{"index":"index","follow":"follow","max-snippet":"max-snippet:-1","max-image-preview":"max-image-preview:large","max-video-preview":"max-video-preview:-1"},"canonical":"https:\/\/www.rri.ro\/de\/aktuell\/newsflash-de\/nachrichten-28-07-2016-id632140.html","og_locale":"de_DE","og_type":"article","og_title":"Nachrichten 28.07.2016 - Radio Rum\u00e4nien International","og_description":"Die wichtigsten Meldungen des Tages im \u00dcberblick","og_url":"https:\/\/www.rri.ro\/de\/aktuell\/newsflash-de\/nachrichten-28-07-2016-id632140.html","og_site_name":"Radio Rum\u00e4nien International","article_published_time":"2016-07-28T17:21:00+00:00","og_image":[{"width":640,"height":480,"url":"https:\/\/www.rri.ro\/wp-content\/uploads\/2023\/10\/stiri-germana-ok2.png","type":"image\/png"}],"author":"Newsroom","twitter_card":"summary_large_image","twitter_misc":{"Verfasst von":"Newsroom","Gesch\u00e4tzte Lesezeit":"3\u00a0Minuten","Written by":"Newsroom"},"schema":{"@context":"https:\/\/schema.org","@graph":[{"@type":"Article","@id":"https:\/\/www.rri.ro\/de\/aktuell\/newsflash-de\/nachrichten-28-07-2016-id632140.html#article","isPartOf":{"@id":"https:\/\/www.rri.ro\/de\/aktuell\/newsflash-de\/nachrichten-28-07-2016-id632140.html"},"author":{"name":"Newsroom","@id":"https:\/\/www.rri.ro\/#\/schema\/person\/4a479940371b9fdefd194f561e8a7f88"},"headline":"Nachrichten 28.07.2016","datePublished":"2016-07-28T17:21:00+00:00","mainEntityOfPage":{"@id":"https:\/\/www.rri.ro\/de\/aktuell\/newsflash-de\/nachrichten-28-07-2016-id632140.html"},"wordCount":613,"image":{"@id":"https:\/\/www.rri.ro\/de\/aktuell\/newsflash-de\/nachrichten-28-07-2016-id632140.html#primaryimage"},"thumbnailUrl":"https:\/\/www.rri.ro\/wp-content\/uploads\/2023\/10\/stiri-germana-ok2.png","keywords":["Anbau","Bew\u00e4sserung","Bulgarien","Dancu","D\u00fcrre","EU","eucap nestor","Gipfel","Guardian","Kampfeinheit","Kontrollstandards","Leiterin","mission","multina\u0163ionale","NATO","OSZE","Polen","Rum\u00e4nien","soja","Somalien","Stepanescu","Syrien","Vizeministerpr\u00e4sident","Waffenexporte","Warschau","Zusch\u00fcsse"],"articleSection":["Newsflash"],"inLanguage":"de"},{"@type":"WebPage","@id":"https:\/\/www.rri.ro\/de\/aktuell\/newsflash-de\/nachrichten-28-07-2016-id632140.html","url":"https:\/\/www.rri.ro\/de\/aktuell\/newsflash-de\/nachrichten-28-07-2016-id632140.html","name":"Nachrichten 28.07.2016 - Radio Rum\u00e4nien International","isPartOf":{"@id":"https:\/\/www.rri.ro\/#website"},"primaryImageOfPage":{"@id":"https:\/\/www.rri.ro\/de\/aktuell\/newsflash-de\/nachrichten-28-07-2016-id632140.html#primaryimage"},"image":{"@id":"https:\/\/www.rri.ro\/de\/aktuell\/newsflash-de\/nachrichten-28-07-2016-id632140.html#primaryimage"},"thumbnailUrl":"https:\/\/www.rri.ro\/wp-content\/uploads\/2023\/10\/stiri-germana-ok2.png","datePublished":"2016-07-28T17:21:00+00:00","author":{"@id":"https:\/\/www.rri.ro\/#\/schema\/person\/4a479940371b9fdefd194f561e8a7f88"},"breadcrumb":{"@id":"https:\/\/www.rri.ro\/de\/aktuell\/newsflash-de\/nachrichten-28-07-2016-id632140.html#breadcrumb"},"inLanguage":"de","potentialAction":[{"@type":"ReadAction","target":["https:\/\/www.rri.ro\/de\/aktuell\/newsflash-de\/nachrichten-28-07-2016-id632140.html"]}]},{"@type":"ImageObject","inLanguage":"de","@id":"https:\/\/www.rri.ro\/de\/aktuell\/newsflash-de\/nachrichten-28-07-2016-id632140.html#primaryimage","url":"https:\/\/www.rri.ro\/wp-content\/uploads\/2023\/10\/stiri-germana-ok2.png","contentUrl":"https:\/\/www.rri.ro\/wp-content\/uploads\/2023\/10\/stiri-germana-ok2.png","width":640,"height":480},{"@type":"BreadcrumbList","@id":"https:\/\/www.rri.ro\/de\/aktuell\/newsflash-de\/nachrichten-28-07-2016-id632140.html#breadcrumb","itemListElement":[{"@type":"ListItem","position":1,"name":"Startseite","item":"https:\/\/www.rri.ro\/de"},{"@type":"ListItem","position":2,"name":"Aktuell","item":"https:\/\/www.rri.ro\/de\/aktuell"},{"@type":"ListItem","position":3,"name":"Newsflash","item":"https:\/\/www.rri.ro\/de\/aktuell\/newsflash-de"},{"@type":"ListItem","position":4,"name":"Nachrichten 28.07.2016"}]},{"@type":"WebSite","@id":"https:\/\/www.rri.ro\/#website","url":"https:\/\/www.rri.ro\/","name":"Radio Rum\u00e4nien International","description":"Totul despre Rom\u00e2nia \u015fi rom\u00e2ni, \u00een 13 limbi\/dialecte!","inLanguage":"de"},{"@type":"Person","@id":"https:\/\/www.rri.ro\/#\/schema\/person\/4a479940371b9fdefd194f561e8a7f88","name":"Newsroom","url":"https:\/\/www.rri.ro\/de\/author\/newsroom"}]}},"_links":{"self":[{"href":"https:\/\/www.rri.ro\/de\/wp-json\/wp\/v2\/posts\/632140","targetHints":{"allow":["GET"]}}],"collection":[{"href":"https:\/\/www.rri.ro\/de\/wp-json\/wp\/v2\/posts"}],"about":[{"href":"https:\/\/www.rri.ro\/de\/wp-json\/wp\/v2\/types\/post"}],"author":[{"embeddable":true,"href":"https:\/\/www.rri.ro\/de\/wp-json\/wp\/v2\/users\/113"}],"replies":[{"embeddable":true,"href":"https:\/\/www.rri.ro\/de\/wp-json\/wp\/v2\/comments?post=632140"}],"version-history":[{"count":0,"href":"https:\/\/www.rri.ro\/de\/wp-json\/wp\/v2\/posts\/632140\/revisions"}],"wp:featuredmedia":[{"embeddable":true,"href":"https:\/\/www.rri.ro\/de\/wp-json\/wp\/v2\/media\/459887"}],"wp:attachment":[{"href":"https:\/\/www.rri.ro\/de\/wp-json\/wp\/v2\/media?parent=632140"}],"wp:term":[{"taxonomy":"category","embeddable":true,"href":"https:\/\/www.rri.ro\/de\/wp-json\/wp\/v2\/categories?post=632140"},{"taxonomy":"post_tag","embeddable":true,"href":"https:\/\/www.rri.ro\/de\/wp-json\/wp\/v2\/tags?post=632140"},{"taxonomy":"author","embeddable":true,"href":"https:\/\/www.rri.ro\/de\/wp-json\/wp\/v2\/coauthors?post=632140"}],"curies":[{"name":"wp","href":"https:\/\/api.w.org\/{rel}","templated":true}]}}