{"id":632173,"date":"2016-08-27T17:16:00","date_gmt":"2016-08-27T14:16:00","guid":{"rendered":"http:\/\/devrri.freshlemon.ro\/aktuell\/nachrichten-27-08-2016-id632173.html"},"modified":"2016-08-27T17:16:00","modified_gmt":"2016-08-27T14:16:00","slug":"nachrichten-27-08-2016","status":"publish","type":"post","link":"https:\/\/www.rri.ro\/de\/aktuell\/newsflash-de\/nachrichten-27-08-2016-id632173.html","title":{"rendered":"Nachrichten 27.08.2016"},"content":{"rendered":"<p>ROM: In Italien ist der Samstag zum Nationaltrauertag zum Gedenken der Opfer des Erdbebens erkl\u00e4rt worden, das in der Nacht von Dienstag auf Mittwoch in der Landesmitte stattgefunden hat. Auch am Samstag fanden Nationaltrauerfeier f\u00fcr 50 der Opfer. Die j\u00fcngste Bilanz verweist auf 290 Tote, fast 400 Verletzte und 2.500 Obdachlose. Seit Donnerstag wurde kein \u00dcberlebender mehr gefunden. Die Bergungsmissionen werden auch von den zahlreichen Nachbeben erschwert, die sich bisher auf \u00fcber 1.000 beziffern und von dem Risiko, dass ein Teil der noch stehenden Geb\u00e4uden in den betroffenen Ortschaften, einst\u00fcrzen k\u00f6nnten. Die zahl der toten Rum\u00e4nen infolge des Erdbebens ist auf 10 gestiegen, k\u00fcndigt das Bukarester Au\u200e\u00dfenministerium an. 16 Rum\u00e4nen werden noch vermisst. Eine Konsularmannschaft wurde am Samstag aus Bukarest zur Unterst\u00fctzung der diplomatischen Missionen in Rom und Bologna entsandt, informierte das Ausw\u00e4rtige Amt.<\/p>\n<p>&#13;<br \/>\n&#13;<\/p>\n<p>&#13;<br \/>\n&#13;<\/p>\n<p>BUKAREST: Der rum\u00e4nische Premierminister Dacian Ciolo\u015f hat am Samstag in der nord\u00f6stlichen Stadt Gura Humorului beim Treffen mit seiner polinischen Amtskollegin Beata Szydlo erkl\u00e4rt, dass die Beziehungen zwischen der beiden L\u00e4ndern besonders intensiv seien und dass es die Voraussetzungen gebe, diese zu weiter zu festigen und die europabezogenen Standpunkte zu koordinieren. Die Beiden Regierungschefs f\u00fchrten Gespr\u00e4che \u00fcber aktuelle Themen der europ\u00e4ischen Agenda: Die Zukunft Europas im Kontext des Votums f\u00fcr den Brexit, der EU Haushalt und der \u00dcberarbeitungsprozess des Mehrjahres-Finanzrahmens an der H\u00e4lfte der Periode. Es wurden auch die Zusammenarbeit im Sicherheitsbereich und die Entwicklungen in der \u00f6stlichen Nachbarschaft der Union angegangen. Die hohen Vertreter kamen auch mit Vertretern der polnischen Gemeinschaft in Rum\u00e4nien zusammen.<\/p>\n<p>&#13;<br \/>\n&#13;<\/p>\n<p>&#13;<br \/>\n&#13;<\/p>\n<p>BUKAREST: In Rum\u00e4nien finden an diesem Wochendende Milit\u00e4rzeremonien zum Gedenken der Helden aus dem 1. Weltkrieg statt. Diese werden von dem Verteidigungsministerium anl\u00e4sslich des 100. Jahrestages des Eintrittes Rum\u00e4niens in den 1. Weltkrieg veranstaltet. \u00dcber 330 Tausend Milit\u00e4rs verloren in diesem Krieg ihr Leben, fast 76 Tausend wurden zu Kriegsbesch\u00e4digten. Auf 100 Friedh\u00f6fen oder vor den Denkm\u00e4lern der Helden fanden zum ersten Mal Zeremonien zur feierlichen Vorlesung der Namen der gefallenen Helden des 1. Weltkriegs statt. Am Ende des 1. Weltkriegs, am 1. Dezember 1918, wurde auch der Gr\u00fcndungsprozess des einheitlichen rum\u00e4nischen Staates vollendet. An diesem Tag traten alle Provinzen mit mehrheitlich rum\u00e4nischer Bev\u00f6lkerung aus der Zusammensetzung der benachbarten multinationalen Reiche unter die Herrschaft Bukarests.<\/p>\n<p>&#13;<br \/>\n&#13;<\/p>\n<p>&#13;<br \/>\n&#13;<\/p>\n<p>BUKAREST: Rum\u00e4nien beteuert seine volle Unterst\u00fctzung f\u00fcr den europ\u00e4ischen Fahrplan der Republik Moldau und f\u00fcr den demokratischen Reformprozess und zur Modernisierung des Staates, im Konsens mit den Erwartungen der B\u00fcrger des Nachbarstaates. Dies verlautet aus einer am Samstag vom Au\u200e\u00dfenministerium ver\u00f6ffentlichten Mitteilung. Chi\u015fin\u0103u hat am Samstag das 25. Jubil\u00e4um seiner Unabh\u00e4ngigkeitserkl\u00e4rung gefeiert. Die Zeremonien, die dem Ereignis gewidmet wurden, waren weniger umfangreich als \u00fcblich, vor dem Hintergrund der Wirtschaftskrise, mit der das Land konfrontiert wird. Am 27. August 1991 wurde im Zentrum Chi\u015fin\u0103us die Gro\u200e\u00dfe Volksversammlung einberufen. Am selben Tag fand auch die au\u200e\u00dferordentliche Sitzung des Parlaments statt, bei der die Unabh\u00e4ngigkeitserkl\u00e4rung der Republik Moldau von der UdSSR mit absoluter Mehrheit verabschiedet wurde. Rum\u00e4nien war das erste Land, das die Unabh\u00e4ngigkeit der Republik Moldau anerkannt hat.<\/p>\n<p>&#13;<\/p>\n","protected":false},"excerpt":{"rendered":"<p>Die wichtigsten Nachrichten des Tages im \u00dcberblick<\/p>\n","protected":false},"author":113,"featured_media":460330,"comment_status":"closed","ping_status":"closed","sticky":false,"template":"","format":"standard","meta":{"_acf_changed":false,"footnotes":""},"categories":[116753],"tags":[30790,100194,103461,100581,100268,102848,125849,99852,99802,100115,100637],"coauthors":[],"class_list":["post-632173","post","type-post","status-publish","format-standard","has-post-thumbnail","hentry","category-newsflash-de","tag-beata-szydlo","tag-erdbeben","tag-erster-weltkrieg","tag-grossrumaenien","tag-italien","tag-kischiniew","tag-militaerzeremonien","tag-nationaltrauertag","tag-polen","tag-republik-moldau","tag-unabhaengigkeitserklaerung"],"acf":[],"yoast_head":"<!-- This site is optimized with the Yoast SEO plugin v27.3 - https:\/\/yoast.com\/product\/yoast-seo-wordpress\/ -->\n<title>Nachrichten 27.08.2016 - Radio Rum\u00e4nien International<\/title>\n<meta name=\"robots\" content=\"index, follow, max-snippet:-1, max-image-preview:large, max-video-preview:-1\" \/>\n<link rel=\"canonical\" href=\"https:\/\/www.rri.ro\/de\/aktuell\/newsflash-de\/nachrichten-27-08-2016-id632173.html\" \/>\n<meta property=\"og:locale\" content=\"de_DE\" \/>\n<meta property=\"og:type\" content=\"article\" \/>\n<meta property=\"og:title\" content=\"Nachrichten 27.08.2016 - Radio Rum\u00e4nien International\" \/>\n<meta property=\"og:description\" content=\"Die wichtigsten Nachrichten des Tages im \u00dcberblick\" \/>\n<meta property=\"og:url\" content=\"https:\/\/www.rri.ro\/de\/aktuell\/newsflash-de\/nachrichten-27-08-2016-id632173.html\" \/>\n<meta property=\"og:site_name\" content=\"Radio Rum\u00e4nien International\" \/>\n<meta property=\"article:published_time\" content=\"2016-08-27T14:16:00+00:00\" \/>\n<meta property=\"og:image\" content=\"https:\/\/www.rri.ro\/wp-content\/uploads\/2023\/10\/stiri-germana-ok2-2.png\" \/>\n\t<meta property=\"og:image:width\" content=\"640\" \/>\n\t<meta property=\"og:image:height\" content=\"427\" \/>\n\t<meta property=\"og:image:type\" content=\"image\/png\" \/>\n<meta name=\"author\" content=\"Newsroom\" \/>\n<meta name=\"twitter:card\" content=\"summary_large_image\" \/>\n<meta name=\"twitter:label1\" content=\"Verfasst von\" \/>\n\t<meta name=\"twitter:data1\" content=\"Newsroom\" \/>\n\t<meta name=\"twitter:label2\" content=\"Gesch\u00e4tzte Lesezeit\" \/>\n\t<meta name=\"twitter:data2\" content=\"3\u00a0Minuten\" \/>\n\t<meta name=\"twitter:label3\" content=\"Written by\" \/>\n\t<meta name=\"twitter:data3\" content=\"Newsroom\" \/>\n<script type=\"application\/ld+json\" class=\"yoast-schema-graph\">{\"@context\":\"https:\\\/\\\/schema.org\",\"@graph\":[{\"@type\":\"Article\",\"@id\":\"https:\\\/\\\/www.rri.ro\\\/de\\\/aktuell\\\/newsflash-de\\\/nachrichten-27-08-2016-id632173.html#article\",\"isPartOf\":{\"@id\":\"https:\\\/\\\/www.rri.ro\\\/de\\\/aktuell\\\/newsflash-de\\\/nachrichten-27-08-2016-id632173.html\"},\"author\":{\"name\":\"Newsroom\",\"@id\":\"https:\\\/\\\/www.rri.ro\\\/#\\\/schema\\\/person\\\/4a479940371b9fdefd194f561e8a7f88\"},\"headline\":\"Nachrichten 27.08.2016\",\"datePublished\":\"2016-08-27T14:16:00+00:00\",\"mainEntityOfPage\":{\"@id\":\"https:\\\/\\\/www.rri.ro\\\/de\\\/aktuell\\\/newsflash-de\\\/nachrichten-27-08-2016-id632173.html\"},\"wordCount\":526,\"image\":{\"@id\":\"https:\\\/\\\/www.rri.ro\\\/de\\\/aktuell\\\/newsflash-de\\\/nachrichten-27-08-2016-id632173.html#primaryimage\"},\"thumbnailUrl\":\"https:\\\/\\\/www.rri.ro\\\/wp-content\\\/uploads\\\/2023\\\/10\\\/stiri-germana-ok2-2.png\",\"keywords\":[\"Beata Szydlo\",\"Erdbeben\",\"erster Weltkrieg\",\"Gro\u00dfrum\u00e4nien\",\"Italien\",\"Kischiniew\",\"Milit\u00e4rzeremonien\",\"Nationaltrauertag\",\"Polen\",\"Republik Moldau\",\"Unabh\u00e4ngigkeitserkl\u00e4rung\"],\"articleSection\":[\"Newsflash\"],\"inLanguage\":\"de\"},{\"@type\":\"WebPage\",\"@id\":\"https:\\\/\\\/www.rri.ro\\\/de\\\/aktuell\\\/newsflash-de\\\/nachrichten-27-08-2016-id632173.html\",\"url\":\"https:\\\/\\\/www.rri.ro\\\/de\\\/aktuell\\\/newsflash-de\\\/nachrichten-27-08-2016-id632173.html\",\"name\":\"Nachrichten 27.08.2016 - Radio Rum\u00e4nien International\",\"isPartOf\":{\"@id\":\"https:\\\/\\\/www.rri.ro\\\/#website\"},\"primaryImageOfPage\":{\"@id\":\"https:\\\/\\\/www.rri.ro\\\/de\\\/aktuell\\\/newsflash-de\\\/nachrichten-27-08-2016-id632173.html#primaryimage\"},\"image\":{\"@id\":\"https:\\\/\\\/www.rri.ro\\\/de\\\/aktuell\\\/newsflash-de\\\/nachrichten-27-08-2016-id632173.html#primaryimage\"},\"thumbnailUrl\":\"https:\\\/\\\/www.rri.ro\\\/wp-content\\\/uploads\\\/2023\\\/10\\\/stiri-germana-ok2-2.png\",\"datePublished\":\"2016-08-27T14:16:00+00:00\",\"author\":{\"@id\":\"https:\\\/\\\/www.rri.ro\\\/#\\\/schema\\\/person\\\/4a479940371b9fdefd194f561e8a7f88\"},\"breadcrumb\":{\"@id\":\"https:\\\/\\\/www.rri.ro\\\/de\\\/aktuell\\\/newsflash-de\\\/nachrichten-27-08-2016-id632173.html#breadcrumb\"},\"inLanguage\":\"de\",\"potentialAction\":[{\"@type\":\"ReadAction\",\"target\":[\"https:\\\/\\\/www.rri.ro\\\/de\\\/aktuell\\\/newsflash-de\\\/nachrichten-27-08-2016-id632173.html\"]}]},{\"@type\":\"ImageObject\",\"inLanguage\":\"de\",\"@id\":\"https:\\\/\\\/www.rri.ro\\\/de\\\/aktuell\\\/newsflash-de\\\/nachrichten-27-08-2016-id632173.html#primaryimage\",\"url\":\"https:\\\/\\\/www.rri.ro\\\/wp-content\\\/uploads\\\/2023\\\/10\\\/stiri-germana-ok2-2.png\",\"contentUrl\":\"https:\\\/\\\/www.rri.ro\\\/wp-content\\\/uploads\\\/2023\\\/10\\\/stiri-germana-ok2-2.png\",\"width\":640,\"height\":427},{\"@type\":\"BreadcrumbList\",\"@id\":\"https:\\\/\\\/www.rri.ro\\\/de\\\/aktuell\\\/newsflash-de\\\/nachrichten-27-08-2016-id632173.html#breadcrumb\",\"itemListElement\":[{\"@type\":\"ListItem\",\"position\":1,\"name\":\"Startseite\",\"item\":\"https:\\\/\\\/www.rri.ro\\\/de\"},{\"@type\":\"ListItem\",\"position\":2,\"name\":\"Aktuell\",\"item\":\"https:\\\/\\\/www.rri.ro\\\/de\\\/aktuell\"},{\"@type\":\"ListItem\",\"position\":3,\"name\":\"Newsflash\",\"item\":\"https:\\\/\\\/www.rri.ro\\\/de\\\/aktuell\\\/newsflash-de\"},{\"@type\":\"ListItem\",\"position\":4,\"name\":\"Nachrichten 27.08.2016\"}]},{\"@type\":\"WebSite\",\"@id\":\"https:\\\/\\\/www.rri.ro\\\/#website\",\"url\":\"https:\\\/\\\/www.rri.ro\\\/\",\"name\":\"Radio Rum\u00e4nien International\",\"description\":\"Totul despre Rom\u00e2nia \u015fi rom\u00e2ni, \u00een 13 limbi\\\/dialecte!\",\"inLanguage\":\"de\"},{\"@type\":\"Person\",\"@id\":\"https:\\\/\\\/www.rri.ro\\\/#\\\/schema\\\/person\\\/4a479940371b9fdefd194f561e8a7f88\",\"name\":\"Newsroom\",\"url\":\"https:\\\/\\\/www.rri.ro\\\/de\\\/author\\\/newsroom\"}]}<\/script>\n<!-- \/ Yoast SEO plugin. -->","yoast_head_json":{"title":"Nachrichten 27.08.2016 - Radio Rum\u00e4nien International","robots":{"index":"index","follow":"follow","max-snippet":"max-snippet:-1","max-image-preview":"max-image-preview:large","max-video-preview":"max-video-preview:-1"},"canonical":"https:\/\/www.rri.ro\/de\/aktuell\/newsflash-de\/nachrichten-27-08-2016-id632173.html","og_locale":"de_DE","og_type":"article","og_title":"Nachrichten 27.08.2016 - Radio Rum\u00e4nien International","og_description":"Die wichtigsten Nachrichten des Tages im \u00dcberblick","og_url":"https:\/\/www.rri.ro\/de\/aktuell\/newsflash-de\/nachrichten-27-08-2016-id632173.html","og_site_name":"Radio Rum\u00e4nien International","article_published_time":"2016-08-27T14:16:00+00:00","og_image":[{"width":640,"height":427,"url":"https:\/\/www.rri.ro\/wp-content\/uploads\/2023\/10\/stiri-germana-ok2-2.png","type":"image\/png"}],"author":"Newsroom","twitter_card":"summary_large_image","twitter_misc":{"Verfasst von":"Newsroom","Gesch\u00e4tzte Lesezeit":"3\u00a0Minuten","Written by":"Newsroom"},"schema":{"@context":"https:\/\/schema.org","@graph":[{"@type":"Article","@id":"https:\/\/www.rri.ro\/de\/aktuell\/newsflash-de\/nachrichten-27-08-2016-id632173.html#article","isPartOf":{"@id":"https:\/\/www.rri.ro\/de\/aktuell\/newsflash-de\/nachrichten-27-08-2016-id632173.html"},"author":{"name":"Newsroom","@id":"https:\/\/www.rri.ro\/#\/schema\/person\/4a479940371b9fdefd194f561e8a7f88"},"headline":"Nachrichten 27.08.2016","datePublished":"2016-08-27T14:16:00+00:00","mainEntityOfPage":{"@id":"https:\/\/www.rri.ro\/de\/aktuell\/newsflash-de\/nachrichten-27-08-2016-id632173.html"},"wordCount":526,"image":{"@id":"https:\/\/www.rri.ro\/de\/aktuell\/newsflash-de\/nachrichten-27-08-2016-id632173.html#primaryimage"},"thumbnailUrl":"https:\/\/www.rri.ro\/wp-content\/uploads\/2023\/10\/stiri-germana-ok2-2.png","keywords":["Beata Szydlo","Erdbeben","erster Weltkrieg","Gro\u00dfrum\u00e4nien","Italien","Kischiniew","Milit\u00e4rzeremonien","Nationaltrauertag","Polen","Republik Moldau","Unabh\u00e4ngigkeitserkl\u00e4rung"],"articleSection":["Newsflash"],"inLanguage":"de"},{"@type":"WebPage","@id":"https:\/\/www.rri.ro\/de\/aktuell\/newsflash-de\/nachrichten-27-08-2016-id632173.html","url":"https:\/\/www.rri.ro\/de\/aktuell\/newsflash-de\/nachrichten-27-08-2016-id632173.html","name":"Nachrichten 27.08.2016 - Radio Rum\u00e4nien International","isPartOf":{"@id":"https:\/\/www.rri.ro\/#website"},"primaryImageOfPage":{"@id":"https:\/\/www.rri.ro\/de\/aktuell\/newsflash-de\/nachrichten-27-08-2016-id632173.html#primaryimage"},"image":{"@id":"https:\/\/www.rri.ro\/de\/aktuell\/newsflash-de\/nachrichten-27-08-2016-id632173.html#primaryimage"},"thumbnailUrl":"https:\/\/www.rri.ro\/wp-content\/uploads\/2023\/10\/stiri-germana-ok2-2.png","datePublished":"2016-08-27T14:16:00+00:00","author":{"@id":"https:\/\/www.rri.ro\/#\/schema\/person\/4a479940371b9fdefd194f561e8a7f88"},"breadcrumb":{"@id":"https:\/\/www.rri.ro\/de\/aktuell\/newsflash-de\/nachrichten-27-08-2016-id632173.html#breadcrumb"},"inLanguage":"de","potentialAction":[{"@type":"ReadAction","target":["https:\/\/www.rri.ro\/de\/aktuell\/newsflash-de\/nachrichten-27-08-2016-id632173.html"]}]},{"@type":"ImageObject","inLanguage":"de","@id":"https:\/\/www.rri.ro\/de\/aktuell\/newsflash-de\/nachrichten-27-08-2016-id632173.html#primaryimage","url":"https:\/\/www.rri.ro\/wp-content\/uploads\/2023\/10\/stiri-germana-ok2-2.png","contentUrl":"https:\/\/www.rri.ro\/wp-content\/uploads\/2023\/10\/stiri-germana-ok2-2.png","width":640,"height":427},{"@type":"BreadcrumbList","@id":"https:\/\/www.rri.ro\/de\/aktuell\/newsflash-de\/nachrichten-27-08-2016-id632173.html#breadcrumb","itemListElement":[{"@type":"ListItem","position":1,"name":"Startseite","item":"https:\/\/www.rri.ro\/de"},{"@type":"ListItem","position":2,"name":"Aktuell","item":"https:\/\/www.rri.ro\/de\/aktuell"},{"@type":"ListItem","position":3,"name":"Newsflash","item":"https:\/\/www.rri.ro\/de\/aktuell\/newsflash-de"},{"@type":"ListItem","position":4,"name":"Nachrichten 27.08.2016"}]},{"@type":"WebSite","@id":"https:\/\/www.rri.ro\/#website","url":"https:\/\/www.rri.ro\/","name":"Radio Rum\u00e4nien International","description":"Totul despre Rom\u00e2nia \u015fi rom\u00e2ni, \u00een 13 limbi\/dialecte!","inLanguage":"de"},{"@type":"Person","@id":"https:\/\/www.rri.ro\/#\/schema\/person\/4a479940371b9fdefd194f561e8a7f88","name":"Newsroom","url":"https:\/\/www.rri.ro\/de\/author\/newsroom"}]}},"_links":{"self":[{"href":"https:\/\/www.rri.ro\/de\/wp-json\/wp\/v2\/posts\/632173","targetHints":{"allow":["GET"]}}],"collection":[{"href":"https:\/\/www.rri.ro\/de\/wp-json\/wp\/v2\/posts"}],"about":[{"href":"https:\/\/www.rri.ro\/de\/wp-json\/wp\/v2\/types\/post"}],"author":[{"embeddable":true,"href":"https:\/\/www.rri.ro\/de\/wp-json\/wp\/v2\/users\/113"}],"replies":[{"embeddable":true,"href":"https:\/\/www.rri.ro\/de\/wp-json\/wp\/v2\/comments?post=632173"}],"version-history":[{"count":0,"href":"https:\/\/www.rri.ro\/de\/wp-json\/wp\/v2\/posts\/632173\/revisions"}],"wp:featuredmedia":[{"embeddable":true,"href":"https:\/\/www.rri.ro\/de\/wp-json\/wp\/v2\/media\/460330"}],"wp:attachment":[{"href":"https:\/\/www.rri.ro\/de\/wp-json\/wp\/v2\/media?parent=632173"}],"wp:term":[{"taxonomy":"category","embeddable":true,"href":"https:\/\/www.rri.ro\/de\/wp-json\/wp\/v2\/categories?post=632173"},{"taxonomy":"post_tag","embeddable":true,"href":"https:\/\/www.rri.ro\/de\/wp-json\/wp\/v2\/tags?post=632173"},{"taxonomy":"author","embeddable":true,"href":"https:\/\/www.rri.ro\/de\/wp-json\/wp\/v2\/coauthors?post=632173"}],"curies":[{"name":"wp","href":"https:\/\/api.w.org\/{rel}","templated":true}]}}