{"id":632231,"date":"2016-11-02T20:38:00","date_gmt":"2016-11-02T18:38:00","guid":{"rendered":"http:\/\/devrri.freshlemon.ro\/aktuell\/nachrichten-02-11-2016-id632231.html"},"modified":"2016-11-02T20:38:00","modified_gmt":"2016-11-02T18:38:00","slug":"nachrichten-02-11-2016","status":"publish","type":"post","link":"https:\/\/www.rri.ro\/de\/aktuell\/newsflash-de\/nachrichten-02-11-2016-id632231.html","title":{"rendered":"Nachrichten 02.11.2016"},"content":{"rendered":"<p>Der rum\u00e4nische Staatspr\u00e4sident, Klaus Iohannis, hat am Mittwoch bekanntgegeben, er werde bis 15. November mindestens eine \u00f6ffentliche Debatte \u00fcber die Rundfunkgeb\u00fchr organisieren, an der Experten aus dem Medienbereich teilnehmen sollten. Ferner sagte Pr\u00e4sident Iohannis, in den letzten Tagen h\u00e4tten sehr viele europ\u00e4ische Medienanstalten, Mediengewerkschaften und Berufsvereine aus dem Medienbereich sich an ihn mit der Aufforderung gerichtet, er solle das Gesetz \u00fcber die Abschaffung der Rundfunkgeb\u00fchr in der jetzigen Form nicht in Kraft setzen, da die Geb\u00fchr die wichtigste Finanzierungsquelle des \u00f6ffentlichen Radios und Fernsehens sei. Ihre Abschaffung gef\u00e4hrde die autonome und unabh\u00e4ngige Existenz der \u00f6ffentlich-rechtlichen Medien in Rum\u00e4nien. Letzte Woche hatte die Abgeordnetenkammer in Bukarest den Gesetzentwurf der Sozialdemokraten \u00fcber die Abschaffung von 102 Abgaben und Geb\u00fchren gebilligt. Darunter fallen etwa die Kfz-Umweltgeb\u00fchr oder die Geb\u00fchr f\u00fcr die Ausstellung vorl\u00e4ufiger Reisep\u00e4sse oder die Erteilung eines Anglerausweises. Entgegen der Stellungnahme ihres Haushaltsausschusses und trotz heftiger Kritik der Zivilgesellschaft und der \u00f6ffentlichen Medienanstalten stimmten die Abgeordneten auch f\u00fcr die Aufhebung der Rundfunkgeb\u00fchr, \u00fcber die sich die \u00f6ffentlich-rechtlichen Sender gr\u00f6\u00dftenteils finanzieren. Mehr dazu nach den Nachrichten<\/p>\n<p>&#13;<br \/>\n&#13;<\/p>\n<p>&#13;<br \/>\n&#13;<\/p>\n<p>Rum\u00e4nien wird mit der Internationalen Bank f\u00fcr Wiederaufbau und Enwicklung ein Darlehensabkommen in H\u00f6he von 500 Millionen Euro unterzeichnen. Das besagt ein Memorandum, das in der Regierungssitzung am Mittwoch besprochen  wurde. Es ist der zweite entwicklungspolitische Kredit, nach dem im Jahr 2014 unterzeichneten Darlehen im Wert von 750 Millionen Euro. Das Darlehen hat eine Laufzeit von 20 Jahren und wird im Jahr 2036 in einer Einmalrate zur\u00fcckgezahlt. Die Frist f\u00fcr die Annahme des Darlehens ist der 31. Dezember 2017. Mit dem Geld sollen das Haushaltsdefizit finanziert und die \u00f6ffentlichen Regierungsschulden neufinanziert werden.<\/p>\n<p>&#13;<br \/>\n&#13;<\/p>\n<p>&#13;<br \/>\n&#13;<\/p>\n<p>In den meisten mittel- und osteurop\u00e4ischen Staaten sei das Wirtschaftswachstum nach wie vor robust, das Kreditgesch\u00e4ft ziehe an und der Inflationsdruck bleibe gering \u2013 das besagt der Herbstbericht des IWF. Die Schattenwirtschaft sei in allen dieser L\u00e4nder zur\u00fcckgegangen, besonders aber in Lettland, Litauen und Rum\u00e4nien. F\u00fcr Rum\u00e4nien rechnet der IWF mit Leistungsbilanzdefiziten von 2% in 2016 und 2,8% in 2017, bei 5% bzw. 3,8% Wachstum \u2013 die h\u00f6chsten Wachstumsraten in Europa.<\/p>\n<p>&#13;<br \/>\n&#13;<\/p>\n<p>&#13;<br \/>\n&#13;<\/p>\n<p>Zum ersten Mal sind bei einer Milit\u00e4r\u00fcbung in Rum\u00e4nien auch Luftabwehrraketen vom Typ Patriot eingesetzt worden. Das System kann auch zur Raketenabwehr genutzt werden. Bei der \u00dcbung im s\u00fcdrum\u00e4nischen Midia  testen amerikanische und rum\u00e4nische Soldaten die Reaktionsf\u00e4higkeit in Krisenmomenten. Zum ersten Mal nahmen auch die neuen Mehrzweckj\u00e4ger vom Typ F-16, die seit kurzer Zeit zur rum\u00e4nischen Luftwaffe geh\u00f6ren, an einer \u00dcbung teil. An den Man\u00f6vern im Gebiet von Brasov beteiligten sich au\u00dferdem 1.300 Soldaten aus Kanada, Deutschland, Rum\u00e4nien und der Moldau.<\/p>\n<p>&#13;<br \/>\n&#13;<\/p>\n<p>&#13;<br \/>\n&#13;<\/p>\n<p>Zwei rum\u00e4nische Fu\u00dfballannschaften spielen am Donnerstag in der Europa League. In der Gruppe E trifft der amtierende Meister Astra Giurgiu auf eigenem Platz auf Viktoria Plze\u0148 aus Tschechien. Die Gruppe wird von der AS Roma und Austria Wien dominiert, die beiden jeweils 5 Punkte haben. Astra belegt mit 3 Punkten den dritten Platz, Viktoria Plze\u0148 ist Tabellenletzte mit 2 Punkten. In der Gruppe L spielt Vizemeister Steaua Bukarest ausw\u00e4rts gegen den FC Z\u00fcrich. Die Gruppe wird von Villareal aus Spanien mit 5 Punkten angef\u00fchrt, Platz zwei und drei belegen Osmanl\u0131spor aus der T\u00fcrlei und Z\u00fcrich mit jeweils vier Punkten. Steaua ist Schlusslicht mizt zwei Punkten.<\/p>\n<p>&#13;<br \/>\n&#13;<\/p>\n<p>&#13;<\/p>\n","protected":false},"excerpt":{"rendered":"<p>Die wichtigsten Meldungen des Tages im \u00dcberblick<\/p>\n","protected":false},"author":113,"featured_media":460330,"comment_status":"closed","ping_status":"closed","sticky":false,"template":"","format":"standard","meta":{"_acf_changed":false,"footnotes":""},"categories":[116753],"tags":[30366,99773,99706,68505,99589,103671,11411,99757],"coauthors":[],"class_list":["post-632231","post","type-post","status-publish","format-standard","has-post-thumbnail","hentry","category-newsflash-de","tag-europa-league","tag-fussball","tag-medien","tag-militar","tag-rumaenien","tag-rundfunkgebuehr","tag-sport","tag-wirtschaft"],"acf":[],"yoast_head":"<!-- This site is optimized with the Yoast SEO plugin v27.5 - https:\/\/yoast.com\/product\/yoast-seo-wordpress\/ -->\n<title>Nachrichten 02.11.2016 - Radio Rum\u00e4nien International<\/title>\n<meta name=\"robots\" content=\"index, follow, max-snippet:-1, max-image-preview:large, max-video-preview:-1\" \/>\n<link rel=\"canonical\" href=\"https:\/\/www.rri.ro\/de\/aktuell\/newsflash-de\/nachrichten-02-11-2016-id632231.html\" \/>\n<meta property=\"og:locale\" content=\"de_DE\" \/>\n<meta property=\"og:type\" content=\"article\" \/>\n<meta property=\"og:title\" content=\"Nachrichten 02.11.2016 - Radio Rum\u00e4nien International\" \/>\n<meta property=\"og:description\" content=\"Die wichtigsten Meldungen des Tages im \u00dcberblick\" \/>\n<meta property=\"og:url\" content=\"https:\/\/www.rri.ro\/de\/aktuell\/newsflash-de\/nachrichten-02-11-2016-id632231.html\" \/>\n<meta property=\"og:site_name\" content=\"Radio Rum\u00e4nien International\" \/>\n<meta property=\"article:published_time\" content=\"2016-11-02T18:38:00+00:00\" \/>\n<meta property=\"og:image\" content=\"https:\/\/www.rri.ro\/wp-content\/uploads\/2023\/10\/stiri-germana-ok2-2.png\" \/>\n\t<meta property=\"og:image:width\" content=\"640\" \/>\n\t<meta property=\"og:image:height\" content=\"427\" \/>\n\t<meta property=\"og:image:type\" content=\"image\/png\" \/>\n<meta name=\"author\" content=\"Newsroom\" \/>\n<meta name=\"twitter:card\" content=\"summary_large_image\" \/>\n<meta name=\"twitter:label1\" content=\"Verfasst von\" \/>\n\t<meta name=\"twitter:data1\" content=\"Newsroom\" \/>\n\t<meta name=\"twitter:label2\" content=\"Gesch\u00e4tzte Lesezeit\" \/>\n\t<meta name=\"twitter:data2\" content=\"3\u00a0Minuten\" \/>\n\t<meta name=\"twitter:label3\" content=\"Written by\" \/>\n\t<meta name=\"twitter:data3\" content=\"Newsroom\" \/>\n<script type=\"application\/ld+json\" class=\"yoast-schema-graph\">{\"@context\":\"https:\\\/\\\/schema.org\",\"@graph\":[{\"@type\":\"Article\",\"@id\":\"https:\\\/\\\/www.rri.ro\\\/de\\\/aktuell\\\/newsflash-de\\\/nachrichten-02-11-2016-id632231.html#article\",\"isPartOf\":{\"@id\":\"https:\\\/\\\/www.rri.ro\\\/de\\\/aktuell\\\/newsflash-de\\\/nachrichten-02-11-2016-id632231.html\"},\"author\":{\"name\":\"Newsroom\",\"@id\":\"https:\\\/\\\/www.rri.ro\\\/#\\\/schema\\\/person\\\/4a479940371b9fdefd194f561e8a7f88\"},\"headline\":\"Nachrichten 02.11.2016\",\"datePublished\":\"2016-11-02T18:38:00+00:00\",\"mainEntityOfPage\":{\"@id\":\"https:\\\/\\\/www.rri.ro\\\/de\\\/aktuell\\\/newsflash-de\\\/nachrichten-02-11-2016-id632231.html\"},\"wordCount\":555,\"image\":{\"@id\":\"https:\\\/\\\/www.rri.ro\\\/de\\\/aktuell\\\/newsflash-de\\\/nachrichten-02-11-2016-id632231.html#primaryimage\"},\"thumbnailUrl\":\"https:\\\/\\\/www.rri.ro\\\/wp-content\\\/uploads\\\/2023\\\/10\\\/stiri-germana-ok2-2.png\",\"keywords\":[\"Europa League\",\"Fu\u00dfball\",\"Medien\",\"militar\",\"Rum\u00e4nien\",\"Rundfunkgeb\u00fchr\",\"sport\",\"Wirtschaft\"],\"articleSection\":[\"Newsflash\"],\"inLanguage\":\"de\"},{\"@type\":\"WebPage\",\"@id\":\"https:\\\/\\\/www.rri.ro\\\/de\\\/aktuell\\\/newsflash-de\\\/nachrichten-02-11-2016-id632231.html\",\"url\":\"https:\\\/\\\/www.rri.ro\\\/de\\\/aktuell\\\/newsflash-de\\\/nachrichten-02-11-2016-id632231.html\",\"name\":\"Nachrichten 02.11.2016 - Radio Rum\u00e4nien International\",\"isPartOf\":{\"@id\":\"https:\\\/\\\/www.rri.ro\\\/#website\"},\"primaryImageOfPage\":{\"@id\":\"https:\\\/\\\/www.rri.ro\\\/de\\\/aktuell\\\/newsflash-de\\\/nachrichten-02-11-2016-id632231.html#primaryimage\"},\"image\":{\"@id\":\"https:\\\/\\\/www.rri.ro\\\/de\\\/aktuell\\\/newsflash-de\\\/nachrichten-02-11-2016-id632231.html#primaryimage\"},\"thumbnailUrl\":\"https:\\\/\\\/www.rri.ro\\\/wp-content\\\/uploads\\\/2023\\\/10\\\/stiri-germana-ok2-2.png\",\"datePublished\":\"2016-11-02T18:38:00+00:00\",\"author\":{\"@id\":\"https:\\\/\\\/www.rri.ro\\\/#\\\/schema\\\/person\\\/4a479940371b9fdefd194f561e8a7f88\"},\"breadcrumb\":{\"@id\":\"https:\\\/\\\/www.rri.ro\\\/de\\\/aktuell\\\/newsflash-de\\\/nachrichten-02-11-2016-id632231.html#breadcrumb\"},\"inLanguage\":\"de\",\"potentialAction\":[{\"@type\":\"ReadAction\",\"target\":[\"https:\\\/\\\/www.rri.ro\\\/de\\\/aktuell\\\/newsflash-de\\\/nachrichten-02-11-2016-id632231.html\"]}]},{\"@type\":\"ImageObject\",\"inLanguage\":\"de\",\"@id\":\"https:\\\/\\\/www.rri.ro\\\/de\\\/aktuell\\\/newsflash-de\\\/nachrichten-02-11-2016-id632231.html#primaryimage\",\"url\":\"https:\\\/\\\/www.rri.ro\\\/wp-content\\\/uploads\\\/2023\\\/10\\\/stiri-germana-ok2-2.png\",\"contentUrl\":\"https:\\\/\\\/www.rri.ro\\\/wp-content\\\/uploads\\\/2023\\\/10\\\/stiri-germana-ok2-2.png\",\"width\":640,\"height\":427},{\"@type\":\"BreadcrumbList\",\"@id\":\"https:\\\/\\\/www.rri.ro\\\/de\\\/aktuell\\\/newsflash-de\\\/nachrichten-02-11-2016-id632231.html#breadcrumb\",\"itemListElement\":[{\"@type\":\"ListItem\",\"position\":1,\"name\":\"Startseite\",\"item\":\"https:\\\/\\\/www.rri.ro\\\/de\"},{\"@type\":\"ListItem\",\"position\":2,\"name\":\"Aktuell\",\"item\":\"https:\\\/\\\/www.rri.ro\\\/de\\\/aktuell\"},{\"@type\":\"ListItem\",\"position\":3,\"name\":\"Newsflash\",\"item\":\"https:\\\/\\\/www.rri.ro\\\/de\\\/aktuell\\\/newsflash-de\"},{\"@type\":\"ListItem\",\"position\":4,\"name\":\"Nachrichten 02.11.2016\"}]},{\"@type\":\"WebSite\",\"@id\":\"https:\\\/\\\/www.rri.ro\\\/#website\",\"url\":\"https:\\\/\\\/www.rri.ro\\\/\",\"name\":\"Radio Rum\u00e4nien International\",\"description\":\"Totul despre Rom\u00e2nia \u015fi rom\u00e2ni, \u00een 13 limbi\\\/dialecte!\",\"inLanguage\":\"de\"},{\"@type\":\"Person\",\"@id\":\"https:\\\/\\\/www.rri.ro\\\/#\\\/schema\\\/person\\\/4a479940371b9fdefd194f561e8a7f88\",\"name\":\"Newsroom\",\"url\":\"https:\\\/\\\/www.rri.ro\\\/de\\\/author\\\/newsroom\"}]}<\/script>\n<!-- \/ Yoast SEO plugin. -->","yoast_head_json":{"title":"Nachrichten 02.11.2016 - Radio Rum\u00e4nien International","robots":{"index":"index","follow":"follow","max-snippet":"max-snippet:-1","max-image-preview":"max-image-preview:large","max-video-preview":"max-video-preview:-1"},"canonical":"https:\/\/www.rri.ro\/de\/aktuell\/newsflash-de\/nachrichten-02-11-2016-id632231.html","og_locale":"de_DE","og_type":"article","og_title":"Nachrichten 02.11.2016 - Radio Rum\u00e4nien International","og_description":"Die wichtigsten Meldungen des Tages im \u00dcberblick","og_url":"https:\/\/www.rri.ro\/de\/aktuell\/newsflash-de\/nachrichten-02-11-2016-id632231.html","og_site_name":"Radio Rum\u00e4nien International","article_published_time":"2016-11-02T18:38:00+00:00","og_image":[{"width":640,"height":427,"url":"https:\/\/www.rri.ro\/wp-content\/uploads\/2023\/10\/stiri-germana-ok2-2.png","type":"image\/png"}],"author":"Newsroom","twitter_card":"summary_large_image","twitter_misc":{"Verfasst von":"Newsroom","Gesch\u00e4tzte Lesezeit":"3\u00a0Minuten","Written by":"Newsroom"},"schema":{"@context":"https:\/\/schema.org","@graph":[{"@type":"Article","@id":"https:\/\/www.rri.ro\/de\/aktuell\/newsflash-de\/nachrichten-02-11-2016-id632231.html#article","isPartOf":{"@id":"https:\/\/www.rri.ro\/de\/aktuell\/newsflash-de\/nachrichten-02-11-2016-id632231.html"},"author":{"name":"Newsroom","@id":"https:\/\/www.rri.ro\/#\/schema\/person\/4a479940371b9fdefd194f561e8a7f88"},"headline":"Nachrichten 02.11.2016","datePublished":"2016-11-02T18:38:00+00:00","mainEntityOfPage":{"@id":"https:\/\/www.rri.ro\/de\/aktuell\/newsflash-de\/nachrichten-02-11-2016-id632231.html"},"wordCount":555,"image":{"@id":"https:\/\/www.rri.ro\/de\/aktuell\/newsflash-de\/nachrichten-02-11-2016-id632231.html#primaryimage"},"thumbnailUrl":"https:\/\/www.rri.ro\/wp-content\/uploads\/2023\/10\/stiri-germana-ok2-2.png","keywords":["Europa League","Fu\u00dfball","Medien","militar","Rum\u00e4nien","Rundfunkgeb\u00fchr","sport","Wirtschaft"],"articleSection":["Newsflash"],"inLanguage":"de"},{"@type":"WebPage","@id":"https:\/\/www.rri.ro\/de\/aktuell\/newsflash-de\/nachrichten-02-11-2016-id632231.html","url":"https:\/\/www.rri.ro\/de\/aktuell\/newsflash-de\/nachrichten-02-11-2016-id632231.html","name":"Nachrichten 02.11.2016 - Radio Rum\u00e4nien International","isPartOf":{"@id":"https:\/\/www.rri.ro\/#website"},"primaryImageOfPage":{"@id":"https:\/\/www.rri.ro\/de\/aktuell\/newsflash-de\/nachrichten-02-11-2016-id632231.html#primaryimage"},"image":{"@id":"https:\/\/www.rri.ro\/de\/aktuell\/newsflash-de\/nachrichten-02-11-2016-id632231.html#primaryimage"},"thumbnailUrl":"https:\/\/www.rri.ro\/wp-content\/uploads\/2023\/10\/stiri-germana-ok2-2.png","datePublished":"2016-11-02T18:38:00+00:00","author":{"@id":"https:\/\/www.rri.ro\/#\/schema\/person\/4a479940371b9fdefd194f561e8a7f88"},"breadcrumb":{"@id":"https:\/\/www.rri.ro\/de\/aktuell\/newsflash-de\/nachrichten-02-11-2016-id632231.html#breadcrumb"},"inLanguage":"de","potentialAction":[{"@type":"ReadAction","target":["https:\/\/www.rri.ro\/de\/aktuell\/newsflash-de\/nachrichten-02-11-2016-id632231.html"]}]},{"@type":"ImageObject","inLanguage":"de","@id":"https:\/\/www.rri.ro\/de\/aktuell\/newsflash-de\/nachrichten-02-11-2016-id632231.html#primaryimage","url":"https:\/\/www.rri.ro\/wp-content\/uploads\/2023\/10\/stiri-germana-ok2-2.png","contentUrl":"https:\/\/www.rri.ro\/wp-content\/uploads\/2023\/10\/stiri-germana-ok2-2.png","width":640,"height":427},{"@type":"BreadcrumbList","@id":"https:\/\/www.rri.ro\/de\/aktuell\/newsflash-de\/nachrichten-02-11-2016-id632231.html#breadcrumb","itemListElement":[{"@type":"ListItem","position":1,"name":"Startseite","item":"https:\/\/www.rri.ro\/de"},{"@type":"ListItem","position":2,"name":"Aktuell","item":"https:\/\/www.rri.ro\/de\/aktuell"},{"@type":"ListItem","position":3,"name":"Newsflash","item":"https:\/\/www.rri.ro\/de\/aktuell\/newsflash-de"},{"@type":"ListItem","position":4,"name":"Nachrichten 02.11.2016"}]},{"@type":"WebSite","@id":"https:\/\/www.rri.ro\/#website","url":"https:\/\/www.rri.ro\/","name":"Radio Rum\u00e4nien International","description":"Totul despre Rom\u00e2nia \u015fi rom\u00e2ni, \u00een 13 limbi\/dialecte!","inLanguage":"de"},{"@type":"Person","@id":"https:\/\/www.rri.ro\/#\/schema\/person\/4a479940371b9fdefd194f561e8a7f88","name":"Newsroom","url":"https:\/\/www.rri.ro\/de\/author\/newsroom"}]}},"_links":{"self":[{"href":"https:\/\/www.rri.ro\/de\/wp-json\/wp\/v2\/posts\/632231","targetHints":{"allow":["GET"]}}],"collection":[{"href":"https:\/\/www.rri.ro\/de\/wp-json\/wp\/v2\/posts"}],"about":[{"href":"https:\/\/www.rri.ro\/de\/wp-json\/wp\/v2\/types\/post"}],"author":[{"embeddable":true,"href":"https:\/\/www.rri.ro\/de\/wp-json\/wp\/v2\/users\/113"}],"replies":[{"embeddable":true,"href":"https:\/\/www.rri.ro\/de\/wp-json\/wp\/v2\/comments?post=632231"}],"version-history":[{"count":0,"href":"https:\/\/www.rri.ro\/de\/wp-json\/wp\/v2\/posts\/632231\/revisions"}],"wp:featuredmedia":[{"embeddable":true,"href":"https:\/\/www.rri.ro\/de\/wp-json\/wp\/v2\/media\/460330"}],"wp:attachment":[{"href":"https:\/\/www.rri.ro\/de\/wp-json\/wp\/v2\/media?parent=632231"}],"wp:term":[{"taxonomy":"category","embeddable":true,"href":"https:\/\/www.rri.ro\/de\/wp-json\/wp\/v2\/categories?post=632231"},{"taxonomy":"post_tag","embeddable":true,"href":"https:\/\/www.rri.ro\/de\/wp-json\/wp\/v2\/tags?post=632231"},{"taxonomy":"author","embeddable":true,"href":"https:\/\/www.rri.ro\/de\/wp-json\/wp\/v2\/coauthors?post=632231"}],"curies":[{"name":"wp","href":"https:\/\/api.w.org\/{rel}","templated":true}]}}