{"id":632313,"date":"2017-01-27T19:20:00","date_gmt":"2017-01-27T17:20:00","guid":{"rendered":"http:\/\/devrri.freshlemon.ro\/aktuell\/nachrichten-27-01-2017-id632313.html"},"modified":"2017-01-27T19:20:00","modified_gmt":"2017-01-27T17:20:00","slug":"nachrichten-27-01-2017","status":"publish","type":"post","link":"https:\/\/www.rri.ro\/de\/aktuell\/newsflash-de\/nachrichten-27-01-2017-id632313.html","title":{"rendered":"Nachrichten 27.01.2017"},"content":{"rendered":"<p><strong style=line-height: 1.6em;>Bukarest:<\/strong> Rum\u00e4niens Staatschef Klaus Iohannis hat am Freitag eine Sitzung des Obersten Verteidigungsrates f\u00fcr den 31. Januar einberufen. Den Themenschwerpunkt d\u00fcrfte dabei die Billigung des Haushaltsentwurfs der Institutionen im Bereich der nationalen Sicherheit bilden. Urspr\u00fcnglich hatte die Bukarester Regierung angek\u00fcndigt, dass sie am Freitag den Haushaltsentwurf f\u00fcr 2017 billigen und ihn anschlie\u00dfend dem Parlament zur Debatte vorlegen werde. Laut dem Premier Sorin Grindeanu, habe die Regierung bei der Planung des diesj\u00e4hrigen Staatshaushalts alle im Regierungsprogramm der Koalition, gebildet aus den Sozial-Demokraten PSD und der Allianz der Liberalen und Demokraten ALDE, vorgesehenen Ma\u00dfnahmen ber\u00fccksichtigt. Die Haushaltsvorlage basiert auf einem Wirschaftswachstum von 5,2% und einem gesch\u00e4tzten Haushaltsdefizit von 2,96% des BIP, sagte der rum\u00e4nische Premier. Der gr\u00f6\u00dfte Anteil der Finanzmittel aus dem diesj\u00e4hrigen Staatshaushalt sollen der Transport, &#8211; Landwirtschaftssektor sowie das Gesundheitswesen und die Kleinen und Mittleren Unternehmen zugeteilt bekommen. Weniger Geld als im Vorjahr erhalten 2017 die Bereiche: Bildung, Energie, Regionalentwicklung, das Pr\u00e4sidialamt, die zwei Parlamentskammer sowie das Au\u00dfen, &#8211; das Innenministerium und der Auslandsnachrichtendienst.<\/p>\n<p>&#13;<br \/>\n&#13;<\/p>\n<p>&#13;<br \/>\n&#13;<\/p>\n<p><strong>Bukarest:<\/strong> 91 Angeklagte sind Dezember 2016 in den Verfahren der Nationalen Antikorruptionsbeh\u00f6rde DNA rechtskr\u00e4ftig verurteilt worden,  hat am Freitag die Institution mitgeteilt.  Es handele sich, laut DNA, unter anderen, um einen Abgeordneten, zwei Landkreisratsvorsitzenden, einen Krankenhausmanager und den Chef einer Stadtpolizei. Die Richter h\u00e4tten im Fall der 91 Angeklagten Strafen von einem Jahr auf Bew\u00e4hrung bis zu 14 Jahren Haft verh\u00e4ngt, so die Nationale Antikorruptionsbeh\u00f6rde.<\/p>\n<p>&#13;<br \/>\n&#13;<\/p>\n<p>&#13;<br \/>\n&#13;<\/p>\n<p><strong>Bukarest:<\/strong>  Das Rum\u00e4nische Au\u00dfenministerium gedenkt der Opfer des Holocaust in der ganzen Welt und dr\u00fcckt seine Solidarit\u00e4t mit den \u00dcberlebenden der tragischen Ereignisse aus dem Zweiten Weltkrieg aus. Das Auswertige Amt unterst\u00fctze die Anstrengungen f\u00fcr die Erziehung und Bildung der jungen Generation im Sinne der Menschenrechte und der fundamentalen Freiheiten, so dass die Jugendlichen die Folgen der diskriminatorischen, antisemitischen und rassistischen Taten verstehen, so das Bukarester Ausw\u00e4rtige Amt in einer Pressemitteilung. Die Linie, die das Au\u00dfenministerium in diesem Sinne verfolge, sei im vollen Einklang mit der Pr\u00e4sidentschaft der Internationalen Allianz f\u00fcr Holocaust-Gedenken, die Bukarest im Zeitraum M\u00e4rz 2016-M\u00e4rz 2017 inne hat.  Der Gedenktag erinnert an die Befreiung der \u00dcberlebenden aus dem Konzentrationslager Auschwitz-Birkenau in Polen durch die sowjetische Armee am 27. Januar 1945.<\/p>\n<p>&#13;<br \/>\n&#13;<\/p>\n<p>&#13;<br \/>\n&#13;<\/p>\n<p><strong>Bukarest:<\/strong> Das rum\u00e4nische Justizminsterium wird am 30. Januar eine \u00f6ffentliche Debatte \u00fcber die Eilverordnungsentw\u00fcrfe zur Begdadigung und der \u00c4nderung des Strafgesetzbuches sowie der Strafprozessordnung organisieren. Die Oppositionsparteien, die Zivilgesellschaft und einige Richterverb\u00e4nde werfen der sozial-liberalen Regierung vor, die geplante Lockerung der Justizgesetze sei dazu bestimmt, korruptionsverd\u00e4chtige Politiker zu sch\u00fctzen. Laut dem Senatsvorsitzenden C\u0103lin Popescu T\u0103riceanu sollen die besagten Eilverordnungen hingegen den Kampf gegen Korruption fortsetzen. Laut einem Bericht des Europ\u00e4ischen Gerichtshofs f\u00fcr Menschenrechte, der diese Woche ver\u00f6ffentlicht wurde, belege Rum\u00e4nien den 3. Platz, nach Russland und der T\u00fcrkei, auf der Liste der Staaten mit den meisten Verurteilungen beim EGMR, vor allem im Bereich Lebensbedingungen in den Justizvollzugsanstalten.<\/p>\n<p>&#13;<br \/>\n&#13;<\/p>\n<p>&#13;<br \/>\n&#13;<\/p>\n<p><strong style=line-height: 1.6em;>Chi\u015fin\u0103u:<\/strong> Der prorussische Pr\u00e4sident der Moldaurepublik, der Sozialist Igor Dodon, wird, laut eigener Aussage, mit dem Kabinett von Pavel Filip und der proeurop\u00e4ischen Mehrheit im Parlament nicht zusammenarbeiten.  Er werde jeden Anlass nach einem eventuell Fall der Exekutive nutzen, um vorgezogene Wahlen zu organisieren, f\u00fcgte Dodon hinzu. Sollte seine Initiative von der parlamentarischen Mehrheit blockiert werden, dann werde er ein Referendum zur Verfassungsnovellierung organisieren, die eine Erweiterung seiner Befugnisse erm\u00f6glichen w\u00fcrde. Somit soll er die M\u00f6glichkeit haben, das Parlament aufzul\u00f6sen. Dar\u00fcber hinaus will Igor Dodon den Generalstaatsanwalt Eduard Harunjen seines Amtes entheben. Laut Medien und Politologen, versuche Dodon somit, ein diktatorisches Regime einzuf\u00fchren, um die volle Macht zu ergreifen. Laut der Verfassung der Republik Moldau, hat der Pr\u00e4sident kein Recht, ein Referendum zur Verfassungsnovellierung einzuleiten. Eine Volksabstimmung zu diesem Thema kann nur von den B\u00fcrgern, der Regierung oder einem Drittel der Abgeordneten eingeleitet werden.  <\/p>\n<p>&#13;<\/p>\n","protected":false},"excerpt":{"rendered":"<p>Die wichtigsten Meldungen des Tages im \u00dcberblick<\/p>\n","protected":false},"author":113,"featured_media":460330,"comment_status":"closed","ping_status":"closed","sticky":false,"template":"","format":"standard","meta":{"_acf_changed":false,"footnotes":""},"categories":[116753],"tags":[101046,100731,164787,100261,171273,31175,99625,126016,137226,99702,100704,100759,155287,100276,170393,100149,126015],"coauthors":[],"class_list":["post-632313","post","type-post","status-publish","format-standard","has-post-thumbnail","hentry","category-newsflash-de","tag-aussenministerium","tag-begnadigung","tag-dna-de","tag-haushalt","tag-holocaust-de","tag-igor-dodon","tag-justiz","tag-justizminsterium","tag-klaus-iohannis-de","tag-korruption","tag-nationale-antikorruptionsbehoerde","tag-opfer","tag-referendum-de","tag-sicherheit","tag-sorin-grindeanu-de","tag-verfassung","tag-verteidigugsrat"],"acf":[],"yoast_head":"<!-- This site is optimized with the Yoast SEO plugin v27.3 - https:\/\/yoast.com\/product\/yoast-seo-wordpress\/ -->\n<title>Nachrichten 27.01.2017 - Radio Rum\u00e4nien International<\/title>\n<meta name=\"robots\" content=\"index, follow, max-snippet:-1, max-image-preview:large, max-video-preview:-1\" \/>\n<link rel=\"canonical\" href=\"https:\/\/www.rri.ro\/de\/aktuell\/newsflash-de\/nachrichten-27-01-2017-id632313.html\" \/>\n<meta property=\"og:locale\" content=\"de_DE\" \/>\n<meta property=\"og:type\" content=\"article\" \/>\n<meta property=\"og:title\" content=\"Nachrichten 27.01.2017 - Radio Rum\u00e4nien International\" \/>\n<meta property=\"og:description\" content=\"Die wichtigsten Meldungen des Tages im \u00dcberblick\" \/>\n<meta property=\"og:url\" content=\"https:\/\/www.rri.ro\/de\/aktuell\/newsflash-de\/nachrichten-27-01-2017-id632313.html\" \/>\n<meta property=\"og:site_name\" content=\"Radio Rum\u00e4nien International\" \/>\n<meta property=\"article:published_time\" content=\"2017-01-27T17:20:00+00:00\" \/>\n<meta property=\"og:image\" content=\"https:\/\/www.rri.ro\/wp-content\/uploads\/2023\/10\/stiri-germana-ok2-2.png\" \/>\n\t<meta property=\"og:image:width\" content=\"640\" \/>\n\t<meta property=\"og:image:height\" content=\"427\" \/>\n\t<meta property=\"og:image:type\" content=\"image\/png\" \/>\n<meta name=\"author\" content=\"Newsroom\" \/>\n<meta name=\"twitter:card\" content=\"summary_large_image\" \/>\n<meta name=\"twitter:label1\" content=\"Verfasst von\" \/>\n\t<meta name=\"twitter:data1\" content=\"Newsroom\" \/>\n\t<meta name=\"twitter:label2\" content=\"Gesch\u00e4tzte Lesezeit\" \/>\n\t<meta name=\"twitter:data2\" content=\"3\u00a0Minuten\" \/>\n\t<meta name=\"twitter:label3\" content=\"Written by\" \/>\n\t<meta name=\"twitter:data3\" content=\"Newsroom\" \/>\n<script type=\"application\/ld+json\" class=\"yoast-schema-graph\">{\"@context\":\"https:\\\/\\\/schema.org\",\"@graph\":[{\"@type\":\"Article\",\"@id\":\"https:\\\/\\\/www.rri.ro\\\/de\\\/aktuell\\\/newsflash-de\\\/nachrichten-27-01-2017-id632313.html#article\",\"isPartOf\":{\"@id\":\"https:\\\/\\\/www.rri.ro\\\/de\\\/aktuell\\\/newsflash-de\\\/nachrichten-27-01-2017-id632313.html\"},\"author\":{\"name\":\"Newsroom\",\"@id\":\"https:\\\/\\\/www.rri.ro\\\/#\\\/schema\\\/person\\\/4a479940371b9fdefd194f561e8a7f88\"},\"headline\":\"Nachrichten 27.01.2017\",\"datePublished\":\"2017-01-27T17:20:00+00:00\",\"mainEntityOfPage\":{\"@id\":\"https:\\\/\\\/www.rri.ro\\\/de\\\/aktuell\\\/newsflash-de\\\/nachrichten-27-01-2017-id632313.html\"},\"wordCount\":649,\"image\":{\"@id\":\"https:\\\/\\\/www.rri.ro\\\/de\\\/aktuell\\\/newsflash-de\\\/nachrichten-27-01-2017-id632313.html#primaryimage\"},\"thumbnailUrl\":\"https:\\\/\\\/www.rri.ro\\\/wp-content\\\/uploads\\\/2023\\\/10\\\/stiri-germana-ok2-2.png\",\"keywords\":[\"Aussenministerium\",\"Begnadigung\",\"DNA\",\"Haushalt\",\"Holocaust\",\"Igor Dodon\",\"Justiz\",\"Justizminsterium\",\"Klaus Iohannis\",\"Korruption\",\"Nationale Antikorruptionsbeh\u00f6rde\",\"Opfer\",\"referendum\",\"Sicherheit\",\"Sorin Grindeanu\",\"Verfassung\",\"Verteidigugsrat\"],\"articleSection\":[\"Newsflash\"],\"inLanguage\":\"de\"},{\"@type\":\"WebPage\",\"@id\":\"https:\\\/\\\/www.rri.ro\\\/de\\\/aktuell\\\/newsflash-de\\\/nachrichten-27-01-2017-id632313.html\",\"url\":\"https:\\\/\\\/www.rri.ro\\\/de\\\/aktuell\\\/newsflash-de\\\/nachrichten-27-01-2017-id632313.html\",\"name\":\"Nachrichten 27.01.2017 - Radio Rum\u00e4nien International\",\"isPartOf\":{\"@id\":\"https:\\\/\\\/www.rri.ro\\\/#website\"},\"primaryImageOfPage\":{\"@id\":\"https:\\\/\\\/www.rri.ro\\\/de\\\/aktuell\\\/newsflash-de\\\/nachrichten-27-01-2017-id632313.html#primaryimage\"},\"image\":{\"@id\":\"https:\\\/\\\/www.rri.ro\\\/de\\\/aktuell\\\/newsflash-de\\\/nachrichten-27-01-2017-id632313.html#primaryimage\"},\"thumbnailUrl\":\"https:\\\/\\\/www.rri.ro\\\/wp-content\\\/uploads\\\/2023\\\/10\\\/stiri-germana-ok2-2.png\",\"datePublished\":\"2017-01-27T17:20:00+00:00\",\"author\":{\"@id\":\"https:\\\/\\\/www.rri.ro\\\/#\\\/schema\\\/person\\\/4a479940371b9fdefd194f561e8a7f88\"},\"breadcrumb\":{\"@id\":\"https:\\\/\\\/www.rri.ro\\\/de\\\/aktuell\\\/newsflash-de\\\/nachrichten-27-01-2017-id632313.html#breadcrumb\"},\"inLanguage\":\"de\",\"potentialAction\":[{\"@type\":\"ReadAction\",\"target\":[\"https:\\\/\\\/www.rri.ro\\\/de\\\/aktuell\\\/newsflash-de\\\/nachrichten-27-01-2017-id632313.html\"]}]},{\"@type\":\"ImageObject\",\"inLanguage\":\"de\",\"@id\":\"https:\\\/\\\/www.rri.ro\\\/de\\\/aktuell\\\/newsflash-de\\\/nachrichten-27-01-2017-id632313.html#primaryimage\",\"url\":\"https:\\\/\\\/www.rri.ro\\\/wp-content\\\/uploads\\\/2023\\\/10\\\/stiri-germana-ok2-2.png\",\"contentUrl\":\"https:\\\/\\\/www.rri.ro\\\/wp-content\\\/uploads\\\/2023\\\/10\\\/stiri-germana-ok2-2.png\",\"width\":640,\"height\":427},{\"@type\":\"BreadcrumbList\",\"@id\":\"https:\\\/\\\/www.rri.ro\\\/de\\\/aktuell\\\/newsflash-de\\\/nachrichten-27-01-2017-id632313.html#breadcrumb\",\"itemListElement\":[{\"@type\":\"ListItem\",\"position\":1,\"name\":\"Startseite\",\"item\":\"https:\\\/\\\/www.rri.ro\\\/de\"},{\"@type\":\"ListItem\",\"position\":2,\"name\":\"Aktuell\",\"item\":\"https:\\\/\\\/www.rri.ro\\\/de\\\/aktuell\"},{\"@type\":\"ListItem\",\"position\":3,\"name\":\"Newsflash\",\"item\":\"https:\\\/\\\/www.rri.ro\\\/de\\\/aktuell\\\/newsflash-de\"},{\"@type\":\"ListItem\",\"position\":4,\"name\":\"Nachrichten 27.01.2017\"}]},{\"@type\":\"WebSite\",\"@id\":\"https:\\\/\\\/www.rri.ro\\\/#website\",\"url\":\"https:\\\/\\\/www.rri.ro\\\/\",\"name\":\"Radio Rum\u00e4nien International\",\"description\":\"Totul despre Rom\u00e2nia \u015fi rom\u00e2ni, \u00een 13 limbi\\\/dialecte!\",\"inLanguage\":\"de\"},{\"@type\":\"Person\",\"@id\":\"https:\\\/\\\/www.rri.ro\\\/#\\\/schema\\\/person\\\/4a479940371b9fdefd194f561e8a7f88\",\"name\":\"Newsroom\",\"url\":\"https:\\\/\\\/www.rri.ro\\\/de\\\/author\\\/newsroom\"}]}<\/script>\n<!-- \/ Yoast SEO plugin. -->","yoast_head_json":{"title":"Nachrichten 27.01.2017 - Radio Rum\u00e4nien International","robots":{"index":"index","follow":"follow","max-snippet":"max-snippet:-1","max-image-preview":"max-image-preview:large","max-video-preview":"max-video-preview:-1"},"canonical":"https:\/\/www.rri.ro\/de\/aktuell\/newsflash-de\/nachrichten-27-01-2017-id632313.html","og_locale":"de_DE","og_type":"article","og_title":"Nachrichten 27.01.2017 - Radio Rum\u00e4nien International","og_description":"Die wichtigsten Meldungen des Tages im \u00dcberblick","og_url":"https:\/\/www.rri.ro\/de\/aktuell\/newsflash-de\/nachrichten-27-01-2017-id632313.html","og_site_name":"Radio Rum\u00e4nien International","article_published_time":"2017-01-27T17:20:00+00:00","og_image":[{"width":640,"height":427,"url":"https:\/\/www.rri.ro\/wp-content\/uploads\/2023\/10\/stiri-germana-ok2-2.png","type":"image\/png"}],"author":"Newsroom","twitter_card":"summary_large_image","twitter_misc":{"Verfasst von":"Newsroom","Gesch\u00e4tzte Lesezeit":"3\u00a0Minuten","Written by":"Newsroom"},"schema":{"@context":"https:\/\/schema.org","@graph":[{"@type":"Article","@id":"https:\/\/www.rri.ro\/de\/aktuell\/newsflash-de\/nachrichten-27-01-2017-id632313.html#article","isPartOf":{"@id":"https:\/\/www.rri.ro\/de\/aktuell\/newsflash-de\/nachrichten-27-01-2017-id632313.html"},"author":{"name":"Newsroom","@id":"https:\/\/www.rri.ro\/#\/schema\/person\/4a479940371b9fdefd194f561e8a7f88"},"headline":"Nachrichten 27.01.2017","datePublished":"2017-01-27T17:20:00+00:00","mainEntityOfPage":{"@id":"https:\/\/www.rri.ro\/de\/aktuell\/newsflash-de\/nachrichten-27-01-2017-id632313.html"},"wordCount":649,"image":{"@id":"https:\/\/www.rri.ro\/de\/aktuell\/newsflash-de\/nachrichten-27-01-2017-id632313.html#primaryimage"},"thumbnailUrl":"https:\/\/www.rri.ro\/wp-content\/uploads\/2023\/10\/stiri-germana-ok2-2.png","keywords":["Aussenministerium","Begnadigung","DNA","Haushalt","Holocaust","Igor Dodon","Justiz","Justizminsterium","Klaus Iohannis","Korruption","Nationale Antikorruptionsbeh\u00f6rde","Opfer","referendum","Sicherheit","Sorin Grindeanu","Verfassung","Verteidigugsrat"],"articleSection":["Newsflash"],"inLanguage":"de"},{"@type":"WebPage","@id":"https:\/\/www.rri.ro\/de\/aktuell\/newsflash-de\/nachrichten-27-01-2017-id632313.html","url":"https:\/\/www.rri.ro\/de\/aktuell\/newsflash-de\/nachrichten-27-01-2017-id632313.html","name":"Nachrichten 27.01.2017 - Radio Rum\u00e4nien International","isPartOf":{"@id":"https:\/\/www.rri.ro\/#website"},"primaryImageOfPage":{"@id":"https:\/\/www.rri.ro\/de\/aktuell\/newsflash-de\/nachrichten-27-01-2017-id632313.html#primaryimage"},"image":{"@id":"https:\/\/www.rri.ro\/de\/aktuell\/newsflash-de\/nachrichten-27-01-2017-id632313.html#primaryimage"},"thumbnailUrl":"https:\/\/www.rri.ro\/wp-content\/uploads\/2023\/10\/stiri-germana-ok2-2.png","datePublished":"2017-01-27T17:20:00+00:00","author":{"@id":"https:\/\/www.rri.ro\/#\/schema\/person\/4a479940371b9fdefd194f561e8a7f88"},"breadcrumb":{"@id":"https:\/\/www.rri.ro\/de\/aktuell\/newsflash-de\/nachrichten-27-01-2017-id632313.html#breadcrumb"},"inLanguage":"de","potentialAction":[{"@type":"ReadAction","target":["https:\/\/www.rri.ro\/de\/aktuell\/newsflash-de\/nachrichten-27-01-2017-id632313.html"]}]},{"@type":"ImageObject","inLanguage":"de","@id":"https:\/\/www.rri.ro\/de\/aktuell\/newsflash-de\/nachrichten-27-01-2017-id632313.html#primaryimage","url":"https:\/\/www.rri.ro\/wp-content\/uploads\/2023\/10\/stiri-germana-ok2-2.png","contentUrl":"https:\/\/www.rri.ro\/wp-content\/uploads\/2023\/10\/stiri-germana-ok2-2.png","width":640,"height":427},{"@type":"BreadcrumbList","@id":"https:\/\/www.rri.ro\/de\/aktuell\/newsflash-de\/nachrichten-27-01-2017-id632313.html#breadcrumb","itemListElement":[{"@type":"ListItem","position":1,"name":"Startseite","item":"https:\/\/www.rri.ro\/de"},{"@type":"ListItem","position":2,"name":"Aktuell","item":"https:\/\/www.rri.ro\/de\/aktuell"},{"@type":"ListItem","position":3,"name":"Newsflash","item":"https:\/\/www.rri.ro\/de\/aktuell\/newsflash-de"},{"@type":"ListItem","position":4,"name":"Nachrichten 27.01.2017"}]},{"@type":"WebSite","@id":"https:\/\/www.rri.ro\/#website","url":"https:\/\/www.rri.ro\/","name":"Radio Rum\u00e4nien International","description":"Totul despre Rom\u00e2nia \u015fi rom\u00e2ni, \u00een 13 limbi\/dialecte!","inLanguage":"de"},{"@type":"Person","@id":"https:\/\/www.rri.ro\/#\/schema\/person\/4a479940371b9fdefd194f561e8a7f88","name":"Newsroom","url":"https:\/\/www.rri.ro\/de\/author\/newsroom"}]}},"_links":{"self":[{"href":"https:\/\/www.rri.ro\/de\/wp-json\/wp\/v2\/posts\/632313","targetHints":{"allow":["GET"]}}],"collection":[{"href":"https:\/\/www.rri.ro\/de\/wp-json\/wp\/v2\/posts"}],"about":[{"href":"https:\/\/www.rri.ro\/de\/wp-json\/wp\/v2\/types\/post"}],"author":[{"embeddable":true,"href":"https:\/\/www.rri.ro\/de\/wp-json\/wp\/v2\/users\/113"}],"replies":[{"embeddable":true,"href":"https:\/\/www.rri.ro\/de\/wp-json\/wp\/v2\/comments?post=632313"}],"version-history":[{"count":0,"href":"https:\/\/www.rri.ro\/de\/wp-json\/wp\/v2\/posts\/632313\/revisions"}],"wp:featuredmedia":[{"embeddable":true,"href":"https:\/\/www.rri.ro\/de\/wp-json\/wp\/v2\/media\/460330"}],"wp:attachment":[{"href":"https:\/\/www.rri.ro\/de\/wp-json\/wp\/v2\/media?parent=632313"}],"wp:term":[{"taxonomy":"category","embeddable":true,"href":"https:\/\/www.rri.ro\/de\/wp-json\/wp\/v2\/categories?post=632313"},{"taxonomy":"post_tag","embeddable":true,"href":"https:\/\/www.rri.ro\/de\/wp-json\/wp\/v2\/tags?post=632313"},{"taxonomy":"author","embeddable":true,"href":"https:\/\/www.rri.ro\/de\/wp-json\/wp\/v2\/coauthors?post=632313"}],"curies":[{"name":"wp","href":"https:\/\/api.w.org\/{rel}","templated":true}]}}