{"id":632327,"date":"2017-02-09T17:42:00","date_gmt":"2017-02-09T15:42:00","guid":{"rendered":"http:\/\/devrri.freshlemon.ro\/aktuell\/nachrichten-09-02-2017-id632327.html"},"modified":"2017-02-09T17:42:00","modified_gmt":"2017-02-09T15:42:00","slug":"nachrichten-09-02-2017","status":"publish","type":"post","link":"https:\/\/www.rri.ro\/de\/aktuell\/newsflash-de\/nachrichten-09-02-2017-id632327.html","title":{"rendered":"Nachrichten 09.02.2017"},"content":{"rendered":"<p>Der rum\u00e4nische Justizminister Florin Iordache hat am Donnerstag vor dem Hintergrund der Widerrufung der Eilverordnung zur Ab\u00e4nderung der Strafgesetze seinen R\u00fccktritt erkl\u00e4rt. Bis zuletzt hielt Florin Iordache daran fest, dass die Eilverordnung recht- und verfassungsm\u00e4\u200e\u00dfig gewesen sei. Bereits am Mittwoch hatte er angek\u00fcndigt, sich nach einer Aussprache mit Premierminister Sorin Grindeanu entscheiden zu wollen. Die Oppositionsparteien begr\u00fc\u200e\u00dften Iordaches Entscheidung. Selbst Spitzenpolitiker der Regierungkoalition hatten seinen R\u00fccktritt gefordert, nachdem sein Vorsto\u200e\u00df zu den gr\u00f6\u200e\u00dften Stra\u200e\u00dfenprotesten der letzten 27 Jahre gef\u00fchrt hatte.<\/p>\n<p>&#13;<br \/>\n&#13;<\/p>\n<p>&#13;<br \/>\n&#13;<\/p>\n<p>Das rum\u00e4nische Verfassungsgericht hat am Donnerstag die Klage des Ombudsmans gegen die Eilverordnung zur Ab\u00e4nderung der Strafgesetze als unzul\u00e4ssig abgewiesen. Da die Eilverordnung widerrufen worden sei, bleibe die Klage gegenstandslos; in der Sache selbst m\u00fcsse nicht mehr entschieden werden. Ombudsman Victor Ciorbea hatte letzte Woche gegen die Eilverordnung geklagt, da die Vorschrift gerade das Gebot der Eile nicht erf\u00fclle. Am Mittwoch hatte das Gericht auch die Klagen von Pr\u00e4sident Klaus Iohannis und der Justizaufsichtsbeh\u00f6rde CSM gegen die Eilverordnung im Rahmen eines Organstreitverfahrens abgelehnt. Sie hatten ger\u00fcgt, dass es durch die Verabschiedung der Vorschrift zu einem Rechtskonflikt zwischen den Staatsgewalten gekommen sei.<\/p>\n<p>&#13;<br \/>\n&#13;<\/p>\n<p>&#13;<br \/>\n&#13;<\/p>\n<p>Der Chef des parlamentarischen Ausschusses zur Kontrolle \u00fcber den Innengeheimdienst SRI, Adrian \u0162u\u0163uianu, hat am Donnerstag eine Verbesserung der Amtshilfeverfahren zwischen Innenministerium und Geheimdienst angemahnt. Der Ausschuss hatte zuvor Geheimdienstchef Eduard Hellvig und Innenministerin Carmen Dan zu den gewaltsamen Zwischenf\u00e4llen am 1. Februar angeh\u00f6rt, als auf der Demonstration gegen die umstrittene Eilverordnung der Regierung mehrere Hooligans die Sicherheitskr\u00e4fte mit Pyrotechnik angegriffen hatten. Die Innenministerin hatte sich daraufhin \u00f6ffentlich beklagt, dass der Inlandsgeheimdienst ihr Haus nicht \u00fcber die Gefahrenlage informiert habe. Der Geheimdienst bestritt die Vorw\u00fcrfe. Die Polizei vernahm 79 Personen aus dem Umkreis der Fu\u200e\u00dfball-Fangemeinde. Vier Personen wurden in Unterschungshaft genommen. Ihnen wird t\u00e4tlicher Angriff auf Beamte und St\u00f6rung der \u00f6ffentlichen Ordnung vorgeworfen. Es war der einzige der bislang neun Protestabende, an dem es zu Gewaltausbr\u00fcchen kam. <\/p>\n<p>&#13;<br \/>\n&#13;<\/p>\n<p>&#13;<br \/>\n&#13;<\/p>\n<p>Die linksliberale Regierung hat am Donnerstag ein Memorandum zur Einrichtung eines Staatsfonds f\u00fcr Entwicklung und Investitionen verabschiedet. Das k\u00fcndigte Wirtschaftsminister Alexandru Petrescu an. Der Fonds sei ein Instrument zur Finanzierung von Investitionen in konkurrenzf\u00e4higen, rentablen und nachhaltigen Branchen mit Multiplikationswirkung f\u00fcr die gesamte Wirtschaft. Er sei dazu bestimmt, Kapital aus dem Finanzmarkt heranzuziehen. Der Fonds werde ein Partner f\u00fcr Anleger wie die EIB oder die Weltbank sowie f\u00fcr andere Investmentfonds und Privatakteure sein.<\/p>\n<p>&#13;<br \/>\n&#13;<\/p>\n<p>&#13;<br \/>\n&#13;<\/p>\n<p>Die Inflationsrate in Rum\u00e4nien wird im ersten Quartal wieder im positiven Bereich landen, je mehr die Wirkung der Mehrwertsteuerk\u00fcrzung vom letzten Jahr auf 20 Prozent nachl\u00e4sst. Das sagte Zentralbankchef Mugur Is\u0103rescu am Donnerstag. Dennoch werde die Inflation niedriger als erwartet ausfallen, da die Mehrwertsteuer um einen weiteren Prozentpunkt auf 19 Prozent gedr\u00fcckt wurde und mehrere Abgaben abgeschafft wurden. Inflationsmindernd wirken auch die billigeren Haftpflichtversicherungen und die Abschaffung einer Sondersteuer auf Treibstoffe. Der durchschnittliche Lohn stieg im Dezember um 8,4 Prozent gegen\u00fcber dem Vormonat auf umgerechnet rund 720 Euro brutto  und 520 Euro netto.<\/p>\n<p>&#13;<br \/>\n&#13;<\/p>\n<p>&#13;<br \/>\n&#13;<\/p>\n<p>In Berlin l\u00e4uft am Donnerstag die 67. Auflage der internationalen Filmfestspiele an. Zu den  24 Produktionen der offiziellen Auswahl geh\u00f6rt auch der Spielfilm Ana, mon amour von C\u0103lin Peter Netzer. Der in Rum\u00e4nien geborene Regisseur hat schon 2013 einen Goldenen B\u00e4ren gewonnen. In der Sektion &#8222;Berlinale Talents&#8220; ist Rum\u00e4nien zudem mit den Regisseurinnen Ilinca C\u0103lug\u0103reanu und Ioana Mischie vertreten, zudem mit dem Schauspieler Alexandru Potocean, der Produzentin Andra Popescu, der Kamerafrau Carmen Tofeni oder der Drehbuchautorin Monica Stan. Im Programm &#8222;Shooting Star&#8220; tritt der Darsteller Tudor Aaron Istodor auf; ein Projekt von Bogdan George Apetri wurde au\u200e\u00dferdem f\u00fcr den Co-production Market\u201d gew\u00e4hlt.<\/p>\n<p>&#13;<\/p>\n","protected":false},"excerpt":{"rendered":"<p>Die wichtigsten Meldungen des Tages im \u00dcberblick<\/p>\n","protected":false},"author":113,"featured_media":460330,"comment_status":"closed","ping_status":"closed","sticky":false,"template":"","format":"standard","meta":{"_acf_changed":false,"footnotes":""},"categories":[116753],"tags":[102860,101875,100111,126028,99625,172868,117481,143778,124010,126025,161728,101289,99586,100933,100276,100694,100149],"coauthors":[],"class_list":["post-632327","post","type-post","status-publish","format-standard","has-post-thumbnail","hentry","category-newsflash-de","tag-demonstration","tag-eilverordnung","tag-gericht","tag-hooligans","tag-justiz","tag-minister-de","tag-ombudsmann","tag-opposition-de","tag-ordnung","tag-organstreit","tag-protest-de","tag-recht","tag-regierung","tag-ruecktritt","tag-sicherheit","tag-strafgesetz","tag-verfassung"],"acf":[],"yoast_head":"<!-- This site is optimized with the Yoast SEO plugin v27.5 - https:\/\/yoast.com\/product\/yoast-seo-wordpress\/ -->\n<title>Nachrichten 09.02.2017 - Radio Rum\u00e4nien International<\/title>\n<meta name=\"robots\" content=\"index, follow, max-snippet:-1, max-image-preview:large, max-video-preview:-1\" \/>\n<link rel=\"canonical\" href=\"https:\/\/www.rri.ro\/de\/aktuell\/newsflash-de\/nachrichten-09-02-2017-id632327.html\" \/>\n<meta property=\"og:locale\" content=\"de_DE\" \/>\n<meta property=\"og:type\" content=\"article\" \/>\n<meta property=\"og:title\" content=\"Nachrichten 09.02.2017 - Radio Rum\u00e4nien International\" \/>\n<meta property=\"og:description\" content=\"Die wichtigsten Meldungen des Tages im \u00dcberblick\" \/>\n<meta property=\"og:url\" content=\"https:\/\/www.rri.ro\/de\/aktuell\/newsflash-de\/nachrichten-09-02-2017-id632327.html\" \/>\n<meta property=\"og:site_name\" content=\"Radio Rum\u00e4nien International\" \/>\n<meta property=\"article:published_time\" content=\"2017-02-09T15:42:00+00:00\" \/>\n<meta property=\"og:image\" content=\"https:\/\/www.rri.ro\/wp-content\/uploads\/2023\/10\/stiri-germana-ok2-2.png\" \/>\n\t<meta property=\"og:image:width\" content=\"640\" \/>\n\t<meta property=\"og:image:height\" content=\"427\" \/>\n\t<meta property=\"og:image:type\" content=\"image\/png\" \/>\n<meta name=\"author\" content=\"Newsroom\" \/>\n<meta name=\"twitter:card\" content=\"summary_large_image\" \/>\n<meta name=\"twitter:label1\" content=\"Verfasst von\" \/>\n\t<meta name=\"twitter:data1\" content=\"Newsroom\" \/>\n\t<meta name=\"twitter:label2\" content=\"Gesch\u00e4tzte Lesezeit\" \/>\n\t<meta name=\"twitter:data2\" content=\"3\u00a0Minuten\" \/>\n\t<meta name=\"twitter:label3\" content=\"Written by\" \/>\n\t<meta name=\"twitter:data3\" content=\"Newsroom\" \/>\n<script type=\"application\/ld+json\" class=\"yoast-schema-graph\">{\"@context\":\"https:\\\/\\\/schema.org\",\"@graph\":[{\"@type\":\"Article\",\"@id\":\"https:\\\/\\\/www.rri.ro\\\/de\\\/aktuell\\\/newsflash-de\\\/nachrichten-09-02-2017-id632327.html#article\",\"isPartOf\":{\"@id\":\"https:\\\/\\\/www.rri.ro\\\/de\\\/aktuell\\\/newsflash-de\\\/nachrichten-09-02-2017-id632327.html\"},\"author\":{\"name\":\"Newsroom\",\"@id\":\"https:\\\/\\\/www.rri.ro\\\/#\\\/schema\\\/person\\\/4a479940371b9fdefd194f561e8a7f88\"},\"headline\":\"Nachrichten 09.02.2017\",\"datePublished\":\"2017-02-09T15:42:00+00:00\",\"mainEntityOfPage\":{\"@id\":\"https:\\\/\\\/www.rri.ro\\\/de\\\/aktuell\\\/newsflash-de\\\/nachrichten-09-02-2017-id632327.html\"},\"wordCount\":617,\"image\":{\"@id\":\"https:\\\/\\\/www.rri.ro\\\/de\\\/aktuell\\\/newsflash-de\\\/nachrichten-09-02-2017-id632327.html#primaryimage\"},\"thumbnailUrl\":\"https:\\\/\\\/www.rri.ro\\\/wp-content\\\/uploads\\\/2023\\\/10\\\/stiri-germana-ok2-2.png\",\"keywords\":[\"Demonstration\",\"Eilverordnung\",\"Gericht\",\"Hooligans\",\"Justiz\",\"minister\",\"Ombudsmann\",\"opposition\",\"Ordnung\",\"Organstreit\",\"protest\",\"Recht\",\"Regierung\",\"R\u00fccktritt\",\"Sicherheit\",\"Strafgesetz\",\"Verfassung\"],\"articleSection\":[\"Newsflash\"],\"inLanguage\":\"de\"},{\"@type\":\"WebPage\",\"@id\":\"https:\\\/\\\/www.rri.ro\\\/de\\\/aktuell\\\/newsflash-de\\\/nachrichten-09-02-2017-id632327.html\",\"url\":\"https:\\\/\\\/www.rri.ro\\\/de\\\/aktuell\\\/newsflash-de\\\/nachrichten-09-02-2017-id632327.html\",\"name\":\"Nachrichten 09.02.2017 - Radio Rum\u00e4nien International\",\"isPartOf\":{\"@id\":\"https:\\\/\\\/www.rri.ro\\\/#website\"},\"primaryImageOfPage\":{\"@id\":\"https:\\\/\\\/www.rri.ro\\\/de\\\/aktuell\\\/newsflash-de\\\/nachrichten-09-02-2017-id632327.html#primaryimage\"},\"image\":{\"@id\":\"https:\\\/\\\/www.rri.ro\\\/de\\\/aktuell\\\/newsflash-de\\\/nachrichten-09-02-2017-id632327.html#primaryimage\"},\"thumbnailUrl\":\"https:\\\/\\\/www.rri.ro\\\/wp-content\\\/uploads\\\/2023\\\/10\\\/stiri-germana-ok2-2.png\",\"datePublished\":\"2017-02-09T15:42:00+00:00\",\"author\":{\"@id\":\"https:\\\/\\\/www.rri.ro\\\/#\\\/schema\\\/person\\\/4a479940371b9fdefd194f561e8a7f88\"},\"breadcrumb\":{\"@id\":\"https:\\\/\\\/www.rri.ro\\\/de\\\/aktuell\\\/newsflash-de\\\/nachrichten-09-02-2017-id632327.html#breadcrumb\"},\"inLanguage\":\"de\",\"potentialAction\":[{\"@type\":\"ReadAction\",\"target\":[\"https:\\\/\\\/www.rri.ro\\\/de\\\/aktuell\\\/newsflash-de\\\/nachrichten-09-02-2017-id632327.html\"]}]},{\"@type\":\"ImageObject\",\"inLanguage\":\"de\",\"@id\":\"https:\\\/\\\/www.rri.ro\\\/de\\\/aktuell\\\/newsflash-de\\\/nachrichten-09-02-2017-id632327.html#primaryimage\",\"url\":\"https:\\\/\\\/www.rri.ro\\\/wp-content\\\/uploads\\\/2023\\\/10\\\/stiri-germana-ok2-2.png\",\"contentUrl\":\"https:\\\/\\\/www.rri.ro\\\/wp-content\\\/uploads\\\/2023\\\/10\\\/stiri-germana-ok2-2.png\",\"width\":640,\"height\":427},{\"@type\":\"BreadcrumbList\",\"@id\":\"https:\\\/\\\/www.rri.ro\\\/de\\\/aktuell\\\/newsflash-de\\\/nachrichten-09-02-2017-id632327.html#breadcrumb\",\"itemListElement\":[{\"@type\":\"ListItem\",\"position\":1,\"name\":\"Startseite\",\"item\":\"https:\\\/\\\/www.rri.ro\\\/de\"},{\"@type\":\"ListItem\",\"position\":2,\"name\":\"Aktuell\",\"item\":\"https:\\\/\\\/www.rri.ro\\\/de\\\/aktuell\"},{\"@type\":\"ListItem\",\"position\":3,\"name\":\"Newsflash\",\"item\":\"https:\\\/\\\/www.rri.ro\\\/de\\\/aktuell\\\/newsflash-de\"},{\"@type\":\"ListItem\",\"position\":4,\"name\":\"Nachrichten 09.02.2017\"}]},{\"@type\":\"WebSite\",\"@id\":\"https:\\\/\\\/www.rri.ro\\\/#website\",\"url\":\"https:\\\/\\\/www.rri.ro\\\/\",\"name\":\"Radio Rum\u00e4nien International\",\"description\":\"Totul despre Rom\u00e2nia \u015fi rom\u00e2ni, \u00een 13 limbi\\\/dialecte!\",\"inLanguage\":\"de\"},{\"@type\":\"Person\",\"@id\":\"https:\\\/\\\/www.rri.ro\\\/#\\\/schema\\\/person\\\/4a479940371b9fdefd194f561e8a7f88\",\"name\":\"Newsroom\",\"url\":\"https:\\\/\\\/www.rri.ro\\\/de\\\/author\\\/newsroom\"}]}<\/script>\n<!-- \/ Yoast SEO plugin. -->","yoast_head_json":{"title":"Nachrichten 09.02.2017 - Radio Rum\u00e4nien International","robots":{"index":"index","follow":"follow","max-snippet":"max-snippet:-1","max-image-preview":"max-image-preview:large","max-video-preview":"max-video-preview:-1"},"canonical":"https:\/\/www.rri.ro\/de\/aktuell\/newsflash-de\/nachrichten-09-02-2017-id632327.html","og_locale":"de_DE","og_type":"article","og_title":"Nachrichten 09.02.2017 - Radio Rum\u00e4nien International","og_description":"Die wichtigsten Meldungen des Tages im \u00dcberblick","og_url":"https:\/\/www.rri.ro\/de\/aktuell\/newsflash-de\/nachrichten-09-02-2017-id632327.html","og_site_name":"Radio Rum\u00e4nien International","article_published_time":"2017-02-09T15:42:00+00:00","og_image":[{"width":640,"height":427,"url":"https:\/\/www.rri.ro\/wp-content\/uploads\/2023\/10\/stiri-germana-ok2-2.png","type":"image\/png"}],"author":"Newsroom","twitter_card":"summary_large_image","twitter_misc":{"Verfasst von":"Newsroom","Gesch\u00e4tzte Lesezeit":"3\u00a0Minuten","Written by":"Newsroom"},"schema":{"@context":"https:\/\/schema.org","@graph":[{"@type":"Article","@id":"https:\/\/www.rri.ro\/de\/aktuell\/newsflash-de\/nachrichten-09-02-2017-id632327.html#article","isPartOf":{"@id":"https:\/\/www.rri.ro\/de\/aktuell\/newsflash-de\/nachrichten-09-02-2017-id632327.html"},"author":{"name":"Newsroom","@id":"https:\/\/www.rri.ro\/#\/schema\/person\/4a479940371b9fdefd194f561e8a7f88"},"headline":"Nachrichten 09.02.2017","datePublished":"2017-02-09T15:42:00+00:00","mainEntityOfPage":{"@id":"https:\/\/www.rri.ro\/de\/aktuell\/newsflash-de\/nachrichten-09-02-2017-id632327.html"},"wordCount":617,"image":{"@id":"https:\/\/www.rri.ro\/de\/aktuell\/newsflash-de\/nachrichten-09-02-2017-id632327.html#primaryimage"},"thumbnailUrl":"https:\/\/www.rri.ro\/wp-content\/uploads\/2023\/10\/stiri-germana-ok2-2.png","keywords":["Demonstration","Eilverordnung","Gericht","Hooligans","Justiz","minister","Ombudsmann","opposition","Ordnung","Organstreit","protest","Recht","Regierung","R\u00fccktritt","Sicherheit","Strafgesetz","Verfassung"],"articleSection":["Newsflash"],"inLanguage":"de"},{"@type":"WebPage","@id":"https:\/\/www.rri.ro\/de\/aktuell\/newsflash-de\/nachrichten-09-02-2017-id632327.html","url":"https:\/\/www.rri.ro\/de\/aktuell\/newsflash-de\/nachrichten-09-02-2017-id632327.html","name":"Nachrichten 09.02.2017 - Radio Rum\u00e4nien International","isPartOf":{"@id":"https:\/\/www.rri.ro\/#website"},"primaryImageOfPage":{"@id":"https:\/\/www.rri.ro\/de\/aktuell\/newsflash-de\/nachrichten-09-02-2017-id632327.html#primaryimage"},"image":{"@id":"https:\/\/www.rri.ro\/de\/aktuell\/newsflash-de\/nachrichten-09-02-2017-id632327.html#primaryimage"},"thumbnailUrl":"https:\/\/www.rri.ro\/wp-content\/uploads\/2023\/10\/stiri-germana-ok2-2.png","datePublished":"2017-02-09T15:42:00+00:00","author":{"@id":"https:\/\/www.rri.ro\/#\/schema\/person\/4a479940371b9fdefd194f561e8a7f88"},"breadcrumb":{"@id":"https:\/\/www.rri.ro\/de\/aktuell\/newsflash-de\/nachrichten-09-02-2017-id632327.html#breadcrumb"},"inLanguage":"de","potentialAction":[{"@type":"ReadAction","target":["https:\/\/www.rri.ro\/de\/aktuell\/newsflash-de\/nachrichten-09-02-2017-id632327.html"]}]},{"@type":"ImageObject","inLanguage":"de","@id":"https:\/\/www.rri.ro\/de\/aktuell\/newsflash-de\/nachrichten-09-02-2017-id632327.html#primaryimage","url":"https:\/\/www.rri.ro\/wp-content\/uploads\/2023\/10\/stiri-germana-ok2-2.png","contentUrl":"https:\/\/www.rri.ro\/wp-content\/uploads\/2023\/10\/stiri-germana-ok2-2.png","width":640,"height":427},{"@type":"BreadcrumbList","@id":"https:\/\/www.rri.ro\/de\/aktuell\/newsflash-de\/nachrichten-09-02-2017-id632327.html#breadcrumb","itemListElement":[{"@type":"ListItem","position":1,"name":"Startseite","item":"https:\/\/www.rri.ro\/de"},{"@type":"ListItem","position":2,"name":"Aktuell","item":"https:\/\/www.rri.ro\/de\/aktuell"},{"@type":"ListItem","position":3,"name":"Newsflash","item":"https:\/\/www.rri.ro\/de\/aktuell\/newsflash-de"},{"@type":"ListItem","position":4,"name":"Nachrichten 09.02.2017"}]},{"@type":"WebSite","@id":"https:\/\/www.rri.ro\/#website","url":"https:\/\/www.rri.ro\/","name":"Radio Rum\u00e4nien International","description":"Totul despre Rom\u00e2nia \u015fi rom\u00e2ni, \u00een 13 limbi\/dialecte!","inLanguage":"de"},{"@type":"Person","@id":"https:\/\/www.rri.ro\/#\/schema\/person\/4a479940371b9fdefd194f561e8a7f88","name":"Newsroom","url":"https:\/\/www.rri.ro\/de\/author\/newsroom"}]}},"_links":{"self":[{"href":"https:\/\/www.rri.ro\/de\/wp-json\/wp\/v2\/posts\/632327","targetHints":{"allow":["GET"]}}],"collection":[{"href":"https:\/\/www.rri.ro\/de\/wp-json\/wp\/v2\/posts"}],"about":[{"href":"https:\/\/www.rri.ro\/de\/wp-json\/wp\/v2\/types\/post"}],"author":[{"embeddable":true,"href":"https:\/\/www.rri.ro\/de\/wp-json\/wp\/v2\/users\/113"}],"replies":[{"embeddable":true,"href":"https:\/\/www.rri.ro\/de\/wp-json\/wp\/v2\/comments?post=632327"}],"version-history":[{"count":0,"href":"https:\/\/www.rri.ro\/de\/wp-json\/wp\/v2\/posts\/632327\/revisions"}],"wp:featuredmedia":[{"embeddable":true,"href":"https:\/\/www.rri.ro\/de\/wp-json\/wp\/v2\/media\/460330"}],"wp:attachment":[{"href":"https:\/\/www.rri.ro\/de\/wp-json\/wp\/v2\/media?parent=632327"}],"wp:term":[{"taxonomy":"category","embeddable":true,"href":"https:\/\/www.rri.ro\/de\/wp-json\/wp\/v2\/categories?post=632327"},{"taxonomy":"post_tag","embeddable":true,"href":"https:\/\/www.rri.ro\/de\/wp-json\/wp\/v2\/tags?post=632327"},{"taxonomy":"author","embeddable":true,"href":"https:\/\/www.rri.ro\/de\/wp-json\/wp\/v2\/coauthors?post=632327"}],"curies":[{"name":"wp","href":"https:\/\/api.w.org\/{rel}","templated":true}]}}