{"id":632362,"date":"2017-03-17T19:46:00","date_gmt":"2017-03-17T17:46:00","guid":{"rendered":"http:\/\/devrri.freshlemon.ro\/aktuell\/nachrichten-17-03-2017-id632362.html"},"modified":"2017-03-17T19:46:00","modified_gmt":"2017-03-17T17:46:00","slug":"nachrichten-17-03-2017","status":"publish","type":"post","link":"https:\/\/www.rri.ro\/de\/aktuell\/newsflash-de\/nachrichten-17-03-2017-id632362.html","title":{"rendered":"Nachrichten 17.03.2017"},"content":{"rendered":"<p><strong>Bukarest:<\/strong> Der Leiter der IWF-Mission in Rum\u00e4nien, Reza Baqir, hat am Freitag zum Abschluss seines Besuchs die Schlussfolgerungen zur wirtschaftlichen Entwicklung des Landes pr\u00e4sidentiert.  Die Erfolge der letzten Jahre w\u00fcrden langsam gef\u00e4hrdet, warnte er und nannte die aufeinanderfolgenden Steuersenkungen und Lohnerh\u00f6hungen als Ursachen. Die Lohnerh\u00f6hungen w\u00fcrden die Produktivit\u00e4tssteigerung \u00fcbertreffen, hie\u00df es weiter. Der IWF gehe laut Angaben von Baqir von einem Haushaltsdefizit von 3,7% f\u00fcr das laufende Jahr und einem Defizit von 3,9% f\u00fcr das kommende Jahr aus. Auf der Agenda des IWF-Vertreters standen Treffen mit Staatschef Klaus Iohannis und Ministerpr\u00e4sident Sorin Grindeanu. Derzeit hat Rum\u00e4nien kein Darlehens-Abkommen mit dem IWF am Laufen, es finden lediglich regelm\u00e4\u00dfige Beratungsrunden mit den Vertretern der Finanzinstitution statt.<\/p>\n<p>&#13;<br \/>\n&#13;<\/p>\n<p>&#13;<br \/>\n&#13;<\/p>\n<p><strong>Bukarest:<\/strong> Rum\u00e4nien kann f\u00fcr die Modernisierung von 280 Krankenh\u00e4usern und medizinischen Einrichtungen auf europ\u00e4ische F\u00f6rdermittel in H\u00f6he  von 250 Millionen Euro zugreifen. Das erkl\u00e4rte in Bukarest die EU-Kommissarin f\u00fcr Regionalpolitik, die Rum\u00e4nin Corina Cre\u0163u. Sie erkl\u00e4rte ferner, es seien bereits 42 Kreiskrankenh\u00e4user identifiziert worden, bei denen in K\u00fcrze ein Verfahren zur Rehabilitierung und Erweiterung anlaufen wird. Kommissarin Cre\u0163u \u00e4u\u00dferte abschlie\u00dfend ihre Hoffnung, dass die Bauarbeiten an den drei Regionalkrankenh\u00e4usern in Klausenburg, Craiova und Ia\u015fi kommendes Jahr beginnen werden.<\/p>\n<p>&#13;<br \/>\n&#13;<\/p>\n<p>&#13;<br \/>\n&#13;<\/p>\n<p><strong>Bukarest:<\/strong> Die Ministerin f\u00fcr Belange der Auslandsrum\u00e4nen, Andreea P\u0103st\u00e2rnac, hat am Freitag ihre Ermittlungsreise in der italienischen Provinz Ragusa auf Sizilien fortgesetzt. Dort sind offenbar Tausende rum\u00e4nische Landwirtschaftsarbeiterinnen zahlreichen Missbr\u00e4uchen ausgesetzt worden. P\u0103st\u00e2rnac leitet eine rum\u00e4nische Delegation, die sich seit Mittwoch in Italien aufh\u00e4lt, vor dem Hintergrund der in der britischen Presse aufdeckten F\u00e4lle von Missbrauch und Ausbeutung rum\u00e4nischer Arbeiternehmer in den Regionen Sizilien und Kalabrien. Bislang f\u00fchrte die rum\u00e4nische Delegation Gespr\u00e4che mit Kommunalpolitikern, Vertretern der Menschenrechtsorganisationen und Amtsleitern aus Catania. Rum\u00e4nien und Italien vereinbarten dabei die Gr\u00fcndung eines Zentrums f\u00fcr die Betreuung und Unterst\u00fctzung von anf\u00e4lligen Personen und Opfern von Menschenhandel. Auch sollen mehrere mobile Einheiten mit der Unterst\u00fctzung vor Ort, Beratung und medizinischen Versorgung beauftragt werden.<\/p>\n<p>&#13;<br \/>\n&#13;<\/p>\n<p>&#13;<br \/>\n&#13;<\/p>\n<p><strong>Bukarest:<\/strong> Die Oberstaatsanw\u00e4ltin der Antikorruptionsbeh\u00f6rde DNA, Laura Codru\u0163a Kovesi, nimmt auf Einladung der bulgarischen Kollegen an einem Erfahrungsaustausch am Obersten Gerichtshof in Sofia teil. Vor den bulgarischen Beh\u00f6rden und einer hohen Anzahl an Journalisten und Vertretern der NGOs stellte K\u00f6vesi die Rolle der DNA in der Korruptionsbek\u00e4mpfung vor und stand Rede und Antwort. Sie erinnerte unter anderem daran, dass 2006 an den rum\u00e4nischen Gerichten 360 Strafverfahren wegen Korruption auf hoher Ebene anh\u00e4ngig waren. Die Anzahl der Angeklagten war vier Jahre sp\u00e4ter bereits auf 900 angestiegen und 2016 auf 1273. 880 Amtstr\u00e4ger, darunter Minister, Abgeordnete, B\u00fcrgermeister und Justizbeh\u00f6rden sind im vergangenen Jahr rechtskr\u00e4ftig verurteilt worden. <\/p>\n<p>&#13;<\/p>\n","protected":false},"excerpt":{"rendered":"<p>Die wichtigsten Meldungen des Tages im \u00dcberblick<\/p>\n","protected":false},"author":113,"featured_media":459887,"comment_status":"closed","ping_status":"closed","sticky":false,"template":"","format":"standard","meta":{"_acf_changed":false,"footnotes":""},"categories":[116753],"tags":[32122,102303,100678,29522,99619,100268,117563,100392,117249,29799,103296,103578,101227,29775],"coauthors":[],"class_list":["post-632362","post","type-post","status-publish","format-standard","has-post-thumbnail","hentry","category-newsflash-de","tag-andreea-pastarnac","tag-antikorruptionsbehoerde-dna","tag-ausbeutung","tag-corina-cretu","tag-haushaltsdefizit","tag-italien","tag-iwf-mission","tag-krankenhaeuser","tag-landwirtschaftsarbeiterinnen","tag-laura-codruta-kovesi","tag-lohnerhoehungen","tag-menschenhandel","tag-modernisierung","tag-reza-baqir"],"acf":[],"yoast_head":"<!-- This site is optimized with the Yoast SEO plugin v27.3 - https:\/\/yoast.com\/product\/yoast-seo-wordpress\/ -->\n<title>Nachrichten 17.03.2017 - Radio Rum\u00e4nien International<\/title>\n<meta name=\"robots\" content=\"index, follow, max-snippet:-1, max-image-preview:large, max-video-preview:-1\" \/>\n<link rel=\"canonical\" href=\"https:\/\/www.rri.ro\/de\/aktuell\/newsflash-de\/nachrichten-17-03-2017-id632362.html\" \/>\n<meta property=\"og:locale\" content=\"de_DE\" \/>\n<meta property=\"og:type\" content=\"article\" \/>\n<meta property=\"og:title\" content=\"Nachrichten 17.03.2017 - Radio Rum\u00e4nien International\" \/>\n<meta property=\"og:description\" content=\"Die wichtigsten Meldungen des Tages im \u00dcberblick\" \/>\n<meta property=\"og:url\" content=\"https:\/\/www.rri.ro\/de\/aktuell\/newsflash-de\/nachrichten-17-03-2017-id632362.html\" \/>\n<meta property=\"og:site_name\" content=\"Radio Rum\u00e4nien International\" \/>\n<meta property=\"article:published_time\" content=\"2017-03-17T17:46:00+00:00\" \/>\n<meta property=\"og:image\" content=\"https:\/\/www.rri.ro\/wp-content\/uploads\/2023\/10\/stiri-germana-ok2.png\" \/>\n\t<meta property=\"og:image:width\" content=\"640\" \/>\n\t<meta property=\"og:image:height\" content=\"480\" \/>\n\t<meta property=\"og:image:type\" content=\"image\/png\" \/>\n<meta name=\"author\" content=\"Newsroom\" \/>\n<meta name=\"twitter:card\" content=\"summary_large_image\" \/>\n<meta name=\"twitter:label1\" content=\"Verfasst von\" \/>\n\t<meta name=\"twitter:data1\" content=\"Newsroom\" \/>\n\t<meta name=\"twitter:label2\" content=\"Gesch\u00e4tzte Lesezeit\" \/>\n\t<meta name=\"twitter:data2\" content=\"2\u00a0Minuten\" \/>\n\t<meta name=\"twitter:label3\" content=\"Written by\" \/>\n\t<meta name=\"twitter:data3\" content=\"Newsroom\" \/>\n<script type=\"application\/ld+json\" class=\"yoast-schema-graph\">{\"@context\":\"https:\\\/\\\/schema.org\",\"@graph\":[{\"@type\":\"Article\",\"@id\":\"https:\\\/\\\/www.rri.ro\\\/de\\\/aktuell\\\/newsflash-de\\\/nachrichten-17-03-2017-id632362.html#article\",\"isPartOf\":{\"@id\":\"https:\\\/\\\/www.rri.ro\\\/de\\\/aktuell\\\/newsflash-de\\\/nachrichten-17-03-2017-id632362.html\"},\"author\":{\"name\":\"Newsroom\",\"@id\":\"https:\\\/\\\/www.rri.ro\\\/#\\\/schema\\\/person\\\/4a479940371b9fdefd194f561e8a7f88\"},\"headline\":\"Nachrichten 17.03.2017\",\"datePublished\":\"2017-03-17T17:46:00+00:00\",\"mainEntityOfPage\":{\"@id\":\"https:\\\/\\\/www.rri.ro\\\/de\\\/aktuell\\\/newsflash-de\\\/nachrichten-17-03-2017-id632362.html\"},\"wordCount\":469,\"image\":{\"@id\":\"https:\\\/\\\/www.rri.ro\\\/de\\\/aktuell\\\/newsflash-de\\\/nachrichten-17-03-2017-id632362.html#primaryimage\"},\"thumbnailUrl\":\"https:\\\/\\\/www.rri.ro\\\/wp-content\\\/uploads\\\/2023\\\/10\\\/stiri-germana-ok2.png\",\"keywords\":[\"Andreea Pastarnac\",\"Antikorruptionsbeh\u00f6rde DNA\",\"Ausbeutung\",\"Corina Cretu\",\"Haushaltsdefizit\",\"Italien\",\"IWF-Mission\",\"Krankenh\u00e4user\",\"Landwirtschaftsarbeiterinnen\",\"Laura Codruta Kovesi\",\"Lohnerh\u00f6hungen\",\"Menschenhandel\",\"Modernisierung\",\"Reza Baqir\"],\"articleSection\":[\"Newsflash\"],\"inLanguage\":\"de\"},{\"@type\":\"WebPage\",\"@id\":\"https:\\\/\\\/www.rri.ro\\\/de\\\/aktuell\\\/newsflash-de\\\/nachrichten-17-03-2017-id632362.html\",\"url\":\"https:\\\/\\\/www.rri.ro\\\/de\\\/aktuell\\\/newsflash-de\\\/nachrichten-17-03-2017-id632362.html\",\"name\":\"Nachrichten 17.03.2017 - Radio Rum\u00e4nien International\",\"isPartOf\":{\"@id\":\"https:\\\/\\\/www.rri.ro\\\/#website\"},\"primaryImageOfPage\":{\"@id\":\"https:\\\/\\\/www.rri.ro\\\/de\\\/aktuell\\\/newsflash-de\\\/nachrichten-17-03-2017-id632362.html#primaryimage\"},\"image\":{\"@id\":\"https:\\\/\\\/www.rri.ro\\\/de\\\/aktuell\\\/newsflash-de\\\/nachrichten-17-03-2017-id632362.html#primaryimage\"},\"thumbnailUrl\":\"https:\\\/\\\/www.rri.ro\\\/wp-content\\\/uploads\\\/2023\\\/10\\\/stiri-germana-ok2.png\",\"datePublished\":\"2017-03-17T17:46:00+00:00\",\"author\":{\"@id\":\"https:\\\/\\\/www.rri.ro\\\/#\\\/schema\\\/person\\\/4a479940371b9fdefd194f561e8a7f88\"},\"breadcrumb\":{\"@id\":\"https:\\\/\\\/www.rri.ro\\\/de\\\/aktuell\\\/newsflash-de\\\/nachrichten-17-03-2017-id632362.html#breadcrumb\"},\"inLanguage\":\"de\",\"potentialAction\":[{\"@type\":\"ReadAction\",\"target\":[\"https:\\\/\\\/www.rri.ro\\\/de\\\/aktuell\\\/newsflash-de\\\/nachrichten-17-03-2017-id632362.html\"]}]},{\"@type\":\"ImageObject\",\"inLanguage\":\"de\",\"@id\":\"https:\\\/\\\/www.rri.ro\\\/de\\\/aktuell\\\/newsflash-de\\\/nachrichten-17-03-2017-id632362.html#primaryimage\",\"url\":\"https:\\\/\\\/www.rri.ro\\\/wp-content\\\/uploads\\\/2023\\\/10\\\/stiri-germana-ok2.png\",\"contentUrl\":\"https:\\\/\\\/www.rri.ro\\\/wp-content\\\/uploads\\\/2023\\\/10\\\/stiri-germana-ok2.png\",\"width\":640,\"height\":480},{\"@type\":\"BreadcrumbList\",\"@id\":\"https:\\\/\\\/www.rri.ro\\\/de\\\/aktuell\\\/newsflash-de\\\/nachrichten-17-03-2017-id632362.html#breadcrumb\",\"itemListElement\":[{\"@type\":\"ListItem\",\"position\":1,\"name\":\"Startseite\",\"item\":\"https:\\\/\\\/www.rri.ro\\\/de\"},{\"@type\":\"ListItem\",\"position\":2,\"name\":\"Aktuell\",\"item\":\"https:\\\/\\\/www.rri.ro\\\/de\\\/aktuell\"},{\"@type\":\"ListItem\",\"position\":3,\"name\":\"Newsflash\",\"item\":\"https:\\\/\\\/www.rri.ro\\\/de\\\/aktuell\\\/newsflash-de\"},{\"@type\":\"ListItem\",\"position\":4,\"name\":\"Nachrichten 17.03.2017\"}]},{\"@type\":\"WebSite\",\"@id\":\"https:\\\/\\\/www.rri.ro\\\/#website\",\"url\":\"https:\\\/\\\/www.rri.ro\\\/\",\"name\":\"Radio Rum\u00e4nien International\",\"description\":\"Totul despre Rom\u00e2nia \u015fi rom\u00e2ni, \u00een 13 limbi\\\/dialecte!\",\"inLanguage\":\"de\"},{\"@type\":\"Person\",\"@id\":\"https:\\\/\\\/www.rri.ro\\\/#\\\/schema\\\/person\\\/4a479940371b9fdefd194f561e8a7f88\",\"name\":\"Newsroom\",\"url\":\"https:\\\/\\\/www.rri.ro\\\/de\\\/author\\\/newsroom\"}]}<\/script>\n<!-- \/ Yoast SEO plugin. -->","yoast_head_json":{"title":"Nachrichten 17.03.2017 - Radio Rum\u00e4nien International","robots":{"index":"index","follow":"follow","max-snippet":"max-snippet:-1","max-image-preview":"max-image-preview:large","max-video-preview":"max-video-preview:-1"},"canonical":"https:\/\/www.rri.ro\/de\/aktuell\/newsflash-de\/nachrichten-17-03-2017-id632362.html","og_locale":"de_DE","og_type":"article","og_title":"Nachrichten 17.03.2017 - Radio Rum\u00e4nien International","og_description":"Die wichtigsten Meldungen des Tages im \u00dcberblick","og_url":"https:\/\/www.rri.ro\/de\/aktuell\/newsflash-de\/nachrichten-17-03-2017-id632362.html","og_site_name":"Radio Rum\u00e4nien International","article_published_time":"2017-03-17T17:46:00+00:00","og_image":[{"width":640,"height":480,"url":"https:\/\/www.rri.ro\/wp-content\/uploads\/2023\/10\/stiri-germana-ok2.png","type":"image\/png"}],"author":"Newsroom","twitter_card":"summary_large_image","twitter_misc":{"Verfasst von":"Newsroom","Gesch\u00e4tzte Lesezeit":"2\u00a0Minuten","Written by":"Newsroom"},"schema":{"@context":"https:\/\/schema.org","@graph":[{"@type":"Article","@id":"https:\/\/www.rri.ro\/de\/aktuell\/newsflash-de\/nachrichten-17-03-2017-id632362.html#article","isPartOf":{"@id":"https:\/\/www.rri.ro\/de\/aktuell\/newsflash-de\/nachrichten-17-03-2017-id632362.html"},"author":{"name":"Newsroom","@id":"https:\/\/www.rri.ro\/#\/schema\/person\/4a479940371b9fdefd194f561e8a7f88"},"headline":"Nachrichten 17.03.2017","datePublished":"2017-03-17T17:46:00+00:00","mainEntityOfPage":{"@id":"https:\/\/www.rri.ro\/de\/aktuell\/newsflash-de\/nachrichten-17-03-2017-id632362.html"},"wordCount":469,"image":{"@id":"https:\/\/www.rri.ro\/de\/aktuell\/newsflash-de\/nachrichten-17-03-2017-id632362.html#primaryimage"},"thumbnailUrl":"https:\/\/www.rri.ro\/wp-content\/uploads\/2023\/10\/stiri-germana-ok2.png","keywords":["Andreea Pastarnac","Antikorruptionsbeh\u00f6rde DNA","Ausbeutung","Corina Cretu","Haushaltsdefizit","Italien","IWF-Mission","Krankenh\u00e4user","Landwirtschaftsarbeiterinnen","Laura Codruta Kovesi","Lohnerh\u00f6hungen","Menschenhandel","Modernisierung","Reza Baqir"],"articleSection":["Newsflash"],"inLanguage":"de"},{"@type":"WebPage","@id":"https:\/\/www.rri.ro\/de\/aktuell\/newsflash-de\/nachrichten-17-03-2017-id632362.html","url":"https:\/\/www.rri.ro\/de\/aktuell\/newsflash-de\/nachrichten-17-03-2017-id632362.html","name":"Nachrichten 17.03.2017 - Radio Rum\u00e4nien International","isPartOf":{"@id":"https:\/\/www.rri.ro\/#website"},"primaryImageOfPage":{"@id":"https:\/\/www.rri.ro\/de\/aktuell\/newsflash-de\/nachrichten-17-03-2017-id632362.html#primaryimage"},"image":{"@id":"https:\/\/www.rri.ro\/de\/aktuell\/newsflash-de\/nachrichten-17-03-2017-id632362.html#primaryimage"},"thumbnailUrl":"https:\/\/www.rri.ro\/wp-content\/uploads\/2023\/10\/stiri-germana-ok2.png","datePublished":"2017-03-17T17:46:00+00:00","author":{"@id":"https:\/\/www.rri.ro\/#\/schema\/person\/4a479940371b9fdefd194f561e8a7f88"},"breadcrumb":{"@id":"https:\/\/www.rri.ro\/de\/aktuell\/newsflash-de\/nachrichten-17-03-2017-id632362.html#breadcrumb"},"inLanguage":"de","potentialAction":[{"@type":"ReadAction","target":["https:\/\/www.rri.ro\/de\/aktuell\/newsflash-de\/nachrichten-17-03-2017-id632362.html"]}]},{"@type":"ImageObject","inLanguage":"de","@id":"https:\/\/www.rri.ro\/de\/aktuell\/newsflash-de\/nachrichten-17-03-2017-id632362.html#primaryimage","url":"https:\/\/www.rri.ro\/wp-content\/uploads\/2023\/10\/stiri-germana-ok2.png","contentUrl":"https:\/\/www.rri.ro\/wp-content\/uploads\/2023\/10\/stiri-germana-ok2.png","width":640,"height":480},{"@type":"BreadcrumbList","@id":"https:\/\/www.rri.ro\/de\/aktuell\/newsflash-de\/nachrichten-17-03-2017-id632362.html#breadcrumb","itemListElement":[{"@type":"ListItem","position":1,"name":"Startseite","item":"https:\/\/www.rri.ro\/de"},{"@type":"ListItem","position":2,"name":"Aktuell","item":"https:\/\/www.rri.ro\/de\/aktuell"},{"@type":"ListItem","position":3,"name":"Newsflash","item":"https:\/\/www.rri.ro\/de\/aktuell\/newsflash-de"},{"@type":"ListItem","position":4,"name":"Nachrichten 17.03.2017"}]},{"@type":"WebSite","@id":"https:\/\/www.rri.ro\/#website","url":"https:\/\/www.rri.ro\/","name":"Radio Rum\u00e4nien International","description":"Totul despre Rom\u00e2nia \u015fi rom\u00e2ni, \u00een 13 limbi\/dialecte!","inLanguage":"de"},{"@type":"Person","@id":"https:\/\/www.rri.ro\/#\/schema\/person\/4a479940371b9fdefd194f561e8a7f88","name":"Newsroom","url":"https:\/\/www.rri.ro\/de\/author\/newsroom"}]}},"_links":{"self":[{"href":"https:\/\/www.rri.ro\/de\/wp-json\/wp\/v2\/posts\/632362","targetHints":{"allow":["GET"]}}],"collection":[{"href":"https:\/\/www.rri.ro\/de\/wp-json\/wp\/v2\/posts"}],"about":[{"href":"https:\/\/www.rri.ro\/de\/wp-json\/wp\/v2\/types\/post"}],"author":[{"embeddable":true,"href":"https:\/\/www.rri.ro\/de\/wp-json\/wp\/v2\/users\/113"}],"replies":[{"embeddable":true,"href":"https:\/\/www.rri.ro\/de\/wp-json\/wp\/v2\/comments?post=632362"}],"version-history":[{"count":0,"href":"https:\/\/www.rri.ro\/de\/wp-json\/wp\/v2\/posts\/632362\/revisions"}],"wp:featuredmedia":[{"embeddable":true,"href":"https:\/\/www.rri.ro\/de\/wp-json\/wp\/v2\/media\/459887"}],"wp:attachment":[{"href":"https:\/\/www.rri.ro\/de\/wp-json\/wp\/v2\/media?parent=632362"}],"wp:term":[{"taxonomy":"category","embeddable":true,"href":"https:\/\/www.rri.ro\/de\/wp-json\/wp\/v2\/categories?post=632362"},{"taxonomy":"post_tag","embeddable":true,"href":"https:\/\/www.rri.ro\/de\/wp-json\/wp\/v2\/tags?post=632362"},{"taxonomy":"author","embeddable":true,"href":"https:\/\/www.rri.ro\/de\/wp-json\/wp\/v2\/coauthors?post=632362"}],"curies":[{"name":"wp","href":"https:\/\/api.w.org\/{rel}","templated":true}]}}