{"id":632451,"date":"2017-06-15T19:48:00","date_gmt":"2017-06-15T16:48:00","guid":{"rendered":"http:\/\/devrri.freshlemon.ro\/aktuell\/nachrichten-15-06-2017-id632451.html"},"modified":"2017-06-15T19:48:00","modified_gmt":"2017-06-15T16:48:00","slug":"nachrichten-15-06-2017","status":"publish","type":"post","link":"https:\/\/www.rri.ro\/de\/aktuell\/newsflash-de\/nachrichten-15-06-2017-id632451.html","title":{"rendered":"Nachrichten 15.06.2017"},"content":{"rendered":"<p>Der nationale Exekutivbeitrat der linksgerichteten regierenden sozialdemokratischen Partei hat am Donnerstag beschlossen einen Misstrauensantrag gegen das eigene Kabinett einzureichen. Au\u200e\u00dferdem, beschloss der besagte Beirat Premierminister Sorin Grindeanu, der sich weigert zur\u00fcckzutreten, aus der Partei auszuschlie\u200e\u00dfen. Der F\u00fchrer der anderen Reghierungspartei, der Allianz der europ\u00e4ischen Liberalen und Demokraten, Senatsvorsitzender Calin Popescu Tariceanu k\u00fcndigte an, dass der Misstrauensantrag am Montag im Parlament eingereicht werden soll. Der Sozialdemokratenf\u00fchrer und Vorsitzender der Abgeordentenkammer Liviu Dragnea und Tariceanu werfen dem Premierieminister Effizienzmangel bei der Umsetzung des Regierungsprogramms vor. Dieser wies die Vorw\u00fcrfe zur\u00fcck. Unterdessen forderte der rum\u00e4nische Pr\u00e4sident Klaus Iohannis der Mehrheitskoalition von Sozialdemokraten und Liberaldemokraten eine dringende L\u00f6sung der politischen Krise, um das Land nicht zu destablisieren. Seine Sprecherin sagte, dass der Pr\u00e4sident die koalitionsinternen Spannungen zur Kenntnis nehme, dass es aber Aufgabe der Koalitionsparteien sei, eine L\u00f6sung zu finden. Der Pr\u00e4sident k\u00f6nne nicht handeln, solange der Premierminister im Amt ist &#8212; das Amt k\u00f6nne entweder durch einen R\u00fccktritt oder einen Misstrauensantrag vakant werden. Iohannis hat damit auf die in den letzten Tagen schwelende Regierungskrise reagiert.<\/p>\n<p>&#13;<br \/>\n&#13;<\/p>\n<p>&#13;<br \/>\n&#13;<\/p>\n<p>Der britische Verteidigungsminister Michael Fallon hat am Donnerstag das fest entschlossene Engagement seines Landes zugunsten von Rum\u00e4nien im Kontext der kontinuierlichen Aggression Russlands\u201c ausgedr\u00fcckt. Gro\u200e\u00dfbritannien bleibe in der europ\u00e4ischen Sicherheit engagiert, selbst wenn es die EU verlasse, so Fallon bei einem Treffen mit seinem rum\u00e4nischen Amtskollegen Gabriel Le\u0219. Letzterer erkl\u00e4rte, dass die strategische Partnerschaft mit Gro\u200e\u00dfbritannien ausgezeichnete Fortschritte verzeichne und dass der britische Beitrag eine S\u00e4ule der NATO-Verteidigungs und Entmutigungsposition sei. Die beiden Minisrer hatten am Mittwoch gemeinsam den Luftwaffen-St\u00fctzpunkt Mihail Kogalniceanu besucht, von dem aus vier Typhoons der britischen Luftwaffe RAF zusammen mit rum\u00e4nischen MiG-21 Lancer-Maschinen Luftpolizei-Eins\u00e4tze fliegen.<\/p>\n<p>&#13;<br \/>\n&#13;<\/p>\n<p>&#13;<br \/>\n&#13;<\/p>\n<p>Die EU hat am Donnerstag gr\u00fcnes Licht f\u00fcr eine makrowirtschaftliche Unterst\u00fctzung von 100 Millionen Euro f\u00fcr die Republik Moldau gegeben. Daf\u00fcr fordert sie den Beh\u00f6rden in Chisin\u0103u etliche Reformen. Die EU m\u00f6chte einige Ma\u200e\u00dfnahmen im Finanzwesen und in der Verwaltung der \u00f6ffentlichen Finanzen umsetzen, sowie Garantien f\u00fcr die Einhaltung der Rechtsstaatlichkeit, der Menschenrechte, der Justizunabh\u00e4ngigkeit und der Mehrparteilichkeit. Die besagte Unterst\u00fctzung besteht aus Anleihen von 60 Millionen Euro mit g\u00fcnstigen Zinsen und eine nichtr\u00fcckzahlbare Hilfe von 40 Millionen Euro. Die EU hatte 2015 die Finanzhilfe f\u00fcr die Republik Moldau nach der Enth\u00fcllung einiger Betr\u00fcge im Bankenwesen aufgehoben. Der dabei entstandene Schaden betrug damals eine Milliarde Euro, was 15% des BIP entspricht.<\/p>\n<p>&#13;<br \/>\n&#13;<\/p>\n<p>&#13;<br \/>\n&#13;<\/p>\n<p>In Rum\u00e4nien ist das Unternehmen-F\u00f6rderprogramm Start-Up Nation am Donnerstag angelaufen. Umgerechnet rund 378 Millionen Euro sind daf\u00fcr vorgesehen, neue Firmen k\u00f6nnen dabei rund 45.000 Euro f\u00fcr Investitionen und laufende Kosten abrufen. Neue Technologien haben Vorrang bei der Vergabe der Finanzierungen.  Die Beh\u00f6rden rechnen aufgrund der Initiative mit 10.000 neuen Jobs.<\/p>\n<p>&#13;<br \/>\n&#13;<\/p>\n<p>&#13;<br \/>\n&#13;<\/p>\n<p>F\u00fcr Rum\u00e4nien haben die Kooperation mit Deutschland, die F\u00f6rderung gemeinsamer Interessen in der EU und die Auffindung solidarischer und verantwortungsbewusster Antworten auf die heutigen Herausforderungen der Union einen hohen Stellenwert. Das sagte der rum\u00e4nischeAu\u200e\u00dfenminister Teodor Mele\u015fcanu bei seinem Treffen mit Bundesau\u200e\u00dfenminister Sigmar Gabriel in Berlin. Mele\u015fcanu betonte, dass Deutschland seit Jahren der gr\u00f6\u200e\u00dfte Handelspartner und eine der gr\u00f6\u200e\u00dften Investoren in Rum\u00e4nien sei und unterstrich  die wesentliche Rolle der deutschen Minderheit im Gef\u00fcge der bilateralen Beziehungen. Rum\u00e4nien unterst\u00fctzeim Kontext die Wahrnehmung der kulturellen Identit\u00e4t der deutschen Minderheit. <\/p>\n<p>&#13;<\/p>\n","protected":false},"excerpt":{"rendered":"<p>Die wichtigsten Meldungen des Tages im \u00dcberblick<\/p>\n","protected":false},"author":113,"featured_media":460330,"comment_status":"closed","ping_status":"closed","sticky":false,"template":"","format":"standard","meta":{"_acf_changed":false,"footnotes":""},"categories":[116753],"tags":[100424,99644,103673,103939,100115,100933,154891,126165],"coauthors":[],"class_list":["post-632451","post","type-post","status-publish","format-standard","has-post-thumbnail","hentry","category-newsflash-de","tag-finanzhilfe","tag-grossbritannien","tag-premierminister-sorin-grindeanu","tag-regierungskrise","tag-republik-moldau","tag-ruecktritt","tag-start-up-nation-de","tag-zusammenarbeit-mit-deutschland"],"acf":[],"yoast_head":"<!-- This site is optimized with the Yoast SEO plugin v27.3 - https:\/\/yoast.com\/product\/yoast-seo-wordpress\/ -->\n<title>Nachrichten 15.06.2017 - Radio Rum\u00e4nien International<\/title>\n<meta name=\"robots\" content=\"index, follow, max-snippet:-1, max-image-preview:large, max-video-preview:-1\" \/>\n<link rel=\"canonical\" href=\"https:\/\/www.rri.ro\/de\/aktuell\/newsflash-de\/nachrichten-15-06-2017-id632451.html\" \/>\n<meta property=\"og:locale\" content=\"de_DE\" \/>\n<meta property=\"og:type\" content=\"article\" \/>\n<meta property=\"og:title\" content=\"Nachrichten 15.06.2017 - Radio Rum\u00e4nien International\" \/>\n<meta property=\"og:description\" content=\"Die wichtigsten Meldungen des Tages im \u00dcberblick\" \/>\n<meta property=\"og:url\" content=\"https:\/\/www.rri.ro\/de\/aktuell\/newsflash-de\/nachrichten-15-06-2017-id632451.html\" \/>\n<meta property=\"og:site_name\" content=\"Radio Rum\u00e4nien International\" \/>\n<meta property=\"article:published_time\" content=\"2017-06-15T16:48:00+00:00\" \/>\n<meta property=\"og:image\" content=\"https:\/\/www.rri.ro\/wp-content\/uploads\/2023\/10\/stiri-germana-ok2-2.png\" \/>\n\t<meta property=\"og:image:width\" content=\"640\" \/>\n\t<meta property=\"og:image:height\" content=\"427\" \/>\n\t<meta property=\"og:image:type\" content=\"image\/png\" \/>\n<meta name=\"author\" content=\"Newsroom\" \/>\n<meta name=\"twitter:card\" content=\"summary_large_image\" \/>\n<meta name=\"twitter:label1\" content=\"Verfasst von\" \/>\n\t<meta name=\"twitter:data1\" content=\"Newsroom\" \/>\n\t<meta name=\"twitter:label2\" content=\"Gesch\u00e4tzte Lesezeit\" \/>\n\t<meta name=\"twitter:data2\" content=\"3\u00a0Minuten\" \/>\n\t<meta name=\"twitter:label3\" content=\"Written by\" \/>\n\t<meta name=\"twitter:data3\" content=\"Newsroom\" \/>\n<script type=\"application\/ld+json\" class=\"yoast-schema-graph\">{\"@context\":\"https:\\\/\\\/schema.org\",\"@graph\":[{\"@type\":\"Article\",\"@id\":\"https:\\\/\\\/www.rri.ro\\\/de\\\/aktuell\\\/newsflash-de\\\/nachrichten-15-06-2017-id632451.html#article\",\"isPartOf\":{\"@id\":\"https:\\\/\\\/www.rri.ro\\\/de\\\/aktuell\\\/newsflash-de\\\/nachrichten-15-06-2017-id632451.html\"},\"author\":{\"name\":\"Newsroom\",\"@id\":\"https:\\\/\\\/www.rri.ro\\\/#\\\/schema\\\/person\\\/4a479940371b9fdefd194f561e8a7f88\"},\"headline\":\"Nachrichten 15.06.2017\",\"datePublished\":\"2017-06-15T16:48:00+00:00\",\"mainEntityOfPage\":{\"@id\":\"https:\\\/\\\/www.rri.ro\\\/de\\\/aktuell\\\/newsflash-de\\\/nachrichten-15-06-2017-id632451.html\"},\"wordCount\":578,\"image\":{\"@id\":\"https:\\\/\\\/www.rri.ro\\\/de\\\/aktuell\\\/newsflash-de\\\/nachrichten-15-06-2017-id632451.html#primaryimage\"},\"thumbnailUrl\":\"https:\\\/\\\/www.rri.ro\\\/wp-content\\\/uploads\\\/2023\\\/10\\\/stiri-germana-ok2-2.png\",\"keywords\":[\"Finanzhilfe\",\"Gro\u00dfbritannien\",\"Premierminister Sorin Grindeanu\",\"Regierungskrise\",\"Republik Moldau\",\"R\u00fccktritt\",\"Start Up Nation\",\"Zusammenarbeit mit Deutschland\"],\"articleSection\":[\"Newsflash\"],\"inLanguage\":\"de\"},{\"@type\":\"WebPage\",\"@id\":\"https:\\\/\\\/www.rri.ro\\\/de\\\/aktuell\\\/newsflash-de\\\/nachrichten-15-06-2017-id632451.html\",\"url\":\"https:\\\/\\\/www.rri.ro\\\/de\\\/aktuell\\\/newsflash-de\\\/nachrichten-15-06-2017-id632451.html\",\"name\":\"Nachrichten 15.06.2017 - Radio Rum\u00e4nien International\",\"isPartOf\":{\"@id\":\"https:\\\/\\\/www.rri.ro\\\/#website\"},\"primaryImageOfPage\":{\"@id\":\"https:\\\/\\\/www.rri.ro\\\/de\\\/aktuell\\\/newsflash-de\\\/nachrichten-15-06-2017-id632451.html#primaryimage\"},\"image\":{\"@id\":\"https:\\\/\\\/www.rri.ro\\\/de\\\/aktuell\\\/newsflash-de\\\/nachrichten-15-06-2017-id632451.html#primaryimage\"},\"thumbnailUrl\":\"https:\\\/\\\/www.rri.ro\\\/wp-content\\\/uploads\\\/2023\\\/10\\\/stiri-germana-ok2-2.png\",\"datePublished\":\"2017-06-15T16:48:00+00:00\",\"author\":{\"@id\":\"https:\\\/\\\/www.rri.ro\\\/#\\\/schema\\\/person\\\/4a479940371b9fdefd194f561e8a7f88\"},\"breadcrumb\":{\"@id\":\"https:\\\/\\\/www.rri.ro\\\/de\\\/aktuell\\\/newsflash-de\\\/nachrichten-15-06-2017-id632451.html#breadcrumb\"},\"inLanguage\":\"de\",\"potentialAction\":[{\"@type\":\"ReadAction\",\"target\":[\"https:\\\/\\\/www.rri.ro\\\/de\\\/aktuell\\\/newsflash-de\\\/nachrichten-15-06-2017-id632451.html\"]}]},{\"@type\":\"ImageObject\",\"inLanguage\":\"de\",\"@id\":\"https:\\\/\\\/www.rri.ro\\\/de\\\/aktuell\\\/newsflash-de\\\/nachrichten-15-06-2017-id632451.html#primaryimage\",\"url\":\"https:\\\/\\\/www.rri.ro\\\/wp-content\\\/uploads\\\/2023\\\/10\\\/stiri-germana-ok2-2.png\",\"contentUrl\":\"https:\\\/\\\/www.rri.ro\\\/wp-content\\\/uploads\\\/2023\\\/10\\\/stiri-germana-ok2-2.png\",\"width\":640,\"height\":427},{\"@type\":\"BreadcrumbList\",\"@id\":\"https:\\\/\\\/www.rri.ro\\\/de\\\/aktuell\\\/newsflash-de\\\/nachrichten-15-06-2017-id632451.html#breadcrumb\",\"itemListElement\":[{\"@type\":\"ListItem\",\"position\":1,\"name\":\"Startseite\",\"item\":\"https:\\\/\\\/www.rri.ro\\\/de\"},{\"@type\":\"ListItem\",\"position\":2,\"name\":\"Aktuell\",\"item\":\"https:\\\/\\\/www.rri.ro\\\/de\\\/aktuell\"},{\"@type\":\"ListItem\",\"position\":3,\"name\":\"Newsflash\",\"item\":\"https:\\\/\\\/www.rri.ro\\\/de\\\/aktuell\\\/newsflash-de\"},{\"@type\":\"ListItem\",\"position\":4,\"name\":\"Nachrichten 15.06.2017\"}]},{\"@type\":\"WebSite\",\"@id\":\"https:\\\/\\\/www.rri.ro\\\/#website\",\"url\":\"https:\\\/\\\/www.rri.ro\\\/\",\"name\":\"Radio Rum\u00e4nien International\",\"description\":\"Totul despre Rom\u00e2nia \u015fi rom\u00e2ni, \u00een 13 limbi\\\/dialecte!\",\"inLanguage\":\"de\"},{\"@type\":\"Person\",\"@id\":\"https:\\\/\\\/www.rri.ro\\\/#\\\/schema\\\/person\\\/4a479940371b9fdefd194f561e8a7f88\",\"name\":\"Newsroom\",\"url\":\"https:\\\/\\\/www.rri.ro\\\/de\\\/author\\\/newsroom\"}]}<\/script>\n<!-- \/ Yoast SEO plugin. -->","yoast_head_json":{"title":"Nachrichten 15.06.2017 - Radio Rum\u00e4nien International","robots":{"index":"index","follow":"follow","max-snippet":"max-snippet:-1","max-image-preview":"max-image-preview:large","max-video-preview":"max-video-preview:-1"},"canonical":"https:\/\/www.rri.ro\/de\/aktuell\/newsflash-de\/nachrichten-15-06-2017-id632451.html","og_locale":"de_DE","og_type":"article","og_title":"Nachrichten 15.06.2017 - Radio Rum\u00e4nien International","og_description":"Die wichtigsten Meldungen des Tages im \u00dcberblick","og_url":"https:\/\/www.rri.ro\/de\/aktuell\/newsflash-de\/nachrichten-15-06-2017-id632451.html","og_site_name":"Radio Rum\u00e4nien International","article_published_time":"2017-06-15T16:48:00+00:00","og_image":[{"width":640,"height":427,"url":"https:\/\/www.rri.ro\/wp-content\/uploads\/2023\/10\/stiri-germana-ok2-2.png","type":"image\/png"}],"author":"Newsroom","twitter_card":"summary_large_image","twitter_misc":{"Verfasst von":"Newsroom","Gesch\u00e4tzte Lesezeit":"3\u00a0Minuten","Written by":"Newsroom"},"schema":{"@context":"https:\/\/schema.org","@graph":[{"@type":"Article","@id":"https:\/\/www.rri.ro\/de\/aktuell\/newsflash-de\/nachrichten-15-06-2017-id632451.html#article","isPartOf":{"@id":"https:\/\/www.rri.ro\/de\/aktuell\/newsflash-de\/nachrichten-15-06-2017-id632451.html"},"author":{"name":"Newsroom","@id":"https:\/\/www.rri.ro\/#\/schema\/person\/4a479940371b9fdefd194f561e8a7f88"},"headline":"Nachrichten 15.06.2017","datePublished":"2017-06-15T16:48:00+00:00","mainEntityOfPage":{"@id":"https:\/\/www.rri.ro\/de\/aktuell\/newsflash-de\/nachrichten-15-06-2017-id632451.html"},"wordCount":578,"image":{"@id":"https:\/\/www.rri.ro\/de\/aktuell\/newsflash-de\/nachrichten-15-06-2017-id632451.html#primaryimage"},"thumbnailUrl":"https:\/\/www.rri.ro\/wp-content\/uploads\/2023\/10\/stiri-germana-ok2-2.png","keywords":["Finanzhilfe","Gro\u00dfbritannien","Premierminister Sorin Grindeanu","Regierungskrise","Republik Moldau","R\u00fccktritt","Start Up Nation","Zusammenarbeit mit Deutschland"],"articleSection":["Newsflash"],"inLanguage":"de"},{"@type":"WebPage","@id":"https:\/\/www.rri.ro\/de\/aktuell\/newsflash-de\/nachrichten-15-06-2017-id632451.html","url":"https:\/\/www.rri.ro\/de\/aktuell\/newsflash-de\/nachrichten-15-06-2017-id632451.html","name":"Nachrichten 15.06.2017 - Radio Rum\u00e4nien International","isPartOf":{"@id":"https:\/\/www.rri.ro\/#website"},"primaryImageOfPage":{"@id":"https:\/\/www.rri.ro\/de\/aktuell\/newsflash-de\/nachrichten-15-06-2017-id632451.html#primaryimage"},"image":{"@id":"https:\/\/www.rri.ro\/de\/aktuell\/newsflash-de\/nachrichten-15-06-2017-id632451.html#primaryimage"},"thumbnailUrl":"https:\/\/www.rri.ro\/wp-content\/uploads\/2023\/10\/stiri-germana-ok2-2.png","datePublished":"2017-06-15T16:48:00+00:00","author":{"@id":"https:\/\/www.rri.ro\/#\/schema\/person\/4a479940371b9fdefd194f561e8a7f88"},"breadcrumb":{"@id":"https:\/\/www.rri.ro\/de\/aktuell\/newsflash-de\/nachrichten-15-06-2017-id632451.html#breadcrumb"},"inLanguage":"de","potentialAction":[{"@type":"ReadAction","target":["https:\/\/www.rri.ro\/de\/aktuell\/newsflash-de\/nachrichten-15-06-2017-id632451.html"]}]},{"@type":"ImageObject","inLanguage":"de","@id":"https:\/\/www.rri.ro\/de\/aktuell\/newsflash-de\/nachrichten-15-06-2017-id632451.html#primaryimage","url":"https:\/\/www.rri.ro\/wp-content\/uploads\/2023\/10\/stiri-germana-ok2-2.png","contentUrl":"https:\/\/www.rri.ro\/wp-content\/uploads\/2023\/10\/stiri-germana-ok2-2.png","width":640,"height":427},{"@type":"BreadcrumbList","@id":"https:\/\/www.rri.ro\/de\/aktuell\/newsflash-de\/nachrichten-15-06-2017-id632451.html#breadcrumb","itemListElement":[{"@type":"ListItem","position":1,"name":"Startseite","item":"https:\/\/www.rri.ro\/de"},{"@type":"ListItem","position":2,"name":"Aktuell","item":"https:\/\/www.rri.ro\/de\/aktuell"},{"@type":"ListItem","position":3,"name":"Newsflash","item":"https:\/\/www.rri.ro\/de\/aktuell\/newsflash-de"},{"@type":"ListItem","position":4,"name":"Nachrichten 15.06.2017"}]},{"@type":"WebSite","@id":"https:\/\/www.rri.ro\/#website","url":"https:\/\/www.rri.ro\/","name":"Radio Rum\u00e4nien International","description":"Totul despre Rom\u00e2nia \u015fi rom\u00e2ni, \u00een 13 limbi\/dialecte!","inLanguage":"de"},{"@type":"Person","@id":"https:\/\/www.rri.ro\/#\/schema\/person\/4a479940371b9fdefd194f561e8a7f88","name":"Newsroom","url":"https:\/\/www.rri.ro\/de\/author\/newsroom"}]}},"_links":{"self":[{"href":"https:\/\/www.rri.ro\/de\/wp-json\/wp\/v2\/posts\/632451","targetHints":{"allow":["GET"]}}],"collection":[{"href":"https:\/\/www.rri.ro\/de\/wp-json\/wp\/v2\/posts"}],"about":[{"href":"https:\/\/www.rri.ro\/de\/wp-json\/wp\/v2\/types\/post"}],"author":[{"embeddable":true,"href":"https:\/\/www.rri.ro\/de\/wp-json\/wp\/v2\/users\/113"}],"replies":[{"embeddable":true,"href":"https:\/\/www.rri.ro\/de\/wp-json\/wp\/v2\/comments?post=632451"}],"version-history":[{"count":0,"href":"https:\/\/www.rri.ro\/de\/wp-json\/wp\/v2\/posts\/632451\/revisions"}],"wp:featuredmedia":[{"embeddable":true,"href":"https:\/\/www.rri.ro\/de\/wp-json\/wp\/v2\/media\/460330"}],"wp:attachment":[{"href":"https:\/\/www.rri.ro\/de\/wp-json\/wp\/v2\/media?parent=632451"}],"wp:term":[{"taxonomy":"category","embeddable":true,"href":"https:\/\/www.rri.ro\/de\/wp-json\/wp\/v2\/categories?post=632451"},{"taxonomy":"post_tag","embeddable":true,"href":"https:\/\/www.rri.ro\/de\/wp-json\/wp\/v2\/tags?post=632451"},{"taxonomy":"author","embeddable":true,"href":"https:\/\/www.rri.ro\/de\/wp-json\/wp\/v2\/coauthors?post=632451"}],"curies":[{"name":"wp","href":"https:\/\/api.w.org\/{rel}","templated":true}]}}