{"id":632461,"date":"2017-06-25T16:18:00","date_gmt":"2017-06-25T13:18:00","guid":{"rendered":"http:\/\/devrri.freshlemon.ro\/aktuell\/nachrichten-25-06-2017-id632461.html"},"modified":"2017-06-25T16:18:00","modified_gmt":"2017-06-25T13:18:00","slug":"nachrichten-25-06-2017","status":"publish","type":"post","link":"https:\/\/www.rri.ro\/de\/aktuell\/newsflash-de\/nachrichten-25-06-2017-id632461.html","title":{"rendered":"Nachrichten 25.06.2017"},"content":{"rendered":"<p>Die parlamentarischen Parteien haben am Sonntag ihre Vorbereitungen auf die f\u00fcr Montag angesetzten Beratungen mit Pr\u00e4sident Klaus Iohannis \u00fcber die Bildung einer neuen Regierung abgeschlossen. Indes sind nach Medienberichten mehrere F\u00fchrungsmitglieder der Parteien zu Verhandlungen \u00fcber die Konsolidierung der Mehrheit im Parlament zusammengekommen. Die sozialdemokratische Koalitionsregierung unter Ministerpr\u00e4sident Sorin Grindeanu war \u00fcber ein Misstrauensvotum der eigenen Parlamentsmehrheit gest\u00fcrzt worden. Die sozialdemokratische PSD und ihr Juniorpartner ALDE hatten dem Kabinett die Unterst\u00fctzung entzogen. Aufgrund ihrer Mehrheit im Parlament wollen die beiden Parteien erneut einen Ministerpr\u00e4sidenten aus ihren Reihen vorschlagen. Die b\u00fcrgerliche Opposition schlie\u00dft eine Zusammenarbeit mit der PSD aus, w\u00e4hrend der Ungarnverband sich noch nicht festlegen wollte.<\/p>\n<p>&#13;<br \/>\n&#13;<\/p>\n<p>&#13;<br \/>\n&#13;<\/p>\n<p>Die zuk\u00fcnftige Regierung m\u00fcsse sich f\u00fcr ein Abkommen \u00fcber den Umzug der Europ\u00e4ischen Arzneimittel-Agentur nach Rum\u00e4nien anstrengen, glaubt Pr\u00e4sident Iohannis. Um den Sitz der Agentur, die sich derzeit in London befindet, buhlen derzeit Schweden, Frankreich, D\u00e4nemark, Ungarn und Bulgarien. Diese Staaten h\u00e4tten vor dem Hintergrund des Brexits bereits konkrete Angebote gemacht, so der Staatschef nach Ende des EU-Gipfels in Br\u00fcssel. Auch m\u00fcsse sich die zuk\u00fcnftige Exekutive mit der Wiederbelebung der Verteidigungsindustrie besch\u00e4ftigen, der durch den neuen EU-Verteidigungsfonds neue F\u00f6rdermittel zur Verf\u00fcgung st\u00fcnden. Pr\u00e4sident Iohannis forderte beim Europ\u00e4ischen Rat, dass die neuen Instrumente f\u00fcr die interne Sicherheit in der Staatengemeinschaft einheitlich zur Anwendung kommen. Dabei sollte nicht zwischen Schengen-Staaten und Nicht-Schengen-Staaten, die die Schengener Kriterien in einem gro\u00dfen Ausma\u00df erf\u00fcllten, unterschieden werden. Der Schengener-Raum stand auch im Mittelpunkt der bilateralen Gespr\u00e4che zwischen Iohannis und seinem franz\u00f6sischen Kollegen Emmanuel Macron. Macron zeigte sich offen gegen\u00fcber den Perspektiven des Beitritts Rum\u00e4niens zum grenzkontrollfreien Raum. Allerdings werde Rum\u00e4nien in diesem Bereich keine erheblichen Fortschritte vor den Wahlen in Deutschland und einer Regierungsbildung in den Niederlanden erzielen, sagte Iohannis noch. Auf die Situation der rum\u00e4nischen Staatsb\u00fcrger in Gro\u00dfbritannien nach dem Brexit angesprochen, bezeichnete Iohannis die \u00c4u\u00dferungen der britischen Premierministerin Theresa May als vielversprechend. Dennoch m\u00fcsse man abwarten, bis die Vorschl\u00e4ge in schriftlicher Form festgelegt w\u00fcrden, so der Pr\u00e4sident.<\/p>\n<p>&#13;<br \/>\n&#13;<\/p>\n<p>&#13;<br \/>\n&#13;<\/p>\n<p>Im nordwest-rum\u00e4nischen Campia Turzii ist eine Milit\u00e4r\u00fcbung der rum\u00e4nischen und amerikanischen Luftstreitkr\u00e4fte angelaufen. Daran beteiligen sich rund 200 rum\u00e4nische Piloten und technische Assistenten sowie 300 US-Milit\u00e4rs. Die rum\u00e4nische Seite nimmt mit Kampfflugzeugen vom Typ MiG-21 LanceR und Hubschraubern vom Typ IAR-330 Puma an der \u00dcbung teil, w\u00e4hrend die US-Lufstreitkr\u00e4fte F-15-Flieger und die entsprechende Bedienungstechnik einsetzen. Die \u00dcbung soll bis Ende August dauern und den rum\u00e4nischen Streitkr\u00e4ften die M\u00f6glichkeit einer technisch-taktischen \u00dcbung nach NATO-Standardverfahren bieten.<\/p>\n<p>&#13;<br \/>\n&#13;<\/p>\n<p>&#13;<br \/>\n&#13;<\/p>\n<p>SPORT: Rum\u00e4niens Rugby-Herren haben im letzten Testspiel im Juni die brasilianische Auswahl in Bukarest mit 56:5 bezwungen. Die beiden Nationalmannschaften waren sich bislang noch nie begegnet. Rum\u00e4nien ist im internationalen Vergleich zweitklassig und nimmt regelm\u00e4\u00dfig an Weltmeisterschaften teil, w\u00e4hrend der brasilianische Rugby-Sport noch am Anfang steht. Vor der Partie gegen Brasilien hatten die rum\u00e4nischen Spieler eine Tournee in Asien und Nordamerika bestritten. Dabei setzten sie sich mit 25:9 gegen Kanada durch und unterlagen Japan mit 21:33. <\/p>\n<p>&#13;<\/p>\n","protected":false},"excerpt":{"rendered":"<p>Die wichtigsten Meldungen des Tages im \u00dcberblick<\/p>\n","protected":false},"author":113,"featured_media":460330,"comment_status":"closed","ping_status":"closed","sticky":false,"template":"","format":"standard","meta":{"_acf_changed":false,"footnotes":""},"categories":[116753],"tags":[31338,125843,101925,100231,146542,100502,29125,153294,31764,103804,143777,102114,143776,99586,150889,99589,145202,144286,101389],"coauthors":[],"class_list":["post-632461","post","type-post","status-publish","format-standard","has-post-thumbnail","hentry","category-newsflash-de","tag-alde","tag-arzneimittelagentur","tag-beratungen","tag-brasilien","tag-campia-turzii-de","tag-gipfel","tag-iohannis","tag-london-de","tag-macron","tag-militaeruebung","tag-pnl-de","tag-praesident","tag-psd-de","tag-regierung","tag-rugby-de","tag-rumaenien","tag-schengen-de","tag-usr-de","tag-verteidigung"],"acf":[],"yoast_head":"<!-- This site is optimized with the Yoast SEO plugin v27.3 - https:\/\/yoast.com\/product\/yoast-seo-wordpress\/ -->\n<title>Nachrichten 25.06.2017 - Radio Rum\u00e4nien International<\/title>\n<meta name=\"robots\" content=\"index, follow, max-snippet:-1, max-image-preview:large, max-video-preview:-1\" \/>\n<link rel=\"canonical\" href=\"https:\/\/www.rri.ro\/de\/aktuell\/newsflash-de\/nachrichten-25-06-2017-id632461.html\" \/>\n<meta property=\"og:locale\" content=\"de_DE\" \/>\n<meta property=\"og:type\" content=\"article\" \/>\n<meta property=\"og:title\" content=\"Nachrichten 25.06.2017 - Radio Rum\u00e4nien International\" \/>\n<meta property=\"og:description\" content=\"Die wichtigsten Meldungen des Tages im \u00dcberblick\" \/>\n<meta property=\"og:url\" content=\"https:\/\/www.rri.ro\/de\/aktuell\/newsflash-de\/nachrichten-25-06-2017-id632461.html\" \/>\n<meta property=\"og:site_name\" content=\"Radio Rum\u00e4nien International\" \/>\n<meta property=\"article:published_time\" content=\"2017-06-25T13:18:00+00:00\" \/>\n<meta property=\"og:image\" content=\"https:\/\/www.rri.ro\/wp-content\/uploads\/2023\/10\/stiri-germana-ok2-2.png\" \/>\n\t<meta property=\"og:image:width\" content=\"640\" \/>\n\t<meta property=\"og:image:height\" content=\"427\" \/>\n\t<meta property=\"og:image:type\" content=\"image\/png\" \/>\n<meta name=\"author\" content=\"Newsroom\" \/>\n<meta name=\"twitter:card\" content=\"summary_large_image\" \/>\n<meta name=\"twitter:label1\" content=\"Verfasst von\" \/>\n\t<meta name=\"twitter:data1\" content=\"Newsroom\" \/>\n\t<meta name=\"twitter:label2\" content=\"Gesch\u00e4tzte Lesezeit\" \/>\n\t<meta name=\"twitter:data2\" content=\"3\u00a0Minuten\" \/>\n\t<meta name=\"twitter:label3\" content=\"Written by\" \/>\n\t<meta name=\"twitter:data3\" content=\"Newsroom\" \/>\n<script type=\"application\/ld+json\" class=\"yoast-schema-graph\">{\"@context\":\"https:\\\/\\\/schema.org\",\"@graph\":[{\"@type\":\"Article\",\"@id\":\"https:\\\/\\\/www.rri.ro\\\/de\\\/aktuell\\\/newsflash-de\\\/nachrichten-25-06-2017-id632461.html#article\",\"isPartOf\":{\"@id\":\"https:\\\/\\\/www.rri.ro\\\/de\\\/aktuell\\\/newsflash-de\\\/nachrichten-25-06-2017-id632461.html\"},\"author\":{\"name\":\"Newsroom\",\"@id\":\"https:\\\/\\\/www.rri.ro\\\/#\\\/schema\\\/person\\\/4a479940371b9fdefd194f561e8a7f88\"},\"headline\":\"Nachrichten 25.06.2017\",\"datePublished\":\"2017-06-25T13:18:00+00:00\",\"mainEntityOfPage\":{\"@id\":\"https:\\\/\\\/www.rri.ro\\\/de\\\/aktuell\\\/newsflash-de\\\/nachrichten-25-06-2017-id632461.html\"},\"wordCount\":527,\"image\":{\"@id\":\"https:\\\/\\\/www.rri.ro\\\/de\\\/aktuell\\\/newsflash-de\\\/nachrichten-25-06-2017-id632461.html#primaryimage\"},\"thumbnailUrl\":\"https:\\\/\\\/www.rri.ro\\\/wp-content\\\/uploads\\\/2023\\\/10\\\/stiri-germana-ok2-2.png\",\"keywords\":[\"ALDE\",\"Arzneimittelagentur\",\"Beratungen\",\"Brasilien\",\"Campia Turzii\",\"Gipfel\",\"Iohannis\",\"London\",\"Macron\",\"Milit\u00e4r\u00fcbung\",\"PNL\",\"Pr\u00e4sident\",\"PSD\",\"Regierung\",\"rugby\",\"Rum\u00e4nien\",\"Schengen\",\"USR\",\"Verteidigung\"],\"articleSection\":[\"Newsflash\"],\"inLanguage\":\"de\"},{\"@type\":\"WebPage\",\"@id\":\"https:\\\/\\\/www.rri.ro\\\/de\\\/aktuell\\\/newsflash-de\\\/nachrichten-25-06-2017-id632461.html\",\"url\":\"https:\\\/\\\/www.rri.ro\\\/de\\\/aktuell\\\/newsflash-de\\\/nachrichten-25-06-2017-id632461.html\",\"name\":\"Nachrichten 25.06.2017 - Radio Rum\u00e4nien International\",\"isPartOf\":{\"@id\":\"https:\\\/\\\/www.rri.ro\\\/#website\"},\"primaryImageOfPage\":{\"@id\":\"https:\\\/\\\/www.rri.ro\\\/de\\\/aktuell\\\/newsflash-de\\\/nachrichten-25-06-2017-id632461.html#primaryimage\"},\"image\":{\"@id\":\"https:\\\/\\\/www.rri.ro\\\/de\\\/aktuell\\\/newsflash-de\\\/nachrichten-25-06-2017-id632461.html#primaryimage\"},\"thumbnailUrl\":\"https:\\\/\\\/www.rri.ro\\\/wp-content\\\/uploads\\\/2023\\\/10\\\/stiri-germana-ok2-2.png\",\"datePublished\":\"2017-06-25T13:18:00+00:00\",\"author\":{\"@id\":\"https:\\\/\\\/www.rri.ro\\\/#\\\/schema\\\/person\\\/4a479940371b9fdefd194f561e8a7f88\"},\"breadcrumb\":{\"@id\":\"https:\\\/\\\/www.rri.ro\\\/de\\\/aktuell\\\/newsflash-de\\\/nachrichten-25-06-2017-id632461.html#breadcrumb\"},\"inLanguage\":\"de\",\"potentialAction\":[{\"@type\":\"ReadAction\",\"target\":[\"https:\\\/\\\/www.rri.ro\\\/de\\\/aktuell\\\/newsflash-de\\\/nachrichten-25-06-2017-id632461.html\"]}]},{\"@type\":\"ImageObject\",\"inLanguage\":\"de\",\"@id\":\"https:\\\/\\\/www.rri.ro\\\/de\\\/aktuell\\\/newsflash-de\\\/nachrichten-25-06-2017-id632461.html#primaryimage\",\"url\":\"https:\\\/\\\/www.rri.ro\\\/wp-content\\\/uploads\\\/2023\\\/10\\\/stiri-germana-ok2-2.png\",\"contentUrl\":\"https:\\\/\\\/www.rri.ro\\\/wp-content\\\/uploads\\\/2023\\\/10\\\/stiri-germana-ok2-2.png\",\"width\":640,\"height\":427},{\"@type\":\"BreadcrumbList\",\"@id\":\"https:\\\/\\\/www.rri.ro\\\/de\\\/aktuell\\\/newsflash-de\\\/nachrichten-25-06-2017-id632461.html#breadcrumb\",\"itemListElement\":[{\"@type\":\"ListItem\",\"position\":1,\"name\":\"Startseite\",\"item\":\"https:\\\/\\\/www.rri.ro\\\/de\"},{\"@type\":\"ListItem\",\"position\":2,\"name\":\"Aktuell\",\"item\":\"https:\\\/\\\/www.rri.ro\\\/de\\\/aktuell\"},{\"@type\":\"ListItem\",\"position\":3,\"name\":\"Newsflash\",\"item\":\"https:\\\/\\\/www.rri.ro\\\/de\\\/aktuell\\\/newsflash-de\"},{\"@type\":\"ListItem\",\"position\":4,\"name\":\"Nachrichten 25.06.2017\"}]},{\"@type\":\"WebSite\",\"@id\":\"https:\\\/\\\/www.rri.ro\\\/#website\",\"url\":\"https:\\\/\\\/www.rri.ro\\\/\",\"name\":\"Radio Rum\u00e4nien International\",\"description\":\"Totul despre Rom\u00e2nia \u015fi rom\u00e2ni, \u00een 13 limbi\\\/dialecte!\",\"inLanguage\":\"de\"},{\"@type\":\"Person\",\"@id\":\"https:\\\/\\\/www.rri.ro\\\/#\\\/schema\\\/person\\\/4a479940371b9fdefd194f561e8a7f88\",\"name\":\"Newsroom\",\"url\":\"https:\\\/\\\/www.rri.ro\\\/de\\\/author\\\/newsroom\"}]}<\/script>\n<!-- \/ Yoast SEO plugin. -->","yoast_head_json":{"title":"Nachrichten 25.06.2017 - Radio Rum\u00e4nien International","robots":{"index":"index","follow":"follow","max-snippet":"max-snippet:-1","max-image-preview":"max-image-preview:large","max-video-preview":"max-video-preview:-1"},"canonical":"https:\/\/www.rri.ro\/de\/aktuell\/newsflash-de\/nachrichten-25-06-2017-id632461.html","og_locale":"de_DE","og_type":"article","og_title":"Nachrichten 25.06.2017 - Radio Rum\u00e4nien International","og_description":"Die wichtigsten Meldungen des Tages im \u00dcberblick","og_url":"https:\/\/www.rri.ro\/de\/aktuell\/newsflash-de\/nachrichten-25-06-2017-id632461.html","og_site_name":"Radio Rum\u00e4nien International","article_published_time":"2017-06-25T13:18:00+00:00","og_image":[{"width":640,"height":427,"url":"https:\/\/www.rri.ro\/wp-content\/uploads\/2023\/10\/stiri-germana-ok2-2.png","type":"image\/png"}],"author":"Newsroom","twitter_card":"summary_large_image","twitter_misc":{"Verfasst von":"Newsroom","Gesch\u00e4tzte Lesezeit":"3\u00a0Minuten","Written by":"Newsroom"},"schema":{"@context":"https:\/\/schema.org","@graph":[{"@type":"Article","@id":"https:\/\/www.rri.ro\/de\/aktuell\/newsflash-de\/nachrichten-25-06-2017-id632461.html#article","isPartOf":{"@id":"https:\/\/www.rri.ro\/de\/aktuell\/newsflash-de\/nachrichten-25-06-2017-id632461.html"},"author":{"name":"Newsroom","@id":"https:\/\/www.rri.ro\/#\/schema\/person\/4a479940371b9fdefd194f561e8a7f88"},"headline":"Nachrichten 25.06.2017","datePublished":"2017-06-25T13:18:00+00:00","mainEntityOfPage":{"@id":"https:\/\/www.rri.ro\/de\/aktuell\/newsflash-de\/nachrichten-25-06-2017-id632461.html"},"wordCount":527,"image":{"@id":"https:\/\/www.rri.ro\/de\/aktuell\/newsflash-de\/nachrichten-25-06-2017-id632461.html#primaryimage"},"thumbnailUrl":"https:\/\/www.rri.ro\/wp-content\/uploads\/2023\/10\/stiri-germana-ok2-2.png","keywords":["ALDE","Arzneimittelagentur","Beratungen","Brasilien","Campia Turzii","Gipfel","Iohannis","London","Macron","Milit\u00e4r\u00fcbung","PNL","Pr\u00e4sident","PSD","Regierung","rugby","Rum\u00e4nien","Schengen","USR","Verteidigung"],"articleSection":["Newsflash"],"inLanguage":"de"},{"@type":"WebPage","@id":"https:\/\/www.rri.ro\/de\/aktuell\/newsflash-de\/nachrichten-25-06-2017-id632461.html","url":"https:\/\/www.rri.ro\/de\/aktuell\/newsflash-de\/nachrichten-25-06-2017-id632461.html","name":"Nachrichten 25.06.2017 - Radio Rum\u00e4nien International","isPartOf":{"@id":"https:\/\/www.rri.ro\/#website"},"primaryImageOfPage":{"@id":"https:\/\/www.rri.ro\/de\/aktuell\/newsflash-de\/nachrichten-25-06-2017-id632461.html#primaryimage"},"image":{"@id":"https:\/\/www.rri.ro\/de\/aktuell\/newsflash-de\/nachrichten-25-06-2017-id632461.html#primaryimage"},"thumbnailUrl":"https:\/\/www.rri.ro\/wp-content\/uploads\/2023\/10\/stiri-germana-ok2-2.png","datePublished":"2017-06-25T13:18:00+00:00","author":{"@id":"https:\/\/www.rri.ro\/#\/schema\/person\/4a479940371b9fdefd194f561e8a7f88"},"breadcrumb":{"@id":"https:\/\/www.rri.ro\/de\/aktuell\/newsflash-de\/nachrichten-25-06-2017-id632461.html#breadcrumb"},"inLanguage":"de","potentialAction":[{"@type":"ReadAction","target":["https:\/\/www.rri.ro\/de\/aktuell\/newsflash-de\/nachrichten-25-06-2017-id632461.html"]}]},{"@type":"ImageObject","inLanguage":"de","@id":"https:\/\/www.rri.ro\/de\/aktuell\/newsflash-de\/nachrichten-25-06-2017-id632461.html#primaryimage","url":"https:\/\/www.rri.ro\/wp-content\/uploads\/2023\/10\/stiri-germana-ok2-2.png","contentUrl":"https:\/\/www.rri.ro\/wp-content\/uploads\/2023\/10\/stiri-germana-ok2-2.png","width":640,"height":427},{"@type":"BreadcrumbList","@id":"https:\/\/www.rri.ro\/de\/aktuell\/newsflash-de\/nachrichten-25-06-2017-id632461.html#breadcrumb","itemListElement":[{"@type":"ListItem","position":1,"name":"Startseite","item":"https:\/\/www.rri.ro\/de"},{"@type":"ListItem","position":2,"name":"Aktuell","item":"https:\/\/www.rri.ro\/de\/aktuell"},{"@type":"ListItem","position":3,"name":"Newsflash","item":"https:\/\/www.rri.ro\/de\/aktuell\/newsflash-de"},{"@type":"ListItem","position":4,"name":"Nachrichten 25.06.2017"}]},{"@type":"WebSite","@id":"https:\/\/www.rri.ro\/#website","url":"https:\/\/www.rri.ro\/","name":"Radio Rum\u00e4nien International","description":"Totul despre Rom\u00e2nia \u015fi rom\u00e2ni, \u00een 13 limbi\/dialecte!","inLanguage":"de"},{"@type":"Person","@id":"https:\/\/www.rri.ro\/#\/schema\/person\/4a479940371b9fdefd194f561e8a7f88","name":"Newsroom","url":"https:\/\/www.rri.ro\/de\/author\/newsroom"}]}},"_links":{"self":[{"href":"https:\/\/www.rri.ro\/de\/wp-json\/wp\/v2\/posts\/632461","targetHints":{"allow":["GET"]}}],"collection":[{"href":"https:\/\/www.rri.ro\/de\/wp-json\/wp\/v2\/posts"}],"about":[{"href":"https:\/\/www.rri.ro\/de\/wp-json\/wp\/v2\/types\/post"}],"author":[{"embeddable":true,"href":"https:\/\/www.rri.ro\/de\/wp-json\/wp\/v2\/users\/113"}],"replies":[{"embeddable":true,"href":"https:\/\/www.rri.ro\/de\/wp-json\/wp\/v2\/comments?post=632461"}],"version-history":[{"count":0,"href":"https:\/\/www.rri.ro\/de\/wp-json\/wp\/v2\/posts\/632461\/revisions"}],"wp:featuredmedia":[{"embeddable":true,"href":"https:\/\/www.rri.ro\/de\/wp-json\/wp\/v2\/media\/460330"}],"wp:attachment":[{"href":"https:\/\/www.rri.ro\/de\/wp-json\/wp\/v2\/media?parent=632461"}],"wp:term":[{"taxonomy":"category","embeddable":true,"href":"https:\/\/www.rri.ro\/de\/wp-json\/wp\/v2\/categories?post=632461"},{"taxonomy":"post_tag","embeddable":true,"href":"https:\/\/www.rri.ro\/de\/wp-json\/wp\/v2\/tags?post=632461"},{"taxonomy":"author","embeddable":true,"href":"https:\/\/www.rri.ro\/de\/wp-json\/wp\/v2\/coauthors?post=632461"}],"curies":[{"name":"wp","href":"https:\/\/api.w.org\/{rel}","templated":true}]}}