{"id":632528,"date":"2017-09-01T19:08:00","date_gmt":"2017-09-01T16:08:00","guid":{"rendered":"http:\/\/devrri.freshlemon.ro\/aktuell\/nachrichten-01-09-2017-id632528.html"},"modified":"2017-09-01T19:08:00","modified_gmt":"2017-09-01T16:08:00","slug":"nachrichten-01-09-2017","status":"publish","type":"post","link":"https:\/\/www.rri.ro\/de\/aktuell\/newsflash-de\/nachrichten-01-09-2017-id632528.html","title":{"rendered":"Nachrichten 01.09.2017"},"content":{"rendered":"<p>In Bukarest haben die zwei Parlamentskammern am Freitag ihre ordentliche Sitzungsperiode nach den Sommerferien wiederaufgenommen. Zu den Priorit\u00e4ten der Legislative geh\u00f6ren Gesetzentw\u00fcrfe, die von Parlamentariern selbst eingebracht wurden sowie Projekte und Verordnungen der Regierung. Dazu geh\u00f6ren die \u00c4nderung des Rentengesetzes, das Gesetzespaket \u00fcber die Justiz und die Gr\u00fcndung des Souver\u00e4nen Entwicklungs-und Investitions-Fonds. <\/p>\n<p>&#13;<br \/>\n&#13;<\/p>\n<p>&#13;<br \/>\n&#13;<\/p>\n<p>Der sozialdemokratische Ministerpr\u00e4sident, Mihai Tudose, wird am Montag im Rahmen der sogenannten \u201cStunde des Premiers den Parlamentsmitgliedern Rede und Antwort stehen. Dabei wird es in diesem Fall um die \u00f6konomische Situation des Landes gehen. Die Entscheidung traf der St\u00e4ndige Vorstand der Abgeordnetenkammer auf Antrag der National-liberalen PNL, der gr\u00f6\u00dften Partei aus der Opposition. Es gebe Bef\u00fcrchtungen, dass Rum\u00e4nien demn\u00e4chst in eine Wirtschaftskrise wie der von 2009 schlittern k\u00f6nnte, behaupten Vertreter der Liberalen. Der PSD-Chef Liviu Dragnea, der auch Vorsitzender der Abgeordnetenkammer ist, erkl\u00e4rte indes, die Wirtschaft sei vor keine besonderen Probleme gestellt.<\/p>\n<p>&#13;<br \/>\n&#13;<\/p>\n<p>&#13;<br \/>\n&#13;<\/p>\n<p>Der Vorsitzende der Nationalen Krankenkasse Rum\u00e4niens, Marian Burcea, ist am Freitag von Antikorruptionstaatsanw\u00e4lten festgenommen worden. Er wird der Verwicklung in illegale Abrechnungen von medizinischen Dienstleistungen bezichtigt. Gleich nach seiner Festnahme wurde Marian Burcea aus seinem Amt entlassen. Im selben Verfahren wurden weitere 13 Verd\u00e4chtige festgenommen. Die Antikorruptions-Staatsanw\u00e4lte ermitteln wegen Betrug bei der Bukarester Krankenkasse durch Abrechnung von fiktiven medizinischen Dienstleistungen. Mehrere Beamte und Angestellte sollen unter dem Schutz der F\u00fchrung der Bukarester und Nationalen Krankenkasse Hunderte medizinische Akten gef\u00e4lscht haben. Der Schaden beziffert sich auf etwa 3 Millionen Euro. Am Donnerstag gab es Hausdurchsuchungen an den Sitzen einiger Bukarester Firmen und Einrichtungen, sowie bei verd\u00e4chtigten Privatpersonen.<\/p>\n<p>&#13;<br \/>\n&#13;<\/p>\n<p>&#13;<br \/>\n&#13;<\/p>\n<p>Am Samstag, dem 2. September, beginnt das Internationale Musikfestival George Enescu\u201c, eines der wichtigsten europ\u00e4ischen Kulturevents. Drei Wochen lang werden die Musikliebhaber von den besten Orchestern und Solisten der Welt verw\u00f6hnt. Die 23. Auflage des internationalen Musikfestivals findet zwischen dem 2. und dem 24. September in Bukarest und in weiteren sieben St\u00e4dten in Rum\u00e4nien statt. Ehrenpr\u00e4sident ist der bekannte Dirigent Zubin Mehta; k\u00fcnstlerischer Leiter des Festivals ist mit Wladimir Jurowski ein weiterer namhafter Dirigent. Er wird auch beim Er\u00f6ffnungskonzert die London Philharmonic Orchestra leiten, die George Enescus Oper Oedipe\u201c als Konzertst\u00fcck auff\u00fchren wird. Die Sender Radio Rom\u00e2nia Muzical und Radio Rom\u00e2nia Cultural des \u00f6ffentlich-rechtlichen Rundfunks werden die Konzerte im Rahmen des Festivals live \u00fcbertragen. Das Internationale Musikfestival George Enescu\u201c wurde 1958 ins Leben gerufen, drei Jahre nach dem Tod des gro\u00dfen rum\u00e4nischen Komponisten. 1971 stellte das kommunistische Regime das Festival ein, aber nach dem Fall des Kommunismus wurde das Musikfestival wiederaufgenommen und findet alle zwei Jahre unter der Schirmherrschaft der rum\u00e4nischen  Pr\u00e4sidentschaft statt.<\/p>\n<p>&#13;<\/p>\n","protected":false},"excerpt":{"rendered":"<p>Die wichtigsten Meldungen im \u00dcberblick<\/p>\n","protected":false},"author":113,"featured_media":460330,"comment_status":"closed","ping_status":"closed","sticky":false,"template":"","format":"standard","meta":{"_acf_changed":false,"footnotes":""},"categories":[116753],"tags":[100456,102483,153719,99625,99702,100454,99994,32246,99897,100145,102526,145379,143777,143776,104077,99589,102835,99757,38133],"coauthors":[],"class_list":["post-632528","post","type-post","status-publish","format-standard","has-post-thumbnail","hentry","category-newsflash-de","tag-abrechnung","tag-festnahme","tag-george-enescu-de","tag-justiz","tag-korruption","tag-krankenkasse","tag-krise","tag-mihai-tudose","tag-ministerpraesident","tag-musikfestival","tag-orchester","tag-parlament-de","tag-pnl-de","tag-psd-de","tag-rentengesetz","tag-rumaenien","tag-sitzungsperiode","tag-wirtschaft","tag-zubin-mehta"],"acf":[],"yoast_head":"<!-- This site is optimized with the Yoast SEO plugin v27.3 - https:\/\/yoast.com\/product\/yoast-seo-wordpress\/ -->\n<title>Nachrichten 01.09.2017 - Radio Rum\u00e4nien International<\/title>\n<meta name=\"robots\" content=\"index, follow, max-snippet:-1, max-image-preview:large, max-video-preview:-1\" \/>\n<link rel=\"canonical\" href=\"https:\/\/www.rri.ro\/de\/aktuell\/newsflash-de\/nachrichten-01-09-2017-id632528.html\" \/>\n<meta property=\"og:locale\" content=\"de_DE\" \/>\n<meta property=\"og:type\" content=\"article\" \/>\n<meta property=\"og:title\" content=\"Nachrichten 01.09.2017 - Radio Rum\u00e4nien International\" \/>\n<meta property=\"og:description\" content=\"Die wichtigsten Meldungen im \u00dcberblick\" \/>\n<meta property=\"og:url\" content=\"https:\/\/www.rri.ro\/de\/aktuell\/newsflash-de\/nachrichten-01-09-2017-id632528.html\" \/>\n<meta property=\"og:site_name\" content=\"Radio Rum\u00e4nien International\" \/>\n<meta property=\"article:published_time\" content=\"2017-09-01T16:08:00+00:00\" \/>\n<meta property=\"og:image\" content=\"https:\/\/www.rri.ro\/wp-content\/uploads\/2023\/10\/stiri-germana-ok2-2.png\" \/>\n\t<meta property=\"og:image:width\" content=\"640\" \/>\n\t<meta property=\"og:image:height\" content=\"427\" \/>\n\t<meta property=\"og:image:type\" content=\"image\/png\" \/>\n<meta name=\"author\" content=\"Newsroom\" \/>\n<meta name=\"twitter:card\" content=\"summary_large_image\" \/>\n<meta name=\"twitter:label1\" content=\"Verfasst von\" \/>\n\t<meta name=\"twitter:data1\" content=\"Newsroom\" \/>\n\t<meta name=\"twitter:label2\" content=\"Gesch\u00e4tzte Lesezeit\" \/>\n\t<meta name=\"twitter:data2\" content=\"2\u00a0Minuten\" \/>\n\t<meta name=\"twitter:label3\" content=\"Written by\" \/>\n\t<meta name=\"twitter:data3\" content=\"Newsroom\" \/>\n<script type=\"application\/ld+json\" class=\"yoast-schema-graph\">{\"@context\":\"https:\\\/\\\/schema.org\",\"@graph\":[{\"@type\":\"Article\",\"@id\":\"https:\\\/\\\/www.rri.ro\\\/de\\\/aktuell\\\/newsflash-de\\\/nachrichten-01-09-2017-id632528.html#article\",\"isPartOf\":{\"@id\":\"https:\\\/\\\/www.rri.ro\\\/de\\\/aktuell\\\/newsflash-de\\\/nachrichten-01-09-2017-id632528.html\"},\"author\":{\"name\":\"Newsroom\",\"@id\":\"https:\\\/\\\/www.rri.ro\\\/#\\\/schema\\\/person\\\/4a479940371b9fdefd194f561e8a7f88\"},\"headline\":\"Nachrichten 01.09.2017\",\"datePublished\":\"2017-09-01T16:08:00+00:00\",\"mainEntityOfPage\":{\"@id\":\"https:\\\/\\\/www.rri.ro\\\/de\\\/aktuell\\\/newsflash-de\\\/nachrichten-01-09-2017-id632528.html\"},\"wordCount\":441,\"image\":{\"@id\":\"https:\\\/\\\/www.rri.ro\\\/de\\\/aktuell\\\/newsflash-de\\\/nachrichten-01-09-2017-id632528.html#primaryimage\"},\"thumbnailUrl\":\"https:\\\/\\\/www.rri.ro\\\/wp-content\\\/uploads\\\/2023\\\/10\\\/stiri-germana-ok2-2.png\",\"keywords\":[\"Abrechnung\",\"Festnahme\",\"George Enescu,\",\"Justiz\",\"Korruption\",\"Krankenkasse\",\"Krise\",\"Mihai Tudose\",\"Ministerpr\u00e4sident\",\"Musikfestival\",\"Orchester\",\"Parlament\",\"PNL\",\"PSD\",\"Rentengesetz\",\"Rum\u00e4nien\",\"Sitzungsperiode\",\"Wirtschaft\",\"Zubin Mehta\"],\"articleSection\":[\"Newsflash\"],\"inLanguage\":\"de\"},{\"@type\":\"WebPage\",\"@id\":\"https:\\\/\\\/www.rri.ro\\\/de\\\/aktuell\\\/newsflash-de\\\/nachrichten-01-09-2017-id632528.html\",\"url\":\"https:\\\/\\\/www.rri.ro\\\/de\\\/aktuell\\\/newsflash-de\\\/nachrichten-01-09-2017-id632528.html\",\"name\":\"Nachrichten 01.09.2017 - Radio Rum\u00e4nien International\",\"isPartOf\":{\"@id\":\"https:\\\/\\\/www.rri.ro\\\/#website\"},\"primaryImageOfPage\":{\"@id\":\"https:\\\/\\\/www.rri.ro\\\/de\\\/aktuell\\\/newsflash-de\\\/nachrichten-01-09-2017-id632528.html#primaryimage\"},\"image\":{\"@id\":\"https:\\\/\\\/www.rri.ro\\\/de\\\/aktuell\\\/newsflash-de\\\/nachrichten-01-09-2017-id632528.html#primaryimage\"},\"thumbnailUrl\":\"https:\\\/\\\/www.rri.ro\\\/wp-content\\\/uploads\\\/2023\\\/10\\\/stiri-germana-ok2-2.png\",\"datePublished\":\"2017-09-01T16:08:00+00:00\",\"author\":{\"@id\":\"https:\\\/\\\/www.rri.ro\\\/#\\\/schema\\\/person\\\/4a479940371b9fdefd194f561e8a7f88\"},\"breadcrumb\":{\"@id\":\"https:\\\/\\\/www.rri.ro\\\/de\\\/aktuell\\\/newsflash-de\\\/nachrichten-01-09-2017-id632528.html#breadcrumb\"},\"inLanguage\":\"de\",\"potentialAction\":[{\"@type\":\"ReadAction\",\"target\":[\"https:\\\/\\\/www.rri.ro\\\/de\\\/aktuell\\\/newsflash-de\\\/nachrichten-01-09-2017-id632528.html\"]}]},{\"@type\":\"ImageObject\",\"inLanguage\":\"de\",\"@id\":\"https:\\\/\\\/www.rri.ro\\\/de\\\/aktuell\\\/newsflash-de\\\/nachrichten-01-09-2017-id632528.html#primaryimage\",\"url\":\"https:\\\/\\\/www.rri.ro\\\/wp-content\\\/uploads\\\/2023\\\/10\\\/stiri-germana-ok2-2.png\",\"contentUrl\":\"https:\\\/\\\/www.rri.ro\\\/wp-content\\\/uploads\\\/2023\\\/10\\\/stiri-germana-ok2-2.png\",\"width\":640,\"height\":427},{\"@type\":\"BreadcrumbList\",\"@id\":\"https:\\\/\\\/www.rri.ro\\\/de\\\/aktuell\\\/newsflash-de\\\/nachrichten-01-09-2017-id632528.html#breadcrumb\",\"itemListElement\":[{\"@type\":\"ListItem\",\"position\":1,\"name\":\"Startseite\",\"item\":\"https:\\\/\\\/www.rri.ro\\\/de\"},{\"@type\":\"ListItem\",\"position\":2,\"name\":\"Aktuell\",\"item\":\"https:\\\/\\\/www.rri.ro\\\/de\\\/aktuell\"},{\"@type\":\"ListItem\",\"position\":3,\"name\":\"Newsflash\",\"item\":\"https:\\\/\\\/www.rri.ro\\\/de\\\/aktuell\\\/newsflash-de\"},{\"@type\":\"ListItem\",\"position\":4,\"name\":\"Nachrichten 01.09.2017\"}]},{\"@type\":\"WebSite\",\"@id\":\"https:\\\/\\\/www.rri.ro\\\/#website\",\"url\":\"https:\\\/\\\/www.rri.ro\\\/\",\"name\":\"Radio Rum\u00e4nien International\",\"description\":\"Totul despre Rom\u00e2nia \u015fi rom\u00e2ni, \u00een 13 limbi\\\/dialecte!\",\"inLanguage\":\"de\"},{\"@type\":\"Person\",\"@id\":\"https:\\\/\\\/www.rri.ro\\\/#\\\/schema\\\/person\\\/4a479940371b9fdefd194f561e8a7f88\",\"name\":\"Newsroom\",\"url\":\"https:\\\/\\\/www.rri.ro\\\/de\\\/author\\\/newsroom\"}]}<\/script>\n<!-- \/ Yoast SEO plugin. -->","yoast_head_json":{"title":"Nachrichten 01.09.2017 - Radio Rum\u00e4nien International","robots":{"index":"index","follow":"follow","max-snippet":"max-snippet:-1","max-image-preview":"max-image-preview:large","max-video-preview":"max-video-preview:-1"},"canonical":"https:\/\/www.rri.ro\/de\/aktuell\/newsflash-de\/nachrichten-01-09-2017-id632528.html","og_locale":"de_DE","og_type":"article","og_title":"Nachrichten 01.09.2017 - Radio Rum\u00e4nien International","og_description":"Die wichtigsten Meldungen im \u00dcberblick","og_url":"https:\/\/www.rri.ro\/de\/aktuell\/newsflash-de\/nachrichten-01-09-2017-id632528.html","og_site_name":"Radio Rum\u00e4nien International","article_published_time":"2017-09-01T16:08:00+00:00","og_image":[{"width":640,"height":427,"url":"https:\/\/www.rri.ro\/wp-content\/uploads\/2023\/10\/stiri-germana-ok2-2.png","type":"image\/png"}],"author":"Newsroom","twitter_card":"summary_large_image","twitter_misc":{"Verfasst von":"Newsroom","Gesch\u00e4tzte Lesezeit":"2\u00a0Minuten","Written by":"Newsroom"},"schema":{"@context":"https:\/\/schema.org","@graph":[{"@type":"Article","@id":"https:\/\/www.rri.ro\/de\/aktuell\/newsflash-de\/nachrichten-01-09-2017-id632528.html#article","isPartOf":{"@id":"https:\/\/www.rri.ro\/de\/aktuell\/newsflash-de\/nachrichten-01-09-2017-id632528.html"},"author":{"name":"Newsroom","@id":"https:\/\/www.rri.ro\/#\/schema\/person\/4a479940371b9fdefd194f561e8a7f88"},"headline":"Nachrichten 01.09.2017","datePublished":"2017-09-01T16:08:00+00:00","mainEntityOfPage":{"@id":"https:\/\/www.rri.ro\/de\/aktuell\/newsflash-de\/nachrichten-01-09-2017-id632528.html"},"wordCount":441,"image":{"@id":"https:\/\/www.rri.ro\/de\/aktuell\/newsflash-de\/nachrichten-01-09-2017-id632528.html#primaryimage"},"thumbnailUrl":"https:\/\/www.rri.ro\/wp-content\/uploads\/2023\/10\/stiri-germana-ok2-2.png","keywords":["Abrechnung","Festnahme","George Enescu,","Justiz","Korruption","Krankenkasse","Krise","Mihai Tudose","Ministerpr\u00e4sident","Musikfestival","Orchester","Parlament","PNL","PSD","Rentengesetz","Rum\u00e4nien","Sitzungsperiode","Wirtschaft","Zubin Mehta"],"articleSection":["Newsflash"],"inLanguage":"de"},{"@type":"WebPage","@id":"https:\/\/www.rri.ro\/de\/aktuell\/newsflash-de\/nachrichten-01-09-2017-id632528.html","url":"https:\/\/www.rri.ro\/de\/aktuell\/newsflash-de\/nachrichten-01-09-2017-id632528.html","name":"Nachrichten 01.09.2017 - Radio Rum\u00e4nien International","isPartOf":{"@id":"https:\/\/www.rri.ro\/#website"},"primaryImageOfPage":{"@id":"https:\/\/www.rri.ro\/de\/aktuell\/newsflash-de\/nachrichten-01-09-2017-id632528.html#primaryimage"},"image":{"@id":"https:\/\/www.rri.ro\/de\/aktuell\/newsflash-de\/nachrichten-01-09-2017-id632528.html#primaryimage"},"thumbnailUrl":"https:\/\/www.rri.ro\/wp-content\/uploads\/2023\/10\/stiri-germana-ok2-2.png","datePublished":"2017-09-01T16:08:00+00:00","author":{"@id":"https:\/\/www.rri.ro\/#\/schema\/person\/4a479940371b9fdefd194f561e8a7f88"},"breadcrumb":{"@id":"https:\/\/www.rri.ro\/de\/aktuell\/newsflash-de\/nachrichten-01-09-2017-id632528.html#breadcrumb"},"inLanguage":"de","potentialAction":[{"@type":"ReadAction","target":["https:\/\/www.rri.ro\/de\/aktuell\/newsflash-de\/nachrichten-01-09-2017-id632528.html"]}]},{"@type":"ImageObject","inLanguage":"de","@id":"https:\/\/www.rri.ro\/de\/aktuell\/newsflash-de\/nachrichten-01-09-2017-id632528.html#primaryimage","url":"https:\/\/www.rri.ro\/wp-content\/uploads\/2023\/10\/stiri-germana-ok2-2.png","contentUrl":"https:\/\/www.rri.ro\/wp-content\/uploads\/2023\/10\/stiri-germana-ok2-2.png","width":640,"height":427},{"@type":"BreadcrumbList","@id":"https:\/\/www.rri.ro\/de\/aktuell\/newsflash-de\/nachrichten-01-09-2017-id632528.html#breadcrumb","itemListElement":[{"@type":"ListItem","position":1,"name":"Startseite","item":"https:\/\/www.rri.ro\/de"},{"@type":"ListItem","position":2,"name":"Aktuell","item":"https:\/\/www.rri.ro\/de\/aktuell"},{"@type":"ListItem","position":3,"name":"Newsflash","item":"https:\/\/www.rri.ro\/de\/aktuell\/newsflash-de"},{"@type":"ListItem","position":4,"name":"Nachrichten 01.09.2017"}]},{"@type":"WebSite","@id":"https:\/\/www.rri.ro\/#website","url":"https:\/\/www.rri.ro\/","name":"Radio Rum\u00e4nien International","description":"Totul despre Rom\u00e2nia \u015fi rom\u00e2ni, \u00een 13 limbi\/dialecte!","inLanguage":"de"},{"@type":"Person","@id":"https:\/\/www.rri.ro\/#\/schema\/person\/4a479940371b9fdefd194f561e8a7f88","name":"Newsroom","url":"https:\/\/www.rri.ro\/de\/author\/newsroom"}]}},"_links":{"self":[{"href":"https:\/\/www.rri.ro\/de\/wp-json\/wp\/v2\/posts\/632528","targetHints":{"allow":["GET"]}}],"collection":[{"href":"https:\/\/www.rri.ro\/de\/wp-json\/wp\/v2\/posts"}],"about":[{"href":"https:\/\/www.rri.ro\/de\/wp-json\/wp\/v2\/types\/post"}],"author":[{"embeddable":true,"href":"https:\/\/www.rri.ro\/de\/wp-json\/wp\/v2\/users\/113"}],"replies":[{"embeddable":true,"href":"https:\/\/www.rri.ro\/de\/wp-json\/wp\/v2\/comments?post=632528"}],"version-history":[{"count":0,"href":"https:\/\/www.rri.ro\/de\/wp-json\/wp\/v2\/posts\/632528\/revisions"}],"wp:featuredmedia":[{"embeddable":true,"href":"https:\/\/www.rri.ro\/de\/wp-json\/wp\/v2\/media\/460330"}],"wp:attachment":[{"href":"https:\/\/www.rri.ro\/de\/wp-json\/wp\/v2\/media?parent=632528"}],"wp:term":[{"taxonomy":"category","embeddable":true,"href":"https:\/\/www.rri.ro\/de\/wp-json\/wp\/v2\/categories?post=632528"},{"taxonomy":"post_tag","embeddable":true,"href":"https:\/\/www.rri.ro\/de\/wp-json\/wp\/v2\/tags?post=632528"},{"taxonomy":"author","embeddable":true,"href":"https:\/\/www.rri.ro\/de\/wp-json\/wp\/v2\/coauthors?post=632528"}],"curies":[{"name":"wp","href":"https:\/\/api.w.org\/{rel}","templated":true}]}}