{"id":632614,"date":"2017-11-27T20:46:00","date_gmt":"2017-11-27T18:46:00","guid":{"rendered":"http:\/\/devrri.freshlemon.ro\/aktuell\/nachrichten-27-11-2017-id632614.html"},"modified":"2017-11-27T20:46:00","modified_gmt":"2017-11-27T18:46:00","slug":"nachrichten-27-11-2017","status":"publish","type":"post","link":"https:\/\/www.rri.ro\/de\/aktuell\/newsflash-de\/nachrichten-27-11-2017-id632614.html","title":{"rendered":"Nachrichten 27.11.2017"},"content":{"rendered":"<p>Der Sonderausschuss im Rum\u00e4nischen Parlament, der mit Beratungen \u00fcber die Novellierung der Justizverwaltungsgesetze beauftragt ist, hat am Montag seine T\u00e4tigkeit fortgesetzt.  Zur Diskussion standen unter anderem der Artikel \u00fcber die Haftung der Richter und Staatsanw\u00e4lte. Seit letzter Woche arbeitet der Ausschuss t\u00e4glich, damit die neuen Gesetzentw\u00fcrfe noch vor Weihnachten im Plenum verabschiedet werden k\u00f6nnen. Die Nationalliberale Partei hat angek\u00fcndigt, gegen die Bildung des Ausschusses vor dem Verfassungsgericht zu klagen. Sie r\u00fcgt, dass die Mehrheitskoalition sich \u00fcber das Reformpaket nicht mit der Venedig-Kommission abstimmen wolle.<\/p>\n<p>&#13;<br \/>\n&#13;<\/p>\n<p>Auch am Sonntag haben mehrere zehntausend B\u00fcrger in Bukarest und vielen anderen Gro\u200e\u00dfsst\u00e4dten Rum\u00e4niens gegen die Justizreform und mehrere Steuergesetze protestiert.<\/p>\n<p>&#13;<br \/>\n&#13;<\/p>\n<p>&#13;<br \/>\n&#13;<\/p>\n<p>Rum\u00e4nische Firmen sollten mithilfe von EU-Mitteln und nationalen F\u00f6rdergeldern in erster Linie rum\u00e4nische Arbeitnehmer einstellen &#8212; das forderte Arbeitsministerin Lia Olgu\u0163a Vasilescu. Auf einer Fachtagung in Bukarest sagte sie, dass eine EU-Richtlinie die Arbeitskr\u00e4fte auf dem EU-Binnenmarkt sch\u00fctze und Rum\u00e4nien nicht vorhabe, darauf zu verzichten. Die Ministerin berichtete, dass vor dem Hintergrund des Fachkr\u00e4ftemangels immer mehr Unternehmen der Regierung beantragen, die Grenzen f\u00fcr ausl\u00e4ndische Arbeitnehmer zu \u00f6ffnen. Sie sei offen f\u00fcr jede Idee, die die vielen rum\u00e4nischen Gastarbeiter im Ausland zur R\u00fcckkehr motivieren k\u00f6nnte.<\/p>\n<p>&#13;<br \/>\n&#13;<\/p>\n<p>&#13;<br \/>\n&#13;<\/p>\n<p>China wird \u00fcber drei Milliarden Dollar f\u00fcr Entwicklungs- und Investitionsprojekte in MOEL bereitstellen. Das sagte Premierminister Li Keqiang in Budapest am Montag auf dem 6. Gipfel der Staats- und Regierungschefs Mittel- und Osteuropas und Chinas in Budapest zu. Auf der Agenda des Gipfels im sogenannten 16+1\u201c-Zusammenarbeitsformat stehen die Wirtschafts-, Finanz- und Handelsbeziehungen zwischen China und 16 mittel- und osteurop\u00e4ischen Staaten. 2013 war Rum\u00e4nien Gastgeber des 16+1\u201c-Regierungschefstreffens. Rum\u00e4nien begr\u00fcndete damals einen neuen Zusammenarbeitsmechanismus im Energiebereich zwischen den Teilnehmerl\u00e4ndern.<\/p>\n<p>&#13;<br \/>\n&#13;<\/p>\n<p>&#13;<br \/>\n&#13;<\/p>\n<p>Der Oberste Landesverteidigungsrat kommt am Dienstag zusammen. Dies k\u00fcndigte die Bukarester Pr\u00e4sidialverwaltung an. Das von Staatspr\u00e4sident Klaus Iohannis gef\u00fchrte Treffen wird mehrere Themen auf der Tagesordnung haben, darunter den Plan f\u00fcr Auslandseins\u00e4tze der Streitkr\u00e4fte und den Umsetzungsstand der Beschl\u00fcsse des Warschauer NATO-Gipfels. Au\u200e\u00dferdem wird man die Ma\u200e\u00dfnahmen besprechen, die Rum\u00e4nien f\u00fcr die Umsetzung der international beschlossenen Sanktionen getroffen hat, so die Mitteilung der Pr\u00e4sidentschaft.<\/p>\n<p>&#13;<br \/>\n&#13;<\/p>\n<p>&#13;<br \/>\n&#13;<\/p>\n<p>&#13;<br \/>\n&#13;<\/p>\n<p>57% der rum\u00e4nischen B\u00fcrger vertrauen nach wie vor der EU. Das besagt eine Umfrage, deren Ergebnisse am Montag von der Vertretung der EU-Kommission in Bukarest mitgeteilt wurden. Demnach teilen 54% der Rum\u00e4nen die Auffassung, dass ihre Stimme in der EU geh\u00f6rt wird. Der gr\u00f6\u200e\u00dfte Vorteil der Mitgliedschaft sei die M\u00f6glichkeit, in einem anderen EU-Land arbeiten zu k\u00f6nnen. Der gr\u00f6\u200e\u00dfte Nachteil sei die niedrigere Kaufkraft. 56% der Befragten gehen davon aus, dass die Union in den n\u00e4chsten Jahren st\u00e4rker wird. Zu den wichtigsten Gefahren und Herausforderungen geh\u00f6ren die Bek\u00e4mpfung des Terrorismus, die Beziehungen zu Russland und die Migrationspolitik. Gute Verh\u00e4ltnisse zwischen den Staaten, die Wahrung der Menschenrechte, Demokratie und Rechtsstaat wurden als gr\u00f6\u200e\u00dfte Vorz\u00fcge genannt.<\/p>\n<p>&#13;<br \/>\n&#13;<\/p>\n<p>&#13;<br \/>\n&#13;<\/p>\n<p>Unter OSZE-Schirmherrschaft hat in Wien am Montag eine neue Verhandlungsrunde zwischen der Republik Moldau und der abtr\u00fcnnigen Teilrepublik Transnistrien angefangen. Die Verhandlungen verlaufen im so genannten 5 plus 2 Format &#8212; neben den Parteien sitzen Repr\u00e4sentanten der USA, der EU, der Ukraine und Russlands als Vermittler und Beobachter am Tisch. Auf der Tagesordnung stehen der Unterricht in rum\u00e4nischsprachigen Schulen und die Zulassung der Fahrzeuge in Transnistrien sowie die Wiederherstellung der Telefonverbindungen zwischen der Moldau und dem Gebiet im Osten. Die Moldau hat die Kontrolle \u00fcber Transnisterin nach einem kurzen B\u00fcrgerkrieg in 1992 abgegeben, nachdem Moskau auf der Seite der Separatisten eingegriffen hatte.<\/p>\n<p>&#13;<br \/>\n&#13;<\/p>\n<p>&#13;<\/p>\n","protected":false},"excerpt":{"rendered":"<p>Die wichtigsten Meldungen im \u00dcberblick<\/p>\n","protected":false},"author":113,"featured_media":460330,"comment_status":"closed","ping_status":"closed","sticky":false,"template":"","format":"standard","meta":{"_acf_changed":false,"footnotes":""},"categories":[116753],"tags":[100047,31904,99625,100576,100543,99589,101389],"coauthors":[],"class_list":["post-632614","post","type-post","status-publish","format-standard","has-post-thumbnail","hentry","category-newsflash-de","tag-arbeitsmarkt","tag-china","tag-justiz","tag-moldau","tag-osteuropa","tag-rumaenien","tag-verteidigung"],"acf":[],"yoast_head":"<!-- This site is optimized with the Yoast SEO plugin v27.3 - https:\/\/yoast.com\/product\/yoast-seo-wordpress\/ -->\n<title>Nachrichten 27.11.2017 - Radio Rum\u00e4nien International<\/title>\n<meta name=\"robots\" content=\"index, follow, max-snippet:-1, max-image-preview:large, max-video-preview:-1\" \/>\n<link rel=\"canonical\" href=\"https:\/\/www.rri.ro\/de\/aktuell\/newsflash-de\/nachrichten-27-11-2017-id632614.html\" \/>\n<meta property=\"og:locale\" content=\"de_DE\" \/>\n<meta property=\"og:type\" content=\"article\" \/>\n<meta property=\"og:title\" content=\"Nachrichten 27.11.2017 - Radio Rum\u00e4nien International\" \/>\n<meta property=\"og:description\" content=\"Die wichtigsten Meldungen im \u00dcberblick\" \/>\n<meta property=\"og:url\" content=\"https:\/\/www.rri.ro\/de\/aktuell\/newsflash-de\/nachrichten-27-11-2017-id632614.html\" \/>\n<meta property=\"og:site_name\" content=\"Radio Rum\u00e4nien International\" \/>\n<meta property=\"article:published_time\" content=\"2017-11-27T18:46:00+00:00\" \/>\n<meta property=\"og:image\" content=\"https:\/\/www.rri.ro\/wp-content\/uploads\/2023\/10\/stiri-germana-ok2-2.png\" \/>\n\t<meta property=\"og:image:width\" content=\"640\" \/>\n\t<meta property=\"og:image:height\" content=\"427\" \/>\n\t<meta property=\"og:image:type\" content=\"image\/png\" \/>\n<meta name=\"author\" content=\"Newsroom\" \/>\n<meta name=\"twitter:card\" content=\"summary_large_image\" \/>\n<meta name=\"twitter:label1\" content=\"Verfasst von\" \/>\n\t<meta name=\"twitter:data1\" content=\"Newsroom\" \/>\n\t<meta name=\"twitter:label2\" content=\"Gesch\u00e4tzte Lesezeit\" \/>\n\t<meta name=\"twitter:data2\" content=\"3\u00a0Minuten\" \/>\n\t<meta name=\"twitter:label3\" content=\"Written by\" \/>\n\t<meta name=\"twitter:data3\" content=\"Newsroom\" \/>\n<script type=\"application\/ld+json\" class=\"yoast-schema-graph\">{\"@context\":\"https:\\\/\\\/schema.org\",\"@graph\":[{\"@type\":\"Article\",\"@id\":\"https:\\\/\\\/www.rri.ro\\\/de\\\/aktuell\\\/newsflash-de\\\/nachrichten-27-11-2017-id632614.html#article\",\"isPartOf\":{\"@id\":\"https:\\\/\\\/www.rri.ro\\\/de\\\/aktuell\\\/newsflash-de\\\/nachrichten-27-11-2017-id632614.html\"},\"author\":{\"name\":\"Newsroom\",\"@id\":\"https:\\\/\\\/www.rri.ro\\\/#\\\/schema\\\/person\\\/4a479940371b9fdefd194f561e8a7f88\"},\"headline\":\"Nachrichten 27.11.2017\",\"datePublished\":\"2017-11-27T18:46:00+00:00\",\"mainEntityOfPage\":{\"@id\":\"https:\\\/\\\/www.rri.ro\\\/de\\\/aktuell\\\/newsflash-de\\\/nachrichten-27-11-2017-id632614.html\"},\"wordCount\":602,\"image\":{\"@id\":\"https:\\\/\\\/www.rri.ro\\\/de\\\/aktuell\\\/newsflash-de\\\/nachrichten-27-11-2017-id632614.html#primaryimage\"},\"thumbnailUrl\":\"https:\\\/\\\/www.rri.ro\\\/wp-content\\\/uploads\\\/2023\\\/10\\\/stiri-germana-ok2-2.png\",\"keywords\":[\"Arbeitsmarkt\",\"China\",\"Justiz\",\"Moldau\",\"Osteuropa\",\"Rum\u00e4nien\",\"Verteidigung\"],\"articleSection\":[\"Newsflash\"],\"inLanguage\":\"de\"},{\"@type\":\"WebPage\",\"@id\":\"https:\\\/\\\/www.rri.ro\\\/de\\\/aktuell\\\/newsflash-de\\\/nachrichten-27-11-2017-id632614.html\",\"url\":\"https:\\\/\\\/www.rri.ro\\\/de\\\/aktuell\\\/newsflash-de\\\/nachrichten-27-11-2017-id632614.html\",\"name\":\"Nachrichten 27.11.2017 - Radio Rum\u00e4nien International\",\"isPartOf\":{\"@id\":\"https:\\\/\\\/www.rri.ro\\\/#website\"},\"primaryImageOfPage\":{\"@id\":\"https:\\\/\\\/www.rri.ro\\\/de\\\/aktuell\\\/newsflash-de\\\/nachrichten-27-11-2017-id632614.html#primaryimage\"},\"image\":{\"@id\":\"https:\\\/\\\/www.rri.ro\\\/de\\\/aktuell\\\/newsflash-de\\\/nachrichten-27-11-2017-id632614.html#primaryimage\"},\"thumbnailUrl\":\"https:\\\/\\\/www.rri.ro\\\/wp-content\\\/uploads\\\/2023\\\/10\\\/stiri-germana-ok2-2.png\",\"datePublished\":\"2017-11-27T18:46:00+00:00\",\"author\":{\"@id\":\"https:\\\/\\\/www.rri.ro\\\/#\\\/schema\\\/person\\\/4a479940371b9fdefd194f561e8a7f88\"},\"breadcrumb\":{\"@id\":\"https:\\\/\\\/www.rri.ro\\\/de\\\/aktuell\\\/newsflash-de\\\/nachrichten-27-11-2017-id632614.html#breadcrumb\"},\"inLanguage\":\"de\",\"potentialAction\":[{\"@type\":\"ReadAction\",\"target\":[\"https:\\\/\\\/www.rri.ro\\\/de\\\/aktuell\\\/newsflash-de\\\/nachrichten-27-11-2017-id632614.html\"]}]},{\"@type\":\"ImageObject\",\"inLanguage\":\"de\",\"@id\":\"https:\\\/\\\/www.rri.ro\\\/de\\\/aktuell\\\/newsflash-de\\\/nachrichten-27-11-2017-id632614.html#primaryimage\",\"url\":\"https:\\\/\\\/www.rri.ro\\\/wp-content\\\/uploads\\\/2023\\\/10\\\/stiri-germana-ok2-2.png\",\"contentUrl\":\"https:\\\/\\\/www.rri.ro\\\/wp-content\\\/uploads\\\/2023\\\/10\\\/stiri-germana-ok2-2.png\",\"width\":640,\"height\":427},{\"@type\":\"BreadcrumbList\",\"@id\":\"https:\\\/\\\/www.rri.ro\\\/de\\\/aktuell\\\/newsflash-de\\\/nachrichten-27-11-2017-id632614.html#breadcrumb\",\"itemListElement\":[{\"@type\":\"ListItem\",\"position\":1,\"name\":\"Startseite\",\"item\":\"https:\\\/\\\/www.rri.ro\\\/de\"},{\"@type\":\"ListItem\",\"position\":2,\"name\":\"Aktuell\",\"item\":\"https:\\\/\\\/www.rri.ro\\\/de\\\/aktuell\"},{\"@type\":\"ListItem\",\"position\":3,\"name\":\"Newsflash\",\"item\":\"https:\\\/\\\/www.rri.ro\\\/de\\\/aktuell\\\/newsflash-de\"},{\"@type\":\"ListItem\",\"position\":4,\"name\":\"Nachrichten 27.11.2017\"}]},{\"@type\":\"WebSite\",\"@id\":\"https:\\\/\\\/www.rri.ro\\\/#website\",\"url\":\"https:\\\/\\\/www.rri.ro\\\/\",\"name\":\"Radio Rum\u00e4nien International\",\"description\":\"Totul despre Rom\u00e2nia \u015fi rom\u00e2ni, \u00een 13 limbi\\\/dialecte!\",\"inLanguage\":\"de\"},{\"@type\":\"Person\",\"@id\":\"https:\\\/\\\/www.rri.ro\\\/#\\\/schema\\\/person\\\/4a479940371b9fdefd194f561e8a7f88\",\"name\":\"Newsroom\",\"url\":\"https:\\\/\\\/www.rri.ro\\\/de\\\/author\\\/newsroom\"}]}<\/script>\n<!-- \/ Yoast SEO plugin. -->","yoast_head_json":{"title":"Nachrichten 27.11.2017 - Radio Rum\u00e4nien International","robots":{"index":"index","follow":"follow","max-snippet":"max-snippet:-1","max-image-preview":"max-image-preview:large","max-video-preview":"max-video-preview:-1"},"canonical":"https:\/\/www.rri.ro\/de\/aktuell\/newsflash-de\/nachrichten-27-11-2017-id632614.html","og_locale":"de_DE","og_type":"article","og_title":"Nachrichten 27.11.2017 - Radio Rum\u00e4nien International","og_description":"Die wichtigsten Meldungen im \u00dcberblick","og_url":"https:\/\/www.rri.ro\/de\/aktuell\/newsflash-de\/nachrichten-27-11-2017-id632614.html","og_site_name":"Radio Rum\u00e4nien International","article_published_time":"2017-11-27T18:46:00+00:00","og_image":[{"width":640,"height":427,"url":"https:\/\/www.rri.ro\/wp-content\/uploads\/2023\/10\/stiri-germana-ok2-2.png","type":"image\/png"}],"author":"Newsroom","twitter_card":"summary_large_image","twitter_misc":{"Verfasst von":"Newsroom","Gesch\u00e4tzte Lesezeit":"3\u00a0Minuten","Written by":"Newsroom"},"schema":{"@context":"https:\/\/schema.org","@graph":[{"@type":"Article","@id":"https:\/\/www.rri.ro\/de\/aktuell\/newsflash-de\/nachrichten-27-11-2017-id632614.html#article","isPartOf":{"@id":"https:\/\/www.rri.ro\/de\/aktuell\/newsflash-de\/nachrichten-27-11-2017-id632614.html"},"author":{"name":"Newsroom","@id":"https:\/\/www.rri.ro\/#\/schema\/person\/4a479940371b9fdefd194f561e8a7f88"},"headline":"Nachrichten 27.11.2017","datePublished":"2017-11-27T18:46:00+00:00","mainEntityOfPage":{"@id":"https:\/\/www.rri.ro\/de\/aktuell\/newsflash-de\/nachrichten-27-11-2017-id632614.html"},"wordCount":602,"image":{"@id":"https:\/\/www.rri.ro\/de\/aktuell\/newsflash-de\/nachrichten-27-11-2017-id632614.html#primaryimage"},"thumbnailUrl":"https:\/\/www.rri.ro\/wp-content\/uploads\/2023\/10\/stiri-germana-ok2-2.png","keywords":["Arbeitsmarkt","China","Justiz","Moldau","Osteuropa","Rum\u00e4nien","Verteidigung"],"articleSection":["Newsflash"],"inLanguage":"de"},{"@type":"WebPage","@id":"https:\/\/www.rri.ro\/de\/aktuell\/newsflash-de\/nachrichten-27-11-2017-id632614.html","url":"https:\/\/www.rri.ro\/de\/aktuell\/newsflash-de\/nachrichten-27-11-2017-id632614.html","name":"Nachrichten 27.11.2017 - Radio Rum\u00e4nien International","isPartOf":{"@id":"https:\/\/www.rri.ro\/#website"},"primaryImageOfPage":{"@id":"https:\/\/www.rri.ro\/de\/aktuell\/newsflash-de\/nachrichten-27-11-2017-id632614.html#primaryimage"},"image":{"@id":"https:\/\/www.rri.ro\/de\/aktuell\/newsflash-de\/nachrichten-27-11-2017-id632614.html#primaryimage"},"thumbnailUrl":"https:\/\/www.rri.ro\/wp-content\/uploads\/2023\/10\/stiri-germana-ok2-2.png","datePublished":"2017-11-27T18:46:00+00:00","author":{"@id":"https:\/\/www.rri.ro\/#\/schema\/person\/4a479940371b9fdefd194f561e8a7f88"},"breadcrumb":{"@id":"https:\/\/www.rri.ro\/de\/aktuell\/newsflash-de\/nachrichten-27-11-2017-id632614.html#breadcrumb"},"inLanguage":"de","potentialAction":[{"@type":"ReadAction","target":["https:\/\/www.rri.ro\/de\/aktuell\/newsflash-de\/nachrichten-27-11-2017-id632614.html"]}]},{"@type":"ImageObject","inLanguage":"de","@id":"https:\/\/www.rri.ro\/de\/aktuell\/newsflash-de\/nachrichten-27-11-2017-id632614.html#primaryimage","url":"https:\/\/www.rri.ro\/wp-content\/uploads\/2023\/10\/stiri-germana-ok2-2.png","contentUrl":"https:\/\/www.rri.ro\/wp-content\/uploads\/2023\/10\/stiri-germana-ok2-2.png","width":640,"height":427},{"@type":"BreadcrumbList","@id":"https:\/\/www.rri.ro\/de\/aktuell\/newsflash-de\/nachrichten-27-11-2017-id632614.html#breadcrumb","itemListElement":[{"@type":"ListItem","position":1,"name":"Startseite","item":"https:\/\/www.rri.ro\/de"},{"@type":"ListItem","position":2,"name":"Aktuell","item":"https:\/\/www.rri.ro\/de\/aktuell"},{"@type":"ListItem","position":3,"name":"Newsflash","item":"https:\/\/www.rri.ro\/de\/aktuell\/newsflash-de"},{"@type":"ListItem","position":4,"name":"Nachrichten 27.11.2017"}]},{"@type":"WebSite","@id":"https:\/\/www.rri.ro\/#website","url":"https:\/\/www.rri.ro\/","name":"Radio Rum\u00e4nien International","description":"Totul despre Rom\u00e2nia \u015fi rom\u00e2ni, \u00een 13 limbi\/dialecte!","inLanguage":"de"},{"@type":"Person","@id":"https:\/\/www.rri.ro\/#\/schema\/person\/4a479940371b9fdefd194f561e8a7f88","name":"Newsroom","url":"https:\/\/www.rri.ro\/de\/author\/newsroom"}]}},"_links":{"self":[{"href":"https:\/\/www.rri.ro\/de\/wp-json\/wp\/v2\/posts\/632614","targetHints":{"allow":["GET"]}}],"collection":[{"href":"https:\/\/www.rri.ro\/de\/wp-json\/wp\/v2\/posts"}],"about":[{"href":"https:\/\/www.rri.ro\/de\/wp-json\/wp\/v2\/types\/post"}],"author":[{"embeddable":true,"href":"https:\/\/www.rri.ro\/de\/wp-json\/wp\/v2\/users\/113"}],"replies":[{"embeddable":true,"href":"https:\/\/www.rri.ro\/de\/wp-json\/wp\/v2\/comments?post=632614"}],"version-history":[{"count":0,"href":"https:\/\/www.rri.ro\/de\/wp-json\/wp\/v2\/posts\/632614\/revisions"}],"wp:featuredmedia":[{"embeddable":true,"href":"https:\/\/www.rri.ro\/de\/wp-json\/wp\/v2\/media\/460330"}],"wp:attachment":[{"href":"https:\/\/www.rri.ro\/de\/wp-json\/wp\/v2\/media?parent=632614"}],"wp:term":[{"taxonomy":"category","embeddable":true,"href":"https:\/\/www.rri.ro\/de\/wp-json\/wp\/v2\/categories?post=632614"},{"taxonomy":"post_tag","embeddable":true,"href":"https:\/\/www.rri.ro\/de\/wp-json\/wp\/v2\/tags?post=632614"},{"taxonomy":"author","embeddable":true,"href":"https:\/\/www.rri.ro\/de\/wp-json\/wp\/v2\/coauthors?post=632614"}],"curies":[{"name":"wp","href":"https:\/\/api.w.org\/{rel}","templated":true}]}}