{"id":632752,"date":"2018-04-06T14:59:00","date_gmt":"2018-04-06T11:59:00","guid":{"rendered":"http:\/\/devrri.freshlemon.ro\/aktuell\/nachrichten-06-04-2018-id632752.html"},"modified":"2018-04-06T14:59:00","modified_gmt":"2018-04-06T11:59:00","slug":"nachrichten-06-04-2018","status":"publish","type":"post","link":"https:\/\/www.rri.ro\/de\/aktuell\/newsflash-de\/nachrichten-06-04-2018-id632752.html","title":{"rendered":"Nachrichten 06.04.2018"},"content":{"rendered":"<p>Eine Woche nach den r\u00f6misch-katholischen und den evangelischen Christen feiern die orthodoxen Christen weltweit das Osterfest. Der Karfreitag ist im Zusammenhang mit Ostern f\u00fcr die Christen einer der h\u00f6chsten Feiertage. An ihm gedenkt die Kirche des Kreuzestodes Jesu Christi in Erwartung seiner Auferstehung. In der orthodoxen Kirche findet am Abend des Karfreitags die Prozession des Epitaphios statt. Als Epitaphios wird in den orthodoxen Kirchen einerseits ein liturgischer Gegenstand bezeichnet, andererseits auch ein Gottesdienst, bei dem dieser Gegenstand verwendet wird. Der Epitaphios ist formal ein Stofftuch, auf dem eine Variation der Ikone der Totenklage am Grab eingen\u00e4ht ist. Symbolisch stellt der Epitaphios das Grabtuch Christi dar. Der Epitaphios wird beim Abendgottesdienst des Gro\u00dfen Freitags (Karfreitag) aus dem Altarraum in einer Prozession in die Mitte der Kirche getragen, wo er nach Ende des Gottesdienstes samt dem auf ihn gelegten Evangeliar von den Gl\u00e4ubigen verehrt wird. Beim Morgengottesdienst des Gro\u00dfen Samstags schlie\u00dflich, der nach allgemeinem Usus unter dem Namen Epitaphios am Abend des Gro\u00dfen Freitags begangen wird, wird er auf eine Bahre aufgelegt, die \u00fcber und \u00fcber mit Blumen geschm\u00fcckt ist und ruht zun\u00e4chst in der Mitte des Kirchenraumes, wird dann mit aromatisiertem Wasser besprengt und mit weiteren Blumen beworfen, um schlie\u00dflich in einer Prozession durch den Kirchenbezirk getragen zu werden. Nach dem Ende des Gottesdienstes erhalten die Gl\u00e4ubigen einen Teil der Blumen, mit denen der Epitaphios geschm\u00fcckt war.<\/p>\n<p>&#13;<br \/>\n&#13;<\/p>\n<p>&#13;<br \/>\n&#13;<\/p>\n<p>Mehr als 50.000 Angestellte des Innenministeriums, Polizisten und Gendarmen, werden in den n\u00e4chsten Tagen f\u00fcr Ordnung und \u00f6ffentliche Sicherheit in Rum\u00e4nien sorgen. Sie werden besonders in den Gegenden, wo Kl\u00f6ster und Kirchen liegen, einsatzbereit sein. In den n\u00e4chsten drei Tagen werden rund 700 \u00f6ffentliche Veranstaltungen stattfinden, an denen mehr als 250.000 Menschen erwartet werden. Die Verkehrspolizei wird mit mehr als 300 Einsatzwagen  den Verkehr \u00fcberwachen und wird auch von Hubschraubern unterst\u00fctzt. 800 Feuerwehrwagen und 300 Teams des Rettungsdienstes SMURD sind auch bereit, bei eventuellen Notsituationen zu intervenieren.<\/p>\n<p>&#13;<br \/>\n&#13;<\/p>\n<p>&#13;<br \/>\n&#13;<\/p>\n<p>Das Bukarester Institut Eudoxiu Hurmuzachi\u201c f\u00fcr die Rum\u00e4nen in aller Welt organisiert zusammen mit dem Bildungszentrum Lauder-Reut\u201c in der Zeit 9.-13. April den Marsch der Holocaust-\u00dcberlebenden \u2013 zusammen mehr erfahren\u201c. An diesem Kulturprojekt beteiligen sich junge Menschen aus 52 L\u00e4ndern. Die rum\u00e4nische Delegation besteht aus Sch\u00fclern und Lehrern von der Lauder-Reut-Schule in Bukarest,und von Schulen aus der Republik Moldau. Das Projekt ist Teil des Programms Karavane der rum\u00e4nischen Identit\u00e4t\u201c, das vom Institut Eudoxiu Hurmuzachi\u201c und vom Ministerium f\u00fcr die Rum\u00e4nen in aller Welt organisiert wird. Besagtes Programm enth\u00e4lt mehrere Kulturevents zur F\u00f6rderung der rum\u00e4nischen Kultur und zur Konsolidierung der nationalen Identit\u00e4t der Rum\u00e4nen und ist Teil des Strategischen Programms Rum\u00e4nischer Kulturraum \u2013 Hundert Jahre seit der Gro\u00dfen Vereinigung &#8211; 1918-2018\u201c<\/p>\n<p>&#13;<br \/>\n&#13;<\/p>\n<p>&#13;<br \/>\n&#13;<\/p>\n<p>Der Historiker Ioan-Aurel Pop, Rektor der Universit\u00e4t &#8220;Babe\u015f-Bolyai&#8220; in Cluj\/Klausenburg (im Nordwesten Rum\u00e4niens) ist der neue Pr\u00e4sident der Rum\u00e4nischen Akademie. Am Donnerstag erhielt Ioan-Aurel Pop 86 der insgesamt 148 Stimmen im Rahmen der Generalversammlung der Rum\u00e4nischen Akademie. Der gew\u00e4hlte Akademiepr\u00e4sident wird sein 4-j\u00e4hriges Mandat 15 Tage nach seinwer Wahl antreten. Am 20. April werden dann die 4 Vizepr\u00e4sidenten und der Generalsekret\u00e4r der Rum\u00e4nischen Akademie gew\u00e4hlt. Der ehemalige Pr\u00e4sident der Rum\u00e4nischen Akademie, Ionel Valentin Vlad, war in Dezember 2017 gestorben.<\/p>\n<p>&#13;<\/p>\n","protected":false},"excerpt":{"rendered":"<p>Die wichtigsten Meldungen des Tages im \u00dcberblick<\/p>\n","protected":false},"author":113,"featured_media":460330,"comment_status":"closed","ping_status":"closed","sticky":false,"template":"","format":"standard","meta":{"_acf_changed":false,"footnotes":""},"categories":[116753],"tags":[171273,126438,126440,124010,29009,102515,100276,126439,100101],"coauthors":[],"class_list":["post-632752","post","type-post","status-publish","format-standard","has-post-thumbnail","hentry","category-newsflash-de","tag-holocaust-de","tag-karfreitag","tag-kulturraum","tag-ordnung","tag-orthodox","tag-ostern","tag-sicherheit","tag-vereinigigung","tag-verkehr"],"acf":[],"yoast_head":"<!-- This site is optimized with the Yoast SEO plugin v27.5 - https:\/\/yoast.com\/product\/yoast-seo-wordpress\/ -->\n<title>Nachrichten 06.04.2018 - Radio Rum\u00e4nien International<\/title>\n<meta name=\"robots\" content=\"index, follow, max-snippet:-1, max-image-preview:large, max-video-preview:-1\" \/>\n<link rel=\"canonical\" href=\"https:\/\/www.rri.ro\/de\/aktuell\/newsflash-de\/nachrichten-06-04-2018-id632752.html\" \/>\n<meta property=\"og:locale\" content=\"de_DE\" \/>\n<meta property=\"og:type\" content=\"article\" \/>\n<meta property=\"og:title\" content=\"Nachrichten 06.04.2018 - Radio Rum\u00e4nien International\" \/>\n<meta property=\"og:description\" content=\"Die wichtigsten Meldungen des Tages im \u00dcberblick\" \/>\n<meta property=\"og:url\" content=\"https:\/\/www.rri.ro\/de\/aktuell\/newsflash-de\/nachrichten-06-04-2018-id632752.html\" \/>\n<meta property=\"og:site_name\" content=\"Radio Rum\u00e4nien International\" \/>\n<meta property=\"article:published_time\" content=\"2018-04-06T11:59:00+00:00\" \/>\n<meta property=\"og:image\" content=\"https:\/\/www.rri.ro\/wp-content\/uploads\/2023\/10\/stiri-germana-ok2-2.png\" \/>\n\t<meta property=\"og:image:width\" content=\"640\" \/>\n\t<meta property=\"og:image:height\" content=\"427\" \/>\n\t<meta property=\"og:image:type\" content=\"image\/png\" \/>\n<meta name=\"author\" content=\"Newsroom\" \/>\n<meta name=\"twitter:card\" content=\"summary_large_image\" \/>\n<meta name=\"twitter:label1\" content=\"Verfasst von\" \/>\n\t<meta name=\"twitter:data1\" content=\"Newsroom\" \/>\n\t<meta name=\"twitter:label2\" content=\"Gesch\u00e4tzte Lesezeit\" \/>\n\t<meta name=\"twitter:data2\" content=\"3\u00a0Minuten\" \/>\n\t<meta name=\"twitter:label3\" content=\"Written by\" \/>\n\t<meta name=\"twitter:data3\" content=\"Newsroom\" \/>\n<script type=\"application\/ld+json\" class=\"yoast-schema-graph\">{\"@context\":\"https:\\\/\\\/schema.org\",\"@graph\":[{\"@type\":\"Article\",\"@id\":\"https:\\\/\\\/www.rri.ro\\\/de\\\/aktuell\\\/newsflash-de\\\/nachrichten-06-04-2018-id632752.html#article\",\"isPartOf\":{\"@id\":\"https:\\\/\\\/www.rri.ro\\\/de\\\/aktuell\\\/newsflash-de\\\/nachrichten-06-04-2018-id632752.html\"},\"author\":{\"name\":\"Newsroom\",\"@id\":\"https:\\\/\\\/www.rri.ro\\\/#\\\/schema\\\/person\\\/4a479940371b9fdefd194f561e8a7f88\"},\"headline\":\"Nachrichten 06.04.2018\",\"datePublished\":\"2018-04-06T11:59:00+00:00\",\"mainEntityOfPage\":{\"@id\":\"https:\\\/\\\/www.rri.ro\\\/de\\\/aktuell\\\/newsflash-de\\\/nachrichten-06-04-2018-id632752.html\"},\"wordCount\":552,\"image\":{\"@id\":\"https:\\\/\\\/www.rri.ro\\\/de\\\/aktuell\\\/newsflash-de\\\/nachrichten-06-04-2018-id632752.html#primaryimage\"},\"thumbnailUrl\":\"https:\\\/\\\/www.rri.ro\\\/wp-content\\\/uploads\\\/2023\\\/10\\\/stiri-germana-ok2-2.png\",\"keywords\":[\"Holocaust\",\"Karfreitag\",\"Kulturraum\",\"Ordnung\",\"Orthodox\",\"Ostern\",\"Sicherheit\",\"Vereinigigung\",\"Verkehr\"],\"articleSection\":[\"Newsflash\"],\"inLanguage\":\"de\"},{\"@type\":\"WebPage\",\"@id\":\"https:\\\/\\\/www.rri.ro\\\/de\\\/aktuell\\\/newsflash-de\\\/nachrichten-06-04-2018-id632752.html\",\"url\":\"https:\\\/\\\/www.rri.ro\\\/de\\\/aktuell\\\/newsflash-de\\\/nachrichten-06-04-2018-id632752.html\",\"name\":\"Nachrichten 06.04.2018 - Radio Rum\u00e4nien International\",\"isPartOf\":{\"@id\":\"https:\\\/\\\/www.rri.ro\\\/#website\"},\"primaryImageOfPage\":{\"@id\":\"https:\\\/\\\/www.rri.ro\\\/de\\\/aktuell\\\/newsflash-de\\\/nachrichten-06-04-2018-id632752.html#primaryimage\"},\"image\":{\"@id\":\"https:\\\/\\\/www.rri.ro\\\/de\\\/aktuell\\\/newsflash-de\\\/nachrichten-06-04-2018-id632752.html#primaryimage\"},\"thumbnailUrl\":\"https:\\\/\\\/www.rri.ro\\\/wp-content\\\/uploads\\\/2023\\\/10\\\/stiri-germana-ok2-2.png\",\"datePublished\":\"2018-04-06T11:59:00+00:00\",\"author\":{\"@id\":\"https:\\\/\\\/www.rri.ro\\\/#\\\/schema\\\/person\\\/4a479940371b9fdefd194f561e8a7f88\"},\"breadcrumb\":{\"@id\":\"https:\\\/\\\/www.rri.ro\\\/de\\\/aktuell\\\/newsflash-de\\\/nachrichten-06-04-2018-id632752.html#breadcrumb\"},\"inLanguage\":\"de\",\"potentialAction\":[{\"@type\":\"ReadAction\",\"target\":[\"https:\\\/\\\/www.rri.ro\\\/de\\\/aktuell\\\/newsflash-de\\\/nachrichten-06-04-2018-id632752.html\"]}]},{\"@type\":\"ImageObject\",\"inLanguage\":\"de\",\"@id\":\"https:\\\/\\\/www.rri.ro\\\/de\\\/aktuell\\\/newsflash-de\\\/nachrichten-06-04-2018-id632752.html#primaryimage\",\"url\":\"https:\\\/\\\/www.rri.ro\\\/wp-content\\\/uploads\\\/2023\\\/10\\\/stiri-germana-ok2-2.png\",\"contentUrl\":\"https:\\\/\\\/www.rri.ro\\\/wp-content\\\/uploads\\\/2023\\\/10\\\/stiri-germana-ok2-2.png\",\"width\":640,\"height\":427},{\"@type\":\"BreadcrumbList\",\"@id\":\"https:\\\/\\\/www.rri.ro\\\/de\\\/aktuell\\\/newsflash-de\\\/nachrichten-06-04-2018-id632752.html#breadcrumb\",\"itemListElement\":[{\"@type\":\"ListItem\",\"position\":1,\"name\":\"Startseite\",\"item\":\"https:\\\/\\\/www.rri.ro\\\/de\"},{\"@type\":\"ListItem\",\"position\":2,\"name\":\"Aktuell\",\"item\":\"https:\\\/\\\/www.rri.ro\\\/de\\\/aktuell\"},{\"@type\":\"ListItem\",\"position\":3,\"name\":\"Newsflash\",\"item\":\"https:\\\/\\\/www.rri.ro\\\/de\\\/aktuell\\\/newsflash-de\"},{\"@type\":\"ListItem\",\"position\":4,\"name\":\"Nachrichten 06.04.2018\"}]},{\"@type\":\"WebSite\",\"@id\":\"https:\\\/\\\/www.rri.ro\\\/#website\",\"url\":\"https:\\\/\\\/www.rri.ro\\\/\",\"name\":\"Radio Rum\u00e4nien International\",\"description\":\"Totul despre Rom\u00e2nia \u015fi rom\u00e2ni, \u00een 13 limbi\\\/dialecte!\",\"inLanguage\":\"de\"},{\"@type\":\"Person\",\"@id\":\"https:\\\/\\\/www.rri.ro\\\/#\\\/schema\\\/person\\\/4a479940371b9fdefd194f561e8a7f88\",\"name\":\"Newsroom\",\"url\":\"https:\\\/\\\/www.rri.ro\\\/de\\\/author\\\/newsroom\"}]}<\/script>\n<!-- \/ Yoast SEO plugin. -->","yoast_head_json":{"title":"Nachrichten 06.04.2018 - Radio Rum\u00e4nien International","robots":{"index":"index","follow":"follow","max-snippet":"max-snippet:-1","max-image-preview":"max-image-preview:large","max-video-preview":"max-video-preview:-1"},"canonical":"https:\/\/www.rri.ro\/de\/aktuell\/newsflash-de\/nachrichten-06-04-2018-id632752.html","og_locale":"de_DE","og_type":"article","og_title":"Nachrichten 06.04.2018 - Radio Rum\u00e4nien International","og_description":"Die wichtigsten Meldungen des Tages im \u00dcberblick","og_url":"https:\/\/www.rri.ro\/de\/aktuell\/newsflash-de\/nachrichten-06-04-2018-id632752.html","og_site_name":"Radio Rum\u00e4nien International","article_published_time":"2018-04-06T11:59:00+00:00","og_image":[{"width":640,"height":427,"url":"https:\/\/www.rri.ro\/wp-content\/uploads\/2023\/10\/stiri-germana-ok2-2.png","type":"image\/png"}],"author":"Newsroom","twitter_card":"summary_large_image","twitter_misc":{"Verfasst von":"Newsroom","Gesch\u00e4tzte Lesezeit":"3\u00a0Minuten","Written by":"Newsroom"},"schema":{"@context":"https:\/\/schema.org","@graph":[{"@type":"Article","@id":"https:\/\/www.rri.ro\/de\/aktuell\/newsflash-de\/nachrichten-06-04-2018-id632752.html#article","isPartOf":{"@id":"https:\/\/www.rri.ro\/de\/aktuell\/newsflash-de\/nachrichten-06-04-2018-id632752.html"},"author":{"name":"Newsroom","@id":"https:\/\/www.rri.ro\/#\/schema\/person\/4a479940371b9fdefd194f561e8a7f88"},"headline":"Nachrichten 06.04.2018","datePublished":"2018-04-06T11:59:00+00:00","mainEntityOfPage":{"@id":"https:\/\/www.rri.ro\/de\/aktuell\/newsflash-de\/nachrichten-06-04-2018-id632752.html"},"wordCount":552,"image":{"@id":"https:\/\/www.rri.ro\/de\/aktuell\/newsflash-de\/nachrichten-06-04-2018-id632752.html#primaryimage"},"thumbnailUrl":"https:\/\/www.rri.ro\/wp-content\/uploads\/2023\/10\/stiri-germana-ok2-2.png","keywords":["Holocaust","Karfreitag","Kulturraum","Ordnung","Orthodox","Ostern","Sicherheit","Vereinigigung","Verkehr"],"articleSection":["Newsflash"],"inLanguage":"de"},{"@type":"WebPage","@id":"https:\/\/www.rri.ro\/de\/aktuell\/newsflash-de\/nachrichten-06-04-2018-id632752.html","url":"https:\/\/www.rri.ro\/de\/aktuell\/newsflash-de\/nachrichten-06-04-2018-id632752.html","name":"Nachrichten 06.04.2018 - Radio Rum\u00e4nien International","isPartOf":{"@id":"https:\/\/www.rri.ro\/#website"},"primaryImageOfPage":{"@id":"https:\/\/www.rri.ro\/de\/aktuell\/newsflash-de\/nachrichten-06-04-2018-id632752.html#primaryimage"},"image":{"@id":"https:\/\/www.rri.ro\/de\/aktuell\/newsflash-de\/nachrichten-06-04-2018-id632752.html#primaryimage"},"thumbnailUrl":"https:\/\/www.rri.ro\/wp-content\/uploads\/2023\/10\/stiri-germana-ok2-2.png","datePublished":"2018-04-06T11:59:00+00:00","author":{"@id":"https:\/\/www.rri.ro\/#\/schema\/person\/4a479940371b9fdefd194f561e8a7f88"},"breadcrumb":{"@id":"https:\/\/www.rri.ro\/de\/aktuell\/newsflash-de\/nachrichten-06-04-2018-id632752.html#breadcrumb"},"inLanguage":"de","potentialAction":[{"@type":"ReadAction","target":["https:\/\/www.rri.ro\/de\/aktuell\/newsflash-de\/nachrichten-06-04-2018-id632752.html"]}]},{"@type":"ImageObject","inLanguage":"de","@id":"https:\/\/www.rri.ro\/de\/aktuell\/newsflash-de\/nachrichten-06-04-2018-id632752.html#primaryimage","url":"https:\/\/www.rri.ro\/wp-content\/uploads\/2023\/10\/stiri-germana-ok2-2.png","contentUrl":"https:\/\/www.rri.ro\/wp-content\/uploads\/2023\/10\/stiri-germana-ok2-2.png","width":640,"height":427},{"@type":"BreadcrumbList","@id":"https:\/\/www.rri.ro\/de\/aktuell\/newsflash-de\/nachrichten-06-04-2018-id632752.html#breadcrumb","itemListElement":[{"@type":"ListItem","position":1,"name":"Startseite","item":"https:\/\/www.rri.ro\/de"},{"@type":"ListItem","position":2,"name":"Aktuell","item":"https:\/\/www.rri.ro\/de\/aktuell"},{"@type":"ListItem","position":3,"name":"Newsflash","item":"https:\/\/www.rri.ro\/de\/aktuell\/newsflash-de"},{"@type":"ListItem","position":4,"name":"Nachrichten 06.04.2018"}]},{"@type":"WebSite","@id":"https:\/\/www.rri.ro\/#website","url":"https:\/\/www.rri.ro\/","name":"Radio Rum\u00e4nien International","description":"Totul despre Rom\u00e2nia \u015fi rom\u00e2ni, \u00een 13 limbi\/dialecte!","inLanguage":"de"},{"@type":"Person","@id":"https:\/\/www.rri.ro\/#\/schema\/person\/4a479940371b9fdefd194f561e8a7f88","name":"Newsroom","url":"https:\/\/www.rri.ro\/de\/author\/newsroom"}]}},"_links":{"self":[{"href":"https:\/\/www.rri.ro\/de\/wp-json\/wp\/v2\/posts\/632752","targetHints":{"allow":["GET"]}}],"collection":[{"href":"https:\/\/www.rri.ro\/de\/wp-json\/wp\/v2\/posts"}],"about":[{"href":"https:\/\/www.rri.ro\/de\/wp-json\/wp\/v2\/types\/post"}],"author":[{"embeddable":true,"href":"https:\/\/www.rri.ro\/de\/wp-json\/wp\/v2\/users\/113"}],"replies":[{"embeddable":true,"href":"https:\/\/www.rri.ro\/de\/wp-json\/wp\/v2\/comments?post=632752"}],"version-history":[{"count":0,"href":"https:\/\/www.rri.ro\/de\/wp-json\/wp\/v2\/posts\/632752\/revisions"}],"wp:featuredmedia":[{"embeddable":true,"href":"https:\/\/www.rri.ro\/de\/wp-json\/wp\/v2\/media\/460330"}],"wp:attachment":[{"href":"https:\/\/www.rri.ro\/de\/wp-json\/wp\/v2\/media?parent=632752"}],"wp:term":[{"taxonomy":"category","embeddable":true,"href":"https:\/\/www.rri.ro\/de\/wp-json\/wp\/v2\/categories?post=632752"},{"taxonomy":"post_tag","embeddable":true,"href":"https:\/\/www.rri.ro\/de\/wp-json\/wp\/v2\/tags?post=632752"},{"taxonomy":"author","embeddable":true,"href":"https:\/\/www.rri.ro\/de\/wp-json\/wp\/v2\/coauthors?post=632752"}],"curies":[{"name":"wp","href":"https:\/\/api.w.org\/{rel}","templated":true}]}}