{"id":632768,"date":"2018-04-25T19:45:00","date_gmt":"2018-04-25T16:45:00","guid":{"rendered":"http:\/\/devrri.freshlemon.ro\/aktuell\/nachrichten-25-04-2018-id632768.html"},"modified":"2018-04-25T19:45:00","modified_gmt":"2018-04-25T16:45:00","slug":"nachrichten-25-04-2018","status":"publish","type":"post","link":"https:\/\/www.rri.ro\/de\/aktuell\/newsflash-de\/nachrichten-25-04-2018-id632768.html","title":{"rendered":"Nachrichten 25.04.2018"},"content":{"rendered":"<p>Sowohl die Regierung, als auch die Nationalbank m\u00fcssen konkurenzielle Ans\u00e4tze vermeiden &#8212; war der Meinung Pr\u00e4sident Klaus Iohannis, der am Mittwoch mit dem Gouverneur der Rum\u00e4nischen Nationalbank, Mugur Is\u0103rescu, und dem Vizegouverneur der Anstalt, Florin Georgescu zusammengekommen ist. Der Pr\u00e4sident betonte, dass die Unabh\u00e4ngigkeit der Zentralbank bei ihren Beschl\u00fcssen betreffend W\u00e4hrungspolitik wesentlich sei und pl\u00e4dierte f\u00fcr die Koordinierung der Wirtschaftspolitikleitlinien, ohne dass die Ma\u200e\u00dfnahmen einer Beh\u00f6rde den Zielen anderer untersetzt werden. Am Freitag wird der Staatscherf ein Zusammentreffen mit Premierministerin Viorica D\u0103ncil\u0103 und mit Finanzminister Eugen Teodorovici haben. Laut der Pr\u00e4sidentschaft \u00e4u\u200e\u00dfert der Staatschef seine Hoffnung, dass nach diesen Gespr\u00e4chen die beiden Parteien in den kommenden Tagen einen direkten Dialog haben werden. Am Montag hatte Klaus Iohannis erkl\u00e4rt, er werde versuchen zwischen der Regierung und der Nationalbank Rum\u00e4niens zu vermitteln, vor dem Hintergrund, dass mehrere Vertreter der Exekutive der Koalition PSD-ALDE und der PSD einige \u00c4u\u200e\u00dferungen der Nationalbankvertreter kritisiert haben. Im Gegenzug pr\u00e4zisierte Minister Eugen Teodorovici die Regierung arbeite mit der Nationalbank zusammen, auch wenn es beidseitige Kritik g\u00e4be, sodass eine Vermittlung nicht mehr notwendig sei.<\/p>\n<p>&#13;<br \/>\n&#13;<\/p>\n<p>&#13;<br \/>\n&#13;<\/p>\n<p>Der israelische Premierminister Benjamin Netanyahu hat am Mittwoch die Einleitung in Bukarest der Debatte bez\u00fcglich der Verlagerung der Botschaft Rum\u00e4niens aus Tel Aviv nach Jerusalem begr\u00fc\u200e\u00dft. Er machte diese Erkl\u00e4rung w\u00e4hrend eines Treffens mit seinem rum\u00e4nischen Gegen\u00fcber Viorica D\u0103ncil\u0103, die sich auf Israel-Besuch befindet. Die beiden Regierungschefs hoben die traditionellen Freundschaftsbeziehungen zwischen den beiden L\u00e4ndern und den exzellenten Stand der bilateralen Beziehungen hervor. Frau Dancila dr\u00fcckte ihre Genugtuung \u00fcber das Interesse der israelischen Seite bez\u00fcglich des Abschlusses einer Partnerschaft im Bereich neuer Technologien aus. Diese wird erm\u00f6glichen gemeinsame Projekte zu erarbeiten und das gegenseitige Interesse der Gesch\u00e4ftsleute beider L\u00e4nder f\u00f6rdern. Au\u200e\u00dferdem wurden Themen betreffend die Zusammenarbeit im milit\u00e4rischen und strategischen Bereich sowie in der Cyber-Sicherheit besprochen. Laut der rum\u00e4nischen Regierung schreibt sich der Besuch Frau D\u0103ncil\u0103s in die Reihe der politisch-diplomatischen Kontakte zur Feier der Jubil\u00e4en ein, die aus 2018 ein Referenzjahr f\u00fcr die bilaterale Zusammenarbeit machen: 70 Jahre seit der Gr\u00fcndung des Staates Israel, 70 Jahre ununterbrochener diplomatischer Beziehungen und 100 Jahre seit der Gr\u00fcndung des modernen rum\u00e4nischen Staates. Am Donnerstag wird der Vorsitzende der Bukarester Abgeordnetenkammer Liviu Dragnea Treffen mit Israels Pr\u00e4sident Reuven Rivlin und Premierminister Benjamin Netanyahu im Rahmen seines Staatsbesuches in diesem Land haben. Der Besuch findet auf Einaldung Benjamin Netanyahus statt.<\/p>\n<p>&#13;<br \/>\n&#13;<\/p>\n<p>&#13;<br \/>\n&#13;<\/p>\n<p>Die Bukarester Abgeordnetenkammer hat am Mittwoch in ihrer Eigenschaft als beschlussf\u00e4higes Gremium den Gesetzentwurf betreffend alternative Vollstreckungsma\u200e\u00dfnahmen der Strafen. Diese setzen unter anderen Hausarrest oder am Wochenende in speziellen Anstlaten f\u00fcr Personen mit einer Freiheitsstrafe unter f\u00fcnf Jahren, die bereits ein F\u00fcnftel ihrer Strafzeit abgesessen haben. Au\u200e\u00dfnahme bilden Wiederholungst\u00e4ter oder jene, die Straftaten mit Gewalt begangen haben oder wegen Einflussnahme, Korruptionstaten, Zahlung und Annahme von Bestechungsgeldern verurteilt wurden. Ende letzter Woche hatte das amerikanische State Department daran erinnert, dass die rum\u00e4nischen Gef\u00e4ngnisse \u00fcberbev\u00f6lkert sind und die vom Europarat festgelegten Standards nicht einhalten. Dar\u00fcber hinaus hatte die Stra\u200e\u00dfburger Anstalt Bukarest mit bestr\u00e4chtlichen Geldstrafen bedroht, wird  die Lage nicht behoben. Folglich wurde in Rum\u00e4nien bereits ein Gesetz erlassen wodurch die Gef\u00e4ngnistrafe der Personen, die unter nicht entsprechenden Bedingungen untergebracht sind, reduziert wird.<\/p>\n<p>&#13;<br \/>\n&#13;<\/p>\n<p>&#13;<br \/>\n&#13;<\/p>\n<p>Die Organisation Reporter ohne Grenzen\u201c wirft eine exzessive Politisierung der Medien in Rum\u00e4nien vor. Eine Rangliste in diesem Sinne wurde am Mittwoch von der Pariser Organisation ver\u00f6ffentlicht. Diese spricht au\u200e\u00dferdem \u00fcber korrupte Finanzierungsmechanismen, \u00fcber die Unterwerfung der Programgestalter den Interessen der Eigent\u00fcmer und die Einmischung von Nachrichtendienstagenten in einige Redaktionen. Die Umwandlung der Presse in ein politisches Propagandamittel ist in Rum\u00e4nien in den letzen Jahren sichtbarer als je zuvor gewesen, besonders w\u00e4hrend der Wahlkampagnen\u201c, hei\u200e\u00dft es im besagten Bericht. Rum\u00e4nien belegt Platz 44 von 180 L\u00e4ndern in der Rangliste der Pressefreiheit 2018.<\/p>\n<p>&#13;<br \/>\n&#13;<\/p>\n<p>&#13;<br \/>\n&#13;<\/p>\n<p>55% der Einwohner der moldauischen Hauptstadt Chi\u015fin\u0103u bef\u00fcrworten eine Vereinigung der Republik Moldau mit Rum\u00e4nien, hei\u200e\u00dft es aus den Daten einer jungen Umfrage. An der besagten Umfrage des Europ\u00e4ischen Sozial-Politischen Zentrums nahmen rund 80 Tausend Personen Teil. Wir erinnern daran, dass am 27. M\u00e4rz 100 Jahre seit der Vereinigung Bessarabiens mit Rum\u00e4nien verzeichnet wurden. Die Provinz Bessarabien hat eine mehrheitlich rum\u00e4nische Bev\u00f6lkerung. Diese geh\u00f6rte zum Tzaristischen Reich und wurde dann 1940 von der Sowjetunion wieder annektiert. Auf einem Teil ihres Territoriums befindet sich die heutige Republik Moldau.<\/p>\n<p>&#13;<\/p>\n","protected":false},"excerpt":{"rendered":"<p>Die wichtigsten Meldungen im \u00dcberblick<\/p>\n","protected":false},"author":113,"featured_media":460330,"comment_status":"closed","ping_status":"closed","sticky":false,"template":"","format":"standard","meta":{"_acf_changed":false,"footnotes":""},"categories":[116753],"tags":[101005,47714,104322,100063,125469,99640,100613,99586,105808,100115,100574,117318],"coauthors":[],"class_list":["post-632768","post","type-post","status-publish","format-standard","has-post-thumbnail","hentry","category-newsflash-de","tag-bericht","tag-dialog","tag-gefaengnis","tag-gesetz","tag-israel-besuch","tag-nationalbank","tag-praesidentschaft","tag-regierung","tag-reporter-ohne-grenzen","tag-republik-moldau","tag-vereinigung","tag-vollstreckungsmassnahmen"],"acf":[],"yoast_head":"<!-- This site is optimized with the Yoast SEO plugin v27.3 - https:\/\/yoast.com\/product\/yoast-seo-wordpress\/ -->\n<title>Nachrichten 25.04.2018 - Radio Rum\u00e4nien International<\/title>\n<meta name=\"robots\" content=\"index, follow, max-snippet:-1, max-image-preview:large, max-video-preview:-1\" \/>\n<link rel=\"canonical\" href=\"https:\/\/www.rri.ro\/de\/aktuell\/newsflash-de\/nachrichten-25-04-2018-id632768.html\" \/>\n<meta property=\"og:locale\" content=\"de_DE\" \/>\n<meta property=\"og:type\" content=\"article\" \/>\n<meta property=\"og:title\" content=\"Nachrichten 25.04.2018 - Radio Rum\u00e4nien International\" \/>\n<meta property=\"og:description\" content=\"Die wichtigsten Meldungen im \u00dcberblick\" \/>\n<meta property=\"og:url\" content=\"https:\/\/www.rri.ro\/de\/aktuell\/newsflash-de\/nachrichten-25-04-2018-id632768.html\" \/>\n<meta property=\"og:site_name\" content=\"Radio Rum\u00e4nien International\" \/>\n<meta property=\"article:published_time\" content=\"2018-04-25T16:45:00+00:00\" \/>\n<meta property=\"og:image\" content=\"https:\/\/www.rri.ro\/wp-content\/uploads\/2023\/10\/stiri-germana-ok2-2.png\" \/>\n\t<meta property=\"og:image:width\" content=\"640\" \/>\n\t<meta property=\"og:image:height\" content=\"427\" \/>\n\t<meta property=\"og:image:type\" content=\"image\/png\" \/>\n<meta name=\"author\" content=\"Newsroom\" \/>\n<meta name=\"twitter:card\" content=\"summary_large_image\" \/>\n<meta name=\"twitter:label1\" content=\"Verfasst von\" \/>\n\t<meta name=\"twitter:data1\" content=\"Newsroom\" \/>\n\t<meta name=\"twitter:label2\" content=\"Gesch\u00e4tzte Lesezeit\" \/>\n\t<meta name=\"twitter:data2\" content=\"4\u00a0Minuten\" \/>\n\t<meta name=\"twitter:label3\" content=\"Written by\" \/>\n\t<meta name=\"twitter:data3\" content=\"Newsroom\" \/>\n<script type=\"application\/ld+json\" class=\"yoast-schema-graph\">{\"@context\":\"https:\\\/\\\/schema.org\",\"@graph\":[{\"@type\":\"Article\",\"@id\":\"https:\\\/\\\/www.rri.ro\\\/de\\\/aktuell\\\/newsflash-de\\\/nachrichten-25-04-2018-id632768.html#article\",\"isPartOf\":{\"@id\":\"https:\\\/\\\/www.rri.ro\\\/de\\\/aktuell\\\/newsflash-de\\\/nachrichten-25-04-2018-id632768.html\"},\"author\":{\"name\":\"Newsroom\",\"@id\":\"https:\\\/\\\/www.rri.ro\\\/#\\\/schema\\\/person\\\/4a479940371b9fdefd194f561e8a7f88\"},\"headline\":\"Nachrichten 25.04.2018\",\"datePublished\":\"2018-04-25T16:45:00+00:00\",\"mainEntityOfPage\":{\"@id\":\"https:\\\/\\\/www.rri.ro\\\/de\\\/aktuell\\\/newsflash-de\\\/nachrichten-25-04-2018-id632768.html\"},\"wordCount\":763,\"image\":{\"@id\":\"https:\\\/\\\/www.rri.ro\\\/de\\\/aktuell\\\/newsflash-de\\\/nachrichten-25-04-2018-id632768.html#primaryimage\"},\"thumbnailUrl\":\"https:\\\/\\\/www.rri.ro\\\/wp-content\\\/uploads\\\/2023\\\/10\\\/stiri-germana-ok2-2.png\",\"keywords\":[\"Bericht\",\"dialog\",\"Gef\u00e4ngnis\",\"Gesetz\",\"Israel Besuch\",\"Nationalbank\",\"Pr\u00e4sidentschaft\",\"Regierung\",\"Reporter ohne Grenzen\",\"Republik Moldau\",\"Vereinigung\",\"Vollstreckungsma\u00dfnahmen\"],\"articleSection\":[\"Newsflash\"],\"inLanguage\":\"de\"},{\"@type\":\"WebPage\",\"@id\":\"https:\\\/\\\/www.rri.ro\\\/de\\\/aktuell\\\/newsflash-de\\\/nachrichten-25-04-2018-id632768.html\",\"url\":\"https:\\\/\\\/www.rri.ro\\\/de\\\/aktuell\\\/newsflash-de\\\/nachrichten-25-04-2018-id632768.html\",\"name\":\"Nachrichten 25.04.2018 - Radio Rum\u00e4nien International\",\"isPartOf\":{\"@id\":\"https:\\\/\\\/www.rri.ro\\\/#website\"},\"primaryImageOfPage\":{\"@id\":\"https:\\\/\\\/www.rri.ro\\\/de\\\/aktuell\\\/newsflash-de\\\/nachrichten-25-04-2018-id632768.html#primaryimage\"},\"image\":{\"@id\":\"https:\\\/\\\/www.rri.ro\\\/de\\\/aktuell\\\/newsflash-de\\\/nachrichten-25-04-2018-id632768.html#primaryimage\"},\"thumbnailUrl\":\"https:\\\/\\\/www.rri.ro\\\/wp-content\\\/uploads\\\/2023\\\/10\\\/stiri-germana-ok2-2.png\",\"datePublished\":\"2018-04-25T16:45:00+00:00\",\"author\":{\"@id\":\"https:\\\/\\\/www.rri.ro\\\/#\\\/schema\\\/person\\\/4a479940371b9fdefd194f561e8a7f88\"},\"breadcrumb\":{\"@id\":\"https:\\\/\\\/www.rri.ro\\\/de\\\/aktuell\\\/newsflash-de\\\/nachrichten-25-04-2018-id632768.html#breadcrumb\"},\"inLanguage\":\"de\",\"potentialAction\":[{\"@type\":\"ReadAction\",\"target\":[\"https:\\\/\\\/www.rri.ro\\\/de\\\/aktuell\\\/newsflash-de\\\/nachrichten-25-04-2018-id632768.html\"]}]},{\"@type\":\"ImageObject\",\"inLanguage\":\"de\",\"@id\":\"https:\\\/\\\/www.rri.ro\\\/de\\\/aktuell\\\/newsflash-de\\\/nachrichten-25-04-2018-id632768.html#primaryimage\",\"url\":\"https:\\\/\\\/www.rri.ro\\\/wp-content\\\/uploads\\\/2023\\\/10\\\/stiri-germana-ok2-2.png\",\"contentUrl\":\"https:\\\/\\\/www.rri.ro\\\/wp-content\\\/uploads\\\/2023\\\/10\\\/stiri-germana-ok2-2.png\",\"width\":640,\"height\":427},{\"@type\":\"BreadcrumbList\",\"@id\":\"https:\\\/\\\/www.rri.ro\\\/de\\\/aktuell\\\/newsflash-de\\\/nachrichten-25-04-2018-id632768.html#breadcrumb\",\"itemListElement\":[{\"@type\":\"ListItem\",\"position\":1,\"name\":\"Startseite\",\"item\":\"https:\\\/\\\/www.rri.ro\\\/de\"},{\"@type\":\"ListItem\",\"position\":2,\"name\":\"Aktuell\",\"item\":\"https:\\\/\\\/www.rri.ro\\\/de\\\/aktuell\"},{\"@type\":\"ListItem\",\"position\":3,\"name\":\"Newsflash\",\"item\":\"https:\\\/\\\/www.rri.ro\\\/de\\\/aktuell\\\/newsflash-de\"},{\"@type\":\"ListItem\",\"position\":4,\"name\":\"Nachrichten 25.04.2018\"}]},{\"@type\":\"WebSite\",\"@id\":\"https:\\\/\\\/www.rri.ro\\\/#website\",\"url\":\"https:\\\/\\\/www.rri.ro\\\/\",\"name\":\"Radio Rum\u00e4nien International\",\"description\":\"Totul despre Rom\u00e2nia \u015fi rom\u00e2ni, \u00een 13 limbi\\\/dialecte!\",\"inLanguage\":\"de\"},{\"@type\":\"Person\",\"@id\":\"https:\\\/\\\/www.rri.ro\\\/#\\\/schema\\\/person\\\/4a479940371b9fdefd194f561e8a7f88\",\"name\":\"Newsroom\",\"url\":\"https:\\\/\\\/www.rri.ro\\\/de\\\/author\\\/newsroom\"}]}<\/script>\n<!-- \/ Yoast SEO plugin. -->","yoast_head_json":{"title":"Nachrichten 25.04.2018 - Radio Rum\u00e4nien International","robots":{"index":"index","follow":"follow","max-snippet":"max-snippet:-1","max-image-preview":"max-image-preview:large","max-video-preview":"max-video-preview:-1"},"canonical":"https:\/\/www.rri.ro\/de\/aktuell\/newsflash-de\/nachrichten-25-04-2018-id632768.html","og_locale":"de_DE","og_type":"article","og_title":"Nachrichten 25.04.2018 - Radio Rum\u00e4nien International","og_description":"Die wichtigsten Meldungen im \u00dcberblick","og_url":"https:\/\/www.rri.ro\/de\/aktuell\/newsflash-de\/nachrichten-25-04-2018-id632768.html","og_site_name":"Radio Rum\u00e4nien International","article_published_time":"2018-04-25T16:45:00+00:00","og_image":[{"width":640,"height":427,"url":"https:\/\/www.rri.ro\/wp-content\/uploads\/2023\/10\/stiri-germana-ok2-2.png","type":"image\/png"}],"author":"Newsroom","twitter_card":"summary_large_image","twitter_misc":{"Verfasst von":"Newsroom","Gesch\u00e4tzte Lesezeit":"4\u00a0Minuten","Written by":"Newsroom"},"schema":{"@context":"https:\/\/schema.org","@graph":[{"@type":"Article","@id":"https:\/\/www.rri.ro\/de\/aktuell\/newsflash-de\/nachrichten-25-04-2018-id632768.html#article","isPartOf":{"@id":"https:\/\/www.rri.ro\/de\/aktuell\/newsflash-de\/nachrichten-25-04-2018-id632768.html"},"author":{"name":"Newsroom","@id":"https:\/\/www.rri.ro\/#\/schema\/person\/4a479940371b9fdefd194f561e8a7f88"},"headline":"Nachrichten 25.04.2018","datePublished":"2018-04-25T16:45:00+00:00","mainEntityOfPage":{"@id":"https:\/\/www.rri.ro\/de\/aktuell\/newsflash-de\/nachrichten-25-04-2018-id632768.html"},"wordCount":763,"image":{"@id":"https:\/\/www.rri.ro\/de\/aktuell\/newsflash-de\/nachrichten-25-04-2018-id632768.html#primaryimage"},"thumbnailUrl":"https:\/\/www.rri.ro\/wp-content\/uploads\/2023\/10\/stiri-germana-ok2-2.png","keywords":["Bericht","dialog","Gef\u00e4ngnis","Gesetz","Israel Besuch","Nationalbank","Pr\u00e4sidentschaft","Regierung","Reporter ohne Grenzen","Republik Moldau","Vereinigung","Vollstreckungsma\u00dfnahmen"],"articleSection":["Newsflash"],"inLanguage":"de"},{"@type":"WebPage","@id":"https:\/\/www.rri.ro\/de\/aktuell\/newsflash-de\/nachrichten-25-04-2018-id632768.html","url":"https:\/\/www.rri.ro\/de\/aktuell\/newsflash-de\/nachrichten-25-04-2018-id632768.html","name":"Nachrichten 25.04.2018 - Radio Rum\u00e4nien International","isPartOf":{"@id":"https:\/\/www.rri.ro\/#website"},"primaryImageOfPage":{"@id":"https:\/\/www.rri.ro\/de\/aktuell\/newsflash-de\/nachrichten-25-04-2018-id632768.html#primaryimage"},"image":{"@id":"https:\/\/www.rri.ro\/de\/aktuell\/newsflash-de\/nachrichten-25-04-2018-id632768.html#primaryimage"},"thumbnailUrl":"https:\/\/www.rri.ro\/wp-content\/uploads\/2023\/10\/stiri-germana-ok2-2.png","datePublished":"2018-04-25T16:45:00+00:00","author":{"@id":"https:\/\/www.rri.ro\/#\/schema\/person\/4a479940371b9fdefd194f561e8a7f88"},"breadcrumb":{"@id":"https:\/\/www.rri.ro\/de\/aktuell\/newsflash-de\/nachrichten-25-04-2018-id632768.html#breadcrumb"},"inLanguage":"de","potentialAction":[{"@type":"ReadAction","target":["https:\/\/www.rri.ro\/de\/aktuell\/newsflash-de\/nachrichten-25-04-2018-id632768.html"]}]},{"@type":"ImageObject","inLanguage":"de","@id":"https:\/\/www.rri.ro\/de\/aktuell\/newsflash-de\/nachrichten-25-04-2018-id632768.html#primaryimage","url":"https:\/\/www.rri.ro\/wp-content\/uploads\/2023\/10\/stiri-germana-ok2-2.png","contentUrl":"https:\/\/www.rri.ro\/wp-content\/uploads\/2023\/10\/stiri-germana-ok2-2.png","width":640,"height":427},{"@type":"BreadcrumbList","@id":"https:\/\/www.rri.ro\/de\/aktuell\/newsflash-de\/nachrichten-25-04-2018-id632768.html#breadcrumb","itemListElement":[{"@type":"ListItem","position":1,"name":"Startseite","item":"https:\/\/www.rri.ro\/de"},{"@type":"ListItem","position":2,"name":"Aktuell","item":"https:\/\/www.rri.ro\/de\/aktuell"},{"@type":"ListItem","position":3,"name":"Newsflash","item":"https:\/\/www.rri.ro\/de\/aktuell\/newsflash-de"},{"@type":"ListItem","position":4,"name":"Nachrichten 25.04.2018"}]},{"@type":"WebSite","@id":"https:\/\/www.rri.ro\/#website","url":"https:\/\/www.rri.ro\/","name":"Radio Rum\u00e4nien International","description":"Totul despre Rom\u00e2nia \u015fi rom\u00e2ni, \u00een 13 limbi\/dialecte!","inLanguage":"de"},{"@type":"Person","@id":"https:\/\/www.rri.ro\/#\/schema\/person\/4a479940371b9fdefd194f561e8a7f88","name":"Newsroom","url":"https:\/\/www.rri.ro\/de\/author\/newsroom"}]}},"_links":{"self":[{"href":"https:\/\/www.rri.ro\/de\/wp-json\/wp\/v2\/posts\/632768","targetHints":{"allow":["GET"]}}],"collection":[{"href":"https:\/\/www.rri.ro\/de\/wp-json\/wp\/v2\/posts"}],"about":[{"href":"https:\/\/www.rri.ro\/de\/wp-json\/wp\/v2\/types\/post"}],"author":[{"embeddable":true,"href":"https:\/\/www.rri.ro\/de\/wp-json\/wp\/v2\/users\/113"}],"replies":[{"embeddable":true,"href":"https:\/\/www.rri.ro\/de\/wp-json\/wp\/v2\/comments?post=632768"}],"version-history":[{"count":0,"href":"https:\/\/www.rri.ro\/de\/wp-json\/wp\/v2\/posts\/632768\/revisions"}],"wp:featuredmedia":[{"embeddable":true,"href":"https:\/\/www.rri.ro\/de\/wp-json\/wp\/v2\/media\/460330"}],"wp:attachment":[{"href":"https:\/\/www.rri.ro\/de\/wp-json\/wp\/v2\/media?parent=632768"}],"wp:term":[{"taxonomy":"category","embeddable":true,"href":"https:\/\/www.rri.ro\/de\/wp-json\/wp\/v2\/categories?post=632768"},{"taxonomy":"post_tag","embeddable":true,"href":"https:\/\/www.rri.ro\/de\/wp-json\/wp\/v2\/tags?post=632768"},{"taxonomy":"author","embeddable":true,"href":"https:\/\/www.rri.ro\/de\/wp-json\/wp\/v2\/coauthors?post=632768"}],"curies":[{"name":"wp","href":"https:\/\/api.w.org\/{rel}","templated":true}]}}