{"id":632814,"date":"2018-06-16T20:09:00","date_gmt":"2018-06-16T17:09:00","guid":{"rendered":"http:\/\/devrri.freshlemon.ro\/aktuell\/nachrichten-16-06-2018-id632814.html"},"modified":"2018-06-16T20:09:00","modified_gmt":"2018-06-16T17:09:00","slug":"nachrichten-16-06-2018","status":"publish","type":"post","link":"https:\/\/www.rri.ro\/de\/aktuell\/newsflash-de\/nachrichten-16-06-2018-id632814.html","title":{"rendered":"Nachrichten 16.06.2018"},"content":{"rendered":"<p>Die rum\u00e4nische Premierministerin Viorica D\u0103ncil\u0103 hat am Samstag  in Tallinn bei Gespr\u00e4chen mit dem estnischen Pr\u00e4sidenten Kersti Kaljulaid auf das Potenzial zur Intensivierung der bilateralen Wirtschaftsbeziehungen hingewiesen. Dabei spiele die Entwicklung der Infrastruktur und der Transportverbindungen eine gro\u200e\u00dfe Rolle, sagte sie. D\u0103ncil\u0103 und ihr estnischer Amtskollege J\u00fcri Ratas sind im Kontext Passagiere auf dem Einweihungsflug der estnischen Gesellschaft Nordica auf der Route Tallinn &#8212; Constan\u0163a gewesen. In der gr\u00f6\u200e\u00dften rum\u00e4nischen Hafenstadt am Schwarzen Meer nehmen sie am Sonntag Teil an der Einweihung des Ehrenkonsulats Estlands. Der estnische Pr\u00e4sident begr\u00fc\u200e\u00dfte seinerseits die Tatsache, dass Rum\u00e4nien Sponsorland beim NATO-Zentrum f\u00fcr Digitalverteidigung in Tallin sein wird und zwei Experten dorthin schickt.<\/p>\n<p>&#13;<br \/>\n&#13;<\/p>\n<p>&#13;<br \/>\n&#13;<\/p>\n<p>Rum\u00e4niens Pr\u00e4sident Klaus Iohannis hat am Freitag das Gesetz zur Gerichtsverfassung ans Parlament zur\u00fcckgeschickt. Der Staatschef behauptet, dass einige der Vorschriften undeutlich, unschl\u00fcssig und unberechenbar seien und so  die verfassungsrechtlichen Anforderungen und die europ\u00e4ischen und internationalen Standards, sowie die richtige Arbeitsweise des Rechtssystems beeintr\u00e4chtigen. Davor hatte Pr\u00e4sident Iohannis das Gesetz erfolglos beim Verfassungsgericht angefochten. Zusammen mit dem Gesetz \u00fcber den Stand der Richter und Staatsanw\u00e4lte und dem Gesetz des Obersten Rates der Richter und Staatsanw\u00e4lte bildet das Gerichtsverfassungsgesetz ein umfassendes Gesetzespaket, wodurch die Regierungskoalition der PSD-ALDE das Justizsystem grundlegend novellieren m\u00f6chte. Zahlreiche \u00c4nderungen wurden von Staatspr\u00e4sident Iohannis, der b\u00fcrgerlichen Opposition, den Verb\u00e4nden der Richter und Staastansw\u00e4lte und der Zivilgesellschaft kritisiert.<\/p>\n<p>&#13;<br \/>\n&#13;<\/p>\n<p>&#13;<br \/>\n&#13;<\/p>\n<p>Der rum\u00e4nische Landwirtschaftsminister, Petre Daea nimmt am Montag in Luxemburg am Treffen der EU-Agrar- und Fischereiminister teil. Dabei geht es um die am 1. Juni von der Kommission ver\u00f6ffentlichten Grunds\u00e4tze zur GAP nach 2020. Schon in Sofia sagte Daea beim Treffen mit seinen EU-Amtskollegen, dass die aktuelle Zuteilung nach dem Mehrjahresrahmen mit den rum\u00e4nischen Zielen nicht \u00fcbereinstimmt. Die niedrigeren Betr\u00e4ge in den beiden S\u00e4ulen der GAP und die Form der Subventionsverteilung seien f\u00fcr die rum\u00e4nischen Landwirte ein Grund zu Sorge, hie\u200e\u00df es vom Ministerium in Bukarest.<\/p>\n<p>&#13;<br \/>\n&#13;<\/p>\n<p>&#13;<br \/>\n&#13;<\/p>\n<p>Am Luftst\u00fctzpunkt bei C\u00e2mpia Turzii, in der Mitte des Landes, findet ab Freitag die \u00dcbung  Dakischer Adler 2018 statt. Daran beteiligen sich 200 rum\u00e4nische und 300 amerikanische Soldaten. Die teilnehmenden amerikanischen Flugzeuge geh\u00f6ren zur Air National Guard in Massachusetts. Die \u00dcbung, die zwei Monate dauern wird, dient dem Ausbau der bilateralen Zusammenarbeit in diesem Bereich.<\/p>\n<p>&#13;<br \/>\n&#13;<\/p>\n<p>&#13;<br \/>\n&#13;<\/p>\n<p>Die Republik Moldau wird bei der UNO den Abzug der russischen Truppe aus der abtr\u00fcnnigen Region Transnistrien fordern. Ein Resolutionsentwurf in diesem Sinne wird am 22. Juni besprochen. In Transnistrien sind im Moment rund 1000 Soldaten der fr\u00fcheren 14. Sowjetarmee stationiert, die zur Bewachung von Waffen- und Munitionslager eingesetzt sind. Dar\u00fcber hinaus sind dort 500 Soldaten einer Einheits von Friedenstruppen stationiert. In der Region unterh\u00e4lt auch das separatistische moskautreue Regime eine eigene Armee von etwa 15.000 Soldaten.<\/p>\n<p>&#13;<\/p>\n","protected":false},"excerpt":{"rendered":"<p>Die wichtigsten Meldungen im \u00dcberblick<\/p>\n","protected":false},"author":113,"featured_media":460330,"comment_status":"closed","ping_status":"closed","sticky":false,"template":"","format":"standard","meta":{"_acf_changed":false,"footnotes":""},"categories":[116753],"tags":[121261,29120,99625,99764,68505,100576,99589],"coauthors":[],"class_list":["post-632814","post","type-post","status-publish","format-standard","has-post-thumbnail","hentry","category-newsflash-de","tag-estland","tag-eu","tag-justiz","tag-landwirtschaft","tag-militar","tag-moldau","tag-rumaenien"],"acf":[],"yoast_head":"<!-- This site is optimized with the Yoast SEO plugin v27.5 - https:\/\/yoast.com\/product\/yoast-seo-wordpress\/ -->\n<title>Nachrichten 16.06.2018 - Radio Rum\u00e4nien International<\/title>\n<meta name=\"robots\" content=\"index, follow, max-snippet:-1, max-image-preview:large, max-video-preview:-1\" \/>\n<link rel=\"canonical\" href=\"https:\/\/www.rri.ro\/de\/aktuell\/newsflash-de\/nachrichten-16-06-2018-id632814.html\" \/>\n<meta property=\"og:locale\" content=\"de_DE\" \/>\n<meta property=\"og:type\" content=\"article\" \/>\n<meta property=\"og:title\" content=\"Nachrichten 16.06.2018 - Radio Rum\u00e4nien International\" \/>\n<meta property=\"og:description\" content=\"Die wichtigsten Meldungen im \u00dcberblick\" \/>\n<meta property=\"og:url\" content=\"https:\/\/www.rri.ro\/de\/aktuell\/newsflash-de\/nachrichten-16-06-2018-id632814.html\" \/>\n<meta property=\"og:site_name\" content=\"Radio Rum\u00e4nien International\" \/>\n<meta property=\"article:published_time\" content=\"2018-06-16T17:09:00+00:00\" \/>\n<meta property=\"og:image\" content=\"https:\/\/www.rri.ro\/wp-content\/uploads\/2023\/10\/stiri-germana-ok2-2.png\" \/>\n\t<meta property=\"og:image:width\" content=\"640\" \/>\n\t<meta property=\"og:image:height\" content=\"427\" \/>\n\t<meta property=\"og:image:type\" content=\"image\/png\" \/>\n<meta name=\"author\" content=\"Newsroom\" \/>\n<meta name=\"twitter:card\" content=\"summary_large_image\" \/>\n<meta name=\"twitter:label1\" content=\"Verfasst von\" \/>\n\t<meta name=\"twitter:data1\" content=\"Newsroom\" \/>\n\t<meta name=\"twitter:label2\" content=\"Gesch\u00e4tzte Lesezeit\" \/>\n\t<meta name=\"twitter:data2\" content=\"2\u00a0Minuten\" \/>\n\t<meta name=\"twitter:label3\" content=\"Written by\" \/>\n\t<meta name=\"twitter:data3\" content=\"Newsroom\" \/>\n<script type=\"application\/ld+json\" class=\"yoast-schema-graph\">{\"@context\":\"https:\\\/\\\/schema.org\",\"@graph\":[{\"@type\":\"Article\",\"@id\":\"https:\\\/\\\/www.rri.ro\\\/de\\\/aktuell\\\/newsflash-de\\\/nachrichten-16-06-2018-id632814.html#article\",\"isPartOf\":{\"@id\":\"https:\\\/\\\/www.rri.ro\\\/de\\\/aktuell\\\/newsflash-de\\\/nachrichten-16-06-2018-id632814.html\"},\"author\":{\"name\":\"Newsroom\",\"@id\":\"https:\\\/\\\/www.rri.ro\\\/#\\\/schema\\\/person\\\/4a479940371b9fdefd194f561e8a7f88\"},\"headline\":\"Nachrichten 16.06.2018\",\"datePublished\":\"2018-06-16T17:09:00+00:00\",\"mainEntityOfPage\":{\"@id\":\"https:\\\/\\\/www.rri.ro\\\/de\\\/aktuell\\\/newsflash-de\\\/nachrichten-16-06-2018-id632814.html\"},\"wordCount\":471,\"image\":{\"@id\":\"https:\\\/\\\/www.rri.ro\\\/de\\\/aktuell\\\/newsflash-de\\\/nachrichten-16-06-2018-id632814.html#primaryimage\"},\"thumbnailUrl\":\"https:\\\/\\\/www.rri.ro\\\/wp-content\\\/uploads\\\/2023\\\/10\\\/stiri-germana-ok2-2.png\",\"keywords\":[\"Estland\",\"EU\",\"Justiz\",\"Landwirtschaft\",\"militar\",\"Moldau\",\"Rum\u00e4nien\"],\"articleSection\":[\"Newsflash\"],\"inLanguage\":\"de\"},{\"@type\":\"WebPage\",\"@id\":\"https:\\\/\\\/www.rri.ro\\\/de\\\/aktuell\\\/newsflash-de\\\/nachrichten-16-06-2018-id632814.html\",\"url\":\"https:\\\/\\\/www.rri.ro\\\/de\\\/aktuell\\\/newsflash-de\\\/nachrichten-16-06-2018-id632814.html\",\"name\":\"Nachrichten 16.06.2018 - Radio Rum\u00e4nien International\",\"isPartOf\":{\"@id\":\"https:\\\/\\\/www.rri.ro\\\/#website\"},\"primaryImageOfPage\":{\"@id\":\"https:\\\/\\\/www.rri.ro\\\/de\\\/aktuell\\\/newsflash-de\\\/nachrichten-16-06-2018-id632814.html#primaryimage\"},\"image\":{\"@id\":\"https:\\\/\\\/www.rri.ro\\\/de\\\/aktuell\\\/newsflash-de\\\/nachrichten-16-06-2018-id632814.html#primaryimage\"},\"thumbnailUrl\":\"https:\\\/\\\/www.rri.ro\\\/wp-content\\\/uploads\\\/2023\\\/10\\\/stiri-germana-ok2-2.png\",\"datePublished\":\"2018-06-16T17:09:00+00:00\",\"author\":{\"@id\":\"https:\\\/\\\/www.rri.ro\\\/#\\\/schema\\\/person\\\/4a479940371b9fdefd194f561e8a7f88\"},\"breadcrumb\":{\"@id\":\"https:\\\/\\\/www.rri.ro\\\/de\\\/aktuell\\\/newsflash-de\\\/nachrichten-16-06-2018-id632814.html#breadcrumb\"},\"inLanguage\":\"de\",\"potentialAction\":[{\"@type\":\"ReadAction\",\"target\":[\"https:\\\/\\\/www.rri.ro\\\/de\\\/aktuell\\\/newsflash-de\\\/nachrichten-16-06-2018-id632814.html\"]}]},{\"@type\":\"ImageObject\",\"inLanguage\":\"de\",\"@id\":\"https:\\\/\\\/www.rri.ro\\\/de\\\/aktuell\\\/newsflash-de\\\/nachrichten-16-06-2018-id632814.html#primaryimage\",\"url\":\"https:\\\/\\\/www.rri.ro\\\/wp-content\\\/uploads\\\/2023\\\/10\\\/stiri-germana-ok2-2.png\",\"contentUrl\":\"https:\\\/\\\/www.rri.ro\\\/wp-content\\\/uploads\\\/2023\\\/10\\\/stiri-germana-ok2-2.png\",\"width\":640,\"height\":427},{\"@type\":\"BreadcrumbList\",\"@id\":\"https:\\\/\\\/www.rri.ro\\\/de\\\/aktuell\\\/newsflash-de\\\/nachrichten-16-06-2018-id632814.html#breadcrumb\",\"itemListElement\":[{\"@type\":\"ListItem\",\"position\":1,\"name\":\"Startseite\",\"item\":\"https:\\\/\\\/www.rri.ro\\\/de\"},{\"@type\":\"ListItem\",\"position\":2,\"name\":\"Aktuell\",\"item\":\"https:\\\/\\\/www.rri.ro\\\/de\\\/aktuell\"},{\"@type\":\"ListItem\",\"position\":3,\"name\":\"Newsflash\",\"item\":\"https:\\\/\\\/www.rri.ro\\\/de\\\/aktuell\\\/newsflash-de\"},{\"@type\":\"ListItem\",\"position\":4,\"name\":\"Nachrichten 16.06.2018\"}]},{\"@type\":\"WebSite\",\"@id\":\"https:\\\/\\\/www.rri.ro\\\/#website\",\"url\":\"https:\\\/\\\/www.rri.ro\\\/\",\"name\":\"Radio Rum\u00e4nien International\",\"description\":\"Totul despre Rom\u00e2nia \u015fi rom\u00e2ni, \u00een 13 limbi\\\/dialecte!\",\"inLanguage\":\"de\"},{\"@type\":\"Person\",\"@id\":\"https:\\\/\\\/www.rri.ro\\\/#\\\/schema\\\/person\\\/4a479940371b9fdefd194f561e8a7f88\",\"name\":\"Newsroom\",\"url\":\"https:\\\/\\\/www.rri.ro\\\/de\\\/author\\\/newsroom\"}]}<\/script>\n<!-- \/ Yoast SEO plugin. -->","yoast_head_json":{"title":"Nachrichten 16.06.2018 - Radio Rum\u00e4nien International","robots":{"index":"index","follow":"follow","max-snippet":"max-snippet:-1","max-image-preview":"max-image-preview:large","max-video-preview":"max-video-preview:-1"},"canonical":"https:\/\/www.rri.ro\/de\/aktuell\/newsflash-de\/nachrichten-16-06-2018-id632814.html","og_locale":"de_DE","og_type":"article","og_title":"Nachrichten 16.06.2018 - Radio Rum\u00e4nien International","og_description":"Die wichtigsten Meldungen im \u00dcberblick","og_url":"https:\/\/www.rri.ro\/de\/aktuell\/newsflash-de\/nachrichten-16-06-2018-id632814.html","og_site_name":"Radio Rum\u00e4nien International","article_published_time":"2018-06-16T17:09:00+00:00","og_image":[{"width":640,"height":427,"url":"https:\/\/www.rri.ro\/wp-content\/uploads\/2023\/10\/stiri-germana-ok2-2.png","type":"image\/png"}],"author":"Newsroom","twitter_card":"summary_large_image","twitter_misc":{"Verfasst von":"Newsroom","Gesch\u00e4tzte Lesezeit":"2\u00a0Minuten","Written by":"Newsroom"},"schema":{"@context":"https:\/\/schema.org","@graph":[{"@type":"Article","@id":"https:\/\/www.rri.ro\/de\/aktuell\/newsflash-de\/nachrichten-16-06-2018-id632814.html#article","isPartOf":{"@id":"https:\/\/www.rri.ro\/de\/aktuell\/newsflash-de\/nachrichten-16-06-2018-id632814.html"},"author":{"name":"Newsroom","@id":"https:\/\/www.rri.ro\/#\/schema\/person\/4a479940371b9fdefd194f561e8a7f88"},"headline":"Nachrichten 16.06.2018","datePublished":"2018-06-16T17:09:00+00:00","mainEntityOfPage":{"@id":"https:\/\/www.rri.ro\/de\/aktuell\/newsflash-de\/nachrichten-16-06-2018-id632814.html"},"wordCount":471,"image":{"@id":"https:\/\/www.rri.ro\/de\/aktuell\/newsflash-de\/nachrichten-16-06-2018-id632814.html#primaryimage"},"thumbnailUrl":"https:\/\/www.rri.ro\/wp-content\/uploads\/2023\/10\/stiri-germana-ok2-2.png","keywords":["Estland","EU","Justiz","Landwirtschaft","militar","Moldau","Rum\u00e4nien"],"articleSection":["Newsflash"],"inLanguage":"de"},{"@type":"WebPage","@id":"https:\/\/www.rri.ro\/de\/aktuell\/newsflash-de\/nachrichten-16-06-2018-id632814.html","url":"https:\/\/www.rri.ro\/de\/aktuell\/newsflash-de\/nachrichten-16-06-2018-id632814.html","name":"Nachrichten 16.06.2018 - Radio Rum\u00e4nien International","isPartOf":{"@id":"https:\/\/www.rri.ro\/#website"},"primaryImageOfPage":{"@id":"https:\/\/www.rri.ro\/de\/aktuell\/newsflash-de\/nachrichten-16-06-2018-id632814.html#primaryimage"},"image":{"@id":"https:\/\/www.rri.ro\/de\/aktuell\/newsflash-de\/nachrichten-16-06-2018-id632814.html#primaryimage"},"thumbnailUrl":"https:\/\/www.rri.ro\/wp-content\/uploads\/2023\/10\/stiri-germana-ok2-2.png","datePublished":"2018-06-16T17:09:00+00:00","author":{"@id":"https:\/\/www.rri.ro\/#\/schema\/person\/4a479940371b9fdefd194f561e8a7f88"},"breadcrumb":{"@id":"https:\/\/www.rri.ro\/de\/aktuell\/newsflash-de\/nachrichten-16-06-2018-id632814.html#breadcrumb"},"inLanguage":"de","potentialAction":[{"@type":"ReadAction","target":["https:\/\/www.rri.ro\/de\/aktuell\/newsflash-de\/nachrichten-16-06-2018-id632814.html"]}]},{"@type":"ImageObject","inLanguage":"de","@id":"https:\/\/www.rri.ro\/de\/aktuell\/newsflash-de\/nachrichten-16-06-2018-id632814.html#primaryimage","url":"https:\/\/www.rri.ro\/wp-content\/uploads\/2023\/10\/stiri-germana-ok2-2.png","contentUrl":"https:\/\/www.rri.ro\/wp-content\/uploads\/2023\/10\/stiri-germana-ok2-2.png","width":640,"height":427},{"@type":"BreadcrumbList","@id":"https:\/\/www.rri.ro\/de\/aktuell\/newsflash-de\/nachrichten-16-06-2018-id632814.html#breadcrumb","itemListElement":[{"@type":"ListItem","position":1,"name":"Startseite","item":"https:\/\/www.rri.ro\/de"},{"@type":"ListItem","position":2,"name":"Aktuell","item":"https:\/\/www.rri.ro\/de\/aktuell"},{"@type":"ListItem","position":3,"name":"Newsflash","item":"https:\/\/www.rri.ro\/de\/aktuell\/newsflash-de"},{"@type":"ListItem","position":4,"name":"Nachrichten 16.06.2018"}]},{"@type":"WebSite","@id":"https:\/\/www.rri.ro\/#website","url":"https:\/\/www.rri.ro\/","name":"Radio Rum\u00e4nien International","description":"Totul despre Rom\u00e2nia \u015fi rom\u00e2ni, \u00een 13 limbi\/dialecte!","inLanguage":"de"},{"@type":"Person","@id":"https:\/\/www.rri.ro\/#\/schema\/person\/4a479940371b9fdefd194f561e8a7f88","name":"Newsroom","url":"https:\/\/www.rri.ro\/de\/author\/newsroom"}]}},"_links":{"self":[{"href":"https:\/\/www.rri.ro\/de\/wp-json\/wp\/v2\/posts\/632814","targetHints":{"allow":["GET"]}}],"collection":[{"href":"https:\/\/www.rri.ro\/de\/wp-json\/wp\/v2\/posts"}],"about":[{"href":"https:\/\/www.rri.ro\/de\/wp-json\/wp\/v2\/types\/post"}],"author":[{"embeddable":true,"href":"https:\/\/www.rri.ro\/de\/wp-json\/wp\/v2\/users\/113"}],"replies":[{"embeddable":true,"href":"https:\/\/www.rri.ro\/de\/wp-json\/wp\/v2\/comments?post=632814"}],"version-history":[{"count":0,"href":"https:\/\/www.rri.ro\/de\/wp-json\/wp\/v2\/posts\/632814\/revisions"}],"wp:featuredmedia":[{"embeddable":true,"href":"https:\/\/www.rri.ro\/de\/wp-json\/wp\/v2\/media\/460330"}],"wp:attachment":[{"href":"https:\/\/www.rri.ro\/de\/wp-json\/wp\/v2\/media?parent=632814"}],"wp:term":[{"taxonomy":"category","embeddable":true,"href":"https:\/\/www.rri.ro\/de\/wp-json\/wp\/v2\/categories?post=632814"},{"taxonomy":"post_tag","embeddable":true,"href":"https:\/\/www.rri.ro\/de\/wp-json\/wp\/v2\/tags?post=632814"},{"taxonomy":"author","embeddable":true,"href":"https:\/\/www.rri.ro\/de\/wp-json\/wp\/v2\/coauthors?post=632814"}],"curies":[{"name":"wp","href":"https:\/\/api.w.org\/{rel}","templated":true}]}}