{"id":632831,"date":"2018-07-15T15:51:00","date_gmt":"2018-07-15T12:51:00","guid":{"rendered":"http:\/\/devrri.freshlemon.ro\/aktuell\/nachrichten-15-07-2018-id632831.html"},"modified":"2018-07-15T15:51:00","modified_gmt":"2018-07-15T12:51:00","slug":"nachrichten-15-07-2018","status":"publish","type":"post","link":"https:\/\/www.rri.ro\/de\/aktuell\/newsflash-de\/nachrichten-15-07-2018-id632831.html","title":{"rendered":"Nachrichten 15.07.2018"},"content":{"rendered":"<p>Die Botschafterin Frankreichs in Bukarest, Michele Ramis, hat am Samstag bei dem Empfang zum Nationalfeiertag der Franz\u00f6sischen Republik, Frankreich brauche ein Europa, das seine B\u00fcrger scgh\u00fctzt, und Rum\u00e4nien sei ein wichtiger Partner in dieser Hinsicht. Dieses Jahr werden auch 10 Jahre seit dem Unterzeichnen des strategischen Partnerschaft zwischen Rum\u00e4nien und Frankreich gefeiert, so Michele Ramis. Die franz\u00f6sische Diplomatin w\u00fcrdigte den europ\u00e4ischen Geist des rum\u00e4nischen Volkes und die Tatsache, dass die Rum\u00e4nien den nationalistichen Trndenzen und dem Euroskeptizismus auf dem alten Kontinent standgehalten haben. Michele Ramis sprach \u00fcber den Erfolg der rum\u00e4nischen EU-Ratspr\u00e4sidentschaft n\u00e4chstes Jahr in Richtung eines Europa der Konvergenz, eines sch\u00fctzenden, st\u00e4rkeren Europa, das auf gemeinsamen Werten basiert. Der rum\u00e4nische Staatspr\u00e4sident, Klaus Iohannis, sagte bei dem Empfang der Botschaft Frankreichs in Bukarest, er werde Ende November zusammen mit dem franz\u00f6sischen Staatspr\u00e4sidenten, Emmanuel Macron in Paris die Saison Frankreich-Rum\u00e4nien er\u00f6ffnen.<\/p>\n<p>&#13;<br \/>\n&#13;<\/p>\n<p>&#13;<br \/>\n&#13;<\/p>\n<p>Die Franz\u00f6sische Handels-, Industrie- und Landwirtschaftskammer in Bukarest hat am Samstag bekanntgegeben, dass der Handelsaustausch zwischen Frankreich und Rum\u00e4nien im Jahr 2017 im Vergleich zum Vorjahr um 4,4% gestiegen sei, und 7,8 Milliarden Euro erreicht habe. In Rum\u00e4nien funktioinieren fast 3.000 franz\u00f6sischen Unternehmen, mit einem Investitionsgesamtwert von 4,2 Milliarden Euro. Die Franz\u00f6sische Handels-, Industrie- und Landwirtschaftskammer in Bukarest vereint mehr als 500 franz\u00f6sische und rum\u00e4nische Unternehmen, mit Investitionen in Wert von 18 Milliarden Euro und mwehr als 125.000 Arbeitspl\u00e4tzen.<\/p>\n<p>&#13;<br \/>\n&#13;<\/p>\n<p>&#13;<br \/>\n&#13;<\/p>\n<p>Der rum\u00e4nische Staatspr\u00e4sident, Klaus Iohannis, ist der Ansicht, der vorl\u00e4ufige Bericht der Venedig-Kommission \u00fcber die \u00c4nderungen der Justizgesetze sei ein besonders besorgniserregendes Signal betreffend die Unabh\u00e4ngigkeit der Justiz in Rum\u00e4nien und fordert das Parlament auf, diese Empfehlungen nicht zu ignorieren. Laut dem Pr\u00e4sidialamt best\u00e4tige die Venedig-Kommission die Meinungen, die von der Zivilgesellschaft, vom Obersten Rat der Richter und Staatsanw\u00e4lte, von den Richtern und Staatsanw\u00e4lten in Rum\u00e4nien und vom rum\u00e4nischen Staatspr\u00e4sidenten ge\u00e4u\u00dfert wurden, einschlie\u00dflich durch die Klagen wegen Verfassungswidrigkeit gegen die ge\u00e4nderten Justizgesetze. Die sogenannte Venedig-Kommission des Europarates hat am Freitag in einem vorl\u00e4ufigen Bericht nahegelegt, dass Rum\u00e4nien das Verfahren zur Ernennung des Generalstaatsanwalts und der Beh\u00f6rdenleiter der wichtigen Schwerpunktsstaatsanwaltschaften \u00fcberdenken sollte. Auch durch die \u00c4nderung der einsachl\u00e4gigen Verfassungsgrundlage solle ein neutrales Verfahren gew\u00e4hrleistet werden. Eine weiterhin starke Rolle des Pr\u00e4sidenten und des Richterrates w\u00fcrde die hervorragende Position des Justizministeriums im Verfahren ausgleichen, hie\u00df es. Pr\u00e4sident Klaus Johannis hatte die Kommission um ein Gutachten zur in Rum\u00e4nien heftig kritisierten Justizreform ersucht. Die Experten regen des weiteren an, Vorschriften abzu\u00e4ndern, nach denen vorgesetzte Staatsanw\u00e4lte die L\u00f6sungans\u00e4tze der Sachdezernenten entkr\u00e4ften. Auch die Begrenzung der Meinungsfreiheit f\u00fcr Richter und Staatsanw\u00e4lte sollte beseitigt werden. Ein abschlie\u00dfender Bericht soll im Oktober vorgekegt werden. Die National-Liberale Partei Rum\u00e4niens, von der Opposition, hat das Verfassungsgericht aufgefordert, den vorl\u00e4ufigen Bericht der Venedig-Kommission \u00fcber die Justizgesetze in Betracht zu ziehen. Der sozialdemokratisxche Abgeordnete Eugen Nicolicea, von der Regierungspartei PSD, Vorsitzende des rechtsaussch\u00fcsses der Abgeordentenkammer sagte, der besagte vorl\u00e4ufige Bericht der Venedig-Kommission widerspreche einem vorigen Bericht derselben Venedig-Kommission in Bezug auf die EU-Standards betreffend die Unabh\u00e4ngigkeit des Justizsystems.<\/p>\n<p>&#13;<br \/>\n&#13;<\/p>\n<p>&#13;<br \/>\n&#13;<\/p>\n<p>Die Agentur f\u00fcr die Finanzierung von landwirtschaftlichen Investitionen AFIR wird in der Zeit von Juli bis September 2018 mehrere Sessionen f\u00fcr das Einreichen von landwirtschaftlichen Projekten organisieren. Insgesamt werden etwa 846 Millionen Euro f\u00fcr Projekte in der Landwirtschaft zu Verf\u00fcgung gestellt, so die Internetseite des rum\u00e4nischen Ministeriums f\u00fcr Landwirtschaft und l\u00e4ndliche Entwicklung. Bis jetzt wurden bei der AFIR f\u00fcr die Zeitspanne 2014-2020 Antr\u00e4ge \u00fcber Finanzierung in Wert von 7,2 Milliarden Euro. Es wurden mehr als 49.000 Finanzierungsvertr\u00e4ge abgeschlossen und etwa 3,85 Milliarden Euro zugewiesen. Durch das nationale Programm f\u00fcr l\u00e4ndliche Entwicklung 2014-2020 werden nicht r\u00fcckzahlbare Fonds von der Europ\u00e4ischen Union und von der rum\u00e4nischen Regierung f\u00fcr die wirtschaftliche und soziale Entwicklung der l\u00e4ndlichen Regionen zugewiesen.<\/p>\n<p>&#13;<\/p>\n","protected":false},"excerpt":{"rendered":"<p>Die wichtigsten Meldungen im \u00dcberblick<\/p>\n","protected":false},"author":113,"featured_media":460330,"comment_status":"closed","ping_status":"closed","sticky":false,"template":"","format":"standard","meta":{"_acf_changed":false,"footnotes":""},"categories":[116753],"tags":[101005,102066,134270,100446,99633,29125,99625,100898,99764,31764,100572,143778,145379,104186,99586,167552,104719,100149],"coauthors":[],"class_list":["post-632831","post","type-post","status-publish","format-standard","has-post-thumbnail","hentry","category-newsflash-de","tag-bericht","tag-entwicklung","tag-eu-de","tag-finanzierung","tag-frankreich","tag-iohannis","tag-justiz","tag-kommission","tag-landwirtschaft","tag-macron","tag-nationalfeiertag","tag-opposition-de","tag-parlament-de","tag-ratspraesidentschaft","tag-regierung","tag-richter-de","tag-venedig","tag-verfassung"],"acf":[],"yoast_head":"<!-- This site is optimized with the Yoast SEO plugin v27.3 - https:\/\/yoast.com\/product\/yoast-seo-wordpress\/ -->\n<title>Nachrichten 15.07.2018 - Radio Rum\u00e4nien International<\/title>\n<meta name=\"robots\" content=\"index, follow, max-snippet:-1, max-image-preview:large, max-video-preview:-1\" \/>\n<link rel=\"canonical\" href=\"https:\/\/www.rri.ro\/de\/aktuell\/newsflash-de\/nachrichten-15-07-2018-id632831.html\" \/>\n<meta property=\"og:locale\" content=\"de_DE\" \/>\n<meta property=\"og:type\" content=\"article\" \/>\n<meta property=\"og:title\" content=\"Nachrichten 15.07.2018 - Radio Rum\u00e4nien International\" \/>\n<meta property=\"og:description\" content=\"Die wichtigsten Meldungen im \u00dcberblick\" \/>\n<meta property=\"og:url\" content=\"https:\/\/www.rri.ro\/de\/aktuell\/newsflash-de\/nachrichten-15-07-2018-id632831.html\" \/>\n<meta property=\"og:site_name\" content=\"Radio Rum\u00e4nien International\" \/>\n<meta property=\"article:published_time\" content=\"2018-07-15T12:51:00+00:00\" \/>\n<meta property=\"og:image\" content=\"https:\/\/www.rri.ro\/wp-content\/uploads\/2023\/10\/stiri-germana-ok2-2.png\" \/>\n\t<meta property=\"og:image:width\" content=\"640\" \/>\n\t<meta property=\"og:image:height\" content=\"427\" \/>\n\t<meta property=\"og:image:type\" content=\"image\/png\" \/>\n<meta name=\"author\" content=\"Newsroom\" \/>\n<meta name=\"twitter:card\" content=\"summary_large_image\" \/>\n<meta name=\"twitter:label1\" content=\"Verfasst von\" \/>\n\t<meta name=\"twitter:data1\" content=\"Newsroom\" \/>\n\t<meta name=\"twitter:label2\" content=\"Gesch\u00e4tzte Lesezeit\" \/>\n\t<meta name=\"twitter:data2\" content=\"3\u00a0Minuten\" \/>\n\t<meta name=\"twitter:label3\" content=\"Written by\" \/>\n\t<meta name=\"twitter:data3\" content=\"Newsroom\" \/>\n<script type=\"application\/ld+json\" class=\"yoast-schema-graph\">{\"@context\":\"https:\\\/\\\/schema.org\",\"@graph\":[{\"@type\":\"Article\",\"@id\":\"https:\\\/\\\/www.rri.ro\\\/de\\\/aktuell\\\/newsflash-de\\\/nachrichten-15-07-2018-id632831.html#article\",\"isPartOf\":{\"@id\":\"https:\\\/\\\/www.rri.ro\\\/de\\\/aktuell\\\/newsflash-de\\\/nachrichten-15-07-2018-id632831.html\"},\"author\":{\"name\":\"Newsroom\",\"@id\":\"https:\\\/\\\/www.rri.ro\\\/#\\\/schema\\\/person\\\/4a479940371b9fdefd194f561e8a7f88\"},\"headline\":\"Nachrichten 15.07.2018\",\"datePublished\":\"2018-07-15T12:51:00+00:00\",\"mainEntityOfPage\":{\"@id\":\"https:\\\/\\\/www.rri.ro\\\/de\\\/aktuell\\\/newsflash-de\\\/nachrichten-15-07-2018-id632831.html\"},\"wordCount\":662,\"image\":{\"@id\":\"https:\\\/\\\/www.rri.ro\\\/de\\\/aktuell\\\/newsflash-de\\\/nachrichten-15-07-2018-id632831.html#primaryimage\"},\"thumbnailUrl\":\"https:\\\/\\\/www.rri.ro\\\/wp-content\\\/uploads\\\/2023\\\/10\\\/stiri-germana-ok2-2.png\",\"keywords\":[\"Bericht\",\"Entwicklung\",\"EU\",\"Finanzierung\",\"Frankreich\",\"Iohannis\",\"Justiz\",\"Kommission\",\"Landwirtschaft\",\"Macron\",\"Nationalfeiertag\",\"opposition\",\"Parlament\",\"Ratspr\u00e4sidentschaft\",\"Regierung\",\"Richter\",\"Venedig\",\"Verfassung\"],\"articleSection\":[\"Newsflash\"],\"inLanguage\":\"de\"},{\"@type\":\"WebPage\",\"@id\":\"https:\\\/\\\/www.rri.ro\\\/de\\\/aktuell\\\/newsflash-de\\\/nachrichten-15-07-2018-id632831.html\",\"url\":\"https:\\\/\\\/www.rri.ro\\\/de\\\/aktuell\\\/newsflash-de\\\/nachrichten-15-07-2018-id632831.html\",\"name\":\"Nachrichten 15.07.2018 - Radio Rum\u00e4nien International\",\"isPartOf\":{\"@id\":\"https:\\\/\\\/www.rri.ro\\\/#website\"},\"primaryImageOfPage\":{\"@id\":\"https:\\\/\\\/www.rri.ro\\\/de\\\/aktuell\\\/newsflash-de\\\/nachrichten-15-07-2018-id632831.html#primaryimage\"},\"image\":{\"@id\":\"https:\\\/\\\/www.rri.ro\\\/de\\\/aktuell\\\/newsflash-de\\\/nachrichten-15-07-2018-id632831.html#primaryimage\"},\"thumbnailUrl\":\"https:\\\/\\\/www.rri.ro\\\/wp-content\\\/uploads\\\/2023\\\/10\\\/stiri-germana-ok2-2.png\",\"datePublished\":\"2018-07-15T12:51:00+00:00\",\"author\":{\"@id\":\"https:\\\/\\\/www.rri.ro\\\/#\\\/schema\\\/person\\\/4a479940371b9fdefd194f561e8a7f88\"},\"breadcrumb\":{\"@id\":\"https:\\\/\\\/www.rri.ro\\\/de\\\/aktuell\\\/newsflash-de\\\/nachrichten-15-07-2018-id632831.html#breadcrumb\"},\"inLanguage\":\"de\",\"potentialAction\":[{\"@type\":\"ReadAction\",\"target\":[\"https:\\\/\\\/www.rri.ro\\\/de\\\/aktuell\\\/newsflash-de\\\/nachrichten-15-07-2018-id632831.html\"]}]},{\"@type\":\"ImageObject\",\"inLanguage\":\"de\",\"@id\":\"https:\\\/\\\/www.rri.ro\\\/de\\\/aktuell\\\/newsflash-de\\\/nachrichten-15-07-2018-id632831.html#primaryimage\",\"url\":\"https:\\\/\\\/www.rri.ro\\\/wp-content\\\/uploads\\\/2023\\\/10\\\/stiri-germana-ok2-2.png\",\"contentUrl\":\"https:\\\/\\\/www.rri.ro\\\/wp-content\\\/uploads\\\/2023\\\/10\\\/stiri-germana-ok2-2.png\",\"width\":640,\"height\":427},{\"@type\":\"BreadcrumbList\",\"@id\":\"https:\\\/\\\/www.rri.ro\\\/de\\\/aktuell\\\/newsflash-de\\\/nachrichten-15-07-2018-id632831.html#breadcrumb\",\"itemListElement\":[{\"@type\":\"ListItem\",\"position\":1,\"name\":\"Startseite\",\"item\":\"https:\\\/\\\/www.rri.ro\\\/de\"},{\"@type\":\"ListItem\",\"position\":2,\"name\":\"Aktuell\",\"item\":\"https:\\\/\\\/www.rri.ro\\\/de\\\/aktuell\"},{\"@type\":\"ListItem\",\"position\":3,\"name\":\"Newsflash\",\"item\":\"https:\\\/\\\/www.rri.ro\\\/de\\\/aktuell\\\/newsflash-de\"},{\"@type\":\"ListItem\",\"position\":4,\"name\":\"Nachrichten 15.07.2018\"}]},{\"@type\":\"WebSite\",\"@id\":\"https:\\\/\\\/www.rri.ro\\\/#website\",\"url\":\"https:\\\/\\\/www.rri.ro\\\/\",\"name\":\"Radio Rum\u00e4nien International\",\"description\":\"Totul despre Rom\u00e2nia \u015fi rom\u00e2ni, \u00een 13 limbi\\\/dialecte!\",\"inLanguage\":\"de\"},{\"@type\":\"Person\",\"@id\":\"https:\\\/\\\/www.rri.ro\\\/#\\\/schema\\\/person\\\/4a479940371b9fdefd194f561e8a7f88\",\"name\":\"Newsroom\",\"url\":\"https:\\\/\\\/www.rri.ro\\\/de\\\/author\\\/newsroom\"}]}<\/script>\n<!-- \/ Yoast SEO plugin. -->","yoast_head_json":{"title":"Nachrichten 15.07.2018 - Radio Rum\u00e4nien International","robots":{"index":"index","follow":"follow","max-snippet":"max-snippet:-1","max-image-preview":"max-image-preview:large","max-video-preview":"max-video-preview:-1"},"canonical":"https:\/\/www.rri.ro\/de\/aktuell\/newsflash-de\/nachrichten-15-07-2018-id632831.html","og_locale":"de_DE","og_type":"article","og_title":"Nachrichten 15.07.2018 - Radio Rum\u00e4nien International","og_description":"Die wichtigsten Meldungen im \u00dcberblick","og_url":"https:\/\/www.rri.ro\/de\/aktuell\/newsflash-de\/nachrichten-15-07-2018-id632831.html","og_site_name":"Radio Rum\u00e4nien International","article_published_time":"2018-07-15T12:51:00+00:00","og_image":[{"width":640,"height":427,"url":"https:\/\/www.rri.ro\/wp-content\/uploads\/2023\/10\/stiri-germana-ok2-2.png","type":"image\/png"}],"author":"Newsroom","twitter_card":"summary_large_image","twitter_misc":{"Verfasst von":"Newsroom","Gesch\u00e4tzte Lesezeit":"3\u00a0Minuten","Written by":"Newsroom"},"schema":{"@context":"https:\/\/schema.org","@graph":[{"@type":"Article","@id":"https:\/\/www.rri.ro\/de\/aktuell\/newsflash-de\/nachrichten-15-07-2018-id632831.html#article","isPartOf":{"@id":"https:\/\/www.rri.ro\/de\/aktuell\/newsflash-de\/nachrichten-15-07-2018-id632831.html"},"author":{"name":"Newsroom","@id":"https:\/\/www.rri.ro\/#\/schema\/person\/4a479940371b9fdefd194f561e8a7f88"},"headline":"Nachrichten 15.07.2018","datePublished":"2018-07-15T12:51:00+00:00","mainEntityOfPage":{"@id":"https:\/\/www.rri.ro\/de\/aktuell\/newsflash-de\/nachrichten-15-07-2018-id632831.html"},"wordCount":662,"image":{"@id":"https:\/\/www.rri.ro\/de\/aktuell\/newsflash-de\/nachrichten-15-07-2018-id632831.html#primaryimage"},"thumbnailUrl":"https:\/\/www.rri.ro\/wp-content\/uploads\/2023\/10\/stiri-germana-ok2-2.png","keywords":["Bericht","Entwicklung","EU","Finanzierung","Frankreich","Iohannis","Justiz","Kommission","Landwirtschaft","Macron","Nationalfeiertag","opposition","Parlament","Ratspr\u00e4sidentschaft","Regierung","Richter","Venedig","Verfassung"],"articleSection":["Newsflash"],"inLanguage":"de"},{"@type":"WebPage","@id":"https:\/\/www.rri.ro\/de\/aktuell\/newsflash-de\/nachrichten-15-07-2018-id632831.html","url":"https:\/\/www.rri.ro\/de\/aktuell\/newsflash-de\/nachrichten-15-07-2018-id632831.html","name":"Nachrichten 15.07.2018 - Radio Rum\u00e4nien International","isPartOf":{"@id":"https:\/\/www.rri.ro\/#website"},"primaryImageOfPage":{"@id":"https:\/\/www.rri.ro\/de\/aktuell\/newsflash-de\/nachrichten-15-07-2018-id632831.html#primaryimage"},"image":{"@id":"https:\/\/www.rri.ro\/de\/aktuell\/newsflash-de\/nachrichten-15-07-2018-id632831.html#primaryimage"},"thumbnailUrl":"https:\/\/www.rri.ro\/wp-content\/uploads\/2023\/10\/stiri-germana-ok2-2.png","datePublished":"2018-07-15T12:51:00+00:00","author":{"@id":"https:\/\/www.rri.ro\/#\/schema\/person\/4a479940371b9fdefd194f561e8a7f88"},"breadcrumb":{"@id":"https:\/\/www.rri.ro\/de\/aktuell\/newsflash-de\/nachrichten-15-07-2018-id632831.html#breadcrumb"},"inLanguage":"de","potentialAction":[{"@type":"ReadAction","target":["https:\/\/www.rri.ro\/de\/aktuell\/newsflash-de\/nachrichten-15-07-2018-id632831.html"]}]},{"@type":"ImageObject","inLanguage":"de","@id":"https:\/\/www.rri.ro\/de\/aktuell\/newsflash-de\/nachrichten-15-07-2018-id632831.html#primaryimage","url":"https:\/\/www.rri.ro\/wp-content\/uploads\/2023\/10\/stiri-germana-ok2-2.png","contentUrl":"https:\/\/www.rri.ro\/wp-content\/uploads\/2023\/10\/stiri-germana-ok2-2.png","width":640,"height":427},{"@type":"BreadcrumbList","@id":"https:\/\/www.rri.ro\/de\/aktuell\/newsflash-de\/nachrichten-15-07-2018-id632831.html#breadcrumb","itemListElement":[{"@type":"ListItem","position":1,"name":"Startseite","item":"https:\/\/www.rri.ro\/de"},{"@type":"ListItem","position":2,"name":"Aktuell","item":"https:\/\/www.rri.ro\/de\/aktuell"},{"@type":"ListItem","position":3,"name":"Newsflash","item":"https:\/\/www.rri.ro\/de\/aktuell\/newsflash-de"},{"@type":"ListItem","position":4,"name":"Nachrichten 15.07.2018"}]},{"@type":"WebSite","@id":"https:\/\/www.rri.ro\/#website","url":"https:\/\/www.rri.ro\/","name":"Radio Rum\u00e4nien International","description":"Totul despre Rom\u00e2nia \u015fi rom\u00e2ni, \u00een 13 limbi\/dialecte!","inLanguage":"de"},{"@type":"Person","@id":"https:\/\/www.rri.ro\/#\/schema\/person\/4a479940371b9fdefd194f561e8a7f88","name":"Newsroom","url":"https:\/\/www.rri.ro\/de\/author\/newsroom"}]}},"_links":{"self":[{"href":"https:\/\/www.rri.ro\/de\/wp-json\/wp\/v2\/posts\/632831","targetHints":{"allow":["GET"]}}],"collection":[{"href":"https:\/\/www.rri.ro\/de\/wp-json\/wp\/v2\/posts"}],"about":[{"href":"https:\/\/www.rri.ro\/de\/wp-json\/wp\/v2\/types\/post"}],"author":[{"embeddable":true,"href":"https:\/\/www.rri.ro\/de\/wp-json\/wp\/v2\/users\/113"}],"replies":[{"embeddable":true,"href":"https:\/\/www.rri.ro\/de\/wp-json\/wp\/v2\/comments?post=632831"}],"version-history":[{"count":0,"href":"https:\/\/www.rri.ro\/de\/wp-json\/wp\/v2\/posts\/632831\/revisions"}],"wp:featuredmedia":[{"embeddable":true,"href":"https:\/\/www.rri.ro\/de\/wp-json\/wp\/v2\/media\/460330"}],"wp:attachment":[{"href":"https:\/\/www.rri.ro\/de\/wp-json\/wp\/v2\/media?parent=632831"}],"wp:term":[{"taxonomy":"category","embeddable":true,"href":"https:\/\/www.rri.ro\/de\/wp-json\/wp\/v2\/categories?post=632831"},{"taxonomy":"post_tag","embeddable":true,"href":"https:\/\/www.rri.ro\/de\/wp-json\/wp\/v2\/tags?post=632831"},{"taxonomy":"author","embeddable":true,"href":"https:\/\/www.rri.ro\/de\/wp-json\/wp\/v2\/coauthors?post=632831"}],"curies":[{"name":"wp","href":"https:\/\/api.w.org\/{rel}","templated":true}]}}