{"id":632837,"date":"2018-07-20T19:06:00","date_gmt":"2018-07-20T16:06:00","guid":{"rendered":"http:\/\/devrri.freshlemon.ro\/aktuell\/nachrichten-20-07-2018-id632837.html"},"modified":"2018-07-20T19:06:00","modified_gmt":"2018-07-20T16:06:00","slug":"nachrichten-20-07-2018","status":"publish","type":"post","link":"https:\/\/www.rri.ro\/de\/aktuell\/newsflash-de\/nachrichten-20-07-2018-id632837.html","title":{"rendered":"Nachrichten 20.07.2018"},"content":{"rendered":"<p>Brexit-Chefunterh\u00e4ndler Michel Barnier hat am Freitag in Br\u00fcssel den aktuellen Stand der Austrittsverhandlungen Londons aus der EU vorgestellt. Im Mittelpunkt der Gespr\u00e4che, an denen sich auch der rum\u00e4nische Europaminister Victor Negrescu beteiligte, stand die Grenze zwischen Irland und dem britischen Nordirland sowie die zuk\u00fcnftige Beziehung zwischen London und Br\u00fcssel. Dabei sagte Victor Negrescu, Rum\u00e4nien unterst\u00fctze das Verhandlungsteam der Europ\u00e4ischen Union.  W\u00e4hrend der rum\u00e4nischen EU-Ratspr\u00e4sidentschaft in der ersten H\u00e4lfte des Jahres 2019 k\u00f6nnten die Verhandlungen f\u00fcr den Ausstieg Londons aus der EU zu Ende gehen. Bukarest sei auf f\u00fcr ein m\u00f6gliches Scheitern der Austrittsverhandlungen vorbereitet, sagte Negoescu vor dem Treffen in Br\u00fcssel. Hauptziel der EU bleibe ohnehin der Schutz der Rechte europ\u00e4ischer B\u00fcrger, die in Gro\u00dfbritannien leben, sagte im Anschlu\u00df der rum\u00e4nische Europaminister.<\/p>\n<p>&#13;<br \/>\n&#13;<\/p>\n<p>&#13;<br \/>\n&#13;<\/p>\n<p>Rum\u00e4nien hat im ersten Quartal 2018 das h\u00f6chste Haushaltsdefizit im Vergleich zu den letzten drei Monaten des Vorjahres verzeichnet, steht in den von Eurostat am Freitag ver\u00f6ffentlichen Daten. Das Haushaltsdefizit Rum\u00e4niens ist von 2,3% auf 4,2% gestiegen, und ist somit das h\u00f6chste Haushaltsdefizit in Europa. Es folgen Frankreich, mit 2,5%, und Gro\u00dfbritannien, mit 1,9%. Die h\u00f6chsten Haushalts\u00fcbersch\u00fcsse hatten Malta und die Niederlande, beide mit 2,5%, gefolgt von Bulgarien, mit 2,4%.<\/p>\n<p>&#13;<br \/>\n&#13;<\/p>\n<p>&#13;<br \/>\n&#13;<\/p>\n<p>Der Souver\u00e4ne Fonds f\u00fcr Entwicklung und Investitionen soll durch Regierungsbeschluss gegr\u00fcndet werden, hat Finanzminister Eugen Teodorovici erkl\u00e4rt. Wie das Verfassungsgericht vorher mitgeteilt hatte, sei die Gr\u00fcndung des besagten Fonds  per Gesetz nicht m\u00f6glich. Am Mittwoch hatte das Gericht drei Verfassungsklagen des Pr\u00e4sidialamtes bzw der Opposition stattgegeben, laut denen die Gr\u00fcndung des besagten Fonds zu den Befugnissen der Regierung und nicht des Parlaments geh\u00f6re, ansonsten sei dies ein Versto\u00df gegen die Gewaltenteilung. Laut dem besagten Gesetz, sollten 33 Unternehmen an denen der Staat als Hauptaktion\u00e4r gilt, zum Souver\u00e4nen Fonds f\u00fcr Entwicklung und Investitionen geh\u00f6ren, dessen soziales Kapital sich auf 9 Milliarden Lei (rund 2 Milliarden Euro) beziffern soll. Laut der Regierungspartei PSD sei der besagte Fonds ein Mittel zur Entwicklung der Infrastruktur im Bereich Landwirtschaft, zur Industrialisierung Rum\u00e4niens und zur Schaffung neuer Arbeitspl\u00e4tze. Die Opposition bezeichnete ihn hingegen als einen weiteren Weg zur Korruption.<\/p>\n<p>&#13;<br \/>\n&#13;<\/p>\n<p>&#13;<br \/>\n&#13;<\/p>\n<p>Zehn Migranten aus Pakistan und Indien, die illegal in Rum\u00e4nien einreisen wollten, wurden an der nord-\u00f6stlichen Grenze, Landkreis Boto\u015fani von der Grenzpolizei aufgehalten. Die zehn Migranten gingen zu Fu\u00df und hatten keine g\u00fcltigen P\u00e4sse. Laut der Grenzpolizei h\u00e4tten sie versucht, \u00fcber Rum\u00e4nien, ein Schengenland zu erreichen. F\u00fcr weitere Untersuchungen wurden sie von den ukrainischen Beh\u00f6rden aufgrund eines R\u00fcck\u00fcbernahmeabkommens \u00fcbernommen. <\/p>\n<p>&#13;<br \/>\n&#13;<\/p>\n<p>&#13;<br \/>\n&#13;<\/p>\n<p>Im nordwestrum\u00e4nischen Bon\u0163ida, Landkreis Cluj findet bei einem der sch\u00f6nsten Barockschl\u00f6ssern Rum\u00e4niens, dem Schloss Banffy, das Festival Electric Castle statt. Auf die neun B\u00fchnen treten bis Sonntag dutzende Bands und S\u00e4nger aus Rum\u00e4nien und der ganzen Welt auf. Die Organisatoren rechnen dieses Jahr mit rund 135.000 G\u00e4sten und haben sich vorgenommen, den ganzen Abfall nach  Festivalabschluss zu verwerten. Das diesj\u00e4hrige Festival steht zudem unter dem Motto Null Toleranz bei Gewalt. <\/p>\n<p>&#13;<\/p>\n","protected":false},"excerpt":{"rendered":"<p>Die wichtigsten Meldungen des Tages im \u00dcberblick<\/p>\n","protected":false},"author":113,"featured_media":460330,"comment_status":"closed","ping_status":"closed","sticky":false,"template":"","format":"standard","meta":{"_acf_changed":false,"footnotes":""},"categories":[116753],"tags":[126525,14005,102066,134270,148035,86218,100063,100915,99619,99847,99694,102814,143778,99586,119228],"coauthors":[],"class_list":["post-632837","post","type-post","status-publish","format-standard","has-post-thumbnail","hentry","category-newsflash-de","tag-austrittsverhandlungen","tag-brexit","tag-entwicklung","tag-eu-de","tag-festival-de","tag-fonds","tag-gesetz","tag-grenze","tag-haushaltsdefizit","tag-investitionen","tag-irland","tag-migranten","tag-opposition-de","tag-regierung","tag-schloss"],"acf":[],"yoast_head":"<!-- This site is optimized with the Yoast SEO plugin v27.3 - https:\/\/yoast.com\/product\/yoast-seo-wordpress\/ -->\n<title>Nachrichten 20.07.2018 - Radio Rum\u00e4nien International<\/title>\n<meta name=\"robots\" content=\"index, follow, max-snippet:-1, max-image-preview:large, max-video-preview:-1\" \/>\n<link rel=\"canonical\" href=\"https:\/\/www.rri.ro\/de\/aktuell\/newsflash-de\/nachrichten-20-07-2018-id632837.html\" \/>\n<meta property=\"og:locale\" content=\"de_DE\" \/>\n<meta property=\"og:type\" content=\"article\" \/>\n<meta property=\"og:title\" content=\"Nachrichten 20.07.2018 - Radio Rum\u00e4nien International\" \/>\n<meta property=\"og:description\" content=\"Die wichtigsten Meldungen des Tages im \u00dcberblick\" \/>\n<meta property=\"og:url\" content=\"https:\/\/www.rri.ro\/de\/aktuell\/newsflash-de\/nachrichten-20-07-2018-id632837.html\" \/>\n<meta property=\"og:site_name\" content=\"Radio Rum\u00e4nien International\" \/>\n<meta property=\"article:published_time\" content=\"2018-07-20T16:06:00+00:00\" \/>\n<meta property=\"og:image\" content=\"https:\/\/www.rri.ro\/wp-content\/uploads\/2023\/10\/stiri-germana-ok2-2.png\" \/>\n\t<meta property=\"og:image:width\" content=\"640\" \/>\n\t<meta property=\"og:image:height\" content=\"427\" \/>\n\t<meta property=\"og:image:type\" content=\"image\/png\" \/>\n<meta name=\"author\" content=\"Newsroom\" \/>\n<meta name=\"twitter:card\" content=\"summary_large_image\" \/>\n<meta name=\"twitter:label1\" content=\"Verfasst von\" \/>\n\t<meta name=\"twitter:data1\" content=\"Newsroom\" \/>\n\t<meta name=\"twitter:label2\" content=\"Gesch\u00e4tzte Lesezeit\" \/>\n\t<meta name=\"twitter:data2\" content=\"3\u00a0Minuten\" \/>\n\t<meta name=\"twitter:label3\" content=\"Written by\" \/>\n\t<meta name=\"twitter:data3\" content=\"Newsroom\" \/>\n<script type=\"application\/ld+json\" class=\"yoast-schema-graph\">{\"@context\":\"https:\\\/\\\/schema.org\",\"@graph\":[{\"@type\":\"Article\",\"@id\":\"https:\\\/\\\/www.rri.ro\\\/de\\\/aktuell\\\/newsflash-de\\\/nachrichten-20-07-2018-id632837.html#article\",\"isPartOf\":{\"@id\":\"https:\\\/\\\/www.rri.ro\\\/de\\\/aktuell\\\/newsflash-de\\\/nachrichten-20-07-2018-id632837.html\"},\"author\":{\"name\":\"Newsroom\",\"@id\":\"https:\\\/\\\/www.rri.ro\\\/#\\\/schema\\\/person\\\/4a479940371b9fdefd194f561e8a7f88\"},\"headline\":\"Nachrichten 20.07.2018\",\"datePublished\":\"2018-07-20T16:06:00+00:00\",\"mainEntityOfPage\":{\"@id\":\"https:\\\/\\\/www.rri.ro\\\/de\\\/aktuell\\\/newsflash-de\\\/nachrichten-20-07-2018-id632837.html\"},\"wordCount\":520,\"image\":{\"@id\":\"https:\\\/\\\/www.rri.ro\\\/de\\\/aktuell\\\/newsflash-de\\\/nachrichten-20-07-2018-id632837.html#primaryimage\"},\"thumbnailUrl\":\"https:\\\/\\\/www.rri.ro\\\/wp-content\\\/uploads\\\/2023\\\/10\\\/stiri-germana-ok2-2.png\",\"keywords\":[\"Austrittsverhandlungen\",\"Brexit\",\"Entwicklung\",\"EU\",\"festival\",\"fonds\",\"Gesetz\",\"Grenze\",\"Haushaltsdefizit\",\"Investitionen\",\"Irland\",\"Migranten\",\"opposition\",\"Regierung\",\"Schloss\"],\"articleSection\":[\"Newsflash\"],\"inLanguage\":\"de\"},{\"@type\":\"WebPage\",\"@id\":\"https:\\\/\\\/www.rri.ro\\\/de\\\/aktuell\\\/newsflash-de\\\/nachrichten-20-07-2018-id632837.html\",\"url\":\"https:\\\/\\\/www.rri.ro\\\/de\\\/aktuell\\\/newsflash-de\\\/nachrichten-20-07-2018-id632837.html\",\"name\":\"Nachrichten 20.07.2018 - Radio Rum\u00e4nien International\",\"isPartOf\":{\"@id\":\"https:\\\/\\\/www.rri.ro\\\/#website\"},\"primaryImageOfPage\":{\"@id\":\"https:\\\/\\\/www.rri.ro\\\/de\\\/aktuell\\\/newsflash-de\\\/nachrichten-20-07-2018-id632837.html#primaryimage\"},\"image\":{\"@id\":\"https:\\\/\\\/www.rri.ro\\\/de\\\/aktuell\\\/newsflash-de\\\/nachrichten-20-07-2018-id632837.html#primaryimage\"},\"thumbnailUrl\":\"https:\\\/\\\/www.rri.ro\\\/wp-content\\\/uploads\\\/2023\\\/10\\\/stiri-germana-ok2-2.png\",\"datePublished\":\"2018-07-20T16:06:00+00:00\",\"author\":{\"@id\":\"https:\\\/\\\/www.rri.ro\\\/#\\\/schema\\\/person\\\/4a479940371b9fdefd194f561e8a7f88\"},\"breadcrumb\":{\"@id\":\"https:\\\/\\\/www.rri.ro\\\/de\\\/aktuell\\\/newsflash-de\\\/nachrichten-20-07-2018-id632837.html#breadcrumb\"},\"inLanguage\":\"de\",\"potentialAction\":[{\"@type\":\"ReadAction\",\"target\":[\"https:\\\/\\\/www.rri.ro\\\/de\\\/aktuell\\\/newsflash-de\\\/nachrichten-20-07-2018-id632837.html\"]}]},{\"@type\":\"ImageObject\",\"inLanguage\":\"de\",\"@id\":\"https:\\\/\\\/www.rri.ro\\\/de\\\/aktuell\\\/newsflash-de\\\/nachrichten-20-07-2018-id632837.html#primaryimage\",\"url\":\"https:\\\/\\\/www.rri.ro\\\/wp-content\\\/uploads\\\/2023\\\/10\\\/stiri-germana-ok2-2.png\",\"contentUrl\":\"https:\\\/\\\/www.rri.ro\\\/wp-content\\\/uploads\\\/2023\\\/10\\\/stiri-germana-ok2-2.png\",\"width\":640,\"height\":427},{\"@type\":\"BreadcrumbList\",\"@id\":\"https:\\\/\\\/www.rri.ro\\\/de\\\/aktuell\\\/newsflash-de\\\/nachrichten-20-07-2018-id632837.html#breadcrumb\",\"itemListElement\":[{\"@type\":\"ListItem\",\"position\":1,\"name\":\"Startseite\",\"item\":\"https:\\\/\\\/www.rri.ro\\\/de\"},{\"@type\":\"ListItem\",\"position\":2,\"name\":\"Aktuell\",\"item\":\"https:\\\/\\\/www.rri.ro\\\/de\\\/aktuell\"},{\"@type\":\"ListItem\",\"position\":3,\"name\":\"Newsflash\",\"item\":\"https:\\\/\\\/www.rri.ro\\\/de\\\/aktuell\\\/newsflash-de\"},{\"@type\":\"ListItem\",\"position\":4,\"name\":\"Nachrichten 20.07.2018\"}]},{\"@type\":\"WebSite\",\"@id\":\"https:\\\/\\\/www.rri.ro\\\/#website\",\"url\":\"https:\\\/\\\/www.rri.ro\\\/\",\"name\":\"Radio Rum\u00e4nien International\",\"description\":\"Totul despre Rom\u00e2nia \u015fi rom\u00e2ni, \u00een 13 limbi\\\/dialecte!\",\"inLanguage\":\"de\"},{\"@type\":\"Person\",\"@id\":\"https:\\\/\\\/www.rri.ro\\\/#\\\/schema\\\/person\\\/4a479940371b9fdefd194f561e8a7f88\",\"name\":\"Newsroom\",\"url\":\"https:\\\/\\\/www.rri.ro\\\/de\\\/author\\\/newsroom\"}]}<\/script>\n<!-- \/ Yoast SEO plugin. -->","yoast_head_json":{"title":"Nachrichten 20.07.2018 - Radio Rum\u00e4nien International","robots":{"index":"index","follow":"follow","max-snippet":"max-snippet:-1","max-image-preview":"max-image-preview:large","max-video-preview":"max-video-preview:-1"},"canonical":"https:\/\/www.rri.ro\/de\/aktuell\/newsflash-de\/nachrichten-20-07-2018-id632837.html","og_locale":"de_DE","og_type":"article","og_title":"Nachrichten 20.07.2018 - Radio Rum\u00e4nien International","og_description":"Die wichtigsten Meldungen des Tages im \u00dcberblick","og_url":"https:\/\/www.rri.ro\/de\/aktuell\/newsflash-de\/nachrichten-20-07-2018-id632837.html","og_site_name":"Radio Rum\u00e4nien International","article_published_time":"2018-07-20T16:06:00+00:00","og_image":[{"width":640,"height":427,"url":"https:\/\/www.rri.ro\/wp-content\/uploads\/2023\/10\/stiri-germana-ok2-2.png","type":"image\/png"}],"author":"Newsroom","twitter_card":"summary_large_image","twitter_misc":{"Verfasst von":"Newsroom","Gesch\u00e4tzte Lesezeit":"3\u00a0Minuten","Written by":"Newsroom"},"schema":{"@context":"https:\/\/schema.org","@graph":[{"@type":"Article","@id":"https:\/\/www.rri.ro\/de\/aktuell\/newsflash-de\/nachrichten-20-07-2018-id632837.html#article","isPartOf":{"@id":"https:\/\/www.rri.ro\/de\/aktuell\/newsflash-de\/nachrichten-20-07-2018-id632837.html"},"author":{"name":"Newsroom","@id":"https:\/\/www.rri.ro\/#\/schema\/person\/4a479940371b9fdefd194f561e8a7f88"},"headline":"Nachrichten 20.07.2018","datePublished":"2018-07-20T16:06:00+00:00","mainEntityOfPage":{"@id":"https:\/\/www.rri.ro\/de\/aktuell\/newsflash-de\/nachrichten-20-07-2018-id632837.html"},"wordCount":520,"image":{"@id":"https:\/\/www.rri.ro\/de\/aktuell\/newsflash-de\/nachrichten-20-07-2018-id632837.html#primaryimage"},"thumbnailUrl":"https:\/\/www.rri.ro\/wp-content\/uploads\/2023\/10\/stiri-germana-ok2-2.png","keywords":["Austrittsverhandlungen","Brexit","Entwicklung","EU","festival","fonds","Gesetz","Grenze","Haushaltsdefizit","Investitionen","Irland","Migranten","opposition","Regierung","Schloss"],"articleSection":["Newsflash"],"inLanguage":"de"},{"@type":"WebPage","@id":"https:\/\/www.rri.ro\/de\/aktuell\/newsflash-de\/nachrichten-20-07-2018-id632837.html","url":"https:\/\/www.rri.ro\/de\/aktuell\/newsflash-de\/nachrichten-20-07-2018-id632837.html","name":"Nachrichten 20.07.2018 - Radio Rum\u00e4nien International","isPartOf":{"@id":"https:\/\/www.rri.ro\/#website"},"primaryImageOfPage":{"@id":"https:\/\/www.rri.ro\/de\/aktuell\/newsflash-de\/nachrichten-20-07-2018-id632837.html#primaryimage"},"image":{"@id":"https:\/\/www.rri.ro\/de\/aktuell\/newsflash-de\/nachrichten-20-07-2018-id632837.html#primaryimage"},"thumbnailUrl":"https:\/\/www.rri.ro\/wp-content\/uploads\/2023\/10\/stiri-germana-ok2-2.png","datePublished":"2018-07-20T16:06:00+00:00","author":{"@id":"https:\/\/www.rri.ro\/#\/schema\/person\/4a479940371b9fdefd194f561e8a7f88"},"breadcrumb":{"@id":"https:\/\/www.rri.ro\/de\/aktuell\/newsflash-de\/nachrichten-20-07-2018-id632837.html#breadcrumb"},"inLanguage":"de","potentialAction":[{"@type":"ReadAction","target":["https:\/\/www.rri.ro\/de\/aktuell\/newsflash-de\/nachrichten-20-07-2018-id632837.html"]}]},{"@type":"ImageObject","inLanguage":"de","@id":"https:\/\/www.rri.ro\/de\/aktuell\/newsflash-de\/nachrichten-20-07-2018-id632837.html#primaryimage","url":"https:\/\/www.rri.ro\/wp-content\/uploads\/2023\/10\/stiri-germana-ok2-2.png","contentUrl":"https:\/\/www.rri.ro\/wp-content\/uploads\/2023\/10\/stiri-germana-ok2-2.png","width":640,"height":427},{"@type":"BreadcrumbList","@id":"https:\/\/www.rri.ro\/de\/aktuell\/newsflash-de\/nachrichten-20-07-2018-id632837.html#breadcrumb","itemListElement":[{"@type":"ListItem","position":1,"name":"Startseite","item":"https:\/\/www.rri.ro\/de"},{"@type":"ListItem","position":2,"name":"Aktuell","item":"https:\/\/www.rri.ro\/de\/aktuell"},{"@type":"ListItem","position":3,"name":"Newsflash","item":"https:\/\/www.rri.ro\/de\/aktuell\/newsflash-de"},{"@type":"ListItem","position":4,"name":"Nachrichten 20.07.2018"}]},{"@type":"WebSite","@id":"https:\/\/www.rri.ro\/#website","url":"https:\/\/www.rri.ro\/","name":"Radio Rum\u00e4nien International","description":"Totul despre Rom\u00e2nia \u015fi rom\u00e2ni, \u00een 13 limbi\/dialecte!","inLanguage":"de"},{"@type":"Person","@id":"https:\/\/www.rri.ro\/#\/schema\/person\/4a479940371b9fdefd194f561e8a7f88","name":"Newsroom","url":"https:\/\/www.rri.ro\/de\/author\/newsroom"}]}},"_links":{"self":[{"href":"https:\/\/www.rri.ro\/de\/wp-json\/wp\/v2\/posts\/632837","targetHints":{"allow":["GET"]}}],"collection":[{"href":"https:\/\/www.rri.ro\/de\/wp-json\/wp\/v2\/posts"}],"about":[{"href":"https:\/\/www.rri.ro\/de\/wp-json\/wp\/v2\/types\/post"}],"author":[{"embeddable":true,"href":"https:\/\/www.rri.ro\/de\/wp-json\/wp\/v2\/users\/113"}],"replies":[{"embeddable":true,"href":"https:\/\/www.rri.ro\/de\/wp-json\/wp\/v2\/comments?post=632837"}],"version-history":[{"count":0,"href":"https:\/\/www.rri.ro\/de\/wp-json\/wp\/v2\/posts\/632837\/revisions"}],"wp:featuredmedia":[{"embeddable":true,"href":"https:\/\/www.rri.ro\/de\/wp-json\/wp\/v2\/media\/460330"}],"wp:attachment":[{"href":"https:\/\/www.rri.ro\/de\/wp-json\/wp\/v2\/media?parent=632837"}],"wp:term":[{"taxonomy":"category","embeddable":true,"href":"https:\/\/www.rri.ro\/de\/wp-json\/wp\/v2\/categories?post=632837"},{"taxonomy":"post_tag","embeddable":true,"href":"https:\/\/www.rri.ro\/de\/wp-json\/wp\/v2\/tags?post=632837"},{"taxonomy":"author","embeddable":true,"href":"https:\/\/www.rri.ro\/de\/wp-json\/wp\/v2\/coauthors?post=632837"}],"curies":[{"name":"wp","href":"https:\/\/api.w.org\/{rel}","templated":true}]}}