{"id":632891,"date":"2018-09-23T17:03:00","date_gmt":"2018-09-23T14:03:00","guid":{"rendered":"http:\/\/devrri.freshlemon.ro\/aktuell\/nachrichten-23-09-2018-id632891.html"},"modified":"2018-09-23T17:03:00","modified_gmt":"2018-09-23T14:03:00","slug":"nachrichten-23-09-2018","status":"publish","type":"post","link":"https:\/\/www.rri.ro\/de\/aktuell\/newsflash-de\/nachrichten-23-09-2018-id632891.html","title":{"rendered":"Nachrichten 23.09.2018"},"content":{"rendered":"<p><strong>Bukarest:<\/strong> Die rum\u00e4nischen Minister halten den Rekord auf EU-Ebene f\u00fcr die Anwesendheit bei den Treffen des EU-Rates, dessen Pr\u00e4sidentschaft Rum\u00e4nien am 1. Januar 2019 \u00fcbernehmen wird. Laut einer Analyse der d\u00e4nischen Gruppe Europa, die von EUobserver zitiert wird, haben die rum\u00e4nischen Minister an \u00fcber 90% der Treffen teilgenommen. Der europ\u00e4ische Durchschnitt ist von 76%. Die Berechnung fu\u00dfte auf den Minuten der Treffen des EU-Rates in der Zeitspanne 28. Juni 2015 \u2013 1. August 2018. Rum\u00e4nien wird den EU-Rat im Dialog mit den anderen europ\u00e4ischen Institutionen vertreten, besonders mit der Europ\u00e4ischen Kommission und dem Europaparlament und wird mit dem Pr\u00e4sidenten des Europarates im Rahmen des Entscheidungsverfahrens eng zusammenarbeiten.<\/p>\n<p>&#13;<br \/>\n&#13;<\/p>\n<p>&#13;<br \/>\n&#13;<\/p>\n<p>&#13;<br \/>\n&#13;<\/p>\n<p><strong>Br\u00fcssel:<\/strong> Rund 30 Rum\u00e4nen  kandidieren bei den Kommunalwahlen in Belgien auf den Listen verschiedener politischen Parteien. Die Kommunalwahlen sollen am 14. Oktober stattfinden. Die rum\u00e4nischen Kandidaten versuchen die \u00c4mter der Berater in mehreren Ortschaften, einschlie\u00dflich in Br\u00fcssel zu bekleiden. Die Initiatorin des Projektes DreptLaVot  Ioana Banach erkl\u00e4rt auf der Internetseite der rum\u00e4nischen virtuellen Gemeinschaft in Belgien, die rum\u00e4nischen Kandidaten spielen diesmal eine wichtige Rolle, weil die Rum\u00e4nen 9% der Einwohnerzahl Br\u00fcssels darstellen.<\/p>\n<p>&#13;<br \/>\n&#13;<\/p>\n<p>&#13;<br \/>\n&#13;<\/p>\n<p><strong><br \/><\/strong><\/p>\n<p><strong>Bukarest:<\/strong> Am diesem Wochenende wurde das 559. Jubil\u00e4um der rum\u00e4nischen Hauptstadt gefeiert. Dieses Jahr steht die Feier im engen Zusammenhang mit dem 100. Jubil\u00e4um der Gro\u00dfen Vereinigung, als Rum\u00e4nien zu einem einheitlichen Staat wurde. Das ganze Wochenende \u00fcber traten renommierte S\u00e4nger und Bands in Bukarest auf: am Freitag der weltweit ber\u00fchte rum\u00e4nische Panfl\u00f6tist Gheorghe Zamfir, am Sonntag Rod Stewart. Die Feier begann am Donnerstag mit der Wiederer\u00f6ffnung der Brunnen auf dem Unirii-Platz durch eine symphonische und multimediale Show. Nach einem umfassenden Modernisierungprozess hat der Hauptbrunnen vier Wasser-Bildschirme\u201c erhalten, jeweils f\u00fcr die vier Himmelsrichtungen mit dem Ziel, eine gro\u00dfe, in Europa einzigartige Multimedia-Plattform f\u00fcr Video- und Laserprojektionen mit dreidimensionalen Effekten zu schaffen. Ab dem 28. September bieten die Brunnen jeden Freitag-, Samstag- und Sonntagabend Multimediashows. Die Brunnen auf dem Uniriiplatz wurden in den sp\u00e4ten 80er Jahren gebaut und z\u00e4hlen mit 1,4 km und einer Wasserfl\u00e4che von 16.200 m\u00b2 zu den l\u00e4ngsten der Welt.<\/p>\n<p>&#13;<br \/>\n&#13;<\/p>\n<p>&#13;<br \/>\n&#13;<\/p>\n<p>&#13;<br \/>\n&#13;<\/p>\n<p><strong>Bukarest:<\/strong> Die rum\u00e4nischen Sch\u00fcler haben bei der 4. Auflage der Internationalen Franz\u00f6sischolympiade in  Ohrid, Mazedonien, im Zeitraum 15.-19. September neun Medallien gewonnen, so eine Mitteilung des Bildungsministeriums. Es geht um vier erste Preise, drei zweite Preise und zwei dritte Preise. Die rum\u00e4nischen Sch\u00fcler hatten im Sommer ebenfalls besondere Ergebnisse bei anderen internationalen Wettbewerben. Im Juli haben sie bei der Physikolympiade in Lisabon eine Goldmedaille, zwei Silber- und zwei Bronzemedaillen erhalten.  Bei der Informatikolympiade Mitteleuropas hat die rum\u00e4nische Mannschaft vier Medallien gewonnen, zwei Gold- und weitere zwei Silbermedallien. Von der Internationalen Olympiade f\u00fcr Erdwissenschaften von Warschau im August kamen die rum\u00e4nischen Sch\u00fcler mit einer Silbermedallie und drei Bronzemedallien zur\u00fcck. <\/p>\n<p>&#13;<\/p>\n","protected":false},"excerpt":{"rendered":"<p>Bukarest: Die rum\u00e4nischen Minister halten den Rekord auf EU-Ebene f\u00fcr die Anwesendheit bei den Treffen des EU-Rates, dessen Pr\u00e4sidentschaft Rum\u00e4nien am 1. Januar 2019 \u00fcbernehmen wird. Laut einer Analyse der d\u00e4nischen Gruppe Europa, die von EUobserver zitiert wird, haben die rum\u00e4nischen Minister an \u00fcber 90% der Treffen teilgenommen. Der europ\u00e4ische Durchschnitt ist von 76%. Die [&hellip;]<\/p>\n","protected":false},"author":113,"featured_media":460330,"comment_status":"closed","ping_status":"closed","sticky":false,"template":"","format":"standard","meta":{"_acf_changed":false,"footnotes":""},"categories":[116753],"tags":[126577,100679,123851,99587,99869,99801,101388,102747,172868,126578,99589,126576],"coauthors":[],"class_list":["post-632891","post","type-post","status-publish","format-standard","has-post-thumbnail","hentry","category-newsflash-de","tag-anwesendheit","tag-belgien","tag-brunnen","tag-bukarest","tag-eu-ratspraesidentschaft","tag-europaeische-kommission","tag-jubilaeum","tag-kommunalwahlen","tag-minister-de","tag-rod-steward","tag-rumaenien","tag-unirii-platz"],"acf":[],"yoast_head":"<!-- This site is optimized with the Yoast SEO plugin v27.5 - https:\/\/yoast.com\/product\/yoast-seo-wordpress\/ -->\n<title>Nachrichten 23.09.2018 - Radio Rum\u00e4nien International<\/title>\n<meta name=\"robots\" content=\"index, follow, max-snippet:-1, max-image-preview:large, max-video-preview:-1\" \/>\n<link rel=\"canonical\" href=\"https:\/\/www.rri.ro\/de\/aktuell\/newsflash-de\/nachrichten-23-09-2018-id632891.html\" \/>\n<meta property=\"og:locale\" content=\"de_DE\" \/>\n<meta property=\"og:type\" content=\"article\" \/>\n<meta property=\"og:title\" content=\"Nachrichten 23.09.2018 - Radio Rum\u00e4nien International\" \/>\n<meta property=\"og:description\" content=\"Bukarest: Die rum\u00e4nischen Minister halten den Rekord auf EU-Ebene f\u00fcr die Anwesendheit bei den Treffen des EU-Rates, dessen Pr\u00e4sidentschaft Rum\u00e4nien am 1. Januar 2019 \u00fcbernehmen wird. Laut einer Analyse der d\u00e4nischen Gruppe Europa, die von EUobserver zitiert wird, haben die rum\u00e4nischen Minister an \u00fcber 90% der Treffen teilgenommen. Der europ\u00e4ische Durchschnitt ist von 76%. Die [&hellip;]\" \/>\n<meta property=\"og:url\" content=\"https:\/\/www.rri.ro\/de\/aktuell\/newsflash-de\/nachrichten-23-09-2018-id632891.html\" \/>\n<meta property=\"og:site_name\" content=\"Radio Rum\u00e4nien International\" \/>\n<meta property=\"article:published_time\" content=\"2018-09-23T14:03:00+00:00\" \/>\n<meta property=\"og:image\" content=\"https:\/\/www.rri.ro\/wp-content\/uploads\/2023\/10\/stiri-germana-ok2-2.png\" \/>\n\t<meta property=\"og:image:width\" content=\"640\" \/>\n\t<meta property=\"og:image:height\" content=\"427\" \/>\n\t<meta property=\"og:image:type\" content=\"image\/png\" \/>\n<meta name=\"author\" content=\"Newsroom\" \/>\n<meta name=\"twitter:card\" content=\"summary_large_image\" \/>\n<meta name=\"twitter:label1\" content=\"Verfasst von\" \/>\n\t<meta name=\"twitter:data1\" content=\"Newsroom\" \/>\n\t<meta name=\"twitter:label2\" content=\"Gesch\u00e4tzte Lesezeit\" \/>\n\t<meta name=\"twitter:data2\" content=\"2\u00a0Minuten\" \/>\n\t<meta name=\"twitter:label3\" content=\"Written by\" \/>\n\t<meta name=\"twitter:data3\" content=\"Newsroom\" \/>\n<script type=\"application\/ld+json\" class=\"yoast-schema-graph\">{\"@context\":\"https:\\\/\\\/schema.org\",\"@graph\":[{\"@type\":\"Article\",\"@id\":\"https:\\\/\\\/www.rri.ro\\\/de\\\/aktuell\\\/newsflash-de\\\/nachrichten-23-09-2018-id632891.html#article\",\"isPartOf\":{\"@id\":\"https:\\\/\\\/www.rri.ro\\\/de\\\/aktuell\\\/newsflash-de\\\/nachrichten-23-09-2018-id632891.html\"},\"author\":{\"name\":\"Newsroom\",\"@id\":\"https:\\\/\\\/www.rri.ro\\\/#\\\/schema\\\/person\\\/4a479940371b9fdefd194f561e8a7f88\"},\"headline\":\"Nachrichten 23.09.2018\",\"datePublished\":\"2018-09-23T14:03:00+00:00\",\"mainEntityOfPage\":{\"@id\":\"https:\\\/\\\/www.rri.ro\\\/de\\\/aktuell\\\/newsflash-de\\\/nachrichten-23-09-2018-id632891.html\"},\"wordCount\":471,\"image\":{\"@id\":\"https:\\\/\\\/www.rri.ro\\\/de\\\/aktuell\\\/newsflash-de\\\/nachrichten-23-09-2018-id632891.html#primaryimage\"},\"thumbnailUrl\":\"https:\\\/\\\/www.rri.ro\\\/wp-content\\\/uploads\\\/2023\\\/10\\\/stiri-germana-ok2-2.png\",\"keywords\":[\"Anwesendheit\",\"Belgien\",\"Brunnen\",\"Bukarest\",\"EU-Ratspr\u00e4sidentschaft\",\"Europ\u00e4ische Kommission\",\"Jubil\u00e4um\",\"Kommunalwahlen\",\"minister\",\"Rod Steward\",\"Rum\u00e4nien\",\"Unirii-Platz\"],\"articleSection\":[\"Newsflash\"],\"inLanguage\":\"de\"},{\"@type\":\"WebPage\",\"@id\":\"https:\\\/\\\/www.rri.ro\\\/de\\\/aktuell\\\/newsflash-de\\\/nachrichten-23-09-2018-id632891.html\",\"url\":\"https:\\\/\\\/www.rri.ro\\\/de\\\/aktuell\\\/newsflash-de\\\/nachrichten-23-09-2018-id632891.html\",\"name\":\"Nachrichten 23.09.2018 - Radio Rum\u00e4nien International\",\"isPartOf\":{\"@id\":\"https:\\\/\\\/www.rri.ro\\\/#website\"},\"primaryImageOfPage\":{\"@id\":\"https:\\\/\\\/www.rri.ro\\\/de\\\/aktuell\\\/newsflash-de\\\/nachrichten-23-09-2018-id632891.html#primaryimage\"},\"image\":{\"@id\":\"https:\\\/\\\/www.rri.ro\\\/de\\\/aktuell\\\/newsflash-de\\\/nachrichten-23-09-2018-id632891.html#primaryimage\"},\"thumbnailUrl\":\"https:\\\/\\\/www.rri.ro\\\/wp-content\\\/uploads\\\/2023\\\/10\\\/stiri-germana-ok2-2.png\",\"datePublished\":\"2018-09-23T14:03:00+00:00\",\"author\":{\"@id\":\"https:\\\/\\\/www.rri.ro\\\/#\\\/schema\\\/person\\\/4a479940371b9fdefd194f561e8a7f88\"},\"breadcrumb\":{\"@id\":\"https:\\\/\\\/www.rri.ro\\\/de\\\/aktuell\\\/newsflash-de\\\/nachrichten-23-09-2018-id632891.html#breadcrumb\"},\"inLanguage\":\"de\",\"potentialAction\":[{\"@type\":\"ReadAction\",\"target\":[\"https:\\\/\\\/www.rri.ro\\\/de\\\/aktuell\\\/newsflash-de\\\/nachrichten-23-09-2018-id632891.html\"]}]},{\"@type\":\"ImageObject\",\"inLanguage\":\"de\",\"@id\":\"https:\\\/\\\/www.rri.ro\\\/de\\\/aktuell\\\/newsflash-de\\\/nachrichten-23-09-2018-id632891.html#primaryimage\",\"url\":\"https:\\\/\\\/www.rri.ro\\\/wp-content\\\/uploads\\\/2023\\\/10\\\/stiri-germana-ok2-2.png\",\"contentUrl\":\"https:\\\/\\\/www.rri.ro\\\/wp-content\\\/uploads\\\/2023\\\/10\\\/stiri-germana-ok2-2.png\",\"width\":640,\"height\":427},{\"@type\":\"BreadcrumbList\",\"@id\":\"https:\\\/\\\/www.rri.ro\\\/de\\\/aktuell\\\/newsflash-de\\\/nachrichten-23-09-2018-id632891.html#breadcrumb\",\"itemListElement\":[{\"@type\":\"ListItem\",\"position\":1,\"name\":\"Startseite\",\"item\":\"https:\\\/\\\/www.rri.ro\\\/de\"},{\"@type\":\"ListItem\",\"position\":2,\"name\":\"Aktuell\",\"item\":\"https:\\\/\\\/www.rri.ro\\\/de\\\/aktuell\"},{\"@type\":\"ListItem\",\"position\":3,\"name\":\"Newsflash\",\"item\":\"https:\\\/\\\/www.rri.ro\\\/de\\\/aktuell\\\/newsflash-de\"},{\"@type\":\"ListItem\",\"position\":4,\"name\":\"Nachrichten 23.09.2018\"}]},{\"@type\":\"WebSite\",\"@id\":\"https:\\\/\\\/www.rri.ro\\\/#website\",\"url\":\"https:\\\/\\\/www.rri.ro\\\/\",\"name\":\"Radio Rum\u00e4nien International\",\"description\":\"Totul despre Rom\u00e2nia \u015fi rom\u00e2ni, \u00een 13 limbi\\\/dialecte!\",\"inLanguage\":\"de\"},{\"@type\":\"Person\",\"@id\":\"https:\\\/\\\/www.rri.ro\\\/#\\\/schema\\\/person\\\/4a479940371b9fdefd194f561e8a7f88\",\"name\":\"Newsroom\",\"url\":\"https:\\\/\\\/www.rri.ro\\\/de\\\/author\\\/newsroom\"}]}<\/script>\n<!-- \/ Yoast SEO plugin. -->","yoast_head_json":{"title":"Nachrichten 23.09.2018 - Radio Rum\u00e4nien International","robots":{"index":"index","follow":"follow","max-snippet":"max-snippet:-1","max-image-preview":"max-image-preview:large","max-video-preview":"max-video-preview:-1"},"canonical":"https:\/\/www.rri.ro\/de\/aktuell\/newsflash-de\/nachrichten-23-09-2018-id632891.html","og_locale":"de_DE","og_type":"article","og_title":"Nachrichten 23.09.2018 - Radio Rum\u00e4nien International","og_description":"Bukarest: Die rum\u00e4nischen Minister halten den Rekord auf EU-Ebene f\u00fcr die Anwesendheit bei den Treffen des EU-Rates, dessen Pr\u00e4sidentschaft Rum\u00e4nien am 1. Januar 2019 \u00fcbernehmen wird. Laut einer Analyse der d\u00e4nischen Gruppe Europa, die von EUobserver zitiert wird, haben die rum\u00e4nischen Minister an \u00fcber 90% der Treffen teilgenommen. Der europ\u00e4ische Durchschnitt ist von 76%. Die [&hellip;]","og_url":"https:\/\/www.rri.ro\/de\/aktuell\/newsflash-de\/nachrichten-23-09-2018-id632891.html","og_site_name":"Radio Rum\u00e4nien International","article_published_time":"2018-09-23T14:03:00+00:00","og_image":[{"width":640,"height":427,"url":"https:\/\/www.rri.ro\/wp-content\/uploads\/2023\/10\/stiri-germana-ok2-2.png","type":"image\/png"}],"author":"Newsroom","twitter_card":"summary_large_image","twitter_misc":{"Verfasst von":"Newsroom","Gesch\u00e4tzte Lesezeit":"2\u00a0Minuten","Written by":"Newsroom"},"schema":{"@context":"https:\/\/schema.org","@graph":[{"@type":"Article","@id":"https:\/\/www.rri.ro\/de\/aktuell\/newsflash-de\/nachrichten-23-09-2018-id632891.html#article","isPartOf":{"@id":"https:\/\/www.rri.ro\/de\/aktuell\/newsflash-de\/nachrichten-23-09-2018-id632891.html"},"author":{"name":"Newsroom","@id":"https:\/\/www.rri.ro\/#\/schema\/person\/4a479940371b9fdefd194f561e8a7f88"},"headline":"Nachrichten 23.09.2018","datePublished":"2018-09-23T14:03:00+00:00","mainEntityOfPage":{"@id":"https:\/\/www.rri.ro\/de\/aktuell\/newsflash-de\/nachrichten-23-09-2018-id632891.html"},"wordCount":471,"image":{"@id":"https:\/\/www.rri.ro\/de\/aktuell\/newsflash-de\/nachrichten-23-09-2018-id632891.html#primaryimage"},"thumbnailUrl":"https:\/\/www.rri.ro\/wp-content\/uploads\/2023\/10\/stiri-germana-ok2-2.png","keywords":["Anwesendheit","Belgien","Brunnen","Bukarest","EU-Ratspr\u00e4sidentschaft","Europ\u00e4ische Kommission","Jubil\u00e4um","Kommunalwahlen","minister","Rod Steward","Rum\u00e4nien","Unirii-Platz"],"articleSection":["Newsflash"],"inLanguage":"de"},{"@type":"WebPage","@id":"https:\/\/www.rri.ro\/de\/aktuell\/newsflash-de\/nachrichten-23-09-2018-id632891.html","url":"https:\/\/www.rri.ro\/de\/aktuell\/newsflash-de\/nachrichten-23-09-2018-id632891.html","name":"Nachrichten 23.09.2018 - Radio Rum\u00e4nien International","isPartOf":{"@id":"https:\/\/www.rri.ro\/#website"},"primaryImageOfPage":{"@id":"https:\/\/www.rri.ro\/de\/aktuell\/newsflash-de\/nachrichten-23-09-2018-id632891.html#primaryimage"},"image":{"@id":"https:\/\/www.rri.ro\/de\/aktuell\/newsflash-de\/nachrichten-23-09-2018-id632891.html#primaryimage"},"thumbnailUrl":"https:\/\/www.rri.ro\/wp-content\/uploads\/2023\/10\/stiri-germana-ok2-2.png","datePublished":"2018-09-23T14:03:00+00:00","author":{"@id":"https:\/\/www.rri.ro\/#\/schema\/person\/4a479940371b9fdefd194f561e8a7f88"},"breadcrumb":{"@id":"https:\/\/www.rri.ro\/de\/aktuell\/newsflash-de\/nachrichten-23-09-2018-id632891.html#breadcrumb"},"inLanguage":"de","potentialAction":[{"@type":"ReadAction","target":["https:\/\/www.rri.ro\/de\/aktuell\/newsflash-de\/nachrichten-23-09-2018-id632891.html"]}]},{"@type":"ImageObject","inLanguage":"de","@id":"https:\/\/www.rri.ro\/de\/aktuell\/newsflash-de\/nachrichten-23-09-2018-id632891.html#primaryimage","url":"https:\/\/www.rri.ro\/wp-content\/uploads\/2023\/10\/stiri-germana-ok2-2.png","contentUrl":"https:\/\/www.rri.ro\/wp-content\/uploads\/2023\/10\/stiri-germana-ok2-2.png","width":640,"height":427},{"@type":"BreadcrumbList","@id":"https:\/\/www.rri.ro\/de\/aktuell\/newsflash-de\/nachrichten-23-09-2018-id632891.html#breadcrumb","itemListElement":[{"@type":"ListItem","position":1,"name":"Startseite","item":"https:\/\/www.rri.ro\/de"},{"@type":"ListItem","position":2,"name":"Aktuell","item":"https:\/\/www.rri.ro\/de\/aktuell"},{"@type":"ListItem","position":3,"name":"Newsflash","item":"https:\/\/www.rri.ro\/de\/aktuell\/newsflash-de"},{"@type":"ListItem","position":4,"name":"Nachrichten 23.09.2018"}]},{"@type":"WebSite","@id":"https:\/\/www.rri.ro\/#website","url":"https:\/\/www.rri.ro\/","name":"Radio Rum\u00e4nien International","description":"Totul despre Rom\u00e2nia \u015fi rom\u00e2ni, \u00een 13 limbi\/dialecte!","inLanguage":"de"},{"@type":"Person","@id":"https:\/\/www.rri.ro\/#\/schema\/person\/4a479940371b9fdefd194f561e8a7f88","name":"Newsroom","url":"https:\/\/www.rri.ro\/de\/author\/newsroom"}]}},"_links":{"self":[{"href":"https:\/\/www.rri.ro\/de\/wp-json\/wp\/v2\/posts\/632891","targetHints":{"allow":["GET"]}}],"collection":[{"href":"https:\/\/www.rri.ro\/de\/wp-json\/wp\/v2\/posts"}],"about":[{"href":"https:\/\/www.rri.ro\/de\/wp-json\/wp\/v2\/types\/post"}],"author":[{"embeddable":true,"href":"https:\/\/www.rri.ro\/de\/wp-json\/wp\/v2\/users\/113"}],"replies":[{"embeddable":true,"href":"https:\/\/www.rri.ro\/de\/wp-json\/wp\/v2\/comments?post=632891"}],"version-history":[{"count":0,"href":"https:\/\/www.rri.ro\/de\/wp-json\/wp\/v2\/posts\/632891\/revisions"}],"wp:featuredmedia":[{"embeddable":true,"href":"https:\/\/www.rri.ro\/de\/wp-json\/wp\/v2\/media\/460330"}],"wp:attachment":[{"href":"https:\/\/www.rri.ro\/de\/wp-json\/wp\/v2\/media?parent=632891"}],"wp:term":[{"taxonomy":"category","embeddable":true,"href":"https:\/\/www.rri.ro\/de\/wp-json\/wp\/v2\/categories?post=632891"},{"taxonomy":"post_tag","embeddable":true,"href":"https:\/\/www.rri.ro\/de\/wp-json\/wp\/v2\/tags?post=632891"},{"taxonomy":"author","embeddable":true,"href":"https:\/\/www.rri.ro\/de\/wp-json\/wp\/v2\/coauthors?post=632891"}],"curies":[{"name":"wp","href":"https:\/\/api.w.org\/{rel}","templated":true}]}}