{"id":632892,"date":"2018-09-25T18:31:00","date_gmt":"2018-09-25T15:31:00","guid":{"rendered":"http:\/\/devrri.freshlemon.ro\/aktuell\/nachrichen-25-09-2018-id632892.html"},"modified":"2018-09-25T18:31:00","modified_gmt":"2018-09-25T15:31:00","slug":"nachrichen-25-09-2018","status":"publish","type":"post","link":"https:\/\/www.rri.ro\/de\/aktuell\/newsflash-de\/nachrichen-25-09-2018-id632892.html","title":{"rendered":"Nachrichen 25.09.2018"},"content":{"rendered":"<p><strong>Bukarest:<\/strong> Rum\u00e4niens Premierministerin Viorica D\u0103ncil\u0103 ist zu einem zweit\u00e4gigen Arbeitsbesuch nach Br\u00fcssel gereist. Sie wird mit Vertretern der Fraktionen im Europ\u00e4ischen Parlament, der Allianz der Sozialisten und Demokraten, der Allianz der Liberalen und Demokraten f\u00fcr Europa, die Fraktion der Gr\u00fcnen und die Fraktion der Europ\u00e4ischen Volkspartei zusammenkommen. In Br\u00fcssel will die Regierungschefin \u00fcber die Schwerpunkte der europ\u00e4ischen Agenda im Hinblick auf die rum\u00e4nische EU-Ratspr\u00e4sidentschaft diskutieren und sich bereit f\u00fcr einen aktiven Beitrag zum Gedankengang \u00fcber die Zukunft Europas zeigen.<\/p>\n<p>&#13;<br \/>\n&#13;<\/p>\n<p>&#13;<br \/>\n&#13;<\/p>\n<p><strong>Bukarest:<\/strong> Der erste Tag der UN-Generalversammlung in New York steht im Zeichen der Rede von US-Pr\u00e4sident Donald Trump. Fast 130 Staats- und Regierungschefs sind anwesend, Rum\u00e4nien ist durch Pr\u00e4sident Klaus Iohannis vertreten. Sie beteiligen sich als erstes an der Er\u00f6ffnung des Hauptteils der allgemeinen Debatten der 73. Tagung der UN-Generalversammlung. In seiner Ansprache von Mittwoch wird Pr\u00e4sident Klaus Iohannis dabei die Notwendigkeit einer wirksamen Antwort auf die wichtigsten Herausforderungen f\u00fcr den internationalen Frieden und die internationale Sicherheit unterstreichen und gleichzeitig die Ursachen dieser Krisen erzeugenden Konflikte aufzeigen.<\/p>\n<p>&#13;<br \/>\n&#13;<\/p>\n<p>&#13;<br \/>\n&#13;<\/p>\n<p><strong>Bukarest:<\/strong> Die Abgeordnetenkammer in Bukarest hat am Dienstag \u00fcber einen Misstrauensantrag, der von der Nationalliberalen Partei gegen den Landwirtschaftsminister Petre Daea eingeleitet wurde debattiert. Diesem wird Inkompetenz bei der L\u00f6sung der Schweinepestkrise vorgeworfen. Die Liberalen behaupten, die Regierungskoalition gebildet aus der PSD und ALDE haben die Gr\u00fcndung eines Parlamentausschusses f\u00fcr die Untersuchung der Art und Weise, in der die rum\u00e4nischen Beh\u00f6rden f\u00fcr das Stoppen der Krankheit aktioniert haben, abgewiesen. \u00dcber den Misstrauensantrag soll am Mittwoch abgestimmt werden. Seit Ende Juli wurden in Rum\u00e4nien  rund 900 Schweinepestherde in mehreren Landkreisen best\u00e4tigt.<\/p>\n<p>&#13;<br \/>\n&#13;<\/p>\n<p>&#13;<br \/>\n&#13;<\/p>\n<p><strong>Bukarest:<\/strong> Der rum\u00e4nische Verteidigungsminister Mihai Fifor hat sich am ersten Tag seines Besuches in Wahsington  am Forum des Zentrums f\u00fcr  Europ\u00e4ische Politik, mit Sitz in Washington, beteiligt. Dabei sprach er \u00fcber die Engagements der rum\u00e4nischen Regierung und die Missionen am Schwarzen Meer. Das Zentrum ist der europapolitische Think-Tank der Stiftung Ordnungspolitik, das die volkswirtschaftlichen Vorhaben der EU analysiert. Auf dem Programm des US-Besuches des rum\u00e4nischen Verteidigungsministers stehen zudem Gespr\u00e4che mit dem Gouverneur von Alabama, Kay Ivey und Vertretern des US-Kongresses. <\/p>\n<p>&#13;<\/p>\n","protected":false},"excerpt":{"rendered":"<p>Bukarest: Rum\u00e4niens Premierministerin Viorica D\u0103ncil\u0103 ist zu einem zweit\u00e4gigen Arbeitsbesuch nach Br\u00fcssel gereist. Sie wird mit Vertretern der Fraktionen im Europ\u00e4ischen Parlament, der Allianz der Sozialisten und Demokraten, der Allianz der Liberalen und Demokraten f\u00fcr Europa, die Fraktion der Gr\u00fcnen und die Fraktion der Europ\u00e4ischen Volkspartei zusammenkommen. In Br\u00fcssel will die Regierungschefin \u00fcber die Schwerpunkte [&hellip;]<\/p>\n","protected":false},"author":113,"featured_media":460330,"comment_status":"closed","ping_status":"closed","sticky":false,"template":"","format":"standard","meta":{"_acf_changed":false,"footnotes":""},"categories":[116753],"tags":[100681,31338,99587,134270,137226,32557,103592,143776,100113,104397,164476],"coauthors":[],"class_list":["post-632892","post","type-post","status-publish","format-standard","has-post-thumbnail","hentry","category-newsflash-de","tag-abgeordnetenkammer","tag-alde","tag-bukarest","tag-eu-de","tag-klaus-iohannis-de","tag-mihai-fifor","tag-nationalliberalen","tag-psd-de","tag-schwarzes-meer","tag-schweinepest","tag-washington-de"],"acf":[],"yoast_head":"<!-- This site is optimized with the Yoast SEO plugin v27.3 - https:\/\/yoast.com\/product\/yoast-seo-wordpress\/ -->\n<title>Nachrichen 25.09.2018 - Radio Rum\u00e4nien International<\/title>\n<meta name=\"robots\" content=\"index, follow, max-snippet:-1, max-image-preview:large, max-video-preview:-1\" \/>\n<link rel=\"canonical\" href=\"https:\/\/www.rri.ro\/de\/aktuell\/newsflash-de\/nachrichen-25-09-2018-id632892.html\" \/>\n<meta property=\"og:locale\" content=\"de_DE\" \/>\n<meta property=\"og:type\" content=\"article\" \/>\n<meta property=\"og:title\" content=\"Nachrichen 25.09.2018 - Radio Rum\u00e4nien International\" \/>\n<meta property=\"og:description\" content=\"Bukarest: Rum\u00e4niens Premierministerin Viorica D\u0103ncil\u0103 ist zu einem zweit\u00e4gigen Arbeitsbesuch nach Br\u00fcssel gereist. Sie wird mit Vertretern der Fraktionen im Europ\u00e4ischen Parlament, der Allianz der Sozialisten und Demokraten, der Allianz der Liberalen und Demokraten f\u00fcr Europa, die Fraktion der Gr\u00fcnen und die Fraktion der Europ\u00e4ischen Volkspartei zusammenkommen. In Br\u00fcssel will die Regierungschefin \u00fcber die Schwerpunkte [&hellip;]\" \/>\n<meta property=\"og:url\" content=\"https:\/\/www.rri.ro\/de\/aktuell\/newsflash-de\/nachrichen-25-09-2018-id632892.html\" \/>\n<meta property=\"og:site_name\" content=\"Radio Rum\u00e4nien International\" \/>\n<meta property=\"article:published_time\" content=\"2018-09-25T15:31:00+00:00\" \/>\n<meta property=\"og:image\" content=\"https:\/\/www.rri.ro\/wp-content\/uploads\/2023\/10\/stiri-germana-ok2-2.png\" \/>\n\t<meta property=\"og:image:width\" content=\"640\" \/>\n\t<meta property=\"og:image:height\" content=\"427\" \/>\n\t<meta property=\"og:image:type\" content=\"image\/png\" \/>\n<meta name=\"author\" content=\"Newsroom\" \/>\n<meta name=\"twitter:card\" content=\"summary_large_image\" \/>\n<meta name=\"twitter:label1\" content=\"Verfasst von\" \/>\n\t<meta name=\"twitter:data1\" content=\"Newsroom\" \/>\n\t<meta name=\"twitter:label2\" content=\"Gesch\u00e4tzte Lesezeit\" \/>\n\t<meta name=\"twitter:data2\" content=\"2\u00a0Minuten\" \/>\n\t<meta name=\"twitter:label3\" content=\"Written by\" \/>\n\t<meta name=\"twitter:data3\" content=\"Newsroom\" \/>\n<script type=\"application\/ld+json\" class=\"yoast-schema-graph\">{\"@context\":\"https:\\\/\\\/schema.org\",\"@graph\":[{\"@type\":\"Article\",\"@id\":\"https:\\\/\\\/www.rri.ro\\\/de\\\/aktuell\\\/newsflash-de\\\/nachrichen-25-09-2018-id632892.html#article\",\"isPartOf\":{\"@id\":\"https:\\\/\\\/www.rri.ro\\\/de\\\/aktuell\\\/newsflash-de\\\/nachrichen-25-09-2018-id632892.html\"},\"author\":{\"name\":\"Newsroom\",\"@id\":\"https:\\\/\\\/www.rri.ro\\\/#\\\/schema\\\/person\\\/4a479940371b9fdefd194f561e8a7f88\"},\"headline\":\"Nachrichen 25.09.2018\",\"datePublished\":\"2018-09-25T15:31:00+00:00\",\"mainEntityOfPage\":{\"@id\":\"https:\\\/\\\/www.rri.ro\\\/de\\\/aktuell\\\/newsflash-de\\\/nachrichen-25-09-2018-id632892.html\"},\"wordCount\":367,\"image\":{\"@id\":\"https:\\\/\\\/www.rri.ro\\\/de\\\/aktuell\\\/newsflash-de\\\/nachrichen-25-09-2018-id632892.html#primaryimage\"},\"thumbnailUrl\":\"https:\\\/\\\/www.rri.ro\\\/wp-content\\\/uploads\\\/2023\\\/10\\\/stiri-germana-ok2-2.png\",\"keywords\":[\"Abgeordnetenkammer\",\"ALDE\",\"Bukarest\",\"EU\",\"Klaus Iohannis\",\"mihai fifor\",\"Nationalliberalen\",\"PSD\",\"Schwarzes Meer\",\"Schweinepest\",\"Washington\"],\"articleSection\":[\"Newsflash\"],\"inLanguage\":\"de\"},{\"@type\":\"WebPage\",\"@id\":\"https:\\\/\\\/www.rri.ro\\\/de\\\/aktuell\\\/newsflash-de\\\/nachrichen-25-09-2018-id632892.html\",\"url\":\"https:\\\/\\\/www.rri.ro\\\/de\\\/aktuell\\\/newsflash-de\\\/nachrichen-25-09-2018-id632892.html\",\"name\":\"Nachrichen 25.09.2018 - Radio Rum\u00e4nien International\",\"isPartOf\":{\"@id\":\"https:\\\/\\\/www.rri.ro\\\/#website\"},\"primaryImageOfPage\":{\"@id\":\"https:\\\/\\\/www.rri.ro\\\/de\\\/aktuell\\\/newsflash-de\\\/nachrichen-25-09-2018-id632892.html#primaryimage\"},\"image\":{\"@id\":\"https:\\\/\\\/www.rri.ro\\\/de\\\/aktuell\\\/newsflash-de\\\/nachrichen-25-09-2018-id632892.html#primaryimage\"},\"thumbnailUrl\":\"https:\\\/\\\/www.rri.ro\\\/wp-content\\\/uploads\\\/2023\\\/10\\\/stiri-germana-ok2-2.png\",\"datePublished\":\"2018-09-25T15:31:00+00:00\",\"author\":{\"@id\":\"https:\\\/\\\/www.rri.ro\\\/#\\\/schema\\\/person\\\/4a479940371b9fdefd194f561e8a7f88\"},\"breadcrumb\":{\"@id\":\"https:\\\/\\\/www.rri.ro\\\/de\\\/aktuell\\\/newsflash-de\\\/nachrichen-25-09-2018-id632892.html#breadcrumb\"},\"inLanguage\":\"de\",\"potentialAction\":[{\"@type\":\"ReadAction\",\"target\":[\"https:\\\/\\\/www.rri.ro\\\/de\\\/aktuell\\\/newsflash-de\\\/nachrichen-25-09-2018-id632892.html\"]}]},{\"@type\":\"ImageObject\",\"inLanguage\":\"de\",\"@id\":\"https:\\\/\\\/www.rri.ro\\\/de\\\/aktuell\\\/newsflash-de\\\/nachrichen-25-09-2018-id632892.html#primaryimage\",\"url\":\"https:\\\/\\\/www.rri.ro\\\/wp-content\\\/uploads\\\/2023\\\/10\\\/stiri-germana-ok2-2.png\",\"contentUrl\":\"https:\\\/\\\/www.rri.ro\\\/wp-content\\\/uploads\\\/2023\\\/10\\\/stiri-germana-ok2-2.png\",\"width\":640,\"height\":427},{\"@type\":\"BreadcrumbList\",\"@id\":\"https:\\\/\\\/www.rri.ro\\\/de\\\/aktuell\\\/newsflash-de\\\/nachrichen-25-09-2018-id632892.html#breadcrumb\",\"itemListElement\":[{\"@type\":\"ListItem\",\"position\":1,\"name\":\"Startseite\",\"item\":\"https:\\\/\\\/www.rri.ro\\\/de\"},{\"@type\":\"ListItem\",\"position\":2,\"name\":\"Aktuell\",\"item\":\"https:\\\/\\\/www.rri.ro\\\/de\\\/aktuell\"},{\"@type\":\"ListItem\",\"position\":3,\"name\":\"Newsflash\",\"item\":\"https:\\\/\\\/www.rri.ro\\\/de\\\/aktuell\\\/newsflash-de\"},{\"@type\":\"ListItem\",\"position\":4,\"name\":\"Nachrichen 25.09.2018\"}]},{\"@type\":\"WebSite\",\"@id\":\"https:\\\/\\\/www.rri.ro\\\/#website\",\"url\":\"https:\\\/\\\/www.rri.ro\\\/\",\"name\":\"Radio Rum\u00e4nien International\",\"description\":\"Totul despre Rom\u00e2nia \u015fi rom\u00e2ni, \u00een 13 limbi\\\/dialecte!\",\"inLanguage\":\"de\"},{\"@type\":\"Person\",\"@id\":\"https:\\\/\\\/www.rri.ro\\\/#\\\/schema\\\/person\\\/4a479940371b9fdefd194f561e8a7f88\",\"name\":\"Newsroom\",\"url\":\"https:\\\/\\\/www.rri.ro\\\/de\\\/author\\\/newsroom\"}]}<\/script>\n<!-- \/ Yoast SEO plugin. -->","yoast_head_json":{"title":"Nachrichen 25.09.2018 - Radio Rum\u00e4nien International","robots":{"index":"index","follow":"follow","max-snippet":"max-snippet:-1","max-image-preview":"max-image-preview:large","max-video-preview":"max-video-preview:-1"},"canonical":"https:\/\/www.rri.ro\/de\/aktuell\/newsflash-de\/nachrichen-25-09-2018-id632892.html","og_locale":"de_DE","og_type":"article","og_title":"Nachrichen 25.09.2018 - Radio Rum\u00e4nien International","og_description":"Bukarest: Rum\u00e4niens Premierministerin Viorica D\u0103ncil\u0103 ist zu einem zweit\u00e4gigen Arbeitsbesuch nach Br\u00fcssel gereist. Sie wird mit Vertretern der Fraktionen im Europ\u00e4ischen Parlament, der Allianz der Sozialisten und Demokraten, der Allianz der Liberalen und Demokraten f\u00fcr Europa, die Fraktion der Gr\u00fcnen und die Fraktion der Europ\u00e4ischen Volkspartei zusammenkommen. In Br\u00fcssel will die Regierungschefin \u00fcber die Schwerpunkte [&hellip;]","og_url":"https:\/\/www.rri.ro\/de\/aktuell\/newsflash-de\/nachrichen-25-09-2018-id632892.html","og_site_name":"Radio Rum\u00e4nien International","article_published_time":"2018-09-25T15:31:00+00:00","og_image":[{"width":640,"height":427,"url":"https:\/\/www.rri.ro\/wp-content\/uploads\/2023\/10\/stiri-germana-ok2-2.png","type":"image\/png"}],"author":"Newsroom","twitter_card":"summary_large_image","twitter_misc":{"Verfasst von":"Newsroom","Gesch\u00e4tzte Lesezeit":"2\u00a0Minuten","Written by":"Newsroom"},"schema":{"@context":"https:\/\/schema.org","@graph":[{"@type":"Article","@id":"https:\/\/www.rri.ro\/de\/aktuell\/newsflash-de\/nachrichen-25-09-2018-id632892.html#article","isPartOf":{"@id":"https:\/\/www.rri.ro\/de\/aktuell\/newsflash-de\/nachrichen-25-09-2018-id632892.html"},"author":{"name":"Newsroom","@id":"https:\/\/www.rri.ro\/#\/schema\/person\/4a479940371b9fdefd194f561e8a7f88"},"headline":"Nachrichen 25.09.2018","datePublished":"2018-09-25T15:31:00+00:00","mainEntityOfPage":{"@id":"https:\/\/www.rri.ro\/de\/aktuell\/newsflash-de\/nachrichen-25-09-2018-id632892.html"},"wordCount":367,"image":{"@id":"https:\/\/www.rri.ro\/de\/aktuell\/newsflash-de\/nachrichen-25-09-2018-id632892.html#primaryimage"},"thumbnailUrl":"https:\/\/www.rri.ro\/wp-content\/uploads\/2023\/10\/stiri-germana-ok2-2.png","keywords":["Abgeordnetenkammer","ALDE","Bukarest","EU","Klaus Iohannis","mihai fifor","Nationalliberalen","PSD","Schwarzes Meer","Schweinepest","Washington"],"articleSection":["Newsflash"],"inLanguage":"de"},{"@type":"WebPage","@id":"https:\/\/www.rri.ro\/de\/aktuell\/newsflash-de\/nachrichen-25-09-2018-id632892.html","url":"https:\/\/www.rri.ro\/de\/aktuell\/newsflash-de\/nachrichen-25-09-2018-id632892.html","name":"Nachrichen 25.09.2018 - Radio Rum\u00e4nien International","isPartOf":{"@id":"https:\/\/www.rri.ro\/#website"},"primaryImageOfPage":{"@id":"https:\/\/www.rri.ro\/de\/aktuell\/newsflash-de\/nachrichen-25-09-2018-id632892.html#primaryimage"},"image":{"@id":"https:\/\/www.rri.ro\/de\/aktuell\/newsflash-de\/nachrichen-25-09-2018-id632892.html#primaryimage"},"thumbnailUrl":"https:\/\/www.rri.ro\/wp-content\/uploads\/2023\/10\/stiri-germana-ok2-2.png","datePublished":"2018-09-25T15:31:00+00:00","author":{"@id":"https:\/\/www.rri.ro\/#\/schema\/person\/4a479940371b9fdefd194f561e8a7f88"},"breadcrumb":{"@id":"https:\/\/www.rri.ro\/de\/aktuell\/newsflash-de\/nachrichen-25-09-2018-id632892.html#breadcrumb"},"inLanguage":"de","potentialAction":[{"@type":"ReadAction","target":["https:\/\/www.rri.ro\/de\/aktuell\/newsflash-de\/nachrichen-25-09-2018-id632892.html"]}]},{"@type":"ImageObject","inLanguage":"de","@id":"https:\/\/www.rri.ro\/de\/aktuell\/newsflash-de\/nachrichen-25-09-2018-id632892.html#primaryimage","url":"https:\/\/www.rri.ro\/wp-content\/uploads\/2023\/10\/stiri-germana-ok2-2.png","contentUrl":"https:\/\/www.rri.ro\/wp-content\/uploads\/2023\/10\/stiri-germana-ok2-2.png","width":640,"height":427},{"@type":"BreadcrumbList","@id":"https:\/\/www.rri.ro\/de\/aktuell\/newsflash-de\/nachrichen-25-09-2018-id632892.html#breadcrumb","itemListElement":[{"@type":"ListItem","position":1,"name":"Startseite","item":"https:\/\/www.rri.ro\/de"},{"@type":"ListItem","position":2,"name":"Aktuell","item":"https:\/\/www.rri.ro\/de\/aktuell"},{"@type":"ListItem","position":3,"name":"Newsflash","item":"https:\/\/www.rri.ro\/de\/aktuell\/newsflash-de"},{"@type":"ListItem","position":4,"name":"Nachrichen 25.09.2018"}]},{"@type":"WebSite","@id":"https:\/\/www.rri.ro\/#website","url":"https:\/\/www.rri.ro\/","name":"Radio Rum\u00e4nien International","description":"Totul despre Rom\u00e2nia \u015fi rom\u00e2ni, \u00een 13 limbi\/dialecte!","inLanguage":"de"},{"@type":"Person","@id":"https:\/\/www.rri.ro\/#\/schema\/person\/4a479940371b9fdefd194f561e8a7f88","name":"Newsroom","url":"https:\/\/www.rri.ro\/de\/author\/newsroom"}]}},"_links":{"self":[{"href":"https:\/\/www.rri.ro\/de\/wp-json\/wp\/v2\/posts\/632892","targetHints":{"allow":["GET"]}}],"collection":[{"href":"https:\/\/www.rri.ro\/de\/wp-json\/wp\/v2\/posts"}],"about":[{"href":"https:\/\/www.rri.ro\/de\/wp-json\/wp\/v2\/types\/post"}],"author":[{"embeddable":true,"href":"https:\/\/www.rri.ro\/de\/wp-json\/wp\/v2\/users\/113"}],"replies":[{"embeddable":true,"href":"https:\/\/www.rri.ro\/de\/wp-json\/wp\/v2\/comments?post=632892"}],"version-history":[{"count":0,"href":"https:\/\/www.rri.ro\/de\/wp-json\/wp\/v2\/posts\/632892\/revisions"}],"wp:featuredmedia":[{"embeddable":true,"href":"https:\/\/www.rri.ro\/de\/wp-json\/wp\/v2\/media\/460330"}],"wp:attachment":[{"href":"https:\/\/www.rri.ro\/de\/wp-json\/wp\/v2\/media?parent=632892"}],"wp:term":[{"taxonomy":"category","embeddable":true,"href":"https:\/\/www.rri.ro\/de\/wp-json\/wp\/v2\/categories?post=632892"},{"taxonomy":"post_tag","embeddable":true,"href":"https:\/\/www.rri.ro\/de\/wp-json\/wp\/v2\/tags?post=632892"},{"taxonomy":"author","embeddable":true,"href":"https:\/\/www.rri.ro\/de\/wp-json\/wp\/v2\/coauthors?post=632892"}],"curies":[{"name":"wp","href":"https:\/\/api.w.org\/{rel}","templated":true}]}}