{"id":632939,"date":"2018-11-09T18:45:00","date_gmt":"2018-11-09T16:45:00","guid":{"rendered":"http:\/\/devrri.freshlemon.ro\/aktuell\/nachrichten-09-11-2018-id632939.html"},"modified":"2018-11-09T18:45:00","modified_gmt":"2018-11-09T16:45:00","slug":"nachrichten-09-11-2018","status":"publish","type":"post","link":"https:\/\/www.rri.ro\/de\/aktuell\/newsflash-de\/nachrichten-09-11-2018-id632939.html","title":{"rendered":"Nachrichten 09.11.2018"},"content":{"rendered":"<p><strong>Bukarest:<\/strong> Die rum\u00e4nische Regierung hat am Freitag den Entwurf f\u00fcr eine Eilverordnung verabschiedet, die den rechtlichen Rahmen f\u00fcr die Gew\u00e4hrung des Mindestlohns in nach Studienabschluss und Dienstalter festlegt. Dadurch wird die Definition eines differenzierten Mindestlohns eingef\u00fchrt. Nach der Ver\u00f6ffentlichung im Amtsblatt wird auf der Grundlage dieser Eilverordnung eine Regierungsentscheidung erlassen, in der auch die festgesetzten Betr\u00e4ge aufgef\u00fchrt sind.<\/p>\n<p>&#13;<br \/>\n&#13;<\/p>\n<p>&#13;<br \/>\n&#13;<\/p>\n<p><strong>Bukarest:<\/strong> Das Landgericht Bukarest hat am Freitag mit der Einlassung der ersten 25 Zeugen begonnen, die im Verfahren zum Brand vor drei Jahren im Club Colectiv in Bukarest aussagen werden. W\u00e4hrend eines Rockkonzerts am 30. Oktober 2015 l\u00f6ste eine pyrotechnische Show ein Feuer aus, bei dem 64 Menschen get\u00f6tet und fast 200 verletzt wurden. Die Eigent\u00fcmer des Clubs und der ehemalige B\u00fcrgermeister des 4. Stadtbezirks m\u00fcssen sich vor Gericht verantworten. Den Eigent\u00fcmern wird vorgeworfen, weit mehr Personen Zugang gew\u00e4hrt zu haben, als der Club fassen konnte. Der Raum habe nicht ausreichend Fluchtwege gehabt. Zudem war die Innenausstattung des Clubs f\u00fcr pyrotechnische Shows nicht geeignet, so die Staatsanw\u00e4lte. \u00dcberlebende der Brandkatastrophe trafen sich ebenfalls am Freitag mit Gesundheitsministerin Sorina Pintea, um auf die Umsetzung eines Systems zum sofortigen Eingriff bei Brandunf\u00e4llen mit Schwerverletzten  in Rum\u00e4nien zu dr\u00e4ngen. <\/p>\n<p>&#13;<br \/>\n&#13;<\/p>\n<p>&#13;<br \/>\n&#13;<\/p>\n<p><strong>Br\u00fcssel:<\/strong> Rum\u00e4nien unterst\u00fctzt die Anstrengungen der Europ\u00e4ischen Kommission bei den Verhandlungen \u00fcber eine Reform der Welthandelsorganisation. Das sagte am Freitag der rum\u00e4nische Handelsminister \u015etefan-Radu Oprea auf dem Treffen des Ausw\u00e4rtigen Rates der EU, der in Br\u00fcssel zu Handelsfragen tagte. Dabei kam auch das Thema der Handelsbeziehungen zwischen der EU und den USA zur Sprache. Oprea unterhielt sich dabei auch mit seinen Amtskollegen \u00fcber die turnusm\u00e4\u00dfige EU-Ratspr\u00e4sidentschaft Rum\u00e4niens im ersten Halbjahr 2019.<\/p>\n<p>&#13;<br \/>\n&#13;<\/p>\n<p>&#13;<br \/>\n&#13;<\/p>\n<p><strong>Bukarest:<\/strong> Der rum\u00e4nische Pr\u00e4sident Klaus Iohannis wird am Samstag und Sonntag in Paris auf Einladung seines franz\u00f6sischen Amtskollegen Emmanuel Macron an einer Reihe von Veranstaltungen teilnehmen, die dem hundertj\u00e4hrigen Waffenstillstand zur Beendigung des Ersten Weltkriegs angedacht sind. Iohannis wird zusammen mit Staats- und Regierungschefs dar damaligen kriegsf\u00fchrenden L\u00e4nder am Arc de Triomphe an der Zeremonie des Waffenstillstandsjubil\u00e4ums teilnehmen.<br \/>&#13;<br \/>\nPr\u00e4sident Iohannis soll auch bei der Er\u00f6ffnung des Pariser Friedensforums dabeisein. Diese Initiative von Frankreichs Pr\u00e4sident Emmanuel Macron zielt darauf ab, konkrete Projekte im Sinne des Multilateralismus und der gegenw\u00e4rtigen Friedensf\u00f6rderung zu gestalten. Anl\u00e4sslich seines Besuchs in Paris wird Iohannis auch rum\u00e4nische Bachelor-, Master- und Doktorstudenten aus der Region Paris treffen, die an wissenschaftlichen Projekten beteiligt sind. Laut der Pr\u00e4sidialverwaltung ist das in der rum\u00e4nischen Botschaft in Paris organisierte Treffen dem rum\u00e4nischen Beitrag zur Entwicklung von Wissenschaft und Technologie anl\u00e4sslich des 100. Jahrestages der Vereinigung Rum\u00e4niens gewidmet.<\/p>\n<p><\/p>\n<\/p>\n<p><strong class=cms-bold>Bukarest: <\/strong><span>Der rum\u00e4nische&#13;<br \/>\nAu\u00dfenminister Teodor Mele\u015fcanu ist am Freitag in Bukarest mit seinem&#13;<br \/>\nungarischen Gegen\u00fcber Peter Szijjarto zusammengekommen. Angegangen wurde die Lage&#13;<br \/>\nder bilateralen Beziehungen, besonders das Wachstum der reziproken&#13;<br \/>\nHandelsaustausche, sowie die Zusammenarbeit in Bereichen wie Energie und&#13;<br \/>\nInfrastruktur.    Weitere Themen waren die EU Ausweitung in dem&#13;<br \/>\nWestbalkan, die Sicherheit im Schwarzmeerraum, die \u00d6stliche Nachbarschaft des&#13;<br \/>\nEU-Raums. Andererseits hat Melescanu erkl\u00e4rt, er verfolge mit h\u00f6chster&#13;<br \/>\nAufmerksamkeit die Art und Weise in der die ungarischen Beh\u00f6rden die Themen der&#13;<br \/>\nInnen- und Au\u00dfenpolitik verwalten, die direkt die bilateralen Beziehungen&#13;<br \/>\nbeeinflussen. Der ungarische Au\u00dfenminister antwortete darauf, beide Staaten&#13;<br \/>\nseien f\u00e4hig die sensiblen Aufgaben zu l\u00f6sen.<\/span><\/p>\n<p><\/p>\n<p>&#13;<br \/>\n&#13;<\/p>\n<p>&#13;<br \/>\n&#13;<\/p>\n<p><strong>Bukarest:<\/strong> Die Verteidigungsminister von Rum\u00e4nien und Kanada,  Mihai Fifor und Harjit Singh Sajjan haben am Freitag den Luftst\u00fctzpunkt Mihail Kogalniceanu im S\u00fcdosten Rum\u00e4niens besucht. Die beiden trafen sich mit Piloten der kanadischen Staffel, die in Rum\u00e4nien Missionen der NATO -Luftpolizei fliegt, sowie mit Angeh\u00f6rigen der rum\u00e4nischen Luftwaffe. In Rum\u00e4nien sind 135 Kanadier und mehrere Hornet-Kampfflugzeuge stationiert. Sie l\u00f6sten die britischen Piloten ab,  die ihre rum\u00e4nischen Kameraden bei Luftpolizeieins\u00e4tzen unter NATO Mandat unterst\u00fctzten. Luftpolizeieins\u00e4tzen tragen zur St\u00e4rkung der Reaktionsf\u00e4higkeit und des Abschreckungsverm\u00f6gens bei.<\/p>\n<p>&#13;<\/p>\n","protected":false},"excerpt":{"rendered":"<p>Bukarest: Die rum\u00e4nische Regierung hat am Freitag den Entwurf f\u00fcr eine Eilverordnung verabschiedet, die den rechtlichen Rahmen f\u00fcr die Gew\u00e4hrung des Mindestlohns in nach Studienabschluss und Dienstalter festlegt. Dadurch wird die Definition eines differenzierten Mindestlohns eingef\u00fchrt. Nach der Ver\u00f6ffentlichung im Amtsblatt wird auf der Grundlage dieser Eilverordnung eine Regierungsentscheidung erlassen, in der auch die festgesetzten [&hellip;]<\/p>\n","protected":false},"author":113,"featured_media":460330,"comment_status":"closed","ping_status":"closed","sticky":false,"template":"","format":"standard","meta":{"_acf_changed":false,"footnotes":""},"categories":[116753],"tags":[161474,126633,179269,126635,99869,99801,126637,137226,32557,126634,29057,99586,99589,39539,31448,102012,126636,100289],"coauthors":[],"class_list":["post-632939","post","type-post","status-publish","format-standard","has-post-thumbnail","hentry","category-newsflash-de","tag-brand-de","tag-bukarest-bruessel","tag-colectiv-de","tag-einlassung","tag-eu-ratspraesidentschaft","tag-europaeische-kommission","tag-harjit-singh","tag-klaus-iohannis-de","tag-mihai-fifor","tag-mindestloch","tag-peter-szijjarto","tag-regierung","tag-rumaenien","tag-stefan-radu-oprea","tag-teodor-melescanu","tag-verfahren","tag-welthandelsorganisation","tag-zeugen"],"acf":[],"yoast_head":"<!-- This site is optimized with the Yoast SEO plugin v27.3 - https:\/\/yoast.com\/product\/yoast-seo-wordpress\/ -->\n<title>Nachrichten 09.11.2018 - Radio Rum\u00e4nien International<\/title>\n<meta name=\"robots\" content=\"index, follow, max-snippet:-1, max-image-preview:large, max-video-preview:-1\" \/>\n<link rel=\"canonical\" href=\"https:\/\/www.rri.ro\/de\/aktuell\/newsflash-de\/nachrichten-09-11-2018-id632939.html\" \/>\n<meta property=\"og:locale\" content=\"de_DE\" \/>\n<meta property=\"og:type\" content=\"article\" \/>\n<meta property=\"og:title\" content=\"Nachrichten 09.11.2018 - Radio Rum\u00e4nien International\" \/>\n<meta property=\"og:description\" content=\"Bukarest: Die rum\u00e4nische Regierung hat am Freitag den Entwurf f\u00fcr eine Eilverordnung verabschiedet, die den rechtlichen Rahmen f\u00fcr die Gew\u00e4hrung des Mindestlohns in nach Studienabschluss und Dienstalter festlegt. Dadurch wird die Definition eines differenzierten Mindestlohns eingef\u00fchrt. Nach der Ver\u00f6ffentlichung im Amtsblatt wird auf der Grundlage dieser Eilverordnung eine Regierungsentscheidung erlassen, in der auch die festgesetzten [&hellip;]\" \/>\n<meta property=\"og:url\" content=\"https:\/\/www.rri.ro\/de\/aktuell\/newsflash-de\/nachrichten-09-11-2018-id632939.html\" \/>\n<meta property=\"og:site_name\" content=\"Radio Rum\u00e4nien International\" \/>\n<meta property=\"article:published_time\" content=\"2018-11-09T16:45:00+00:00\" \/>\n<meta property=\"og:image\" content=\"https:\/\/www.rri.ro\/wp-content\/uploads\/2023\/10\/stiri-germana-ok2-2.png\" \/>\n\t<meta property=\"og:image:width\" content=\"640\" \/>\n\t<meta property=\"og:image:height\" content=\"427\" \/>\n\t<meta property=\"og:image:type\" content=\"image\/png\" \/>\n<meta name=\"author\" content=\"Newsroom\" \/>\n<meta name=\"twitter:card\" content=\"summary_large_image\" \/>\n<meta name=\"twitter:label1\" content=\"Verfasst von\" \/>\n\t<meta name=\"twitter:data1\" content=\"Newsroom\" \/>\n\t<meta name=\"twitter:label2\" content=\"Gesch\u00e4tzte Lesezeit\" \/>\n\t<meta name=\"twitter:data2\" content=\"3\u00a0Minuten\" \/>\n\t<meta name=\"twitter:label3\" content=\"Written by\" \/>\n\t<meta name=\"twitter:data3\" content=\"Newsroom\" \/>\n<script type=\"application\/ld+json\" class=\"yoast-schema-graph\">{\"@context\":\"https:\\\/\\\/schema.org\",\"@graph\":[{\"@type\":\"Article\",\"@id\":\"https:\\\/\\\/www.rri.ro\\\/de\\\/aktuell\\\/newsflash-de\\\/nachrichten-09-11-2018-id632939.html#article\",\"isPartOf\":{\"@id\":\"https:\\\/\\\/www.rri.ro\\\/de\\\/aktuell\\\/newsflash-de\\\/nachrichten-09-11-2018-id632939.html\"},\"author\":{\"name\":\"Newsroom\",\"@id\":\"https:\\\/\\\/www.rri.ro\\\/#\\\/schema\\\/person\\\/4a479940371b9fdefd194f561e8a7f88\"},\"headline\":\"Nachrichten 09.11.2018\",\"datePublished\":\"2018-11-09T16:45:00+00:00\",\"mainEntityOfPage\":{\"@id\":\"https:\\\/\\\/www.rri.ro\\\/de\\\/aktuell\\\/newsflash-de\\\/nachrichten-09-11-2018-id632939.html\"},\"wordCount\":664,\"image\":{\"@id\":\"https:\\\/\\\/www.rri.ro\\\/de\\\/aktuell\\\/newsflash-de\\\/nachrichten-09-11-2018-id632939.html#primaryimage\"},\"thumbnailUrl\":\"https:\\\/\\\/www.rri.ro\\\/wp-content\\\/uploads\\\/2023\\\/10\\\/stiri-germana-ok2-2.png\",\"keywords\":[\"brand\",\"Bukarest Br\u00fcssel\",\"Colectiv\",\"Einlassung\",\"EU-Ratspr\u00e4sidentschaft\",\"Europ\u00e4ische Kommission\",\"Harjit Singh\",\"Klaus Iohannis\",\"mihai fifor\",\"Mindestloch\",\"Peter Szijjarto\",\"Regierung\",\"Rum\u00e4nien\",\"Stefan Radu Oprea\",\"Teodor Mele\u015fcanu\",\"Verfahren\",\"Welthandelsorganisation\",\"Zeugen\"],\"articleSection\":[\"Newsflash\"],\"inLanguage\":\"de\"},{\"@type\":\"WebPage\",\"@id\":\"https:\\\/\\\/www.rri.ro\\\/de\\\/aktuell\\\/newsflash-de\\\/nachrichten-09-11-2018-id632939.html\",\"url\":\"https:\\\/\\\/www.rri.ro\\\/de\\\/aktuell\\\/newsflash-de\\\/nachrichten-09-11-2018-id632939.html\",\"name\":\"Nachrichten 09.11.2018 - Radio Rum\u00e4nien International\",\"isPartOf\":{\"@id\":\"https:\\\/\\\/www.rri.ro\\\/#website\"},\"primaryImageOfPage\":{\"@id\":\"https:\\\/\\\/www.rri.ro\\\/de\\\/aktuell\\\/newsflash-de\\\/nachrichten-09-11-2018-id632939.html#primaryimage\"},\"image\":{\"@id\":\"https:\\\/\\\/www.rri.ro\\\/de\\\/aktuell\\\/newsflash-de\\\/nachrichten-09-11-2018-id632939.html#primaryimage\"},\"thumbnailUrl\":\"https:\\\/\\\/www.rri.ro\\\/wp-content\\\/uploads\\\/2023\\\/10\\\/stiri-germana-ok2-2.png\",\"datePublished\":\"2018-11-09T16:45:00+00:00\",\"author\":{\"@id\":\"https:\\\/\\\/www.rri.ro\\\/#\\\/schema\\\/person\\\/4a479940371b9fdefd194f561e8a7f88\"},\"breadcrumb\":{\"@id\":\"https:\\\/\\\/www.rri.ro\\\/de\\\/aktuell\\\/newsflash-de\\\/nachrichten-09-11-2018-id632939.html#breadcrumb\"},\"inLanguage\":\"de\",\"potentialAction\":[{\"@type\":\"ReadAction\",\"target\":[\"https:\\\/\\\/www.rri.ro\\\/de\\\/aktuell\\\/newsflash-de\\\/nachrichten-09-11-2018-id632939.html\"]}]},{\"@type\":\"ImageObject\",\"inLanguage\":\"de\",\"@id\":\"https:\\\/\\\/www.rri.ro\\\/de\\\/aktuell\\\/newsflash-de\\\/nachrichten-09-11-2018-id632939.html#primaryimage\",\"url\":\"https:\\\/\\\/www.rri.ro\\\/wp-content\\\/uploads\\\/2023\\\/10\\\/stiri-germana-ok2-2.png\",\"contentUrl\":\"https:\\\/\\\/www.rri.ro\\\/wp-content\\\/uploads\\\/2023\\\/10\\\/stiri-germana-ok2-2.png\",\"width\":640,\"height\":427},{\"@type\":\"BreadcrumbList\",\"@id\":\"https:\\\/\\\/www.rri.ro\\\/de\\\/aktuell\\\/newsflash-de\\\/nachrichten-09-11-2018-id632939.html#breadcrumb\",\"itemListElement\":[{\"@type\":\"ListItem\",\"position\":1,\"name\":\"Startseite\",\"item\":\"https:\\\/\\\/www.rri.ro\\\/de\"},{\"@type\":\"ListItem\",\"position\":2,\"name\":\"Aktuell\",\"item\":\"https:\\\/\\\/www.rri.ro\\\/de\\\/aktuell\"},{\"@type\":\"ListItem\",\"position\":3,\"name\":\"Newsflash\",\"item\":\"https:\\\/\\\/www.rri.ro\\\/de\\\/aktuell\\\/newsflash-de\"},{\"@type\":\"ListItem\",\"position\":4,\"name\":\"Nachrichten 09.11.2018\"}]},{\"@type\":\"WebSite\",\"@id\":\"https:\\\/\\\/www.rri.ro\\\/#website\",\"url\":\"https:\\\/\\\/www.rri.ro\\\/\",\"name\":\"Radio Rum\u00e4nien International\",\"description\":\"Totul despre Rom\u00e2nia \u015fi rom\u00e2ni, \u00een 13 limbi\\\/dialecte!\",\"inLanguage\":\"de\"},{\"@type\":\"Person\",\"@id\":\"https:\\\/\\\/www.rri.ro\\\/#\\\/schema\\\/person\\\/4a479940371b9fdefd194f561e8a7f88\",\"name\":\"Newsroom\",\"url\":\"https:\\\/\\\/www.rri.ro\\\/de\\\/author\\\/newsroom\"}]}<\/script>\n<!-- \/ Yoast SEO plugin. -->","yoast_head_json":{"title":"Nachrichten 09.11.2018 - Radio Rum\u00e4nien International","robots":{"index":"index","follow":"follow","max-snippet":"max-snippet:-1","max-image-preview":"max-image-preview:large","max-video-preview":"max-video-preview:-1"},"canonical":"https:\/\/www.rri.ro\/de\/aktuell\/newsflash-de\/nachrichten-09-11-2018-id632939.html","og_locale":"de_DE","og_type":"article","og_title":"Nachrichten 09.11.2018 - Radio Rum\u00e4nien International","og_description":"Bukarest: Die rum\u00e4nische Regierung hat am Freitag den Entwurf f\u00fcr eine Eilverordnung verabschiedet, die den rechtlichen Rahmen f\u00fcr die Gew\u00e4hrung des Mindestlohns in nach Studienabschluss und Dienstalter festlegt. Dadurch wird die Definition eines differenzierten Mindestlohns eingef\u00fchrt. Nach der Ver\u00f6ffentlichung im Amtsblatt wird auf der Grundlage dieser Eilverordnung eine Regierungsentscheidung erlassen, in der auch die festgesetzten [&hellip;]","og_url":"https:\/\/www.rri.ro\/de\/aktuell\/newsflash-de\/nachrichten-09-11-2018-id632939.html","og_site_name":"Radio Rum\u00e4nien International","article_published_time":"2018-11-09T16:45:00+00:00","og_image":[{"width":640,"height":427,"url":"https:\/\/www.rri.ro\/wp-content\/uploads\/2023\/10\/stiri-germana-ok2-2.png","type":"image\/png"}],"author":"Newsroom","twitter_card":"summary_large_image","twitter_misc":{"Verfasst von":"Newsroom","Gesch\u00e4tzte Lesezeit":"3\u00a0Minuten","Written by":"Newsroom"},"schema":{"@context":"https:\/\/schema.org","@graph":[{"@type":"Article","@id":"https:\/\/www.rri.ro\/de\/aktuell\/newsflash-de\/nachrichten-09-11-2018-id632939.html#article","isPartOf":{"@id":"https:\/\/www.rri.ro\/de\/aktuell\/newsflash-de\/nachrichten-09-11-2018-id632939.html"},"author":{"name":"Newsroom","@id":"https:\/\/www.rri.ro\/#\/schema\/person\/4a479940371b9fdefd194f561e8a7f88"},"headline":"Nachrichten 09.11.2018","datePublished":"2018-11-09T16:45:00+00:00","mainEntityOfPage":{"@id":"https:\/\/www.rri.ro\/de\/aktuell\/newsflash-de\/nachrichten-09-11-2018-id632939.html"},"wordCount":664,"image":{"@id":"https:\/\/www.rri.ro\/de\/aktuell\/newsflash-de\/nachrichten-09-11-2018-id632939.html#primaryimage"},"thumbnailUrl":"https:\/\/www.rri.ro\/wp-content\/uploads\/2023\/10\/stiri-germana-ok2-2.png","keywords":["brand","Bukarest Br\u00fcssel","Colectiv","Einlassung","EU-Ratspr\u00e4sidentschaft","Europ\u00e4ische Kommission","Harjit Singh","Klaus Iohannis","mihai fifor","Mindestloch","Peter Szijjarto","Regierung","Rum\u00e4nien","Stefan Radu Oprea","Teodor Mele\u015fcanu","Verfahren","Welthandelsorganisation","Zeugen"],"articleSection":["Newsflash"],"inLanguage":"de"},{"@type":"WebPage","@id":"https:\/\/www.rri.ro\/de\/aktuell\/newsflash-de\/nachrichten-09-11-2018-id632939.html","url":"https:\/\/www.rri.ro\/de\/aktuell\/newsflash-de\/nachrichten-09-11-2018-id632939.html","name":"Nachrichten 09.11.2018 - Radio Rum\u00e4nien International","isPartOf":{"@id":"https:\/\/www.rri.ro\/#website"},"primaryImageOfPage":{"@id":"https:\/\/www.rri.ro\/de\/aktuell\/newsflash-de\/nachrichten-09-11-2018-id632939.html#primaryimage"},"image":{"@id":"https:\/\/www.rri.ro\/de\/aktuell\/newsflash-de\/nachrichten-09-11-2018-id632939.html#primaryimage"},"thumbnailUrl":"https:\/\/www.rri.ro\/wp-content\/uploads\/2023\/10\/stiri-germana-ok2-2.png","datePublished":"2018-11-09T16:45:00+00:00","author":{"@id":"https:\/\/www.rri.ro\/#\/schema\/person\/4a479940371b9fdefd194f561e8a7f88"},"breadcrumb":{"@id":"https:\/\/www.rri.ro\/de\/aktuell\/newsflash-de\/nachrichten-09-11-2018-id632939.html#breadcrumb"},"inLanguage":"de","potentialAction":[{"@type":"ReadAction","target":["https:\/\/www.rri.ro\/de\/aktuell\/newsflash-de\/nachrichten-09-11-2018-id632939.html"]}]},{"@type":"ImageObject","inLanguage":"de","@id":"https:\/\/www.rri.ro\/de\/aktuell\/newsflash-de\/nachrichten-09-11-2018-id632939.html#primaryimage","url":"https:\/\/www.rri.ro\/wp-content\/uploads\/2023\/10\/stiri-germana-ok2-2.png","contentUrl":"https:\/\/www.rri.ro\/wp-content\/uploads\/2023\/10\/stiri-germana-ok2-2.png","width":640,"height":427},{"@type":"BreadcrumbList","@id":"https:\/\/www.rri.ro\/de\/aktuell\/newsflash-de\/nachrichten-09-11-2018-id632939.html#breadcrumb","itemListElement":[{"@type":"ListItem","position":1,"name":"Startseite","item":"https:\/\/www.rri.ro\/de"},{"@type":"ListItem","position":2,"name":"Aktuell","item":"https:\/\/www.rri.ro\/de\/aktuell"},{"@type":"ListItem","position":3,"name":"Newsflash","item":"https:\/\/www.rri.ro\/de\/aktuell\/newsflash-de"},{"@type":"ListItem","position":4,"name":"Nachrichten 09.11.2018"}]},{"@type":"WebSite","@id":"https:\/\/www.rri.ro\/#website","url":"https:\/\/www.rri.ro\/","name":"Radio Rum\u00e4nien International","description":"Totul despre Rom\u00e2nia \u015fi rom\u00e2ni, \u00een 13 limbi\/dialecte!","inLanguage":"de"},{"@type":"Person","@id":"https:\/\/www.rri.ro\/#\/schema\/person\/4a479940371b9fdefd194f561e8a7f88","name":"Newsroom","url":"https:\/\/www.rri.ro\/de\/author\/newsroom"}]}},"_links":{"self":[{"href":"https:\/\/www.rri.ro\/de\/wp-json\/wp\/v2\/posts\/632939","targetHints":{"allow":["GET"]}}],"collection":[{"href":"https:\/\/www.rri.ro\/de\/wp-json\/wp\/v2\/posts"}],"about":[{"href":"https:\/\/www.rri.ro\/de\/wp-json\/wp\/v2\/types\/post"}],"author":[{"embeddable":true,"href":"https:\/\/www.rri.ro\/de\/wp-json\/wp\/v2\/users\/113"}],"replies":[{"embeddable":true,"href":"https:\/\/www.rri.ro\/de\/wp-json\/wp\/v2\/comments?post=632939"}],"version-history":[{"count":0,"href":"https:\/\/www.rri.ro\/de\/wp-json\/wp\/v2\/posts\/632939\/revisions"}],"wp:featuredmedia":[{"embeddable":true,"href":"https:\/\/www.rri.ro\/de\/wp-json\/wp\/v2\/media\/460330"}],"wp:attachment":[{"href":"https:\/\/www.rri.ro\/de\/wp-json\/wp\/v2\/media?parent=632939"}],"wp:term":[{"taxonomy":"category","embeddable":true,"href":"https:\/\/www.rri.ro\/de\/wp-json\/wp\/v2\/categories?post=632939"},{"taxonomy":"post_tag","embeddable":true,"href":"https:\/\/www.rri.ro\/de\/wp-json\/wp\/v2\/tags?post=632939"},{"taxonomy":"author","embeddable":true,"href":"https:\/\/www.rri.ro\/de\/wp-json\/wp\/v2\/coauthors?post=632939"}],"curies":[{"name":"wp","href":"https:\/\/api.w.org\/{rel}","templated":true}]}}