{"id":632962,"date":"2018-12-05T18:23:00","date_gmt":"2018-12-05T16:23:00","guid":{"rendered":"http:\/\/devrri.freshlemon.ro\/aktuell\/nachrichten-05-12-2018-id632962.html"},"modified":"2018-12-05T18:23:00","modified_gmt":"2018-12-05T16:23:00","slug":"nachrichten-05-12-2018","status":"publish","type":"post","link":"https:\/\/www.rri.ro\/de\/aktuell\/newsflash-de\/nachrichten-05-12-2018-id632962.html","title":{"rendered":"Nachrichten 05.12.2018"},"content":{"rendered":"<p><strong>Bukarest:<\/strong> Die rum\u00e4nische Wettbewerbsbeh\u00f6rde hat neun Versicherungsunternehmen wegen Preisabsprachen bei Haftpflichtversicherungen abgestraft. Insgesamt m\u00fcssen sie rund 53  Millionen Euro Strafe zahlen. Mit einer Geldbu\u00dfe wurde auch der Verband der rum\u00e4nischen Versicherer und R\u00fcckversicherer belegt. Einige der Firmen wollen jetzt gegen die Strafe vor Gericht klagen. Das ist unser erstes Thema nach den Meldungen.<\/p>\n<p>&#13;<br \/>\n&#13;<\/p>\n<p>&#13;<br \/>\n&#13;<\/p>\n<p> <strong style=font-size: 1em;>Br\u00fcssel:<\/strong><span style=font-size: 1em;> Die rum\u00e4nische Premierministerin Viorica D\u0103ncil\u0103 hat am Mittwoch in Br\u00fcssel  nach dem gemeinsamen Treffen der rum\u00e4nischen Regirung und der Europ\u00e4ischen Kommission erkl\u00e4rt,  die Mitglieder der europ\u00e4ischen Exekutive seien \u00fcberzeugt, dass Rum\u00e4nien mit Erfolg die EU-Ratspr\u00e4sidentschaft aus\u00fcben kann.   Dancila f\u00fcgte hinzu, Rum\u00e4nien w\u00fcnsche sich eine Amtszeit mit ehrgeizigen Zielen. Die rum\u00e4nische Premierministerin hat zusammen mit den Mitgliedern des Kabinetts die Agenda und die Priorit\u00e4ten Bukarests an der Spitze der Union vorgestellt. Der Pr\u00e4sident der Europ\u00e4ischen Kommission  Jean Claude Juncker sagte seinerseits, die rum\u00e4nische Regierung sei bereit, die EU-Ratspr\u00e4sidentschaft zu \u00fcbernehmen. Andererseits erkl\u00e4rte er, es geben noch Divergenzen zwischen der rum\u00e4nischen Exekutive und der Kommission hinsichtlich des Rechtsstaates, doch das beeinflusse nicht die \u00dcbernahme der Ratspr\u00e4sidentschaft. Es handele sich dabei um die bilaterale Beziehung. Jean Claude Juncker erinnerte daran, dass Rum\u00e4nien ein bedeutendes Ereignis verwalten muss, und zwar den EU-Austritt Gro\u00dfbritanniens am 29. M\u00e4rz 2019. Gleichzeitig m\u00fcssen die Grundlinien des k\u00fcnftigen Finanzrahmens festgelegt werden. 2019 werden auch EU-Wahlen stattfinden. Jean Claude Juncker dr\u00fcckte weiterhin seine Hoffnung aus, dass Rum\u00e4nien bis Ende der Amtszeit der amtierenden Kommission in den Schengen-Raum aufgenommen werde.  <\/span><\/p>\n<p>&#13;<br \/>\n&#13;<\/p>\n<p>&#13;<br \/>\n&#13;<\/p>\n<p><strong>Bukarest:<\/strong> Die Ergebnisse eines von Staatspr\u00e4sident Klaus Iohannis angesto\u00dfenen Projekts zur bildungspolitischen Lage in Rum\u00e4nien stehen ab Mittwoch zur Diskussion auf einer eigenst\u00e4ndigen Internetseite. Das Projekt sei nach Angaben der Pr\u00e4sidialverwaltung das bisher breiteste und langfristigste Konsultationsprojekt, an dem \u00fcber 10.000 Personen beteiligt waren. Das 2016 begonnene Projekt befasst sich mit Themen wie die Lehrerlaufbahn, Fairness, berufliche Ausbildung, Hochschulbildung oder Bewertung von Sch\u00fclern.<\/p>\n<p>&#13;<br \/>\n&#13;<\/p>\n<p>&#13;<br \/>\n&#13;<\/p>\n<p><strong>Chisinau:<\/strong> Mehr als die H\u00e4lfte der B\u00fcrger der Moldaurepublik w\u00fcnschen sich eine neue Landesf\u00fchrung und die Bek\u00e4mpfung der Korruption, um die Lage ihres Landes zu verbessern. Fast 73% der befragten Moldauer gaben in einer repr\u00e4sentativen Umfrage an, dass das Land ihrer Ansicht nach eine falsche Richtung eingeschlagen hat. Um Preise, Armut und die Zukunft ihrer Kinder machen sich die meisten Sorgen, w\u00e4hrend 60% nicht mit der \u00f6konomischen Lage zufrieden sind. 70% der Befragten vertrauen der Kirche, 40% der jeweiligen Kommunalverwaltung.<\/p>\n<p>&#13;<\/p>\n","protected":false},"excerpt":{"rendered":"<p>Bukarest: Die rum\u00e4nische Wettbewerbsbeh\u00f6rde hat neun Versicherungsunternehmen wegen Preisabsprachen bei Haftpflichtversicherungen abgestraft. Insgesamt m\u00fcssen sie rund 53 Millionen Euro Strafe zahlen. Mit einer Geldbu\u00dfe wurde auch der Verband der rum\u00e4nischen Versicherer und R\u00fcckversicherer belegt. Einige der Firmen wollen jetzt gegen die Strafe vor Gericht klagen. Das ist unser erstes Thema nach den Meldungen. &#13; &#13; [&hellip;]<\/p>\n","protected":false},"author":113,"featured_media":460330,"comment_status":"closed","ping_status":"closed","sticky":false,"template":"","format":"standard","meta":{"_acf_changed":false,"footnotes":""},"categories":[116753],"tags":[102279,126679,151607,29397,137226,99678,126678,33035,126677],"coauthors":[],"class_list":["post-632962","post","type-post","status-publish","format-standard","has-post-thumbnail","hentry","category-newsflash-de","tag-bekaempfung-der-korruption","tag-bildungspolitischen-lage","tag-chisinau-de","tag-jean-claude-juncker","tag-klaus-iohannis-de","tag-moldaurepublik","tag-versicherungsunternehmen","tag-viorica-dancila","tag-wettbewerbsbehoerde"],"acf":[],"yoast_head":"<!-- This site is optimized with the Yoast SEO plugin v27.3 - https:\/\/yoast.com\/product\/yoast-seo-wordpress\/ -->\n<title>Nachrichten 05.12.2018 - Radio Rum\u00e4nien International<\/title>\n<meta name=\"robots\" content=\"index, follow, max-snippet:-1, max-image-preview:large, max-video-preview:-1\" \/>\n<link rel=\"canonical\" href=\"https:\/\/www.rri.ro\/de\/aktuell\/newsflash-de\/nachrichten-05-12-2018-id632962.html\" \/>\n<meta property=\"og:locale\" content=\"de_DE\" \/>\n<meta property=\"og:type\" content=\"article\" \/>\n<meta property=\"og:title\" content=\"Nachrichten 05.12.2018 - Radio Rum\u00e4nien International\" \/>\n<meta property=\"og:description\" content=\"Bukarest: Die rum\u00e4nische Wettbewerbsbeh\u00f6rde hat neun Versicherungsunternehmen wegen Preisabsprachen bei Haftpflichtversicherungen abgestraft. Insgesamt m\u00fcssen sie rund 53 Millionen Euro Strafe zahlen. Mit einer Geldbu\u00dfe wurde auch der Verband der rum\u00e4nischen Versicherer und R\u00fcckversicherer belegt. Einige der Firmen wollen jetzt gegen die Strafe vor Gericht klagen. Das ist unser erstes Thema nach den Meldungen. &#013; &#013; [&hellip;]\" \/>\n<meta property=\"og:url\" content=\"https:\/\/www.rri.ro\/de\/aktuell\/newsflash-de\/nachrichten-05-12-2018-id632962.html\" \/>\n<meta property=\"og:site_name\" content=\"Radio Rum\u00e4nien International\" \/>\n<meta property=\"article:published_time\" content=\"2018-12-05T16:23:00+00:00\" \/>\n<meta property=\"og:image\" content=\"https:\/\/www.rri.ro\/wp-content\/uploads\/2023\/10\/stiri-germana-ok2-2.png\" \/>\n\t<meta property=\"og:image:width\" content=\"640\" \/>\n\t<meta property=\"og:image:height\" content=\"427\" \/>\n\t<meta property=\"og:image:type\" content=\"image\/png\" \/>\n<meta name=\"author\" content=\"Newsroom\" \/>\n<meta name=\"twitter:card\" content=\"summary_large_image\" \/>\n<meta name=\"twitter:label1\" content=\"Verfasst von\" \/>\n\t<meta name=\"twitter:data1\" content=\"Newsroom\" \/>\n\t<meta name=\"twitter:label2\" content=\"Gesch\u00e4tzte Lesezeit\" \/>\n\t<meta name=\"twitter:data2\" content=\"2\u00a0Minuten\" \/>\n\t<meta name=\"twitter:label3\" content=\"Written by\" \/>\n\t<meta name=\"twitter:data3\" content=\"Newsroom\" \/>\n<script type=\"application\/ld+json\" class=\"yoast-schema-graph\">{\"@context\":\"https:\\\/\\\/schema.org\",\"@graph\":[{\"@type\":\"Article\",\"@id\":\"https:\\\/\\\/www.rri.ro\\\/de\\\/aktuell\\\/newsflash-de\\\/nachrichten-05-12-2018-id632962.html#article\",\"isPartOf\":{\"@id\":\"https:\\\/\\\/www.rri.ro\\\/de\\\/aktuell\\\/newsflash-de\\\/nachrichten-05-12-2018-id632962.html\"},\"author\":{\"name\":\"Newsroom\",\"@id\":\"https:\\\/\\\/www.rri.ro\\\/#\\\/schema\\\/person\\\/4a479940371b9fdefd194f561e8a7f88\"},\"headline\":\"Nachrichten 05.12.2018\",\"datePublished\":\"2018-12-05T16:23:00+00:00\",\"mainEntityOfPage\":{\"@id\":\"https:\\\/\\\/www.rri.ro\\\/de\\\/aktuell\\\/newsflash-de\\\/nachrichten-05-12-2018-id632962.html\"},\"wordCount\":416,\"image\":{\"@id\":\"https:\\\/\\\/www.rri.ro\\\/de\\\/aktuell\\\/newsflash-de\\\/nachrichten-05-12-2018-id632962.html#primaryimage\"},\"thumbnailUrl\":\"https:\\\/\\\/www.rri.ro\\\/wp-content\\\/uploads\\\/2023\\\/10\\\/stiri-germana-ok2-2.png\",\"keywords\":[\"Bek\u00e4mpfung der Korruption\",\"bildungspolitischen Lage\",\"chisinau\",\"Jean Claude Juncker\",\"Klaus Iohannis\",\"Moldaurepublik\",\"Versicherungsunternehmen\",\"viorica dancila\",\"Wettbewerbsbeh\u00f6rde\"],\"articleSection\":[\"Newsflash\"],\"inLanguage\":\"de\"},{\"@type\":\"WebPage\",\"@id\":\"https:\\\/\\\/www.rri.ro\\\/de\\\/aktuell\\\/newsflash-de\\\/nachrichten-05-12-2018-id632962.html\",\"url\":\"https:\\\/\\\/www.rri.ro\\\/de\\\/aktuell\\\/newsflash-de\\\/nachrichten-05-12-2018-id632962.html\",\"name\":\"Nachrichten 05.12.2018 - Radio Rum\u00e4nien International\",\"isPartOf\":{\"@id\":\"https:\\\/\\\/www.rri.ro\\\/#website\"},\"primaryImageOfPage\":{\"@id\":\"https:\\\/\\\/www.rri.ro\\\/de\\\/aktuell\\\/newsflash-de\\\/nachrichten-05-12-2018-id632962.html#primaryimage\"},\"image\":{\"@id\":\"https:\\\/\\\/www.rri.ro\\\/de\\\/aktuell\\\/newsflash-de\\\/nachrichten-05-12-2018-id632962.html#primaryimage\"},\"thumbnailUrl\":\"https:\\\/\\\/www.rri.ro\\\/wp-content\\\/uploads\\\/2023\\\/10\\\/stiri-germana-ok2-2.png\",\"datePublished\":\"2018-12-05T16:23:00+00:00\",\"author\":{\"@id\":\"https:\\\/\\\/www.rri.ro\\\/#\\\/schema\\\/person\\\/4a479940371b9fdefd194f561e8a7f88\"},\"breadcrumb\":{\"@id\":\"https:\\\/\\\/www.rri.ro\\\/de\\\/aktuell\\\/newsflash-de\\\/nachrichten-05-12-2018-id632962.html#breadcrumb\"},\"inLanguage\":\"de\",\"potentialAction\":[{\"@type\":\"ReadAction\",\"target\":[\"https:\\\/\\\/www.rri.ro\\\/de\\\/aktuell\\\/newsflash-de\\\/nachrichten-05-12-2018-id632962.html\"]}]},{\"@type\":\"ImageObject\",\"inLanguage\":\"de\",\"@id\":\"https:\\\/\\\/www.rri.ro\\\/de\\\/aktuell\\\/newsflash-de\\\/nachrichten-05-12-2018-id632962.html#primaryimage\",\"url\":\"https:\\\/\\\/www.rri.ro\\\/wp-content\\\/uploads\\\/2023\\\/10\\\/stiri-germana-ok2-2.png\",\"contentUrl\":\"https:\\\/\\\/www.rri.ro\\\/wp-content\\\/uploads\\\/2023\\\/10\\\/stiri-germana-ok2-2.png\",\"width\":640,\"height\":427},{\"@type\":\"BreadcrumbList\",\"@id\":\"https:\\\/\\\/www.rri.ro\\\/de\\\/aktuell\\\/newsflash-de\\\/nachrichten-05-12-2018-id632962.html#breadcrumb\",\"itemListElement\":[{\"@type\":\"ListItem\",\"position\":1,\"name\":\"Startseite\",\"item\":\"https:\\\/\\\/www.rri.ro\\\/de\"},{\"@type\":\"ListItem\",\"position\":2,\"name\":\"Aktuell\",\"item\":\"https:\\\/\\\/www.rri.ro\\\/de\\\/aktuell\"},{\"@type\":\"ListItem\",\"position\":3,\"name\":\"Newsflash\",\"item\":\"https:\\\/\\\/www.rri.ro\\\/de\\\/aktuell\\\/newsflash-de\"},{\"@type\":\"ListItem\",\"position\":4,\"name\":\"Nachrichten 05.12.2018\"}]},{\"@type\":\"WebSite\",\"@id\":\"https:\\\/\\\/www.rri.ro\\\/#website\",\"url\":\"https:\\\/\\\/www.rri.ro\\\/\",\"name\":\"Radio Rum\u00e4nien International\",\"description\":\"Totul despre Rom\u00e2nia \u015fi rom\u00e2ni, \u00een 13 limbi\\\/dialecte!\",\"inLanguage\":\"de\"},{\"@type\":\"Person\",\"@id\":\"https:\\\/\\\/www.rri.ro\\\/#\\\/schema\\\/person\\\/4a479940371b9fdefd194f561e8a7f88\",\"name\":\"Newsroom\",\"url\":\"https:\\\/\\\/www.rri.ro\\\/de\\\/author\\\/newsroom\"}]}<\/script>\n<!-- \/ Yoast SEO plugin. -->","yoast_head_json":{"title":"Nachrichten 05.12.2018 - Radio Rum\u00e4nien International","robots":{"index":"index","follow":"follow","max-snippet":"max-snippet:-1","max-image-preview":"max-image-preview:large","max-video-preview":"max-video-preview:-1"},"canonical":"https:\/\/www.rri.ro\/de\/aktuell\/newsflash-de\/nachrichten-05-12-2018-id632962.html","og_locale":"de_DE","og_type":"article","og_title":"Nachrichten 05.12.2018 - Radio Rum\u00e4nien International","og_description":"Bukarest: Die rum\u00e4nische Wettbewerbsbeh\u00f6rde hat neun Versicherungsunternehmen wegen Preisabsprachen bei Haftpflichtversicherungen abgestraft. Insgesamt m\u00fcssen sie rund 53 Millionen Euro Strafe zahlen. Mit einer Geldbu\u00dfe wurde auch der Verband der rum\u00e4nischen Versicherer und R\u00fcckversicherer belegt. Einige der Firmen wollen jetzt gegen die Strafe vor Gericht klagen. Das ist unser erstes Thema nach den Meldungen. &#13; &#13; [&hellip;]","og_url":"https:\/\/www.rri.ro\/de\/aktuell\/newsflash-de\/nachrichten-05-12-2018-id632962.html","og_site_name":"Radio Rum\u00e4nien International","article_published_time":"2018-12-05T16:23:00+00:00","og_image":[{"width":640,"height":427,"url":"https:\/\/www.rri.ro\/wp-content\/uploads\/2023\/10\/stiri-germana-ok2-2.png","type":"image\/png"}],"author":"Newsroom","twitter_card":"summary_large_image","twitter_misc":{"Verfasst von":"Newsroom","Gesch\u00e4tzte Lesezeit":"2\u00a0Minuten","Written by":"Newsroom"},"schema":{"@context":"https:\/\/schema.org","@graph":[{"@type":"Article","@id":"https:\/\/www.rri.ro\/de\/aktuell\/newsflash-de\/nachrichten-05-12-2018-id632962.html#article","isPartOf":{"@id":"https:\/\/www.rri.ro\/de\/aktuell\/newsflash-de\/nachrichten-05-12-2018-id632962.html"},"author":{"name":"Newsroom","@id":"https:\/\/www.rri.ro\/#\/schema\/person\/4a479940371b9fdefd194f561e8a7f88"},"headline":"Nachrichten 05.12.2018","datePublished":"2018-12-05T16:23:00+00:00","mainEntityOfPage":{"@id":"https:\/\/www.rri.ro\/de\/aktuell\/newsflash-de\/nachrichten-05-12-2018-id632962.html"},"wordCount":416,"image":{"@id":"https:\/\/www.rri.ro\/de\/aktuell\/newsflash-de\/nachrichten-05-12-2018-id632962.html#primaryimage"},"thumbnailUrl":"https:\/\/www.rri.ro\/wp-content\/uploads\/2023\/10\/stiri-germana-ok2-2.png","keywords":["Bek\u00e4mpfung der Korruption","bildungspolitischen Lage","chisinau","Jean Claude Juncker","Klaus Iohannis","Moldaurepublik","Versicherungsunternehmen","viorica dancila","Wettbewerbsbeh\u00f6rde"],"articleSection":["Newsflash"],"inLanguage":"de"},{"@type":"WebPage","@id":"https:\/\/www.rri.ro\/de\/aktuell\/newsflash-de\/nachrichten-05-12-2018-id632962.html","url":"https:\/\/www.rri.ro\/de\/aktuell\/newsflash-de\/nachrichten-05-12-2018-id632962.html","name":"Nachrichten 05.12.2018 - Radio Rum\u00e4nien International","isPartOf":{"@id":"https:\/\/www.rri.ro\/#website"},"primaryImageOfPage":{"@id":"https:\/\/www.rri.ro\/de\/aktuell\/newsflash-de\/nachrichten-05-12-2018-id632962.html#primaryimage"},"image":{"@id":"https:\/\/www.rri.ro\/de\/aktuell\/newsflash-de\/nachrichten-05-12-2018-id632962.html#primaryimage"},"thumbnailUrl":"https:\/\/www.rri.ro\/wp-content\/uploads\/2023\/10\/stiri-germana-ok2-2.png","datePublished":"2018-12-05T16:23:00+00:00","author":{"@id":"https:\/\/www.rri.ro\/#\/schema\/person\/4a479940371b9fdefd194f561e8a7f88"},"breadcrumb":{"@id":"https:\/\/www.rri.ro\/de\/aktuell\/newsflash-de\/nachrichten-05-12-2018-id632962.html#breadcrumb"},"inLanguage":"de","potentialAction":[{"@type":"ReadAction","target":["https:\/\/www.rri.ro\/de\/aktuell\/newsflash-de\/nachrichten-05-12-2018-id632962.html"]}]},{"@type":"ImageObject","inLanguage":"de","@id":"https:\/\/www.rri.ro\/de\/aktuell\/newsflash-de\/nachrichten-05-12-2018-id632962.html#primaryimage","url":"https:\/\/www.rri.ro\/wp-content\/uploads\/2023\/10\/stiri-germana-ok2-2.png","contentUrl":"https:\/\/www.rri.ro\/wp-content\/uploads\/2023\/10\/stiri-germana-ok2-2.png","width":640,"height":427},{"@type":"BreadcrumbList","@id":"https:\/\/www.rri.ro\/de\/aktuell\/newsflash-de\/nachrichten-05-12-2018-id632962.html#breadcrumb","itemListElement":[{"@type":"ListItem","position":1,"name":"Startseite","item":"https:\/\/www.rri.ro\/de"},{"@type":"ListItem","position":2,"name":"Aktuell","item":"https:\/\/www.rri.ro\/de\/aktuell"},{"@type":"ListItem","position":3,"name":"Newsflash","item":"https:\/\/www.rri.ro\/de\/aktuell\/newsflash-de"},{"@type":"ListItem","position":4,"name":"Nachrichten 05.12.2018"}]},{"@type":"WebSite","@id":"https:\/\/www.rri.ro\/#website","url":"https:\/\/www.rri.ro\/","name":"Radio Rum\u00e4nien International","description":"Totul despre Rom\u00e2nia \u015fi rom\u00e2ni, \u00een 13 limbi\/dialecte!","inLanguage":"de"},{"@type":"Person","@id":"https:\/\/www.rri.ro\/#\/schema\/person\/4a479940371b9fdefd194f561e8a7f88","name":"Newsroom","url":"https:\/\/www.rri.ro\/de\/author\/newsroom"}]}},"_links":{"self":[{"href":"https:\/\/www.rri.ro\/de\/wp-json\/wp\/v2\/posts\/632962","targetHints":{"allow":["GET"]}}],"collection":[{"href":"https:\/\/www.rri.ro\/de\/wp-json\/wp\/v2\/posts"}],"about":[{"href":"https:\/\/www.rri.ro\/de\/wp-json\/wp\/v2\/types\/post"}],"author":[{"embeddable":true,"href":"https:\/\/www.rri.ro\/de\/wp-json\/wp\/v2\/users\/113"}],"replies":[{"embeddable":true,"href":"https:\/\/www.rri.ro\/de\/wp-json\/wp\/v2\/comments?post=632962"}],"version-history":[{"count":0,"href":"https:\/\/www.rri.ro\/de\/wp-json\/wp\/v2\/posts\/632962\/revisions"}],"wp:featuredmedia":[{"embeddable":true,"href":"https:\/\/www.rri.ro\/de\/wp-json\/wp\/v2\/media\/460330"}],"wp:attachment":[{"href":"https:\/\/www.rri.ro\/de\/wp-json\/wp\/v2\/media?parent=632962"}],"wp:term":[{"taxonomy":"category","embeddable":true,"href":"https:\/\/www.rri.ro\/de\/wp-json\/wp\/v2\/categories?post=632962"},{"taxonomy":"post_tag","embeddable":true,"href":"https:\/\/www.rri.ro\/de\/wp-json\/wp\/v2\/tags?post=632962"},{"taxonomy":"author","embeddable":true,"href":"https:\/\/www.rri.ro\/de\/wp-json\/wp\/v2\/coauthors?post=632962"}],"curies":[{"name":"wp","href":"https:\/\/api.w.org\/{rel}","templated":true}]}}