{"id":632997,"date":"2019-01-09T18:02:00","date_gmt":"2019-01-09T16:02:00","guid":{"rendered":"http:\/\/devrri.freshlemon.ro\/aktuell\/nachrichten-09-01-2019-id632997.html"},"modified":"2019-01-09T18:02:00","modified_gmt":"2019-01-09T16:02:00","slug":"nachrichten-09-01-2019","status":"publish","type":"post","link":"https:\/\/www.rri.ro\/de\/aktuell\/newsflash-de\/nachrichten-09-01-2019-id632997.html","title":{"rendered":"Nachrichten 09.01.2019"},"content":{"rendered":"<p><strong>Bukarest:<\/strong> Rum\u00e4nien ist es nicht gelungen, EU-finanzierte Programme zur Bek\u00e4mpfung der Jugendarbeitslosigkeit abzurufen. Laut der EU-Kommissarin f\u00fcr Regionalpolitik Corina Cre\u0163u h\u00e4tten Rum\u00e4nien fast 329 Millionen Euro f\u00fcr Projekte bis zum 30. Juni 2018 zugestanden. Abgerufen wurden davon bis Ende September nur 300 Tausend Euro, weniger als ein Prozent des Betrags, sagte Cretu. Die Sozialdemokratin aus Rum\u00e4nien hat die Regierung in Bukarest f\u00fcr die schwache Leistung bei der Absch\u00f6pfung europ\u00e4ischer Gelder h\u00e4ufig kritisiert. Die regierende PSD, aus deren Reihen Cretu stammt, habe ihr bei den Europawahlen keinen Listenplatz vorbehalten, so Medienberichte.<\/p>\n<p>&#13;<br \/>\n&#13;<\/p>\n<p>&#13;<br \/>\n&#13;<\/p>\n<p><strong>Bukarest:<\/strong> Die rum\u00e4nische Wirtschaft wird in diesem Jahr um 3,5% und im n\u00e4chsten um 3,1% wachsen, besagt ein Bericht der Weltbank. Somit korrigierten die Banker ihre Prognose vom letzten Juni um einen Prozentpunkt. F\u00fcr 2018 rechnet die Weltbank mit 4,1% Wachstum. In 2021 bremst das Wachstum auf 2,8% ab, so der Bericht.<\/p>\n<p>&#13;<br \/>\n&#13;<\/p>\n<p>&#13;<br \/>\n&#13;<\/p>\n<p><strong>Bukarest:<\/strong> Das Handelsdefizit Rum\u00e4niens ist in den ersten 11 Monaten von 2018 gegen\u00fcber dem gleichen Vorjahreszeitraum um \u00fcber 18 Prozent gestiegen.  Es liegt nach offiziellen statistischen Angaben bei 13,4 Mrd. Euro. In den ersten 11 Monaten von 2017 lag das Defizit bei 11,3 Mrd. Euro.<\/p>\n<p>&#13;<br \/>\n&#13;<\/p>\n<p>&#13;<br \/>\n&#13;<\/p>\n<p><strong>Bukarest:<\/strong> Kommissionspr\u00e4sident Jean Claude Juncker und die EU-Kommissare treffen am Donnerstag in Bukarest ein \u2013 Anlass ist der Start der rum\u00e4nischen EU-Ratspr\u00e4sidentschaft. Erwartet werden au\u00dferdem EU-Parlamentspr\u00e4sident Antonio Tajani und Ratspr\u00e4sident Donald Tusk. Das Ereignis wird musikalisch von einem Konzert im rum\u00e4nischen Atheneum begleitet. Das Orchester der EU gibt die rum\u00e4nische Rapsodie von George Enescu und Beethovens Ode an die Freude. Der Freitag ist politischen Gespr\u00e4chen gewidmet: Jean-Claude Juncker trifft sich mit Pr\u00e4sident  Klaus Iohannis und Premierministerin Viorica D\u0103ncil\u0103, sowie mit den Vorsitzenden der beiden Parlamentskammern. Geplant sind auch Gespr\u00e4che mit den rum\u00e4nischen Ministern, die w\u00e4hrend der n\u00e4chsten 6 Monate den Fachdialog  im jeweiligen Rat der EU leiten werden.<\/p>\n<p>&#13;<br \/>\n&#13;<\/p>\n<p>&#13;<br \/>\n&#13;<\/p>\n<p><strong>Bukarest:<\/strong> Pr\u00e4sident Klaus Iohannis hat den Vorschlag des Justizministers zur Besetzung der Stelle an der Spitze der DNA zum zweiten Mal abgelehnt. Die Sach- und Rechtsgr\u00fcnde der ersten Ablehnung von Staatsanw\u00e4ltin Adina Florea best\u00fcnden weiterhin, so eine Mitteilung aus dem Pr\u00e4sidialamt. Florea sollte die Position der im Sommer 2018 abgesetzen Chefankl\u00e4gerin Laura Codruta K\u00f6vesi \u00fcbernehmen. Sie klagt inzwischen gegen die Entlassung vor dem EGMR in Strassburg &#8211;  sie habe keine Rechtsbehelfe gegen die einschl\u00e4gige Entscheidung des Verfassungsgerichts gehabt, durch die Pr\u00e4sident Iohannis zu ihrer Absetzung gezwungen wurde.   <\/p>\n<p>&#13;<br \/>\n&#13;<\/p>\n<p>&#13;<br \/>\n&#13;<\/p>\n<p><strong>Bukarest:<\/strong> In Rum\u00e4nien hat es im seismischen Gebiet Vrancea erneut einen Erdsto\u00df von 4,3 Grad Richter gegeben. Es war der st\u00e4rkste in diesem Jahr. Besonders die Hauptstadt Bukarest gilt in Rum\u00e4nien wegen der verfallenen Bausubstanz \u00e4lterer Geb\u00e4ude  als stark erdebengef\u00e4hrdet. Am 4. M\u00e4rz 1977 wurde das Land von einem Erdbeben von 7,2 Grad Richterskala ersch\u00fctterte, das mehr als 1500 Tote forderte und rund 230.000 Wohnungen zum Teil schwer besch\u00e4digte.<\/p>\n<p>&#13;<br \/>\n&#13;<\/p>\n<p>&#13;<br \/>\n&#13;<\/p>\n<p><strong>Bukarest:<\/strong> Das rum\u00e4nische Generalkonsulat in Edinburgh hat sich nach Medienberichten \u00fcber eine m\u00f6glicherweise rassistisch motivierte Straftat gegen eine Gruppe von Rum\u00e4nen im Ort Monkstown in Nordirland eingeschaltet und kommuniziert mit den dortigen Beh\u00f6rden. Laut The Belfast Daily ermittelt die Polizei, nachdem maskierte M\u00e4nner in die Wohnung der Rum\u00e4nen eingedrungen waren und mit Baseballschl\u00e4gern auf sie eingeschlagen hatten. Einer der Rum\u00e4nen ist verletzt.<\/p>\n<p>&#13;<\/p>\n","protected":false},"excerpt":{"rendered":"<p>Bukarest: Rum\u00e4nien ist es nicht gelungen, EU-finanzierte Programme zur Bek\u00e4mpfung der Jugendarbeitslosigkeit abzurufen. Laut der EU-Kommissarin f\u00fcr Regionalpolitik Corina Cre\u0163u h\u00e4tten Rum\u00e4nien fast 329 Millionen Euro f\u00fcr Projekte bis zum 30. Juni 2018 zugestanden. Abgerufen wurden davon bis Ende September nur 300 Tausend Euro, weniger als ein Prozent des Betrags, sagte Cretu. Die Sozialdemokratin aus [&hellip;]<\/p>\n","protected":false},"author":113,"featured_media":460330,"comment_status":"closed","ping_status":"closed","sticky":false,"template":"","format":"standard","meta":{"_acf_changed":false,"footnotes":""},"categories":[116753],"tags":[99587,103531,126725,104502,28945,126724,29799,104212,99589,30947,99753,99592],"coauthors":[],"class_list":["post-632997","post","type-post","status-publish","format-standard","has-post-thumbnail","hentry","category-newsflash-de","tag-bukarest","tag-eu-kommissarin-fuer-regionalpolitik-corina-cretu","tag-eu-parlamentspraesident-antonio-tajani","tag-handelsdefizit","tag-klaus-iohannis","tag-kommissionspraesident-jean-claude-juncker","tag-laura-codruta-kovesi","tag-premierministerin-viorica-dancila","tag-rumaenien","tag-vrancea","tag-wachstum","tag-weltbank"],"acf":[],"yoast_head":"<!-- This site is optimized with the Yoast SEO plugin v27.3 - https:\/\/yoast.com\/product\/yoast-seo-wordpress\/ -->\n<title>Nachrichten 09.01.2019 - Radio Rum\u00e4nien International<\/title>\n<meta name=\"robots\" content=\"index, follow, max-snippet:-1, max-image-preview:large, max-video-preview:-1\" \/>\n<link rel=\"canonical\" href=\"https:\/\/www.rri.ro\/de\/aktuell\/newsflash-de\/nachrichten-09-01-2019-id632997.html\" \/>\n<meta property=\"og:locale\" content=\"de_DE\" \/>\n<meta property=\"og:type\" content=\"article\" \/>\n<meta property=\"og:title\" content=\"Nachrichten 09.01.2019 - Radio Rum\u00e4nien International\" \/>\n<meta property=\"og:description\" content=\"Bukarest: Rum\u00e4nien ist es nicht gelungen, EU-finanzierte Programme zur Bek\u00e4mpfung der Jugendarbeitslosigkeit abzurufen. Laut der EU-Kommissarin f\u00fcr Regionalpolitik Corina Cre\u0163u h\u00e4tten Rum\u00e4nien fast 329 Millionen Euro f\u00fcr Projekte bis zum 30. Juni 2018 zugestanden. Abgerufen wurden davon bis Ende September nur 300 Tausend Euro, weniger als ein Prozent des Betrags, sagte Cretu. Die Sozialdemokratin aus [&hellip;]\" \/>\n<meta property=\"og:url\" content=\"https:\/\/www.rri.ro\/de\/aktuell\/newsflash-de\/nachrichten-09-01-2019-id632997.html\" \/>\n<meta property=\"og:site_name\" content=\"Radio Rum\u00e4nien International\" \/>\n<meta property=\"article:published_time\" content=\"2019-01-09T16:02:00+00:00\" \/>\n<meta property=\"og:image\" content=\"https:\/\/www.rri.ro\/wp-content\/uploads\/2023\/10\/stiri-germana-ok2-2.png\" \/>\n\t<meta property=\"og:image:width\" content=\"640\" \/>\n\t<meta property=\"og:image:height\" content=\"427\" \/>\n\t<meta property=\"og:image:type\" content=\"image\/png\" \/>\n<meta name=\"author\" content=\"Newsroom\" \/>\n<meta name=\"twitter:card\" content=\"summary_large_image\" \/>\n<meta name=\"twitter:label1\" content=\"Verfasst von\" \/>\n\t<meta name=\"twitter:data1\" content=\"Newsroom\" \/>\n\t<meta name=\"twitter:label2\" content=\"Gesch\u00e4tzte Lesezeit\" \/>\n\t<meta name=\"twitter:data2\" content=\"3\u00a0Minuten\" \/>\n\t<meta name=\"twitter:label3\" content=\"Written by\" \/>\n\t<meta name=\"twitter:data3\" content=\"Newsroom\" \/>\n<script type=\"application\/ld+json\" class=\"yoast-schema-graph\">{\"@context\":\"https:\\\/\\\/schema.org\",\"@graph\":[{\"@type\":\"Article\",\"@id\":\"https:\\\/\\\/www.rri.ro\\\/de\\\/aktuell\\\/newsflash-de\\\/nachrichten-09-01-2019-id632997.html#article\",\"isPartOf\":{\"@id\":\"https:\\\/\\\/www.rri.ro\\\/de\\\/aktuell\\\/newsflash-de\\\/nachrichten-09-01-2019-id632997.html\"},\"author\":{\"name\":\"Newsroom\",\"@id\":\"https:\\\/\\\/www.rri.ro\\\/#\\\/schema\\\/person\\\/4a479940371b9fdefd194f561e8a7f88\"},\"headline\":\"Nachrichten 09.01.2019\",\"datePublished\":\"2019-01-09T16:02:00+00:00\",\"mainEntityOfPage\":{\"@id\":\"https:\\\/\\\/www.rri.ro\\\/de\\\/aktuell\\\/newsflash-de\\\/nachrichten-09-01-2019-id632997.html\"},\"wordCount\":545,\"image\":{\"@id\":\"https:\\\/\\\/www.rri.ro\\\/de\\\/aktuell\\\/newsflash-de\\\/nachrichten-09-01-2019-id632997.html#primaryimage\"},\"thumbnailUrl\":\"https:\\\/\\\/www.rri.ro\\\/wp-content\\\/uploads\\\/2023\\\/10\\\/stiri-germana-ok2-2.png\",\"keywords\":[\"Bukarest\",\"EU-Kommissarin f\u00fcr Regionalpolitik Corina Cretu\",\"EU-Parlamentspr\u00e4sident Antonio Tajani\",\"Handelsdefizit\",\"Klaus Iohannis\",\"Kommissionspr\u00e4sident Jean Claude Juncker\",\"Laura Codruta Kovesi\",\"Premierministerin Viorica D\u0103ncil\u0103\",\"Rum\u00e4nien\",\"Vrancea\",\"Wachstum\",\"Weltbank\"],\"articleSection\":[\"Newsflash\"],\"inLanguage\":\"de\"},{\"@type\":\"WebPage\",\"@id\":\"https:\\\/\\\/www.rri.ro\\\/de\\\/aktuell\\\/newsflash-de\\\/nachrichten-09-01-2019-id632997.html\",\"url\":\"https:\\\/\\\/www.rri.ro\\\/de\\\/aktuell\\\/newsflash-de\\\/nachrichten-09-01-2019-id632997.html\",\"name\":\"Nachrichten 09.01.2019 - Radio Rum\u00e4nien International\",\"isPartOf\":{\"@id\":\"https:\\\/\\\/www.rri.ro\\\/#website\"},\"primaryImageOfPage\":{\"@id\":\"https:\\\/\\\/www.rri.ro\\\/de\\\/aktuell\\\/newsflash-de\\\/nachrichten-09-01-2019-id632997.html#primaryimage\"},\"image\":{\"@id\":\"https:\\\/\\\/www.rri.ro\\\/de\\\/aktuell\\\/newsflash-de\\\/nachrichten-09-01-2019-id632997.html#primaryimage\"},\"thumbnailUrl\":\"https:\\\/\\\/www.rri.ro\\\/wp-content\\\/uploads\\\/2023\\\/10\\\/stiri-germana-ok2-2.png\",\"datePublished\":\"2019-01-09T16:02:00+00:00\",\"author\":{\"@id\":\"https:\\\/\\\/www.rri.ro\\\/#\\\/schema\\\/person\\\/4a479940371b9fdefd194f561e8a7f88\"},\"breadcrumb\":{\"@id\":\"https:\\\/\\\/www.rri.ro\\\/de\\\/aktuell\\\/newsflash-de\\\/nachrichten-09-01-2019-id632997.html#breadcrumb\"},\"inLanguage\":\"de\",\"potentialAction\":[{\"@type\":\"ReadAction\",\"target\":[\"https:\\\/\\\/www.rri.ro\\\/de\\\/aktuell\\\/newsflash-de\\\/nachrichten-09-01-2019-id632997.html\"]}]},{\"@type\":\"ImageObject\",\"inLanguage\":\"de\",\"@id\":\"https:\\\/\\\/www.rri.ro\\\/de\\\/aktuell\\\/newsflash-de\\\/nachrichten-09-01-2019-id632997.html#primaryimage\",\"url\":\"https:\\\/\\\/www.rri.ro\\\/wp-content\\\/uploads\\\/2023\\\/10\\\/stiri-germana-ok2-2.png\",\"contentUrl\":\"https:\\\/\\\/www.rri.ro\\\/wp-content\\\/uploads\\\/2023\\\/10\\\/stiri-germana-ok2-2.png\",\"width\":640,\"height\":427},{\"@type\":\"BreadcrumbList\",\"@id\":\"https:\\\/\\\/www.rri.ro\\\/de\\\/aktuell\\\/newsflash-de\\\/nachrichten-09-01-2019-id632997.html#breadcrumb\",\"itemListElement\":[{\"@type\":\"ListItem\",\"position\":1,\"name\":\"Startseite\",\"item\":\"https:\\\/\\\/www.rri.ro\\\/de\"},{\"@type\":\"ListItem\",\"position\":2,\"name\":\"Aktuell\",\"item\":\"https:\\\/\\\/www.rri.ro\\\/de\\\/aktuell\"},{\"@type\":\"ListItem\",\"position\":3,\"name\":\"Newsflash\",\"item\":\"https:\\\/\\\/www.rri.ro\\\/de\\\/aktuell\\\/newsflash-de\"},{\"@type\":\"ListItem\",\"position\":4,\"name\":\"Nachrichten 09.01.2019\"}]},{\"@type\":\"WebSite\",\"@id\":\"https:\\\/\\\/www.rri.ro\\\/#website\",\"url\":\"https:\\\/\\\/www.rri.ro\\\/\",\"name\":\"Radio Rum\u00e4nien International\",\"description\":\"Totul despre Rom\u00e2nia \u015fi rom\u00e2ni, \u00een 13 limbi\\\/dialecte!\",\"inLanguage\":\"de\"},{\"@type\":\"Person\",\"@id\":\"https:\\\/\\\/www.rri.ro\\\/#\\\/schema\\\/person\\\/4a479940371b9fdefd194f561e8a7f88\",\"name\":\"Newsroom\",\"url\":\"https:\\\/\\\/www.rri.ro\\\/de\\\/author\\\/newsroom\"}]}<\/script>\n<!-- \/ Yoast SEO plugin. -->","yoast_head_json":{"title":"Nachrichten 09.01.2019 - Radio Rum\u00e4nien International","robots":{"index":"index","follow":"follow","max-snippet":"max-snippet:-1","max-image-preview":"max-image-preview:large","max-video-preview":"max-video-preview:-1"},"canonical":"https:\/\/www.rri.ro\/de\/aktuell\/newsflash-de\/nachrichten-09-01-2019-id632997.html","og_locale":"de_DE","og_type":"article","og_title":"Nachrichten 09.01.2019 - Radio Rum\u00e4nien International","og_description":"Bukarest: Rum\u00e4nien ist es nicht gelungen, EU-finanzierte Programme zur Bek\u00e4mpfung der Jugendarbeitslosigkeit abzurufen. Laut der EU-Kommissarin f\u00fcr Regionalpolitik Corina Cre\u0163u h\u00e4tten Rum\u00e4nien fast 329 Millionen Euro f\u00fcr Projekte bis zum 30. Juni 2018 zugestanden. Abgerufen wurden davon bis Ende September nur 300 Tausend Euro, weniger als ein Prozent des Betrags, sagte Cretu. Die Sozialdemokratin aus [&hellip;]","og_url":"https:\/\/www.rri.ro\/de\/aktuell\/newsflash-de\/nachrichten-09-01-2019-id632997.html","og_site_name":"Radio Rum\u00e4nien International","article_published_time":"2019-01-09T16:02:00+00:00","og_image":[{"width":640,"height":427,"url":"https:\/\/www.rri.ro\/wp-content\/uploads\/2023\/10\/stiri-germana-ok2-2.png","type":"image\/png"}],"author":"Newsroom","twitter_card":"summary_large_image","twitter_misc":{"Verfasst von":"Newsroom","Gesch\u00e4tzte Lesezeit":"3\u00a0Minuten","Written by":"Newsroom"},"schema":{"@context":"https:\/\/schema.org","@graph":[{"@type":"Article","@id":"https:\/\/www.rri.ro\/de\/aktuell\/newsflash-de\/nachrichten-09-01-2019-id632997.html#article","isPartOf":{"@id":"https:\/\/www.rri.ro\/de\/aktuell\/newsflash-de\/nachrichten-09-01-2019-id632997.html"},"author":{"name":"Newsroom","@id":"https:\/\/www.rri.ro\/#\/schema\/person\/4a479940371b9fdefd194f561e8a7f88"},"headline":"Nachrichten 09.01.2019","datePublished":"2019-01-09T16:02:00+00:00","mainEntityOfPage":{"@id":"https:\/\/www.rri.ro\/de\/aktuell\/newsflash-de\/nachrichten-09-01-2019-id632997.html"},"wordCount":545,"image":{"@id":"https:\/\/www.rri.ro\/de\/aktuell\/newsflash-de\/nachrichten-09-01-2019-id632997.html#primaryimage"},"thumbnailUrl":"https:\/\/www.rri.ro\/wp-content\/uploads\/2023\/10\/stiri-germana-ok2-2.png","keywords":["Bukarest","EU-Kommissarin f\u00fcr Regionalpolitik Corina Cretu","EU-Parlamentspr\u00e4sident Antonio Tajani","Handelsdefizit","Klaus Iohannis","Kommissionspr\u00e4sident Jean Claude Juncker","Laura Codruta Kovesi","Premierministerin Viorica D\u0103ncil\u0103","Rum\u00e4nien","Vrancea","Wachstum","Weltbank"],"articleSection":["Newsflash"],"inLanguage":"de"},{"@type":"WebPage","@id":"https:\/\/www.rri.ro\/de\/aktuell\/newsflash-de\/nachrichten-09-01-2019-id632997.html","url":"https:\/\/www.rri.ro\/de\/aktuell\/newsflash-de\/nachrichten-09-01-2019-id632997.html","name":"Nachrichten 09.01.2019 - Radio Rum\u00e4nien International","isPartOf":{"@id":"https:\/\/www.rri.ro\/#website"},"primaryImageOfPage":{"@id":"https:\/\/www.rri.ro\/de\/aktuell\/newsflash-de\/nachrichten-09-01-2019-id632997.html#primaryimage"},"image":{"@id":"https:\/\/www.rri.ro\/de\/aktuell\/newsflash-de\/nachrichten-09-01-2019-id632997.html#primaryimage"},"thumbnailUrl":"https:\/\/www.rri.ro\/wp-content\/uploads\/2023\/10\/stiri-germana-ok2-2.png","datePublished":"2019-01-09T16:02:00+00:00","author":{"@id":"https:\/\/www.rri.ro\/#\/schema\/person\/4a479940371b9fdefd194f561e8a7f88"},"breadcrumb":{"@id":"https:\/\/www.rri.ro\/de\/aktuell\/newsflash-de\/nachrichten-09-01-2019-id632997.html#breadcrumb"},"inLanguage":"de","potentialAction":[{"@type":"ReadAction","target":["https:\/\/www.rri.ro\/de\/aktuell\/newsflash-de\/nachrichten-09-01-2019-id632997.html"]}]},{"@type":"ImageObject","inLanguage":"de","@id":"https:\/\/www.rri.ro\/de\/aktuell\/newsflash-de\/nachrichten-09-01-2019-id632997.html#primaryimage","url":"https:\/\/www.rri.ro\/wp-content\/uploads\/2023\/10\/stiri-germana-ok2-2.png","contentUrl":"https:\/\/www.rri.ro\/wp-content\/uploads\/2023\/10\/stiri-germana-ok2-2.png","width":640,"height":427},{"@type":"BreadcrumbList","@id":"https:\/\/www.rri.ro\/de\/aktuell\/newsflash-de\/nachrichten-09-01-2019-id632997.html#breadcrumb","itemListElement":[{"@type":"ListItem","position":1,"name":"Startseite","item":"https:\/\/www.rri.ro\/de"},{"@type":"ListItem","position":2,"name":"Aktuell","item":"https:\/\/www.rri.ro\/de\/aktuell"},{"@type":"ListItem","position":3,"name":"Newsflash","item":"https:\/\/www.rri.ro\/de\/aktuell\/newsflash-de"},{"@type":"ListItem","position":4,"name":"Nachrichten 09.01.2019"}]},{"@type":"WebSite","@id":"https:\/\/www.rri.ro\/#website","url":"https:\/\/www.rri.ro\/","name":"Radio Rum\u00e4nien International","description":"Totul despre Rom\u00e2nia \u015fi rom\u00e2ni, \u00een 13 limbi\/dialecte!","inLanguage":"de"},{"@type":"Person","@id":"https:\/\/www.rri.ro\/#\/schema\/person\/4a479940371b9fdefd194f561e8a7f88","name":"Newsroom","url":"https:\/\/www.rri.ro\/de\/author\/newsroom"}]}},"_links":{"self":[{"href":"https:\/\/www.rri.ro\/de\/wp-json\/wp\/v2\/posts\/632997","targetHints":{"allow":["GET"]}}],"collection":[{"href":"https:\/\/www.rri.ro\/de\/wp-json\/wp\/v2\/posts"}],"about":[{"href":"https:\/\/www.rri.ro\/de\/wp-json\/wp\/v2\/types\/post"}],"author":[{"embeddable":true,"href":"https:\/\/www.rri.ro\/de\/wp-json\/wp\/v2\/users\/113"}],"replies":[{"embeddable":true,"href":"https:\/\/www.rri.ro\/de\/wp-json\/wp\/v2\/comments?post=632997"}],"version-history":[{"count":0,"href":"https:\/\/www.rri.ro\/de\/wp-json\/wp\/v2\/posts\/632997\/revisions"}],"wp:featuredmedia":[{"embeddable":true,"href":"https:\/\/www.rri.ro\/de\/wp-json\/wp\/v2\/media\/460330"}],"wp:attachment":[{"href":"https:\/\/www.rri.ro\/de\/wp-json\/wp\/v2\/media?parent=632997"}],"wp:term":[{"taxonomy":"category","embeddable":true,"href":"https:\/\/www.rri.ro\/de\/wp-json\/wp\/v2\/categories?post=632997"},{"taxonomy":"post_tag","embeddable":true,"href":"https:\/\/www.rri.ro\/de\/wp-json\/wp\/v2\/tags?post=632997"},{"taxonomy":"author","embeddable":true,"href":"https:\/\/www.rri.ro\/de\/wp-json\/wp\/v2\/coauthors?post=632997"}],"curies":[{"name":"wp","href":"https:\/\/api.w.org\/{rel}","templated":true}]}}