{"id":633016,"date":"2019-01-31T19:00:00","date_gmt":"2019-01-31T17:00:00","guid":{"rendered":"http:\/\/devrri.freshlemon.ro\/aktuell\/nachrichten-31-01-2019-id633016.html"},"modified":"2019-01-31T19:00:00","modified_gmt":"2019-01-31T17:00:00","slug":"nachrichten-31-01-2019","status":"publish","type":"post","link":"https:\/\/www.rri.ro\/de\/aktuell\/newsflash-de\/nachrichten-31-01-2019-id633016.html","title":{"rendered":"Nachrichten 31.01.2019"},"content":{"rendered":"<p style=margin: 0px 0px 13.33px; text-align: justify; line-height: 150%;>Pr\u00e4sident Klaus Iohannis hat am Donnerstag die Entscheidung Rum\u00e4niens bekr\u00e4ftigt, ein starkes und vertrauensw\u00fcrdiges NATO-Mitglied zu bleiben. Nach Gespr\u00e4chen in Bukarest mit dem Generalsekret\u00e4r der Allianz, Jens Stoltenberg, betonte Iohannis, dass Rumanien ein Land ist welches2% des BIP f\u00fcr die Verteidigung bereitstellt und f\u00fcr Sicherheit und Stabilit\u00e4t in der Region sorgt. Iohannis sprach sich  f\u00fcr eine solide transatlantische Beziehung aus, welche f\u00fcr die Sicherheit des euroatlantischen Raums unerl\u00e4sslich ist. Stoltenbergs Besuch in Bukarest findet anlasslich der Feierlichkeiten zum 70. Jahrestages der Gr\u00fcndung der Nordatlantischen Allianz und der 15-jahrigen Mitgliedschaft Rumaniens zur Allianz statt. Am Mittwoch nahm Stoltenberg an dem informellen Treffen der Verteidigungsminister in den EU-Mitgliedstaaten teil. Der NATO-Vertreter sagte, die EU k\u00f6nne die NATO nicht ersetzen, und es sei wichtig, dass ihre Bem\u00fchungen im Verteidigungsbereich nicht mit denen der Allianz konkurrieren, sondern sich erg\u00e4nzen. Stoltenberg wies darauf hin dass, nach dem Brexit 80% der Milit\u00e4rausgaben des B\u00fcndnisses aus Nicht-EU-L\u00e4ndern kommen, w\u00e4hrend drei der vier in Polen und den baltischen Staaten stationierten Taskforces von Nicht-EU-L\u00e4ndern gef\u00fchrt w\u00fcrden. Federica Mogherini, Vertreterin der Europ\u00e4ischen Union f\u00fcr Au\u200e\u00dfen- und Sicherheitspolitik, erkl\u00e4rte wiederum, die Partnerschaft zwischen der EU und der NATO sei unerl\u00e4sslich.<\/p>\n<p>&#13;<br \/>\n&#13;<\/p>\n<p style=margin: 0px 0px 13.33px; text-align: justify; line-height: 150%;>\n<p>&#13;<br \/>\n&#13;<\/p>\n<p style=margin: 0px 0px 13.33px; text-align: justify; line-height: 150%;>Am Donnerstag und Freitag findet in Bukarest ein Gymnich-Treffen statt. Vorsitzende des Treffens ist die Vertreterin der Europ\u00e4ischen Union f\u00fcr Au\u200e\u00dfen- und Sicherheitspolitik, Federica Mogherini. Auf der Agenda der Gespr\u00e4che stehen aktuelle internationale Themen wie die \u00d6stliche Partnerschaft, Venezuela, Syrien und China. Die EU-Au\u200e\u00dfenminister werden auch an einer Arbeitssitzung mit Au\u200e\u00dfenministern der EU-Beitrittskandidaten Albanien, der ehemaligen jugoslawischen Republik Mazedonien, Montenegro, Serbien und der T\u00fcrkei teilnehmen. Das Gymnich-Format wurde 1974 mit dem Ziel gegr\u00fcndet, Au\u200e\u00dfenminister f\u00fcr informelle Gespr\u00e4che zusammenzubringen.<\/p>\n<p>&#13;<br \/>\n&#13;<\/p>\n<p style=margin: 0px 0px 13.33px; text-align: justify; line-height: 150%;>\n<p>&#13;<br \/>\n&#13;<\/p>\n<p style=margin: 0px 0px 13.33px; text-align: justify; line-height: 150%;>Die rum\u00e4nische Innenministerin Carmen Dan hat am Donnerstag mit dem britischen Botschafter Andrew Noble \u00fcber die neuesten Entwicklungen des Brexit diskutiert. Der Minister betonte, dass die Priorit\u00e4t der Bukarester Beh\u00f6rden weiterhin darin besteht, die Rechte der rum\u00e4nischen B\u00fcrger im Vereinigten K\u00f6nigreich zu sch\u00fctzen. Was die britischen B\u00fcrger auf dem Territorium Rum\u00e4niens angeht, hat die rum\u00e4nische Beamte versichert, dass ihre Rechte unabh\u00e4ngig von dem Brexit-Szenario eingehalten werden, im Geiste der Gegenseitigkeit gegen\u00fcber dem britischen Ansatz. Der Botschafter stellte im Gegenzug fest, dass diese Diskussionen f\u00fcr britische B\u00fcrger in Rum\u00e4nien willkommen sind und &#8211; auch auf technischer Ebene &#8211; je nach Entwicklung der Situation in dieser Angelegenheit fortgesetzt werden. Gro\u200e\u00dfbritannien wird die EU am 29. M\u00e4rz verlassen.<\/p>\n<p>&#13;<br \/>\n&#13;<\/p>\n<p style=margin: 0px 0px 13.33px; text-align: justify; line-height: 150%;>\n<p>&#13;<br \/>\n&#13;<\/p>\n<p style=margin: 0px 0px 13.33px; text-align: justify; line-height: 150%;>Die rumanische Regierung hat entschieden, dass Unternehmen dieses Jahr bis zu 20.000 ausl\u00e4ndische Arbeitnehmer einstellen konnen. Damit will die Reigerung die Besch\u00e4ftigungskrise in Rum\u00e4nien l\u00f6sen. Das Arbeitsministerium in Bukarest hat angek\u00fcndigt, dass die Zahl der Besch\u00e4ftigten im Vergleich zum Vorjahr um 5 Tausend gestiegen ist. Die Ma\u200e\u00dfnahme zielt auch darauf ab, illegale Besch\u00e4ftigung zu verhindern.<\/p>\n<p>&#13;<br \/>\n&#13;<\/p>\n<p style=margin: 0px 0px 13.33px; text-align: justify; line-height: 150%;>\n<p>&#13;<br \/>\n&#13;<\/p>\n<p style=margin: 0px 0px 13.33px; text-align: justify; line-height: 150%;>Die Zahl der Todesopfer der j\u00fcngsten Grippewelle in Rum\u00e4nien liegt bei 61 &#8211; Quellen in Bukarest teilte mit, keines der Opfer sei geimpft worden. Obwohl die Regierung, am Mittwoch erkl\u00e4rt hat, dass das Land derzeit von einer Grippe-Epidemie betroffen ist, sind die Schulen im ganzen Land weiterhin ge\u00f6ffnet. Der Unterricht wird nur unterbrochen, wenn 20% der Sch\u00fcler erkrankt sind. Bisher wurden nur 14 Schulen und Kinderg\u00e4rten in Bukarest sowie mehrere andere im ganzen Land geschlossen.<\/p>\n<p>&#13;<\/p>\n","protected":false},"excerpt":{"rendered":"<p>Die wichtigsten Meldungen des Tages im \u00dcberblick<\/p>\n","protected":false},"author":113,"featured_media":460330,"comment_status":"closed","ping_status":"closed","sticky":false,"template":"","format":"standard","meta":{"_acf_changed":false,"footnotes":""},"categories":[116753],"tags":[14005,100896,126755,125861,117162],"coauthors":[],"class_list":["post-633016","post","type-post","status-publish","format-standard","has-post-thumbnail","hentry","category-newsflash-de","tag-brexit","tag-gastarbeiter","tag-grippe-epidemie","tag-gymnich-treffen","tag-nato-treffen"],"acf":[],"yoast_head":"<!-- This site is optimized with the Yoast SEO plugin v27.3 - https:\/\/yoast.com\/product\/yoast-seo-wordpress\/ -->\n<title>Nachrichten 31.01.2019 - Radio Rum\u00e4nien International<\/title>\n<meta name=\"robots\" content=\"index, follow, max-snippet:-1, max-image-preview:large, max-video-preview:-1\" \/>\n<link rel=\"canonical\" href=\"https:\/\/www.rri.ro\/de\/aktuell\/newsflash-de\/nachrichten-31-01-2019-id633016.html\" \/>\n<meta property=\"og:locale\" content=\"de_DE\" \/>\n<meta property=\"og:type\" content=\"article\" \/>\n<meta property=\"og:title\" content=\"Nachrichten 31.01.2019 - Radio Rum\u00e4nien International\" \/>\n<meta property=\"og:description\" content=\"Die wichtigsten Meldungen des Tages im \u00dcberblick\" \/>\n<meta property=\"og:url\" content=\"https:\/\/www.rri.ro\/de\/aktuell\/newsflash-de\/nachrichten-31-01-2019-id633016.html\" \/>\n<meta property=\"og:site_name\" content=\"Radio Rum\u00e4nien International\" \/>\n<meta property=\"article:published_time\" content=\"2019-01-31T17:00:00+00:00\" \/>\n<meta property=\"og:image\" content=\"https:\/\/www.rri.ro\/wp-content\/uploads\/2023\/10\/stiri-germana-ok2-2.png\" \/>\n\t<meta property=\"og:image:width\" content=\"640\" \/>\n\t<meta property=\"og:image:height\" content=\"427\" \/>\n\t<meta property=\"og:image:type\" content=\"image\/png\" \/>\n<meta name=\"author\" content=\"Newsroom\" \/>\n<meta name=\"twitter:card\" content=\"summary_large_image\" \/>\n<meta name=\"twitter:label1\" content=\"Verfasst von\" \/>\n\t<meta name=\"twitter:data1\" content=\"Newsroom\" \/>\n\t<meta name=\"twitter:label2\" content=\"Gesch\u00e4tzte Lesezeit\" \/>\n\t<meta name=\"twitter:data2\" content=\"3\u00a0Minuten\" \/>\n\t<meta name=\"twitter:label3\" content=\"Written by\" \/>\n\t<meta name=\"twitter:data3\" content=\"Newsroom\" \/>\n<script type=\"application\/ld+json\" class=\"yoast-schema-graph\">{\"@context\":\"https:\\\/\\\/schema.org\",\"@graph\":[{\"@type\":\"Article\",\"@id\":\"https:\\\/\\\/www.rri.ro\\\/de\\\/aktuell\\\/newsflash-de\\\/nachrichten-31-01-2019-id633016.html#article\",\"isPartOf\":{\"@id\":\"https:\\\/\\\/www.rri.ro\\\/de\\\/aktuell\\\/newsflash-de\\\/nachrichten-31-01-2019-id633016.html\"},\"author\":{\"name\":\"Newsroom\",\"@id\":\"https:\\\/\\\/www.rri.ro\\\/#\\\/schema\\\/person\\\/4a479940371b9fdefd194f561e8a7f88\"},\"headline\":\"Nachrichten 31.01.2019\",\"datePublished\":\"2019-01-31T17:00:00+00:00\",\"mainEntityOfPage\":{\"@id\":\"https:\\\/\\\/www.rri.ro\\\/de\\\/aktuell\\\/newsflash-de\\\/nachrichten-31-01-2019-id633016.html\"},\"wordCount\":574,\"image\":{\"@id\":\"https:\\\/\\\/www.rri.ro\\\/de\\\/aktuell\\\/newsflash-de\\\/nachrichten-31-01-2019-id633016.html#primaryimage\"},\"thumbnailUrl\":\"https:\\\/\\\/www.rri.ro\\\/wp-content\\\/uploads\\\/2023\\\/10\\\/stiri-germana-ok2-2.png\",\"keywords\":[\"Brexit\",\"Gastarbeiter\",\"Grippe-Epidemie\",\"Gymnich-Treffen\",\"NATO-Treffen\"],\"articleSection\":[\"Newsflash\"],\"inLanguage\":\"de\"},{\"@type\":\"WebPage\",\"@id\":\"https:\\\/\\\/www.rri.ro\\\/de\\\/aktuell\\\/newsflash-de\\\/nachrichten-31-01-2019-id633016.html\",\"url\":\"https:\\\/\\\/www.rri.ro\\\/de\\\/aktuell\\\/newsflash-de\\\/nachrichten-31-01-2019-id633016.html\",\"name\":\"Nachrichten 31.01.2019 - Radio Rum\u00e4nien International\",\"isPartOf\":{\"@id\":\"https:\\\/\\\/www.rri.ro\\\/#website\"},\"primaryImageOfPage\":{\"@id\":\"https:\\\/\\\/www.rri.ro\\\/de\\\/aktuell\\\/newsflash-de\\\/nachrichten-31-01-2019-id633016.html#primaryimage\"},\"image\":{\"@id\":\"https:\\\/\\\/www.rri.ro\\\/de\\\/aktuell\\\/newsflash-de\\\/nachrichten-31-01-2019-id633016.html#primaryimage\"},\"thumbnailUrl\":\"https:\\\/\\\/www.rri.ro\\\/wp-content\\\/uploads\\\/2023\\\/10\\\/stiri-germana-ok2-2.png\",\"datePublished\":\"2019-01-31T17:00:00+00:00\",\"author\":{\"@id\":\"https:\\\/\\\/www.rri.ro\\\/#\\\/schema\\\/person\\\/4a479940371b9fdefd194f561e8a7f88\"},\"breadcrumb\":{\"@id\":\"https:\\\/\\\/www.rri.ro\\\/de\\\/aktuell\\\/newsflash-de\\\/nachrichten-31-01-2019-id633016.html#breadcrumb\"},\"inLanguage\":\"de\",\"potentialAction\":[{\"@type\":\"ReadAction\",\"target\":[\"https:\\\/\\\/www.rri.ro\\\/de\\\/aktuell\\\/newsflash-de\\\/nachrichten-31-01-2019-id633016.html\"]}]},{\"@type\":\"ImageObject\",\"inLanguage\":\"de\",\"@id\":\"https:\\\/\\\/www.rri.ro\\\/de\\\/aktuell\\\/newsflash-de\\\/nachrichten-31-01-2019-id633016.html#primaryimage\",\"url\":\"https:\\\/\\\/www.rri.ro\\\/wp-content\\\/uploads\\\/2023\\\/10\\\/stiri-germana-ok2-2.png\",\"contentUrl\":\"https:\\\/\\\/www.rri.ro\\\/wp-content\\\/uploads\\\/2023\\\/10\\\/stiri-germana-ok2-2.png\",\"width\":640,\"height\":427},{\"@type\":\"BreadcrumbList\",\"@id\":\"https:\\\/\\\/www.rri.ro\\\/de\\\/aktuell\\\/newsflash-de\\\/nachrichten-31-01-2019-id633016.html#breadcrumb\",\"itemListElement\":[{\"@type\":\"ListItem\",\"position\":1,\"name\":\"Startseite\",\"item\":\"https:\\\/\\\/www.rri.ro\\\/de\"},{\"@type\":\"ListItem\",\"position\":2,\"name\":\"Aktuell\",\"item\":\"https:\\\/\\\/www.rri.ro\\\/de\\\/aktuell\"},{\"@type\":\"ListItem\",\"position\":3,\"name\":\"Newsflash\",\"item\":\"https:\\\/\\\/www.rri.ro\\\/de\\\/aktuell\\\/newsflash-de\"},{\"@type\":\"ListItem\",\"position\":4,\"name\":\"Nachrichten 31.01.2019\"}]},{\"@type\":\"WebSite\",\"@id\":\"https:\\\/\\\/www.rri.ro\\\/#website\",\"url\":\"https:\\\/\\\/www.rri.ro\\\/\",\"name\":\"Radio Rum\u00e4nien International\",\"description\":\"Totul despre Rom\u00e2nia \u015fi rom\u00e2ni, \u00een 13 limbi\\\/dialecte!\",\"inLanguage\":\"de\"},{\"@type\":\"Person\",\"@id\":\"https:\\\/\\\/www.rri.ro\\\/#\\\/schema\\\/person\\\/4a479940371b9fdefd194f561e8a7f88\",\"name\":\"Newsroom\",\"url\":\"https:\\\/\\\/www.rri.ro\\\/de\\\/author\\\/newsroom\"}]}<\/script>\n<!-- \/ Yoast SEO plugin. -->","yoast_head_json":{"title":"Nachrichten 31.01.2019 - Radio Rum\u00e4nien International","robots":{"index":"index","follow":"follow","max-snippet":"max-snippet:-1","max-image-preview":"max-image-preview:large","max-video-preview":"max-video-preview:-1"},"canonical":"https:\/\/www.rri.ro\/de\/aktuell\/newsflash-de\/nachrichten-31-01-2019-id633016.html","og_locale":"de_DE","og_type":"article","og_title":"Nachrichten 31.01.2019 - Radio Rum\u00e4nien International","og_description":"Die wichtigsten Meldungen des Tages im \u00dcberblick","og_url":"https:\/\/www.rri.ro\/de\/aktuell\/newsflash-de\/nachrichten-31-01-2019-id633016.html","og_site_name":"Radio Rum\u00e4nien International","article_published_time":"2019-01-31T17:00:00+00:00","og_image":[{"width":640,"height":427,"url":"https:\/\/www.rri.ro\/wp-content\/uploads\/2023\/10\/stiri-germana-ok2-2.png","type":"image\/png"}],"author":"Newsroom","twitter_card":"summary_large_image","twitter_misc":{"Verfasst von":"Newsroom","Gesch\u00e4tzte Lesezeit":"3\u00a0Minuten","Written by":"Newsroom"},"schema":{"@context":"https:\/\/schema.org","@graph":[{"@type":"Article","@id":"https:\/\/www.rri.ro\/de\/aktuell\/newsflash-de\/nachrichten-31-01-2019-id633016.html#article","isPartOf":{"@id":"https:\/\/www.rri.ro\/de\/aktuell\/newsflash-de\/nachrichten-31-01-2019-id633016.html"},"author":{"name":"Newsroom","@id":"https:\/\/www.rri.ro\/#\/schema\/person\/4a479940371b9fdefd194f561e8a7f88"},"headline":"Nachrichten 31.01.2019","datePublished":"2019-01-31T17:00:00+00:00","mainEntityOfPage":{"@id":"https:\/\/www.rri.ro\/de\/aktuell\/newsflash-de\/nachrichten-31-01-2019-id633016.html"},"wordCount":574,"image":{"@id":"https:\/\/www.rri.ro\/de\/aktuell\/newsflash-de\/nachrichten-31-01-2019-id633016.html#primaryimage"},"thumbnailUrl":"https:\/\/www.rri.ro\/wp-content\/uploads\/2023\/10\/stiri-germana-ok2-2.png","keywords":["Brexit","Gastarbeiter","Grippe-Epidemie","Gymnich-Treffen","NATO-Treffen"],"articleSection":["Newsflash"],"inLanguage":"de"},{"@type":"WebPage","@id":"https:\/\/www.rri.ro\/de\/aktuell\/newsflash-de\/nachrichten-31-01-2019-id633016.html","url":"https:\/\/www.rri.ro\/de\/aktuell\/newsflash-de\/nachrichten-31-01-2019-id633016.html","name":"Nachrichten 31.01.2019 - Radio Rum\u00e4nien International","isPartOf":{"@id":"https:\/\/www.rri.ro\/#website"},"primaryImageOfPage":{"@id":"https:\/\/www.rri.ro\/de\/aktuell\/newsflash-de\/nachrichten-31-01-2019-id633016.html#primaryimage"},"image":{"@id":"https:\/\/www.rri.ro\/de\/aktuell\/newsflash-de\/nachrichten-31-01-2019-id633016.html#primaryimage"},"thumbnailUrl":"https:\/\/www.rri.ro\/wp-content\/uploads\/2023\/10\/stiri-germana-ok2-2.png","datePublished":"2019-01-31T17:00:00+00:00","author":{"@id":"https:\/\/www.rri.ro\/#\/schema\/person\/4a479940371b9fdefd194f561e8a7f88"},"breadcrumb":{"@id":"https:\/\/www.rri.ro\/de\/aktuell\/newsflash-de\/nachrichten-31-01-2019-id633016.html#breadcrumb"},"inLanguage":"de","potentialAction":[{"@type":"ReadAction","target":["https:\/\/www.rri.ro\/de\/aktuell\/newsflash-de\/nachrichten-31-01-2019-id633016.html"]}]},{"@type":"ImageObject","inLanguage":"de","@id":"https:\/\/www.rri.ro\/de\/aktuell\/newsflash-de\/nachrichten-31-01-2019-id633016.html#primaryimage","url":"https:\/\/www.rri.ro\/wp-content\/uploads\/2023\/10\/stiri-germana-ok2-2.png","contentUrl":"https:\/\/www.rri.ro\/wp-content\/uploads\/2023\/10\/stiri-germana-ok2-2.png","width":640,"height":427},{"@type":"BreadcrumbList","@id":"https:\/\/www.rri.ro\/de\/aktuell\/newsflash-de\/nachrichten-31-01-2019-id633016.html#breadcrumb","itemListElement":[{"@type":"ListItem","position":1,"name":"Startseite","item":"https:\/\/www.rri.ro\/de"},{"@type":"ListItem","position":2,"name":"Aktuell","item":"https:\/\/www.rri.ro\/de\/aktuell"},{"@type":"ListItem","position":3,"name":"Newsflash","item":"https:\/\/www.rri.ro\/de\/aktuell\/newsflash-de"},{"@type":"ListItem","position":4,"name":"Nachrichten 31.01.2019"}]},{"@type":"WebSite","@id":"https:\/\/www.rri.ro\/#website","url":"https:\/\/www.rri.ro\/","name":"Radio Rum\u00e4nien International","description":"Totul despre Rom\u00e2nia \u015fi rom\u00e2ni, \u00een 13 limbi\/dialecte!","inLanguage":"de"},{"@type":"Person","@id":"https:\/\/www.rri.ro\/#\/schema\/person\/4a479940371b9fdefd194f561e8a7f88","name":"Newsroom","url":"https:\/\/www.rri.ro\/de\/author\/newsroom"}]}},"_links":{"self":[{"href":"https:\/\/www.rri.ro\/de\/wp-json\/wp\/v2\/posts\/633016","targetHints":{"allow":["GET"]}}],"collection":[{"href":"https:\/\/www.rri.ro\/de\/wp-json\/wp\/v2\/posts"}],"about":[{"href":"https:\/\/www.rri.ro\/de\/wp-json\/wp\/v2\/types\/post"}],"author":[{"embeddable":true,"href":"https:\/\/www.rri.ro\/de\/wp-json\/wp\/v2\/users\/113"}],"replies":[{"embeddable":true,"href":"https:\/\/www.rri.ro\/de\/wp-json\/wp\/v2\/comments?post=633016"}],"version-history":[{"count":0,"href":"https:\/\/www.rri.ro\/de\/wp-json\/wp\/v2\/posts\/633016\/revisions"}],"wp:featuredmedia":[{"embeddable":true,"href":"https:\/\/www.rri.ro\/de\/wp-json\/wp\/v2\/media\/460330"}],"wp:attachment":[{"href":"https:\/\/www.rri.ro\/de\/wp-json\/wp\/v2\/media?parent=633016"}],"wp:term":[{"taxonomy":"category","embeddable":true,"href":"https:\/\/www.rri.ro\/de\/wp-json\/wp\/v2\/categories?post=633016"},{"taxonomy":"post_tag","embeddable":true,"href":"https:\/\/www.rri.ro\/de\/wp-json\/wp\/v2\/tags?post=633016"},{"taxonomy":"author","embeddable":true,"href":"https:\/\/www.rri.ro\/de\/wp-json\/wp\/v2\/coauthors?post=633016"}],"curies":[{"name":"wp","href":"https:\/\/api.w.org\/{rel}","templated":true}]}}