{"id":633055,"date":"2019-03-11T17:51:00","date_gmt":"2019-03-11T15:51:00","guid":{"rendered":"http:\/\/devrri.freshlemon.ro\/aktuell\/nachrichten-11-03-2019-id633055.html"},"modified":"2019-03-11T17:51:00","modified_gmt":"2019-03-11T15:51:00","slug":"nachrichten-11-03-2019","status":"publish","type":"post","link":"https:\/\/www.rri.ro\/de\/aktuell\/newsflash-de\/nachrichten-11-03-2019-id633055.html","title":{"rendered":"Nachrichten 11.03.2019"},"content":{"rendered":"<p><strong>Bukarest:<\/strong> Das Parlament in Bukarest wird auf Ersuchen von Pr\u00e4sident Klaus Iohannis diese Woche die Haushaltsrechnung 2019 erneut pr\u00fcfen. Die von der Sozialdemokratischen Partei und dem B\u00fcndnis der Liberalen und Demokraten gebildete Regierungsmehrheit sagt, sie werde keine \u00c4nderungen an der Gesetzesvorlage vornehmen, da ihre derzeitigen Bestimmungen die notwendigen Ressourcen in den wichtigen Wirtschaftssektoren sicherstellen. Die Opposition sagt jedoch, dass das Budget in seiner aktuellen Fassung, die Stagnation und Unterentwicklung bringt, nicht in Kraft treten kann. Sobald der Gesetzentwurf an den Pr\u00e4sidenten zur\u00fcckgegeben wird, ist dieser allerdings verpflichtet, ihn in Kraft zu setzen. Er schickte den Haushaltsentwurf an das Parlament zur\u00fcck, nachdem das Verfassungsgericht seine Einw\u00e4nde zur\u00fcckgewiesen hatte. Die Regierung sagte, der Schritt von Iohannis sei eine politische Geste im Kontext der nahenden Pr\u00e4sidentschaftswahlen im Laufe dieses Jahres.<\/p>\n<p>&#13;<br \/>\n&#13;<\/p>\n<p>&#13;<br \/>\n&#13;<\/p>\n<p><strong>Bukarest:<\/strong> Die EU-Minister f\u00fcr europ\u00e4ische Angelegenheiten treffen sich am Montag  und Dienstag im Rahmen des Rates f\u00fcr Allgemeine Angelegenheiten in Bukarest, um den mehrj\u00e4hrigen Finanzrahmen f\u00fcr die Jahre 2021-2027 und die Priorit\u00e4ten zu diskutieren, an denen sich die T\u00e4tigkeit der Union in den n\u00e4chsten f\u00fcnf Jahren orientiert. An dem von der rum\u00e4nischen EU-Ratspr\u00e4sidentschaft organisierten Treffen nehmen der erste Vizepr\u00e4sident der Europ\u00e4ischen Kommission Frans Timmermans und der f\u00fcr Haushalt und Personal zust\u00e4ndige EU-Kommissar G\u00fcnther Oettinger teil. Am Rande des Treffens organisiert die rum\u00e4nische EU-Ratspr\u00e4sidentschaft heute ein informelles Treffen mit Vertretern der EU-Kandidatenl\u00e4nder Albanien, der Republik Nordmakedonien, Montenegros, Serbiens und der T\u00fcrkei sowie der Europ\u00e4ischen Kommission.<\/p>\n<p>&#13;<br \/>\n&#13;<\/p>\n<p>&#13;<br \/>\n&#13;<\/p>\n<p><strong>Br\u00fcssel:<\/strong> Der rum\u00e4nische Finanzminister Eugen Teodorovici nimmt in Br\u00fcssel an einem Treffen im Format der erweiterten Eurogruppe teil und leitet die hochrangigen Gespr\u00e4che \u00fcber den makro\u00f6konomischen Dialog. Zu den wichtigsten Themen auf der Tagesordnung der Gespr\u00e4che z\u00e4hlen Informationen der Europ\u00e4ischen Kommission \u00fcber die wichtigsten Ergebnisse der zweiten verst\u00e4rkten \u00dcberwachungsmission in Griechenland, eine thematische Diskussion \u00fcber Wachstum und Besch\u00e4ftigung, die Wohnungsm\u00e4rkte und der aktualisierte Entwurf des Haushaltsplans Lettlands. Am Dienstag wird der rum\u00e4nische Minister das dritte Treffen des ECOFIN Rates f\u00fcr Wirtschaft und Finanzen leiten, dessen Tagesordnung das allgemeine Verbrauchsteuersystem und die Besteuerung digitaler Dienstleistungen umfasst.<\/p>\n<p>&#13;<br \/>\n&#13;<\/p>\n<p>&#13;<br \/>\n&#13;<\/p>\n<p><strong>Sport:<\/strong> Die Weltzweitbeste Simona Halep aus R um\u00e4nien trifft am Dienstag im letzten Achtelfinale des Tennisturniers im amerikanischen Indian Wells auf Marketa Vondroushova aus der Tschechischen Republik. Am Sonntag besiegte Halep die Ukrainerin Katerina Kozlova in zwei S\u00e4tzen. Im M\u00e4nner-Doppel erreichten das rum\u00e4nisch-niederl\u00e4ndische Paar Horia Tecau und Jean-Julien Rojer das Achtelfinale, nachdem sie das ungarisch-argentinische Paar Martons Fucsovics und Guido Pella in S\u00e4tzen besiegt hatten. Heute treffen sie auf den Finnen Henri Kontinen und den Australier John Peers.<\/p>\n<p>&#13;<br \/>\n&#13;<\/p>\n<p>&#13;<br \/>\n&#13;<\/p>\n<p>Der rum\u00e4nische Handball-Meister der Frauen CSM Bukarest wird im Viertelfinale der Champions League gegen die franz\u00f6sische Mannschaft Metz spielen. Das Hinspiel findet vom 5. bis 7. April in Bukarest statt, das R\u00fcckspiel eine Woche sp\u00e4ter in Frankreich. Die rum\u00e4nischen Medien erwarten, dass dies f\u00fcr CSM schwierige Spiele sein wird, da Metz die Gewinner der Hauptrunde Gruppe 1 ist. Die rum\u00e4nische Mannschaft hatte einen mittelm\u00e4\u00dfigen Lauf und wurde Vierter in der Gruppe 2. Die Final4-Spiele finden am 11. in Budapest statt und am 12. Mai. CSM Bukarest gewann 2016 die Champions League-Troph\u00e4e bei ihrer ersten Teilnahme.<\/p>\n<p>&#13;<\/p>\n","protected":false},"excerpt":{"rendered":"<p>Bukarest: Das Parlament in Bukarest wird auf Ersuchen von Pr\u00e4sident Klaus Iohannis diese Woche die Haushaltsrechnung 2019 erneut pr\u00fcfen. Die von der Sozialdemokratischen Partei und dem B\u00fcndnis der Liberalen und Demokraten gebildete Regierungsmehrheit sagt, sie werde keine \u00c4nderungen an der Gesetzesvorlage vornehmen, da ihre derzeitigen Bestimmungen die notwendigen Ressourcen in den wichtigen Wirtschaftssektoren sicherstellen. Die [&hellip;]<\/p>\n","protected":false},"author":113,"featured_media":460330,"comment_status":"closed","ping_status":"closed","sticky":false,"template":"","format":"standard","meta":{"_acf_changed":false,"footnotes":""},"categories":[116753],"tags":[117200,126833,126832,126831,102883,31598,80508,126830,137226,126829,103970,143783],"coauthors":[],"class_list":["post-633055","post","type-post","status-publish","format-standard","has-post-thumbnail","hentry","category-newsflash-de","tag-csm-bukarest","tag-ecofin-rat","tag-eu-kandidatenlaender","tag-eu-minister-fuer-europaeische-angelegenheiten","tag-finanzminister-eugen-teodorovici","tag-frans-timmermans","tag-guenther-oettinger","tag-haushaltsrechnung","tag-klaus-iohannis-de","tag-parlamnet","tag-rat-fuer-allgemeine-angelegenheiten","tag-simona-halep-de"],"acf":[],"yoast_head":"<!-- This site is optimized with the Yoast SEO plugin v27.3 - https:\/\/yoast.com\/product\/yoast-seo-wordpress\/ -->\n<title>Nachrichten 11.03.2019 - Radio Rum\u00e4nien International<\/title>\n<meta name=\"robots\" content=\"index, follow, max-snippet:-1, max-image-preview:large, max-video-preview:-1\" \/>\n<link rel=\"canonical\" href=\"https:\/\/www.rri.ro\/de\/aktuell\/newsflash-de\/nachrichten-11-03-2019-id633055.html\" \/>\n<meta property=\"og:locale\" content=\"de_DE\" \/>\n<meta property=\"og:type\" content=\"article\" \/>\n<meta property=\"og:title\" content=\"Nachrichten 11.03.2019 - Radio Rum\u00e4nien International\" \/>\n<meta property=\"og:description\" content=\"Bukarest: Das Parlament in Bukarest wird auf Ersuchen von Pr\u00e4sident Klaus Iohannis diese Woche die Haushaltsrechnung 2019 erneut pr\u00fcfen. Die von der Sozialdemokratischen Partei und dem B\u00fcndnis der Liberalen und Demokraten gebildete Regierungsmehrheit sagt, sie werde keine \u00c4nderungen an der Gesetzesvorlage vornehmen, da ihre derzeitigen Bestimmungen die notwendigen Ressourcen in den wichtigen Wirtschaftssektoren sicherstellen. Die [&hellip;]\" \/>\n<meta property=\"og:url\" content=\"https:\/\/www.rri.ro\/de\/aktuell\/newsflash-de\/nachrichten-11-03-2019-id633055.html\" \/>\n<meta property=\"og:site_name\" content=\"Radio Rum\u00e4nien International\" \/>\n<meta property=\"article:published_time\" content=\"2019-03-11T15:51:00+00:00\" \/>\n<meta property=\"og:image\" content=\"https:\/\/www.rri.ro\/wp-content\/uploads\/2023\/10\/stiri-germana-ok2-2.png\" \/>\n\t<meta property=\"og:image:width\" content=\"640\" \/>\n\t<meta property=\"og:image:height\" content=\"427\" \/>\n\t<meta property=\"og:image:type\" content=\"image\/png\" \/>\n<meta name=\"author\" content=\"Newsroom\" \/>\n<meta name=\"twitter:card\" content=\"summary_large_image\" \/>\n<meta name=\"twitter:label1\" content=\"Verfasst von\" \/>\n\t<meta name=\"twitter:data1\" content=\"Newsroom\" \/>\n\t<meta name=\"twitter:label2\" content=\"Gesch\u00e4tzte Lesezeit\" \/>\n\t<meta name=\"twitter:data2\" content=\"3\u00a0Minuten\" \/>\n\t<meta name=\"twitter:label3\" content=\"Written by\" \/>\n\t<meta name=\"twitter:data3\" content=\"Newsroom\" \/>\n<script type=\"application\/ld+json\" class=\"yoast-schema-graph\">{\"@context\":\"https:\\\/\\\/schema.org\",\"@graph\":[{\"@type\":\"Article\",\"@id\":\"https:\\\/\\\/www.rri.ro\\\/de\\\/aktuell\\\/newsflash-de\\\/nachrichten-11-03-2019-id633055.html#article\",\"isPartOf\":{\"@id\":\"https:\\\/\\\/www.rri.ro\\\/de\\\/aktuell\\\/newsflash-de\\\/nachrichten-11-03-2019-id633055.html\"},\"author\":{\"name\":\"Newsroom\",\"@id\":\"https:\\\/\\\/www.rri.ro\\\/#\\\/schema\\\/person\\\/4a479940371b9fdefd194f561e8a7f88\"},\"headline\":\"Nachrichten 11.03.2019\",\"datePublished\":\"2019-03-11T15:51:00+00:00\",\"mainEntityOfPage\":{\"@id\":\"https:\\\/\\\/www.rri.ro\\\/de\\\/aktuell\\\/newsflash-de\\\/nachrichten-11-03-2019-id633055.html\"},\"wordCount\":551,\"image\":{\"@id\":\"https:\\\/\\\/www.rri.ro\\\/de\\\/aktuell\\\/newsflash-de\\\/nachrichten-11-03-2019-id633055.html#primaryimage\"},\"thumbnailUrl\":\"https:\\\/\\\/www.rri.ro\\\/wp-content\\\/uploads\\\/2023\\\/10\\\/stiri-germana-ok2-2.png\",\"keywords\":[\"CSM Bukarest\",\"ECOFIN Rat\",\"EU-Kandidatenl\u00e4nder\",\"EU-Minister f\u00fcr europ\u00e4ische Angelegenheiten\",\"Finanzminister Eugen Teodorovici\",\"Frans Timmermans\",\"Guenther Oettinger\",\"Haushaltsrechnung\",\"Klaus Iohannis\",\"Parlamnet\",\"Rat f\u00fcr Allgemeine Angelegenheiten\",\"Simona Halep\"],\"articleSection\":[\"Newsflash\"],\"inLanguage\":\"de\"},{\"@type\":\"WebPage\",\"@id\":\"https:\\\/\\\/www.rri.ro\\\/de\\\/aktuell\\\/newsflash-de\\\/nachrichten-11-03-2019-id633055.html\",\"url\":\"https:\\\/\\\/www.rri.ro\\\/de\\\/aktuell\\\/newsflash-de\\\/nachrichten-11-03-2019-id633055.html\",\"name\":\"Nachrichten 11.03.2019 - Radio Rum\u00e4nien International\",\"isPartOf\":{\"@id\":\"https:\\\/\\\/www.rri.ro\\\/#website\"},\"primaryImageOfPage\":{\"@id\":\"https:\\\/\\\/www.rri.ro\\\/de\\\/aktuell\\\/newsflash-de\\\/nachrichten-11-03-2019-id633055.html#primaryimage\"},\"image\":{\"@id\":\"https:\\\/\\\/www.rri.ro\\\/de\\\/aktuell\\\/newsflash-de\\\/nachrichten-11-03-2019-id633055.html#primaryimage\"},\"thumbnailUrl\":\"https:\\\/\\\/www.rri.ro\\\/wp-content\\\/uploads\\\/2023\\\/10\\\/stiri-germana-ok2-2.png\",\"datePublished\":\"2019-03-11T15:51:00+00:00\",\"author\":{\"@id\":\"https:\\\/\\\/www.rri.ro\\\/#\\\/schema\\\/person\\\/4a479940371b9fdefd194f561e8a7f88\"},\"breadcrumb\":{\"@id\":\"https:\\\/\\\/www.rri.ro\\\/de\\\/aktuell\\\/newsflash-de\\\/nachrichten-11-03-2019-id633055.html#breadcrumb\"},\"inLanguage\":\"de\",\"potentialAction\":[{\"@type\":\"ReadAction\",\"target\":[\"https:\\\/\\\/www.rri.ro\\\/de\\\/aktuell\\\/newsflash-de\\\/nachrichten-11-03-2019-id633055.html\"]}]},{\"@type\":\"ImageObject\",\"inLanguage\":\"de\",\"@id\":\"https:\\\/\\\/www.rri.ro\\\/de\\\/aktuell\\\/newsflash-de\\\/nachrichten-11-03-2019-id633055.html#primaryimage\",\"url\":\"https:\\\/\\\/www.rri.ro\\\/wp-content\\\/uploads\\\/2023\\\/10\\\/stiri-germana-ok2-2.png\",\"contentUrl\":\"https:\\\/\\\/www.rri.ro\\\/wp-content\\\/uploads\\\/2023\\\/10\\\/stiri-germana-ok2-2.png\",\"width\":640,\"height\":427},{\"@type\":\"BreadcrumbList\",\"@id\":\"https:\\\/\\\/www.rri.ro\\\/de\\\/aktuell\\\/newsflash-de\\\/nachrichten-11-03-2019-id633055.html#breadcrumb\",\"itemListElement\":[{\"@type\":\"ListItem\",\"position\":1,\"name\":\"Startseite\",\"item\":\"https:\\\/\\\/www.rri.ro\\\/de\"},{\"@type\":\"ListItem\",\"position\":2,\"name\":\"Aktuell\",\"item\":\"https:\\\/\\\/www.rri.ro\\\/de\\\/aktuell\"},{\"@type\":\"ListItem\",\"position\":3,\"name\":\"Newsflash\",\"item\":\"https:\\\/\\\/www.rri.ro\\\/de\\\/aktuell\\\/newsflash-de\"},{\"@type\":\"ListItem\",\"position\":4,\"name\":\"Nachrichten 11.03.2019\"}]},{\"@type\":\"WebSite\",\"@id\":\"https:\\\/\\\/www.rri.ro\\\/#website\",\"url\":\"https:\\\/\\\/www.rri.ro\\\/\",\"name\":\"Radio Rum\u00e4nien International\",\"description\":\"Totul despre Rom\u00e2nia \u015fi rom\u00e2ni, \u00een 13 limbi\\\/dialecte!\",\"inLanguage\":\"de\"},{\"@type\":\"Person\",\"@id\":\"https:\\\/\\\/www.rri.ro\\\/#\\\/schema\\\/person\\\/4a479940371b9fdefd194f561e8a7f88\",\"name\":\"Newsroom\",\"url\":\"https:\\\/\\\/www.rri.ro\\\/de\\\/author\\\/newsroom\"}]}<\/script>\n<!-- \/ Yoast SEO plugin. -->","yoast_head_json":{"title":"Nachrichten 11.03.2019 - Radio Rum\u00e4nien International","robots":{"index":"index","follow":"follow","max-snippet":"max-snippet:-1","max-image-preview":"max-image-preview:large","max-video-preview":"max-video-preview:-1"},"canonical":"https:\/\/www.rri.ro\/de\/aktuell\/newsflash-de\/nachrichten-11-03-2019-id633055.html","og_locale":"de_DE","og_type":"article","og_title":"Nachrichten 11.03.2019 - Radio Rum\u00e4nien International","og_description":"Bukarest: Das Parlament in Bukarest wird auf Ersuchen von Pr\u00e4sident Klaus Iohannis diese Woche die Haushaltsrechnung 2019 erneut pr\u00fcfen. Die von der Sozialdemokratischen Partei und dem B\u00fcndnis der Liberalen und Demokraten gebildete Regierungsmehrheit sagt, sie werde keine \u00c4nderungen an der Gesetzesvorlage vornehmen, da ihre derzeitigen Bestimmungen die notwendigen Ressourcen in den wichtigen Wirtschaftssektoren sicherstellen. Die [&hellip;]","og_url":"https:\/\/www.rri.ro\/de\/aktuell\/newsflash-de\/nachrichten-11-03-2019-id633055.html","og_site_name":"Radio Rum\u00e4nien International","article_published_time":"2019-03-11T15:51:00+00:00","og_image":[{"width":640,"height":427,"url":"https:\/\/www.rri.ro\/wp-content\/uploads\/2023\/10\/stiri-germana-ok2-2.png","type":"image\/png"}],"author":"Newsroom","twitter_card":"summary_large_image","twitter_misc":{"Verfasst von":"Newsroom","Gesch\u00e4tzte Lesezeit":"3\u00a0Minuten","Written by":"Newsroom"},"schema":{"@context":"https:\/\/schema.org","@graph":[{"@type":"Article","@id":"https:\/\/www.rri.ro\/de\/aktuell\/newsflash-de\/nachrichten-11-03-2019-id633055.html#article","isPartOf":{"@id":"https:\/\/www.rri.ro\/de\/aktuell\/newsflash-de\/nachrichten-11-03-2019-id633055.html"},"author":{"name":"Newsroom","@id":"https:\/\/www.rri.ro\/#\/schema\/person\/4a479940371b9fdefd194f561e8a7f88"},"headline":"Nachrichten 11.03.2019","datePublished":"2019-03-11T15:51:00+00:00","mainEntityOfPage":{"@id":"https:\/\/www.rri.ro\/de\/aktuell\/newsflash-de\/nachrichten-11-03-2019-id633055.html"},"wordCount":551,"image":{"@id":"https:\/\/www.rri.ro\/de\/aktuell\/newsflash-de\/nachrichten-11-03-2019-id633055.html#primaryimage"},"thumbnailUrl":"https:\/\/www.rri.ro\/wp-content\/uploads\/2023\/10\/stiri-germana-ok2-2.png","keywords":["CSM Bukarest","ECOFIN Rat","EU-Kandidatenl\u00e4nder","EU-Minister f\u00fcr europ\u00e4ische Angelegenheiten","Finanzminister Eugen Teodorovici","Frans Timmermans","Guenther Oettinger","Haushaltsrechnung","Klaus Iohannis","Parlamnet","Rat f\u00fcr Allgemeine Angelegenheiten","Simona Halep"],"articleSection":["Newsflash"],"inLanguage":"de"},{"@type":"WebPage","@id":"https:\/\/www.rri.ro\/de\/aktuell\/newsflash-de\/nachrichten-11-03-2019-id633055.html","url":"https:\/\/www.rri.ro\/de\/aktuell\/newsflash-de\/nachrichten-11-03-2019-id633055.html","name":"Nachrichten 11.03.2019 - Radio Rum\u00e4nien International","isPartOf":{"@id":"https:\/\/www.rri.ro\/#website"},"primaryImageOfPage":{"@id":"https:\/\/www.rri.ro\/de\/aktuell\/newsflash-de\/nachrichten-11-03-2019-id633055.html#primaryimage"},"image":{"@id":"https:\/\/www.rri.ro\/de\/aktuell\/newsflash-de\/nachrichten-11-03-2019-id633055.html#primaryimage"},"thumbnailUrl":"https:\/\/www.rri.ro\/wp-content\/uploads\/2023\/10\/stiri-germana-ok2-2.png","datePublished":"2019-03-11T15:51:00+00:00","author":{"@id":"https:\/\/www.rri.ro\/#\/schema\/person\/4a479940371b9fdefd194f561e8a7f88"},"breadcrumb":{"@id":"https:\/\/www.rri.ro\/de\/aktuell\/newsflash-de\/nachrichten-11-03-2019-id633055.html#breadcrumb"},"inLanguage":"de","potentialAction":[{"@type":"ReadAction","target":["https:\/\/www.rri.ro\/de\/aktuell\/newsflash-de\/nachrichten-11-03-2019-id633055.html"]}]},{"@type":"ImageObject","inLanguage":"de","@id":"https:\/\/www.rri.ro\/de\/aktuell\/newsflash-de\/nachrichten-11-03-2019-id633055.html#primaryimage","url":"https:\/\/www.rri.ro\/wp-content\/uploads\/2023\/10\/stiri-germana-ok2-2.png","contentUrl":"https:\/\/www.rri.ro\/wp-content\/uploads\/2023\/10\/stiri-germana-ok2-2.png","width":640,"height":427},{"@type":"BreadcrumbList","@id":"https:\/\/www.rri.ro\/de\/aktuell\/newsflash-de\/nachrichten-11-03-2019-id633055.html#breadcrumb","itemListElement":[{"@type":"ListItem","position":1,"name":"Startseite","item":"https:\/\/www.rri.ro\/de"},{"@type":"ListItem","position":2,"name":"Aktuell","item":"https:\/\/www.rri.ro\/de\/aktuell"},{"@type":"ListItem","position":3,"name":"Newsflash","item":"https:\/\/www.rri.ro\/de\/aktuell\/newsflash-de"},{"@type":"ListItem","position":4,"name":"Nachrichten 11.03.2019"}]},{"@type":"WebSite","@id":"https:\/\/www.rri.ro\/#website","url":"https:\/\/www.rri.ro\/","name":"Radio Rum\u00e4nien International","description":"Totul despre Rom\u00e2nia \u015fi rom\u00e2ni, \u00een 13 limbi\/dialecte!","inLanguage":"de"},{"@type":"Person","@id":"https:\/\/www.rri.ro\/#\/schema\/person\/4a479940371b9fdefd194f561e8a7f88","name":"Newsroom","url":"https:\/\/www.rri.ro\/de\/author\/newsroom"}]}},"_links":{"self":[{"href":"https:\/\/www.rri.ro\/de\/wp-json\/wp\/v2\/posts\/633055","targetHints":{"allow":["GET"]}}],"collection":[{"href":"https:\/\/www.rri.ro\/de\/wp-json\/wp\/v2\/posts"}],"about":[{"href":"https:\/\/www.rri.ro\/de\/wp-json\/wp\/v2\/types\/post"}],"author":[{"embeddable":true,"href":"https:\/\/www.rri.ro\/de\/wp-json\/wp\/v2\/users\/113"}],"replies":[{"embeddable":true,"href":"https:\/\/www.rri.ro\/de\/wp-json\/wp\/v2\/comments?post=633055"}],"version-history":[{"count":0,"href":"https:\/\/www.rri.ro\/de\/wp-json\/wp\/v2\/posts\/633055\/revisions"}],"wp:featuredmedia":[{"embeddable":true,"href":"https:\/\/www.rri.ro\/de\/wp-json\/wp\/v2\/media\/460330"}],"wp:attachment":[{"href":"https:\/\/www.rri.ro\/de\/wp-json\/wp\/v2\/media?parent=633055"}],"wp:term":[{"taxonomy":"category","embeddable":true,"href":"https:\/\/www.rri.ro\/de\/wp-json\/wp\/v2\/categories?post=633055"},{"taxonomy":"post_tag","embeddable":true,"href":"https:\/\/www.rri.ro\/de\/wp-json\/wp\/v2\/tags?post=633055"},{"taxonomy":"author","embeddable":true,"href":"https:\/\/www.rri.ro\/de\/wp-json\/wp\/v2\/coauthors?post=633055"}],"curies":[{"name":"wp","href":"https:\/\/api.w.org\/{rel}","templated":true}]}}