{"id":633063,"date":"2019-03-18T18:01:00","date_gmt":"2019-03-18T16:01:00","guid":{"rendered":"http:\/\/devrri.freshlemon.ro\/aktuell\/nachrichten-18-03-2019-id633063.html"},"modified":"2019-03-18T18:01:00","modified_gmt":"2019-03-18T16:01:00","slug":"nachrichten-18-03-2019","status":"publish","type":"post","link":"https:\/\/www.rri.ro\/de\/aktuell\/newsflash-de\/nachrichten-18-03-2019-id633063.html","title":{"rendered":"Nachrichten 18.03.2019"},"content":{"rendered":"<p><strong>Bukarest:<\/strong> Der stellvertretende rum\u00e4nische Minister f\u00fcr europ\u00e4ische Angelegenheiten George Ciamba hat am Montag in Bukarest auf dem informellen Treffen der EU-Minister f\u00fcr Diasporapolitik erkl\u00e4rt, dass die Freiz\u00fcgigkeit der B\u00fcrger ein im Vertrag \u00fcber die Arbeitsweise der Union verankerter Grundsatz sei. Die Koh\u00e4sion ist das Schl\u00fcsselprinzip, das die Verbindung der Union zu ihren B\u00fcrgern und ihr Vertrauen in das EU-Projekt wiederherstellen kann, so George Ciamba. Er betonte weiterhin, dass die Verteidigung der Rechte und Interessen aller B\u00fcrger unabh\u00e4ngig davon, wo sie leben, studieren, arbeiten oder ihr Kulturerbe vervollst\u00e4ndigen m\u00f6chten, f\u00fcr die Regierungen der Mitgliedstaaten eine Priorit\u00e4t sein muss. Rum\u00e4nien ist das erste Land, das als EU-Ratspr\u00e4sident ein solches Treffen organisiert.<\/p>\n<p>&#13;<br \/>\n&#13;<\/p>\n<p>&#13;<br \/>\n&#13;<\/p>\n<p><strong>Bukarest:<\/strong> Rum\u00e4nien ist Gastgeber des internationalen Automobilindustrieforums 2019. Zum Auftakt erkl\u00e4rte Premierministerin Viorica Dancila, dass diese Industrie nach der Wirtschaftskrise eine der S\u00e4ulen und Triebkr\u00e4fte der sich entwickelnden rum\u00e4nischen Wirtschaft sei. Sie wies darauf hin, dass der Automobilsektor f\u00fcr Rum\u00e4nien und Europa insgesamt eine Exportquelle mit hoher Wertsch\u00f6pfung sei,  und dass er stabile Arbeitspl\u00e4tze sichere. Der Automobilbereich sei ein Modell der Anpassung an den Wandel und ein Weg zu einem besseren Leben. Dutzende Vertreter der Automobilindustrie in den EU-Mitgliedstaaten nehmen an dieser Veranstaltung in Craiova teil. die vom rum\u00e4nischen Wirtschaftsministerium organisiert wird.<\/p>\n<p>&#13;<br \/>\n&#13;<\/p>\n<p>&#13;<br \/>\n&#13;<\/p>\n<p><strong>Bukarest:<\/strong> Die Unterkammer des Parlaments in Bukarest debattiert \u00fcber einen Antrag gegen Finanzminister Eugen Teodorovici. Die Abstimmung ist f\u00fcr Mittwoch geplant. Der Antrag kritisiert die Eilverordnung 114, die Banken, Energieunternehmen und Telekommunikationsfirmen mit zus\u00e4tzlichen Steuern belegt. Die Unterzeichner des Antrags, 103 Abgeordnete der drei gro\u00dfen Oppositionsparteien, fordern die Aufhebung der Anordnung. Sie behaupten, dass die H\u00f6he der Besteuerung das Wirtschaftswachstum negativ beeinflussen und f\u00fcr die Bev\u00f6lkerung h\u00f6here Kosten f\u00fcr die meisten Dienstleistungen bedeuten w\u00fcrde. Gleichzeitig lehnte die Regierungskoalition die Idee der Aufhebung der Verordnung ab. Man pr\u00fcfe im Moment nur die Auswirkungen einiger \u00c4nderungen. Gleichzeitig erkl\u00e4rte Finanzminister Eugen Teodorovici, dass Banken die Realwirtschaft finanzieren, w\u00e4hrend benachteiligte Energieverbraucher vor ungerechtfertigten Preiserh\u00f6hungen gesch\u00fctzt werden m\u00fcssen.<\/p>\n<p>&#13;<\/p>\n","protected":false},"excerpt":{"rendered":"<p>Bukarest: Der stellvertretende rum\u00e4nische Minister f\u00fcr europ\u00e4ische Angelegenheiten George Ciamba hat am Montag in Bukarest auf dem informellen Treffen der EU-Minister f\u00fcr Diasporapolitik erkl\u00e4rt, dass die Freiz\u00fcgigkeit der B\u00fcrger ein im Vertrag \u00fcber die Arbeitsweise der Union verankerter Grundsatz sei. Die Koh\u00e4sion ist das Schl\u00fcsselprinzip, das die Verbindung der Union zu ihren B\u00fcrgern und ihr [&hellip;]<\/p>\n","protected":false},"author":113,"featured_media":460330,"comment_status":"closed","ping_status":"closed","sticky":false,"template":"","format":"standard","meta":{"_acf_changed":false,"footnotes":""},"categories":[116753],"tags":[100382,126852,102883,34203,101681,103729],"coauthors":[],"class_list":["post-633063","post","type-post","status-publish","format-standard","has-post-thumbnail","hentry","category-newsflash-de","tag-auswirkungen","tag-automobilindustrieforums-2019","tag-finanzminister-eugen-teodorovici","tag-george-ciamba","tag-kohaesion","tag-wirtschaftsministerium"],"acf":[],"yoast_head":"<!-- This site is optimized with the Yoast SEO plugin v27.3 - https:\/\/yoast.com\/product\/yoast-seo-wordpress\/ -->\n<title>Nachrichten 18.03.2019 - Radio Rum\u00e4nien International<\/title>\n<meta name=\"robots\" content=\"index, follow, max-snippet:-1, max-image-preview:large, max-video-preview:-1\" \/>\n<link rel=\"canonical\" href=\"https:\/\/www.rri.ro\/de\/aktuell\/newsflash-de\/nachrichten-18-03-2019-id633063.html\" \/>\n<meta property=\"og:locale\" content=\"de_DE\" \/>\n<meta property=\"og:type\" content=\"article\" \/>\n<meta property=\"og:title\" content=\"Nachrichten 18.03.2019 - Radio Rum\u00e4nien International\" \/>\n<meta property=\"og:description\" content=\"Bukarest: Der stellvertretende rum\u00e4nische Minister f\u00fcr europ\u00e4ische Angelegenheiten George Ciamba hat am Montag in Bukarest auf dem informellen Treffen der EU-Minister f\u00fcr Diasporapolitik erkl\u00e4rt, dass die Freiz\u00fcgigkeit der B\u00fcrger ein im Vertrag \u00fcber die Arbeitsweise der Union verankerter Grundsatz sei. Die Koh\u00e4sion ist das Schl\u00fcsselprinzip, das die Verbindung der Union zu ihren B\u00fcrgern und ihr [&hellip;]\" \/>\n<meta property=\"og:url\" content=\"https:\/\/www.rri.ro\/de\/aktuell\/newsflash-de\/nachrichten-18-03-2019-id633063.html\" \/>\n<meta property=\"og:site_name\" content=\"Radio Rum\u00e4nien International\" \/>\n<meta property=\"article:published_time\" content=\"2019-03-18T16:01:00+00:00\" \/>\n<meta property=\"og:image\" content=\"https:\/\/www.rri.ro\/wp-content\/uploads\/2023\/10\/stiri-germana-ok2-2.png\" \/>\n\t<meta property=\"og:image:width\" content=\"640\" \/>\n\t<meta property=\"og:image:height\" content=\"427\" \/>\n\t<meta property=\"og:image:type\" content=\"image\/png\" \/>\n<meta name=\"author\" content=\"Newsroom\" \/>\n<meta name=\"twitter:card\" content=\"summary_large_image\" \/>\n<meta name=\"twitter:label1\" content=\"Verfasst von\" \/>\n\t<meta name=\"twitter:data1\" content=\"Newsroom\" \/>\n\t<meta name=\"twitter:label2\" content=\"Gesch\u00e4tzte Lesezeit\" \/>\n\t<meta name=\"twitter:data2\" content=\"2\u00a0Minuten\" \/>\n\t<meta name=\"twitter:label3\" content=\"Written by\" \/>\n\t<meta name=\"twitter:data3\" content=\"Newsroom\" \/>\n<script type=\"application\/ld+json\" class=\"yoast-schema-graph\">{\"@context\":\"https:\\\/\\\/schema.org\",\"@graph\":[{\"@type\":\"Article\",\"@id\":\"https:\\\/\\\/www.rri.ro\\\/de\\\/aktuell\\\/newsflash-de\\\/nachrichten-18-03-2019-id633063.html#article\",\"isPartOf\":{\"@id\":\"https:\\\/\\\/www.rri.ro\\\/de\\\/aktuell\\\/newsflash-de\\\/nachrichten-18-03-2019-id633063.html\"},\"author\":{\"name\":\"Newsroom\",\"@id\":\"https:\\\/\\\/www.rri.ro\\\/#\\\/schema\\\/person\\\/4a479940371b9fdefd194f561e8a7f88\"},\"headline\":\"Nachrichten 18.03.2019\",\"datePublished\":\"2019-03-18T16:01:00+00:00\",\"mainEntityOfPage\":{\"@id\":\"https:\\\/\\\/www.rri.ro\\\/de\\\/aktuell\\\/newsflash-de\\\/nachrichten-18-03-2019-id633063.html\"},\"wordCount\":355,\"image\":{\"@id\":\"https:\\\/\\\/www.rri.ro\\\/de\\\/aktuell\\\/newsflash-de\\\/nachrichten-18-03-2019-id633063.html#primaryimage\"},\"thumbnailUrl\":\"https:\\\/\\\/www.rri.ro\\\/wp-content\\\/uploads\\\/2023\\\/10\\\/stiri-germana-ok2-2.png\",\"keywords\":[\"Auswirkungen\",\"Automobilindustrieforums 2019\",\"Finanzminister Eugen Teodorovici\",\"George Ciamba\",\"Koh\u00e4sion\",\"Wirtschaftsministerium\"],\"articleSection\":[\"Newsflash\"],\"inLanguage\":\"de\"},{\"@type\":\"WebPage\",\"@id\":\"https:\\\/\\\/www.rri.ro\\\/de\\\/aktuell\\\/newsflash-de\\\/nachrichten-18-03-2019-id633063.html\",\"url\":\"https:\\\/\\\/www.rri.ro\\\/de\\\/aktuell\\\/newsflash-de\\\/nachrichten-18-03-2019-id633063.html\",\"name\":\"Nachrichten 18.03.2019 - Radio Rum\u00e4nien International\",\"isPartOf\":{\"@id\":\"https:\\\/\\\/www.rri.ro\\\/#website\"},\"primaryImageOfPage\":{\"@id\":\"https:\\\/\\\/www.rri.ro\\\/de\\\/aktuell\\\/newsflash-de\\\/nachrichten-18-03-2019-id633063.html#primaryimage\"},\"image\":{\"@id\":\"https:\\\/\\\/www.rri.ro\\\/de\\\/aktuell\\\/newsflash-de\\\/nachrichten-18-03-2019-id633063.html#primaryimage\"},\"thumbnailUrl\":\"https:\\\/\\\/www.rri.ro\\\/wp-content\\\/uploads\\\/2023\\\/10\\\/stiri-germana-ok2-2.png\",\"datePublished\":\"2019-03-18T16:01:00+00:00\",\"author\":{\"@id\":\"https:\\\/\\\/www.rri.ro\\\/#\\\/schema\\\/person\\\/4a479940371b9fdefd194f561e8a7f88\"},\"breadcrumb\":{\"@id\":\"https:\\\/\\\/www.rri.ro\\\/de\\\/aktuell\\\/newsflash-de\\\/nachrichten-18-03-2019-id633063.html#breadcrumb\"},\"inLanguage\":\"de\",\"potentialAction\":[{\"@type\":\"ReadAction\",\"target\":[\"https:\\\/\\\/www.rri.ro\\\/de\\\/aktuell\\\/newsflash-de\\\/nachrichten-18-03-2019-id633063.html\"]}]},{\"@type\":\"ImageObject\",\"inLanguage\":\"de\",\"@id\":\"https:\\\/\\\/www.rri.ro\\\/de\\\/aktuell\\\/newsflash-de\\\/nachrichten-18-03-2019-id633063.html#primaryimage\",\"url\":\"https:\\\/\\\/www.rri.ro\\\/wp-content\\\/uploads\\\/2023\\\/10\\\/stiri-germana-ok2-2.png\",\"contentUrl\":\"https:\\\/\\\/www.rri.ro\\\/wp-content\\\/uploads\\\/2023\\\/10\\\/stiri-germana-ok2-2.png\",\"width\":640,\"height\":427},{\"@type\":\"BreadcrumbList\",\"@id\":\"https:\\\/\\\/www.rri.ro\\\/de\\\/aktuell\\\/newsflash-de\\\/nachrichten-18-03-2019-id633063.html#breadcrumb\",\"itemListElement\":[{\"@type\":\"ListItem\",\"position\":1,\"name\":\"Startseite\",\"item\":\"https:\\\/\\\/www.rri.ro\\\/de\"},{\"@type\":\"ListItem\",\"position\":2,\"name\":\"Aktuell\",\"item\":\"https:\\\/\\\/www.rri.ro\\\/de\\\/aktuell\"},{\"@type\":\"ListItem\",\"position\":3,\"name\":\"Newsflash\",\"item\":\"https:\\\/\\\/www.rri.ro\\\/de\\\/aktuell\\\/newsflash-de\"},{\"@type\":\"ListItem\",\"position\":4,\"name\":\"Nachrichten 18.03.2019\"}]},{\"@type\":\"WebSite\",\"@id\":\"https:\\\/\\\/www.rri.ro\\\/#website\",\"url\":\"https:\\\/\\\/www.rri.ro\\\/\",\"name\":\"Radio Rum\u00e4nien International\",\"description\":\"Totul despre Rom\u00e2nia \u015fi rom\u00e2ni, \u00een 13 limbi\\\/dialecte!\",\"inLanguage\":\"de\"},{\"@type\":\"Person\",\"@id\":\"https:\\\/\\\/www.rri.ro\\\/#\\\/schema\\\/person\\\/4a479940371b9fdefd194f561e8a7f88\",\"name\":\"Newsroom\",\"url\":\"https:\\\/\\\/www.rri.ro\\\/de\\\/author\\\/newsroom\"}]}<\/script>\n<!-- \/ Yoast SEO plugin. -->","yoast_head_json":{"title":"Nachrichten 18.03.2019 - Radio Rum\u00e4nien International","robots":{"index":"index","follow":"follow","max-snippet":"max-snippet:-1","max-image-preview":"max-image-preview:large","max-video-preview":"max-video-preview:-1"},"canonical":"https:\/\/www.rri.ro\/de\/aktuell\/newsflash-de\/nachrichten-18-03-2019-id633063.html","og_locale":"de_DE","og_type":"article","og_title":"Nachrichten 18.03.2019 - Radio Rum\u00e4nien International","og_description":"Bukarest: Der stellvertretende rum\u00e4nische Minister f\u00fcr europ\u00e4ische Angelegenheiten George Ciamba hat am Montag in Bukarest auf dem informellen Treffen der EU-Minister f\u00fcr Diasporapolitik erkl\u00e4rt, dass die Freiz\u00fcgigkeit der B\u00fcrger ein im Vertrag \u00fcber die Arbeitsweise der Union verankerter Grundsatz sei. Die Koh\u00e4sion ist das Schl\u00fcsselprinzip, das die Verbindung der Union zu ihren B\u00fcrgern und ihr [&hellip;]","og_url":"https:\/\/www.rri.ro\/de\/aktuell\/newsflash-de\/nachrichten-18-03-2019-id633063.html","og_site_name":"Radio Rum\u00e4nien International","article_published_time":"2019-03-18T16:01:00+00:00","og_image":[{"width":640,"height":427,"url":"https:\/\/www.rri.ro\/wp-content\/uploads\/2023\/10\/stiri-germana-ok2-2.png","type":"image\/png"}],"author":"Newsroom","twitter_card":"summary_large_image","twitter_misc":{"Verfasst von":"Newsroom","Gesch\u00e4tzte Lesezeit":"2\u00a0Minuten","Written by":"Newsroom"},"schema":{"@context":"https:\/\/schema.org","@graph":[{"@type":"Article","@id":"https:\/\/www.rri.ro\/de\/aktuell\/newsflash-de\/nachrichten-18-03-2019-id633063.html#article","isPartOf":{"@id":"https:\/\/www.rri.ro\/de\/aktuell\/newsflash-de\/nachrichten-18-03-2019-id633063.html"},"author":{"name":"Newsroom","@id":"https:\/\/www.rri.ro\/#\/schema\/person\/4a479940371b9fdefd194f561e8a7f88"},"headline":"Nachrichten 18.03.2019","datePublished":"2019-03-18T16:01:00+00:00","mainEntityOfPage":{"@id":"https:\/\/www.rri.ro\/de\/aktuell\/newsflash-de\/nachrichten-18-03-2019-id633063.html"},"wordCount":355,"image":{"@id":"https:\/\/www.rri.ro\/de\/aktuell\/newsflash-de\/nachrichten-18-03-2019-id633063.html#primaryimage"},"thumbnailUrl":"https:\/\/www.rri.ro\/wp-content\/uploads\/2023\/10\/stiri-germana-ok2-2.png","keywords":["Auswirkungen","Automobilindustrieforums 2019","Finanzminister Eugen Teodorovici","George Ciamba","Koh\u00e4sion","Wirtschaftsministerium"],"articleSection":["Newsflash"],"inLanguage":"de"},{"@type":"WebPage","@id":"https:\/\/www.rri.ro\/de\/aktuell\/newsflash-de\/nachrichten-18-03-2019-id633063.html","url":"https:\/\/www.rri.ro\/de\/aktuell\/newsflash-de\/nachrichten-18-03-2019-id633063.html","name":"Nachrichten 18.03.2019 - Radio Rum\u00e4nien International","isPartOf":{"@id":"https:\/\/www.rri.ro\/#website"},"primaryImageOfPage":{"@id":"https:\/\/www.rri.ro\/de\/aktuell\/newsflash-de\/nachrichten-18-03-2019-id633063.html#primaryimage"},"image":{"@id":"https:\/\/www.rri.ro\/de\/aktuell\/newsflash-de\/nachrichten-18-03-2019-id633063.html#primaryimage"},"thumbnailUrl":"https:\/\/www.rri.ro\/wp-content\/uploads\/2023\/10\/stiri-germana-ok2-2.png","datePublished":"2019-03-18T16:01:00+00:00","author":{"@id":"https:\/\/www.rri.ro\/#\/schema\/person\/4a479940371b9fdefd194f561e8a7f88"},"breadcrumb":{"@id":"https:\/\/www.rri.ro\/de\/aktuell\/newsflash-de\/nachrichten-18-03-2019-id633063.html#breadcrumb"},"inLanguage":"de","potentialAction":[{"@type":"ReadAction","target":["https:\/\/www.rri.ro\/de\/aktuell\/newsflash-de\/nachrichten-18-03-2019-id633063.html"]}]},{"@type":"ImageObject","inLanguage":"de","@id":"https:\/\/www.rri.ro\/de\/aktuell\/newsflash-de\/nachrichten-18-03-2019-id633063.html#primaryimage","url":"https:\/\/www.rri.ro\/wp-content\/uploads\/2023\/10\/stiri-germana-ok2-2.png","contentUrl":"https:\/\/www.rri.ro\/wp-content\/uploads\/2023\/10\/stiri-germana-ok2-2.png","width":640,"height":427},{"@type":"BreadcrumbList","@id":"https:\/\/www.rri.ro\/de\/aktuell\/newsflash-de\/nachrichten-18-03-2019-id633063.html#breadcrumb","itemListElement":[{"@type":"ListItem","position":1,"name":"Startseite","item":"https:\/\/www.rri.ro\/de"},{"@type":"ListItem","position":2,"name":"Aktuell","item":"https:\/\/www.rri.ro\/de\/aktuell"},{"@type":"ListItem","position":3,"name":"Newsflash","item":"https:\/\/www.rri.ro\/de\/aktuell\/newsflash-de"},{"@type":"ListItem","position":4,"name":"Nachrichten 18.03.2019"}]},{"@type":"WebSite","@id":"https:\/\/www.rri.ro\/#website","url":"https:\/\/www.rri.ro\/","name":"Radio Rum\u00e4nien International","description":"Totul despre Rom\u00e2nia \u015fi rom\u00e2ni, \u00een 13 limbi\/dialecte!","inLanguage":"de"},{"@type":"Person","@id":"https:\/\/www.rri.ro\/#\/schema\/person\/4a479940371b9fdefd194f561e8a7f88","name":"Newsroom","url":"https:\/\/www.rri.ro\/de\/author\/newsroom"}]}},"_links":{"self":[{"href":"https:\/\/www.rri.ro\/de\/wp-json\/wp\/v2\/posts\/633063","targetHints":{"allow":["GET"]}}],"collection":[{"href":"https:\/\/www.rri.ro\/de\/wp-json\/wp\/v2\/posts"}],"about":[{"href":"https:\/\/www.rri.ro\/de\/wp-json\/wp\/v2\/types\/post"}],"author":[{"embeddable":true,"href":"https:\/\/www.rri.ro\/de\/wp-json\/wp\/v2\/users\/113"}],"replies":[{"embeddable":true,"href":"https:\/\/www.rri.ro\/de\/wp-json\/wp\/v2\/comments?post=633063"}],"version-history":[{"count":0,"href":"https:\/\/www.rri.ro\/de\/wp-json\/wp\/v2\/posts\/633063\/revisions"}],"wp:featuredmedia":[{"embeddable":true,"href":"https:\/\/www.rri.ro\/de\/wp-json\/wp\/v2\/media\/460330"}],"wp:attachment":[{"href":"https:\/\/www.rri.ro\/de\/wp-json\/wp\/v2\/media?parent=633063"}],"wp:term":[{"taxonomy":"category","embeddable":true,"href":"https:\/\/www.rri.ro\/de\/wp-json\/wp\/v2\/categories?post=633063"},{"taxonomy":"post_tag","embeddable":true,"href":"https:\/\/www.rri.ro\/de\/wp-json\/wp\/v2\/tags?post=633063"},{"taxonomy":"author","embeddable":true,"href":"https:\/\/www.rri.ro\/de\/wp-json\/wp\/v2\/coauthors?post=633063"}],"curies":[{"name":"wp","href":"https:\/\/api.w.org\/{rel}","templated":true}]}}