{"id":633069,"date":"2019-03-24T15:12:00","date_gmt":"2019-03-24T13:12:00","guid":{"rendered":"http:\/\/devrri.freshlemon.ro\/aktuell\/nachrichten-24-03-2019-id633069.html"},"modified":"2019-03-24T15:12:00","modified_gmt":"2019-03-24T13:12:00","slug":"nachrichten-24-03-2019","status":"publish","type":"post","link":"https:\/\/www.rri.ro\/de\/aktuell\/newsflash-de\/nachrichten-24-03-2019-id633069.html","title":{"rendered":"Nachrichten 24.03.2019"},"content":{"rendered":"<p>Die rum\u00e4nische Ministerpr\u00e4sidentin Viorica D\u0103ncil\u0103 bekr\u00e4ftigte am Sonntag in Washington die Absicht ihres Kabinetts, die rum\u00e4nische Botschaft in Israel von Tel Aviv nach Jerusalem zu verlegen. Sie sagte, eine Entscheidung werde &#8222;nach eingehender Analyse aller verfassungsrechtlichen Entscheidungstr\u00e4ger&#8220; und bei vollem Konsens getroffen. Die Premierministerin machte diese Erkl\u00e4rungen w\u00e4hrend der Konferenz des amerikanisch-israelischen Ausschusses f\u00fcr \u00f6ffentliche Angelegenheiten (AIPAC), die sie in die USA eingeladen hatte. Im Oktober 2018 hatte das rum\u00e4nische Au\u200e\u00dfenministerium der Regierung einen Bericht \u00fcber die Auswirkungen der Umsiedlung der rum\u00e4nischen Botschaft von Tel Aviv nach Jerusalem vorgelegt. Der Bericht enthielt sowohl die Vor- als auch die Nachteile dieser Entscheidung, sagte Au\u200e\u00dfenminister Teodor Mele\u015fcanu, er w\u00fcrde jedoch die Empfehlung des Ministeriums zu diesem Thema nicht offenlegen. Die Idee, die Botschaft zu verlegen, war Ende 2017 erstmals in einer privaten Fernsehsendung vom rum\u00e4nischen Chef der regierenden Koalition, dem Sozialdemokraten Liviu Dragnea, erw\u00e4hnt worden. Der Plan l\u00f6ste heftige Kritik von der rechten Opposition und vom Staatspr\u00e4sident Klaus Iohannis aus, der im Rahmen der Verfassung die Au\u200e\u00dfenpolitik des Landes koordiniert. Die Pal\u00e4stinensische Autonomiebeh\u00f6rde rief auch ihren Botschafter in Bukarest vor\u00fcbergehend zur\u00fcck.<\/p>\n<p>&#13;<br \/>\n&#13;<\/p>\n<p>&#13;<br \/>\n&#13;<\/p>\n<p>Die Verkehrsminister und -Staatssekret\u00e4re aus den EU-Mitgliedstaaten werden am 26. und 27. M\u00e4rz am informellen Treffen der Verkehrsminister teilnehmen, das in Bukarest im Rahmen der rum\u00e4nischen EU-Ratspr\u00e4sidentschaft stattfindet. Die Teilnehmer werden unter anderem Themen diskutieren, die sich auf die Zukunft der Mobilit\u00e4t in der Europ\u00e4ischen Union und die St\u00e4rkung von Konnektivit\u00e4t und Zusammenhalt durch das TEN-V-Netzwerk beziehen. Laut einem Kommuniqu\u00e9 der Organisatoren tr\u00e4gt die Verwirklichung eines transeurop\u00e4ischen Netzes mit umfassenden und vernetzten Verkehrsverbindungen zur St\u00e4rkung des territorialen Zusammenhalts, der Erreichbarkeit und der Anbindung aller Regionen der Union, einschlie\u200e\u00dflich der Randregionen, bei, was die Investitionen anregen und Entwicklungsl\u00fccken verringern soll.<\/p>\n<p>&#13;<br \/>\n&#13;<\/p>\n<p>&#13;<br \/>\n&#13;<\/p>\n<p>Der Verband der rum\u00e4nischen Transportunternehmer (FORT) hat in einer Pressemitteilung angek\u00fcndigt, dass er am Mittwoch, 27. M\u00e4rz, in Stra\u200e\u00dfburg zusammen mit anderen Arbeitgeberverb\u00e4nden aus Rum\u00e4nien und den osteurop\u00e4ischen L\u00e4ndern gegen das Mobilit\u00e4tspaket 1 protestieren wird. Der FORT-Verband der rum\u00e4nischen Transportunternehmer erkl\u00e4rt sich unter anderem gegen die R\u00fcckkehr der Fahrer nach Hause mindestens alle vier Wochen oder, wenn der Fahrer zwei k\u00fcrzere Pausen einlegt, nach drei Wochen. Der FORT-Verband fordert auch eine Neubewertung der normalen w\u00f6chentlichen Ruhezeit im Fahrerhaus, und erkl\u00e4rt sich gegen die Anwendung der Entsendungsregeln f\u00fcr den Stra\u200e\u00dfentransport.<\/p>\n<p>&#13;<br \/>\n&#13;<\/p>\n<p>&#13;<\/p>\n","protected":false},"excerpt":{"rendered":"<p>Die rum\u00e4nische Ministerpr\u00e4sidentin Viorica D\u0103ncil\u0103 bekr\u00e4ftigte am Sonntag in Washington die Absicht ihres Kabinetts, die rum\u00e4nische Botschaft in Israel von Tel Aviv nach Jerusalem zu verlegen. Sie sagte, eine Entscheidung werde &#8222;nach eingehender Analyse aller verfassungsrechtlichen Entscheidungstr\u00e4ger&#8220; und bei vollem Konsens getroffen. Die Premierministerin machte diese Erkl\u00e4rungen w\u00e4hrend der Konferenz des amerikanisch-israelischen Ausschusses f\u00fcr \u00f6ffentliche [&hellip;]<\/p>\n","protected":false},"author":113,"featured_media":460330,"comment_status":"closed","ping_status":"closed","sticky":false,"template":"","format":"standard","meta":{"_acf_changed":false,"footnotes":""},"categories":[116753],"tags":[34600,100767,33066,61603,173681,126863,126861,126862,126584],"coauthors":[],"class_list":["post-633069","post","type-post","status-publish","format-standard","has-post-thumbnail","hentry","category-newsflash-de","tag-aipac","tag-botschaft","tag-dancila","tag-fort","tag-jerusalem-de","tag-mobilitaetspaket","tag-ten-v-netzwerk","tag-transportunternehmer","tag-verkehrsminister"],"acf":[],"yoast_head":"<!-- This site is optimized with the Yoast SEO plugin v27.3 - https:\/\/yoast.com\/product\/yoast-seo-wordpress\/ -->\n<title>Nachrichten 24.03.2019 - Radio Rum\u00e4nien International<\/title>\n<meta name=\"robots\" content=\"index, follow, max-snippet:-1, max-image-preview:large, max-video-preview:-1\" \/>\n<link rel=\"canonical\" href=\"https:\/\/www.rri.ro\/de\/aktuell\/newsflash-de\/nachrichten-24-03-2019-id633069.html\" \/>\n<meta property=\"og:locale\" content=\"de_DE\" \/>\n<meta property=\"og:type\" content=\"article\" \/>\n<meta property=\"og:title\" content=\"Nachrichten 24.03.2019 - Radio Rum\u00e4nien International\" \/>\n<meta property=\"og:description\" content=\"Die rum\u00e4nische Ministerpr\u00e4sidentin Viorica D\u0103ncil\u0103 bekr\u00e4ftigte am Sonntag in Washington die Absicht ihres Kabinetts, die rum\u00e4nische Botschaft in Israel von Tel Aviv nach Jerusalem zu verlegen. Sie sagte, eine Entscheidung werde &#8222;nach eingehender Analyse aller verfassungsrechtlichen Entscheidungstr\u00e4ger&#8220; und bei vollem Konsens getroffen. Die Premierministerin machte diese Erkl\u00e4rungen w\u00e4hrend der Konferenz des amerikanisch-israelischen Ausschusses f\u00fcr \u00f6ffentliche [&hellip;]\" \/>\n<meta property=\"og:url\" content=\"https:\/\/www.rri.ro\/de\/aktuell\/newsflash-de\/nachrichten-24-03-2019-id633069.html\" \/>\n<meta property=\"og:site_name\" content=\"Radio Rum\u00e4nien International\" \/>\n<meta property=\"article:published_time\" content=\"2019-03-24T13:12:00+00:00\" \/>\n<meta property=\"og:image\" content=\"https:\/\/www.rri.ro\/wp-content\/uploads\/2023\/10\/stiri-germana-ok2-2.png\" \/>\n\t<meta property=\"og:image:width\" content=\"640\" \/>\n\t<meta property=\"og:image:height\" content=\"427\" \/>\n\t<meta property=\"og:image:type\" content=\"image\/png\" \/>\n<meta name=\"author\" content=\"Newsroom\" \/>\n<meta name=\"twitter:card\" content=\"summary_large_image\" \/>\n<meta name=\"twitter:label1\" content=\"Verfasst von\" \/>\n\t<meta name=\"twitter:data1\" content=\"Newsroom\" \/>\n\t<meta name=\"twitter:label2\" content=\"Gesch\u00e4tzte Lesezeit\" \/>\n\t<meta name=\"twitter:data2\" content=\"2\u00a0Minuten\" \/>\n\t<meta name=\"twitter:label3\" content=\"Written by\" \/>\n\t<meta name=\"twitter:data3\" content=\"Newsroom\" \/>\n<script type=\"application\/ld+json\" class=\"yoast-schema-graph\">{\"@context\":\"https:\\\/\\\/schema.org\",\"@graph\":[{\"@type\":\"Article\",\"@id\":\"https:\\\/\\\/www.rri.ro\\\/de\\\/aktuell\\\/newsflash-de\\\/nachrichten-24-03-2019-id633069.html#article\",\"isPartOf\":{\"@id\":\"https:\\\/\\\/www.rri.ro\\\/de\\\/aktuell\\\/newsflash-de\\\/nachrichten-24-03-2019-id633069.html\"},\"author\":{\"name\":\"Newsroom\",\"@id\":\"https:\\\/\\\/www.rri.ro\\\/#\\\/schema\\\/person\\\/4a479940371b9fdefd194f561e8a7f88\"},\"headline\":\"Nachrichten 24.03.2019\",\"datePublished\":\"2019-03-24T13:12:00+00:00\",\"mainEntityOfPage\":{\"@id\":\"https:\\\/\\\/www.rri.ro\\\/de\\\/aktuell\\\/newsflash-de\\\/nachrichten-24-03-2019-id633069.html\"},\"wordCount\":416,\"image\":{\"@id\":\"https:\\\/\\\/www.rri.ro\\\/de\\\/aktuell\\\/newsflash-de\\\/nachrichten-24-03-2019-id633069.html#primaryimage\"},\"thumbnailUrl\":\"https:\\\/\\\/www.rri.ro\\\/wp-content\\\/uploads\\\/2023\\\/10\\\/stiri-germana-ok2-2.png\",\"keywords\":[\"AIPAC\",\"Botschaft\",\"Dancila\",\"FORT\",\"Jerusalem\",\"Mobilit\u00e4tspaket\",\"TEN-V-Netzwerk\",\"Transportunternehmer\",\"Verkehrsminister\"],\"articleSection\":[\"Newsflash\"],\"inLanguage\":\"de\"},{\"@type\":\"WebPage\",\"@id\":\"https:\\\/\\\/www.rri.ro\\\/de\\\/aktuell\\\/newsflash-de\\\/nachrichten-24-03-2019-id633069.html\",\"url\":\"https:\\\/\\\/www.rri.ro\\\/de\\\/aktuell\\\/newsflash-de\\\/nachrichten-24-03-2019-id633069.html\",\"name\":\"Nachrichten 24.03.2019 - Radio Rum\u00e4nien International\",\"isPartOf\":{\"@id\":\"https:\\\/\\\/www.rri.ro\\\/#website\"},\"primaryImageOfPage\":{\"@id\":\"https:\\\/\\\/www.rri.ro\\\/de\\\/aktuell\\\/newsflash-de\\\/nachrichten-24-03-2019-id633069.html#primaryimage\"},\"image\":{\"@id\":\"https:\\\/\\\/www.rri.ro\\\/de\\\/aktuell\\\/newsflash-de\\\/nachrichten-24-03-2019-id633069.html#primaryimage\"},\"thumbnailUrl\":\"https:\\\/\\\/www.rri.ro\\\/wp-content\\\/uploads\\\/2023\\\/10\\\/stiri-germana-ok2-2.png\",\"datePublished\":\"2019-03-24T13:12:00+00:00\",\"author\":{\"@id\":\"https:\\\/\\\/www.rri.ro\\\/#\\\/schema\\\/person\\\/4a479940371b9fdefd194f561e8a7f88\"},\"breadcrumb\":{\"@id\":\"https:\\\/\\\/www.rri.ro\\\/de\\\/aktuell\\\/newsflash-de\\\/nachrichten-24-03-2019-id633069.html#breadcrumb\"},\"inLanguage\":\"de\",\"potentialAction\":[{\"@type\":\"ReadAction\",\"target\":[\"https:\\\/\\\/www.rri.ro\\\/de\\\/aktuell\\\/newsflash-de\\\/nachrichten-24-03-2019-id633069.html\"]}]},{\"@type\":\"ImageObject\",\"inLanguage\":\"de\",\"@id\":\"https:\\\/\\\/www.rri.ro\\\/de\\\/aktuell\\\/newsflash-de\\\/nachrichten-24-03-2019-id633069.html#primaryimage\",\"url\":\"https:\\\/\\\/www.rri.ro\\\/wp-content\\\/uploads\\\/2023\\\/10\\\/stiri-germana-ok2-2.png\",\"contentUrl\":\"https:\\\/\\\/www.rri.ro\\\/wp-content\\\/uploads\\\/2023\\\/10\\\/stiri-germana-ok2-2.png\",\"width\":640,\"height\":427},{\"@type\":\"BreadcrumbList\",\"@id\":\"https:\\\/\\\/www.rri.ro\\\/de\\\/aktuell\\\/newsflash-de\\\/nachrichten-24-03-2019-id633069.html#breadcrumb\",\"itemListElement\":[{\"@type\":\"ListItem\",\"position\":1,\"name\":\"Startseite\",\"item\":\"https:\\\/\\\/www.rri.ro\\\/de\"},{\"@type\":\"ListItem\",\"position\":2,\"name\":\"Aktuell\",\"item\":\"https:\\\/\\\/www.rri.ro\\\/de\\\/aktuell\"},{\"@type\":\"ListItem\",\"position\":3,\"name\":\"Newsflash\",\"item\":\"https:\\\/\\\/www.rri.ro\\\/de\\\/aktuell\\\/newsflash-de\"},{\"@type\":\"ListItem\",\"position\":4,\"name\":\"Nachrichten 24.03.2019\"}]},{\"@type\":\"WebSite\",\"@id\":\"https:\\\/\\\/www.rri.ro\\\/#website\",\"url\":\"https:\\\/\\\/www.rri.ro\\\/\",\"name\":\"Radio Rum\u00e4nien International\",\"description\":\"Totul despre Rom\u00e2nia \u015fi rom\u00e2ni, \u00een 13 limbi\\\/dialecte!\",\"inLanguage\":\"de\"},{\"@type\":\"Person\",\"@id\":\"https:\\\/\\\/www.rri.ro\\\/#\\\/schema\\\/person\\\/4a479940371b9fdefd194f561e8a7f88\",\"name\":\"Newsroom\",\"url\":\"https:\\\/\\\/www.rri.ro\\\/de\\\/author\\\/newsroom\"}]}<\/script>\n<!-- \/ Yoast SEO plugin. -->","yoast_head_json":{"title":"Nachrichten 24.03.2019 - Radio Rum\u00e4nien International","robots":{"index":"index","follow":"follow","max-snippet":"max-snippet:-1","max-image-preview":"max-image-preview:large","max-video-preview":"max-video-preview:-1"},"canonical":"https:\/\/www.rri.ro\/de\/aktuell\/newsflash-de\/nachrichten-24-03-2019-id633069.html","og_locale":"de_DE","og_type":"article","og_title":"Nachrichten 24.03.2019 - Radio Rum\u00e4nien International","og_description":"Die rum\u00e4nische Ministerpr\u00e4sidentin Viorica D\u0103ncil\u0103 bekr\u00e4ftigte am Sonntag in Washington die Absicht ihres Kabinetts, die rum\u00e4nische Botschaft in Israel von Tel Aviv nach Jerusalem zu verlegen. Sie sagte, eine Entscheidung werde &#8222;nach eingehender Analyse aller verfassungsrechtlichen Entscheidungstr\u00e4ger&#8220; und bei vollem Konsens getroffen. Die Premierministerin machte diese Erkl\u00e4rungen w\u00e4hrend der Konferenz des amerikanisch-israelischen Ausschusses f\u00fcr \u00f6ffentliche [&hellip;]","og_url":"https:\/\/www.rri.ro\/de\/aktuell\/newsflash-de\/nachrichten-24-03-2019-id633069.html","og_site_name":"Radio Rum\u00e4nien International","article_published_time":"2019-03-24T13:12:00+00:00","og_image":[{"width":640,"height":427,"url":"https:\/\/www.rri.ro\/wp-content\/uploads\/2023\/10\/stiri-germana-ok2-2.png","type":"image\/png"}],"author":"Newsroom","twitter_card":"summary_large_image","twitter_misc":{"Verfasst von":"Newsroom","Gesch\u00e4tzte Lesezeit":"2\u00a0Minuten","Written by":"Newsroom"},"schema":{"@context":"https:\/\/schema.org","@graph":[{"@type":"Article","@id":"https:\/\/www.rri.ro\/de\/aktuell\/newsflash-de\/nachrichten-24-03-2019-id633069.html#article","isPartOf":{"@id":"https:\/\/www.rri.ro\/de\/aktuell\/newsflash-de\/nachrichten-24-03-2019-id633069.html"},"author":{"name":"Newsroom","@id":"https:\/\/www.rri.ro\/#\/schema\/person\/4a479940371b9fdefd194f561e8a7f88"},"headline":"Nachrichten 24.03.2019","datePublished":"2019-03-24T13:12:00+00:00","mainEntityOfPage":{"@id":"https:\/\/www.rri.ro\/de\/aktuell\/newsflash-de\/nachrichten-24-03-2019-id633069.html"},"wordCount":416,"image":{"@id":"https:\/\/www.rri.ro\/de\/aktuell\/newsflash-de\/nachrichten-24-03-2019-id633069.html#primaryimage"},"thumbnailUrl":"https:\/\/www.rri.ro\/wp-content\/uploads\/2023\/10\/stiri-germana-ok2-2.png","keywords":["AIPAC","Botschaft","Dancila","FORT","Jerusalem","Mobilit\u00e4tspaket","TEN-V-Netzwerk","Transportunternehmer","Verkehrsminister"],"articleSection":["Newsflash"],"inLanguage":"de"},{"@type":"WebPage","@id":"https:\/\/www.rri.ro\/de\/aktuell\/newsflash-de\/nachrichten-24-03-2019-id633069.html","url":"https:\/\/www.rri.ro\/de\/aktuell\/newsflash-de\/nachrichten-24-03-2019-id633069.html","name":"Nachrichten 24.03.2019 - Radio Rum\u00e4nien International","isPartOf":{"@id":"https:\/\/www.rri.ro\/#website"},"primaryImageOfPage":{"@id":"https:\/\/www.rri.ro\/de\/aktuell\/newsflash-de\/nachrichten-24-03-2019-id633069.html#primaryimage"},"image":{"@id":"https:\/\/www.rri.ro\/de\/aktuell\/newsflash-de\/nachrichten-24-03-2019-id633069.html#primaryimage"},"thumbnailUrl":"https:\/\/www.rri.ro\/wp-content\/uploads\/2023\/10\/stiri-germana-ok2-2.png","datePublished":"2019-03-24T13:12:00+00:00","author":{"@id":"https:\/\/www.rri.ro\/#\/schema\/person\/4a479940371b9fdefd194f561e8a7f88"},"breadcrumb":{"@id":"https:\/\/www.rri.ro\/de\/aktuell\/newsflash-de\/nachrichten-24-03-2019-id633069.html#breadcrumb"},"inLanguage":"de","potentialAction":[{"@type":"ReadAction","target":["https:\/\/www.rri.ro\/de\/aktuell\/newsflash-de\/nachrichten-24-03-2019-id633069.html"]}]},{"@type":"ImageObject","inLanguage":"de","@id":"https:\/\/www.rri.ro\/de\/aktuell\/newsflash-de\/nachrichten-24-03-2019-id633069.html#primaryimage","url":"https:\/\/www.rri.ro\/wp-content\/uploads\/2023\/10\/stiri-germana-ok2-2.png","contentUrl":"https:\/\/www.rri.ro\/wp-content\/uploads\/2023\/10\/stiri-germana-ok2-2.png","width":640,"height":427},{"@type":"BreadcrumbList","@id":"https:\/\/www.rri.ro\/de\/aktuell\/newsflash-de\/nachrichten-24-03-2019-id633069.html#breadcrumb","itemListElement":[{"@type":"ListItem","position":1,"name":"Startseite","item":"https:\/\/www.rri.ro\/de"},{"@type":"ListItem","position":2,"name":"Aktuell","item":"https:\/\/www.rri.ro\/de\/aktuell"},{"@type":"ListItem","position":3,"name":"Newsflash","item":"https:\/\/www.rri.ro\/de\/aktuell\/newsflash-de"},{"@type":"ListItem","position":4,"name":"Nachrichten 24.03.2019"}]},{"@type":"WebSite","@id":"https:\/\/www.rri.ro\/#website","url":"https:\/\/www.rri.ro\/","name":"Radio Rum\u00e4nien International","description":"Totul despre Rom\u00e2nia \u015fi rom\u00e2ni, \u00een 13 limbi\/dialecte!","inLanguage":"de"},{"@type":"Person","@id":"https:\/\/www.rri.ro\/#\/schema\/person\/4a479940371b9fdefd194f561e8a7f88","name":"Newsroom","url":"https:\/\/www.rri.ro\/de\/author\/newsroom"}]}},"_links":{"self":[{"href":"https:\/\/www.rri.ro\/de\/wp-json\/wp\/v2\/posts\/633069","targetHints":{"allow":["GET"]}}],"collection":[{"href":"https:\/\/www.rri.ro\/de\/wp-json\/wp\/v2\/posts"}],"about":[{"href":"https:\/\/www.rri.ro\/de\/wp-json\/wp\/v2\/types\/post"}],"author":[{"embeddable":true,"href":"https:\/\/www.rri.ro\/de\/wp-json\/wp\/v2\/users\/113"}],"replies":[{"embeddable":true,"href":"https:\/\/www.rri.ro\/de\/wp-json\/wp\/v2\/comments?post=633069"}],"version-history":[{"count":0,"href":"https:\/\/www.rri.ro\/de\/wp-json\/wp\/v2\/posts\/633069\/revisions"}],"wp:featuredmedia":[{"embeddable":true,"href":"https:\/\/www.rri.ro\/de\/wp-json\/wp\/v2\/media\/460330"}],"wp:attachment":[{"href":"https:\/\/www.rri.ro\/de\/wp-json\/wp\/v2\/media?parent=633069"}],"wp:term":[{"taxonomy":"category","embeddable":true,"href":"https:\/\/www.rri.ro\/de\/wp-json\/wp\/v2\/categories?post=633069"},{"taxonomy":"post_tag","embeddable":true,"href":"https:\/\/www.rri.ro\/de\/wp-json\/wp\/v2\/tags?post=633069"},{"taxonomy":"author","embeddable":true,"href":"https:\/\/www.rri.ro\/de\/wp-json\/wp\/v2\/coauthors?post=633069"}],"curies":[{"name":"wp","href":"https:\/\/api.w.org\/{rel}","templated":true}]}}